{"id":396666,"date":"2026-03-04T04:46:00","date_gmt":"2026-03-04T07:46:00","guid":{"rendered":"https:\/\/portaltela.pt\/noticias\/2026\/03\/04\/familias-ainda-recordam-a-tragedia-de-entre-os-rios\/"},"modified":"2026-03-04T04:46:00","modified_gmt":"2026-03-04T07:46:00","slug":"familias-ainda-recordam-a-tragedia-de-entre-os-rios","status":"publish","type":"post","link":"https:\/\/portaltela.pt\/noticias\/2026\/03\/04\/familias-ainda-recordam-a-tragedia-de-entre-os-rios\/","title":{"rendered":"Fam\u00edlias ainda recordam a trag\u00e9dia de Entre-os-Rios"},"content":{"rendered":"<p>A trag\u00e9dia da ponte Hintze Ribeiro completa 25 anos desde o desabamento, a 4 de mar\u00e7o de 2001, que lan\u00e7ou 59 pessoas \u00e0s \u00e1guas do Douro. O choque permanece, ainda hoje, na mem\u00f3ria coletiva.<\/p>\n<p>Na freguesia de Raiva, o impacto \u00e9 especialmente sentido. O acidente provocou 34 mortes na regi\u00e3o, marcando gravemente a vida de fam\u00edlias e comunidades locais.<\/p>\n<p>Entre as v\u00edtimas, h\u00e1 relatos de quem continua a chorar a perda. Alda Moreira perdeu a m\u00e3e e o irm\u00e3o nesse dia e descreve h\u00e1 d\u00e9cadas o abalar emocional que sofreu.<\/p>\n<p>Vinte e cinco anos depois, o epis\u00f3dio continua a influenciar tradi\u00e7\u00f5es, mem\u00f3rias e debates sobre seguran\u00e7a de infraestruturas naquela \u00e1rea junto ao Douro, sem que se apaguem as lembran\u00e7as das fam\u00edlias atingidas.<\/p>\n","protected":false},"excerpt":{"rendered":"<ul>\n<li>A ponte Hintze Ribeiro caiu a 4 de mar\u00e7o de 2001, causando 59 mortes nas \u00e1guas do Douro.<\/li>\n<li>Passaram-se 25 anos e o epis\u00f3dio mant\u00e9m-se presente na mem\u00f3ria coletiva.<\/li>\n<li>Na Freguesia de Raiva, a trag\u00e9dia do Douro \u00e9 lembrada pela perda de 34 vidas.<\/li>\n<li>Alda Moreira perdeu a m\u00e3e e o irm\u00e3o na trag\u00e9dia, h\u00e1 25 anos.<\/li>\n<li>O relato destaca ainda o impacto duradouro do acidente na comunidade local.<\/li>\n<\/ul>\n","protected":false},"author":2,"featured_media":396673,"comment_status":"closed","ping_status":"closed","sticky":false,"template":"","format":"standard","meta":{"footnotes":""},"categories":[1],"tags":[5487,5956,6063,1194,2243,250],"class_list":["post-396666","post","type-post","status-publish","format-standard","has-post-thumbnail","hentry","category-noticias","tag-acidente","tag-desabamento","tag-desastres","tag-douro","tag-entre-douro-e-minho","tag-seguranca-publica"],"yoast_head":"<!-- This site is optimized with the Yoast SEO plugin v27.2 - https:\/\/yoast.com\/product\/yoast-seo-wordpress\/ -->\n<title>Fam\u00edlias ainda recordam a trag\u00e9dia de Entre-os-Rios - Portal Tela Portugal<\/title>\n<meta name=\"robots\" content=\"index, follow, max-snippet:-1, max-image-preview:large, max-video-preview:-1\" \/>\n<meta property=\"og:locale\" content=\"pt_PT\" \/>\n<meta property=\"og:type\" content=\"article\" \/>\n<meta property=\"og:title\" content=\"Fam\u00edlias ainda recordam a trag\u00e9dia de Entre-os-Rios - Portal Tela Portugal\" \/>\n<meta property=\"og:description\" content=\"A ponte Hintze Ribeiro caiu a 4 de mar\u00e7o de 2001, causando 59 mortes nas \u00e1guas do Douro. Passaram-se 25 anos e o epis\u00f3dio mant\u00e9m-se presente na mem\u00f3ria coletiva. Na Freguesia de Raiva, a trag\u00e9dia do Douro \u00e9 lembrada pela perda de 34 vidas. Alda Moreira perdeu a m\u00e3e e o irm\u00e3o na trag\u00e9dia, h\u00e1 25 anos. O relato destaca ainda o impacto duradouro do acidente na comunidade local.\" \/>\n<meta property=\"og:url\" content=\"https:\/\/portaltela.pt\/noticias\/2026\/03\/04\/familias-ainda-recordam-a-tragedia-de-entre-os-rios\/\" \/>\n<meta property=\"og:site_name\" content=\"Portal Tela Portugal\" \/>\n<meta property=\"article:published_time\" content=\"2026-03-04T07:46:00+00:00\" \/>\n<meta name=\"author\" content=\"Telinha\" \/>\n<meta name=\"twitter:card\" content=\"summary_large_image\" \/>\n<meta name=\"twitter:label1\" content=\"Escrito por\" \/>\n\t<meta name=\"twitter:data1\" content=\"Telinha\" \/>\n\t<meta name=\"twitter:label2\" content=\"Tempo estimado de leitura\" \/>\n\t<meta name=\"twitter:data2\" content=\"1 minuto\" \/>\n<script type=\"application\/ld+json\" class=\"yoast-schema-graph\">{\"@context\":\"https:\/\/schema.org\",\"@graph\":[{\"@type\":\"Article\",\"@id\":\"https:\/\/portaltela.pt\/noticias\/2026\/03\/04\/familias-ainda-recordam-a-tragedia-de-entre-os-rios\/#article\",\"isPartOf\":{\"@id\":\"https:\/\/portaltela.pt\/noticias\/2026\/03\/04\/familias-ainda-recordam-a-tragedia-de-entre-os-rios\/\"},\"author\":{\"name\":\"Telinha\",\"@id\":\"https:\/\/portaltela.pt\/#\/schema\/person\/c4278d4a6028830caff9ee44b42d32ed\"},\"headline\":\"Fam\u00edlias ainda recordam a trag\u00e9dia de Entre-os-Rios\",\"datePublished\":\"2026-03-04T07:46:00+00:00\",\"mainEntityOfPage\":{\"@id\":\"https:\/\/portaltela.pt\/noticias\/2026\/03\/04\/familias-ainda-recordam-a-tragedia-de-entre-os-rios\/\"},\"wordCount\":141,\"image\":{\"@id\":\"https:\/\/portaltela.pt\/noticias\/2026\/03\/04\/familias-ainda-recordam-a-tragedia-de-entre-os-rios\/#primaryimage\"},\"thumbnailUrl\":\"https:\/\/portaltela.pt\/s.01k8rhncp4jt1\/2026\/03\/image-193.jpg\",\"keywords\":[\"acidente\",\"desabamento\",\"desastres\",\"Douro\",\"Entre Douro e Minho\",\"seguran\u00e7a p\u00fablica\"],\"articleSection\":[\"Not\u00edcias\"],\"inLanguage\":\"pt-PT\"},{\"@type\":\"WebPage\",\"@id\":\"https:\/\/portaltela.pt\/noticias\/2026\/03\/04\/familias-ainda-recordam-a-tragedia-de-entre-os-rios\/\",\"url\":\"https:\/\/portaltela.pt\/noticias\/2026\/03\/04\/familias-ainda-recordam-a-tragedia-de-entre-os-rios\/\",\"name\":\"Fam\u00edlias ainda recordam a trag\u00e9dia de Entre-os-Rios - Portal Tela Portugal\",\"isPartOf\":{\"@id\":\"https:\/\/portaltela.pt\/#website\"},\"primaryImageOfPage\":{\"@id\":\"https:\/\/portaltela.pt\/noticias\/2026\/03\/04\/familias-ainda-recordam-a-tragedia-de-entre-os-rios\/#primaryimage\"},\"image\":{\"@id\":\"https:\/\/portaltela.pt\/noticias\/2026\/03\/04\/familias-ainda-recordam-a-tragedia-de-entre-os-rios\/#primaryimage\"},\"thumbnailUrl\":\"https:\/\/portaltela.pt\/s.01k8rhncp4jt1\/2026\/03\/image-193.jpg\",\"datePublished\":\"2026-03-04T07:46:00+00:00\",\"author\":{\"@id\":\"https:\/\/portaltela.pt\/#\/schema\/person\/c4278d4a6028830caff9ee44b42d32ed\"},\"breadcrumb\":{\"@id\":\"https:\/\/portaltela.pt\/noticias\/2026\/03\/04\/familias-ainda-recordam-a-tragedia-de-entre-os-rios\/#breadcrumb\"},\"inLanguage\":\"pt-PT\",\"potentialAction\":[{\"@type\":\"ReadAction\",\"target\":[\"https:\/\/portaltela.pt\/noticias\/2026\/03\/04\/familias-ainda-recordam-a-tragedia-de-entre-os-rios\/\"]}]},{\"@type\":\"ImageObject\",\"inLanguage\":\"pt-PT\",\"@id\":\"https:\/\/portaltela.pt\/noticias\/2026\/03\/04\/familias-ainda-recordam-a-tragedia-de-entre-os-rios\/#primaryimage\",\"url\":\"https:\/\/portaltela.pt\/s.01k8rhncp4jt1\/2026\/03\/image-193.jpg\",\"contentUrl\":\"https:\/\/portaltela.pt\/s.01k8rhncp4jt1\/2026\/03\/image-193.jpg\",\"width\":796,\"height\":448,\"caption\":\"Alda Moreira perdeu a m\u00e3e e o irm\u00e3o na trag\u00e9dia, h\u00e1 25 anos\"},{\"@type\":\"BreadcrumbList\",\"@id\":\"https:\/\/portaltela.pt\/noticias\/2026\/03\/04\/familias-ainda-recordam-a-tragedia-de-entre-os-rios\/#breadcrumb\",\"itemListElement\":[{\"@type\":\"ListItem\",\"position\":1,\"name\":\"In\u00edcio\",\"item\":\"https:\/\/portaltela.pt\/\"},{\"@type\":\"ListItem\",\"position\":2,\"name\":\"Fam\u00edlias ainda recordam a trag\u00e9dia de Entre-os-Rios\"}]},{\"@type\":\"WebSite\",\"@id\":\"https:\/\/portaltela.pt\/#website\",\"url\":\"https:\/\/portaltela.pt\/\",\"name\":\"Portal Tela Portugal\",\"description\":\"\",\"potentialAction\":[{\"@type\":\"SearchAction\",\"target\":{\"@type\":\"EntryPoint\",\"urlTemplate\":\"https:\/\/portaltela.pt\/?s={search_term_string}\"},\"query-input\":{\"@type\":\"PropertyValueSpecification\",\"valueRequired\":true,\"valueName\":\"search_term_string\"}}],\"inLanguage\":\"pt-PT\"},{\"@type\":\"Person\",\"@id\":\"https:\/\/portaltela.pt\/#\/schema\/person\/c4278d4a6028830caff9ee44b42d32ed\",\"name\":\"Telinha\",\"image\":{\"@type\":\"ImageObject\",\"inLanguage\":\"pt-PT\",\"@id\":\"https:\/\/portaltela.pt\/s.01k8rhncp4jt1\/2025\/11\/talking-bot-125x125.png\",\"url\":\"https:\/\/portaltela.pt\/s.01k8rhncp4jt1\/2025\/11\/talking-bot-125x125.png\",\"contentUrl\":\"https:\/\/portaltela.pt\/s.01k8rhncp4jt1\/2025\/11\/talking-bot-125x125.png\",\"caption\":\"Telinha\"},\"sameAs\":[\"https:\/\/portaltela.pt\/\"],\"url\":\"https:\/\/portaltela.pt\/por\/367410592786\/\"}]}<\/script>\n<!-- \/ Yoast SEO plugin. -->","yoast_head_json":{"title":"Fam\u00edlias ainda recordam a trag\u00e9dia de Entre-os-Rios - Portal Tela Portugal","robots":{"index":"index","follow":"follow","max-snippet":"max-snippet:-1","max-image-preview":"max-image-preview:large","max-video-preview":"max-video-preview:-1"},"og_locale":"pt_PT","og_type":"article","og_title":"Fam\u00edlias ainda recordam a trag\u00e9dia de Entre-os-Rios - Portal Tela Portugal","og_description":"A ponte Hintze Ribeiro caiu a 4 de mar\u00e7o de 2001, causando 59 mortes nas \u00e1guas do Douro. Passaram-se 25 anos e o epis\u00f3dio mant\u00e9m-se presente na mem\u00f3ria coletiva. Na Freguesia de Raiva, a trag\u00e9dia do Douro \u00e9 lembrada pela perda de 34 vidas. Alda Moreira perdeu a m\u00e3e e o irm\u00e3o na trag\u00e9dia, h\u00e1 25 anos. O relato destaca ainda o impacto duradouro do acidente na comunidade local.","og_url":"https:\/\/portaltela.pt\/noticias\/2026\/03\/04\/familias-ainda-recordam-a-tragedia-de-entre-os-rios\/","og_site_name":"Portal Tela Portugal","article_published_time":"2026-03-04T07:46:00+00:00","author":"Telinha","twitter_card":"summary_large_image","twitter_misc":{"Escrito por":"Telinha","Tempo estimado de leitura":"1 minuto"},"schema":{"@context":"https:\/\/schema.org","@graph":[{"@type":"Article","@id":"https:\/\/portaltela.pt\/noticias\/2026\/03\/04\/familias-ainda-recordam-a-tragedia-de-entre-os-rios\/#article","isPartOf":{"@id":"https:\/\/portaltela.pt\/noticias\/2026\/03\/04\/familias-ainda-recordam-a-tragedia-de-entre-os-rios\/"},"author":{"name":"Telinha","@id":"https:\/\/portaltela.pt\/#\/schema\/person\/c4278d4a6028830caff9ee44b42d32ed"},"headline":"Fam\u00edlias ainda recordam a trag\u00e9dia de Entre-os-Rios","datePublished":"2026-03-04T07:46:00+00:00","mainEntityOfPage":{"@id":"https:\/\/portaltela.pt\/noticias\/2026\/03\/04\/familias-ainda-recordam-a-tragedia-de-entre-os-rios\/"},"wordCount":141,"image":{"@id":"https:\/\/portaltela.pt\/noticias\/2026\/03\/04\/familias-ainda-recordam-a-tragedia-de-entre-os-rios\/#primaryimage"},"thumbnailUrl":"https:\/\/portaltela.pt\/s.01k8rhncp4jt1\/2026\/03\/image-193.jpg","keywords":["acidente","desabamento","desastres","Douro","Entre Douro e Minho","seguran\u00e7a p\u00fablica"],"articleSection":["Not\u00edcias"],"inLanguage":"pt-PT"},{"@type":"WebPage","@id":"https:\/\/portaltela.pt\/noticias\/2026\/03\/04\/familias-ainda-recordam-a-tragedia-de-entre-os-rios\/","url":"https:\/\/portaltela.pt\/noticias\/2026\/03\/04\/familias-ainda-recordam-a-tragedia-de-entre-os-rios\/","name":"Fam\u00edlias ainda recordam a trag\u00e9dia de Entre-os-Rios - Portal Tela Portugal","isPartOf":{"@id":"https:\/\/portaltela.pt\/#website"},"primaryImageOfPage":{"@id":"https:\/\/portaltela.pt\/noticias\/2026\/03\/04\/familias-ainda-recordam-a-tragedia-de-entre-os-rios\/#primaryimage"},"image":{"@id":"https:\/\/portaltela.pt\/noticias\/2026\/03\/04\/familias-ainda-recordam-a-tragedia-de-entre-os-rios\/#primaryimage"},"thumbnailUrl":"https:\/\/portaltela.pt\/s.01k8rhncp4jt1\/2026\/03\/image-193.jpg","datePublished":"2026-03-04T07:46:00+00:00","author":{"@id":"https:\/\/portaltela.pt\/#\/schema\/person\/c4278d4a6028830caff9ee44b42d32ed"},"breadcrumb":{"@id":"https:\/\/portaltela.pt\/noticias\/2026\/03\/04\/familias-ainda-recordam-a-tragedia-de-entre-os-rios\/#breadcrumb"},"inLanguage":"pt-PT","potentialAction":[{"@type":"ReadAction","target":["https:\/\/portaltela.pt\/noticias\/2026\/03\/04\/familias-ainda-recordam-a-tragedia-de-entre-os-rios\/"]}]},{"@type":"ImageObject","inLanguage":"pt-PT","@id":"https:\/\/portaltela.pt\/noticias\/2026\/03\/04\/familias-ainda-recordam-a-tragedia-de-entre-os-rios\/#primaryimage","url":"https:\/\/portaltela.pt\/s.01k8rhncp4jt1\/2026\/03\/image-193.jpg","contentUrl":"https:\/\/portaltela.pt\/s.01k8rhncp4jt1\/2026\/03\/image-193.jpg","width":796,"height":448,"caption":"Alda Moreira perdeu a m\u00e3e e o irm\u00e3o na trag\u00e9dia, h\u00e1 25 anos"},{"@type":"BreadcrumbList","@id":"https:\/\/portaltela.pt\/noticias\/2026\/03\/04\/familias-ainda-recordam-a-tragedia-de-entre-os-rios\/#breadcrumb","itemListElement":[{"@type":"ListItem","position":1,"name":"In\u00edcio","item":"https:\/\/portaltela.pt\/"},{"@type":"ListItem","position":2,"name":"Fam\u00edlias ainda recordam a trag\u00e9dia de Entre-os-Rios"}]},{"@type":"WebSite","@id":"https:\/\/portaltela.pt\/#website","url":"https:\/\/portaltela.pt\/","name":"Portal Tela Portugal","description":"","potentialAction":[{"@type":"SearchAction","target":{"@type":"EntryPoint","urlTemplate":"https:\/\/portaltela.pt\/?s={search_term_string}"},"query-input":{"@type":"PropertyValueSpecification","valueRequired":true,"valueName":"search_term_string"}}],"inLanguage":"pt-PT"},{"@type":"Person","@id":"https:\/\/portaltela.pt\/#\/schema\/person\/c4278d4a6028830caff9ee44b42d32ed","name":"Telinha","image":{"@type":"ImageObject","inLanguage":"pt-PT","@id":"https:\/\/portaltela.pt\/s.01k8rhncp4jt1\/2025\/11\/talking-bot-125x125.png","url":"https:\/\/portaltela.pt\/s.01k8rhncp4jt1\/2025\/11\/talking-bot-125x125.png","contentUrl":"https:\/\/portaltela.pt\/s.01k8rhncp4jt1\/2025\/11\/talking-bot-125x125.png","caption":"Telinha"},"sameAs":["https:\/\/portaltela.pt\/"],"url":"https:\/\/portaltela.pt\/por\/367410592786\/"}]}},"_links":{"self":[{"href":"https:\/\/portaltela.pt\/api\/wp\/v2\/posts\/396666","targetHints":{"allow":["GET"]}}],"collection":[{"href":"https:\/\/portaltela.pt\/api\/wp\/v2\/posts"}],"about":[{"href":"https:\/\/portaltela.pt\/api\/wp\/v2\/types\/post"}],"author":[{"embeddable":true,"href":"https:\/\/portaltela.pt\/api\/wp\/v2\/users\/2"}],"replies":[{"embeddable":true,"href":"https:\/\/portaltela.pt\/api\/wp\/v2\/comments?post=396666"}],"version-history":[{"count":0,"href":"https:\/\/portaltela.pt\/api\/wp\/v2\/posts\/396666\/revisions"}],"wp:featuredmedia":[{"embeddable":true,"href":"https:\/\/portaltela.pt\/api\/wp\/v2\/media\/396673"}],"wp:attachment":[{"href":"https:\/\/portaltela.pt\/api\/wp\/v2\/media?parent=396666"}],"wp:term":[{"taxonomy":"category","embeddable":true,"href":"https:\/\/portaltela.pt\/api\/wp\/v2\/categories?post=396666"},{"taxonomy":"post_tag","embeddable":true,"href":"https:\/\/portaltela.pt\/api\/wp\/v2\/tags?post=396666"}],"curies":[{"name":"wp","href":"https:\/\/api.w.org\/{rel}","templated":true}]}}