{"id":396663,"date":"2026-03-04T04:56:00","date_gmt":"2026-03-04T07:56:00","guid":{"rendered":"https:\/\/portaltela.pt\/noticias\/2026\/03\/04\/manifesto-alerta-tratamento-desigual-da-obesidade-e-exige-estrategia-nacional\/"},"modified":"2026-03-04T04:56:00","modified_gmt":"2026-03-04T07:56:00","slug":"manifesto-alerta-tratamento-desigual-da-obesidade-e-exige-estrategia-nacional","status":"publish","type":"post","link":"https:\/\/portaltela.pt\/noticias\/politica\/2026\/03\/04\/manifesto-alerta-tratamento-desigual-da-obesidade-e-exige-estrategia-nacional\/","title":{"rendered":"Manifesto alerta tratamento desigual da obesidade e exige estrat\u00e9gia nacional"},"content":{"rendered":"<p>O Dia Mundial da Obesidade ficou marcado pelo lan\u00e7amento do Manifesto pela A\u00e7\u00e3o Urgente na Obesidade, assinado por sociedades e associa\u00e7\u00f5es m\u00e9dicas ligadas a Endocrinologia, Diabetes e Metabolismo, Estudo da Obesidade, Medicina Geral e Familiar, Medicina Interna, Cirurgia da Obesidade e Doen\u00e7as Metab\u00f3licas, e pela ADEXO.<\/p>\n<p>O documento defende uma estrat\u00e9gia nacional centrada na pessoa com obesidade, convertendo recomenda\u00e7\u00f5es em a\u00e7\u00f5es concretas para melhorar o tratamento e reduzir custos para o SNS. O objetivo \u00e9 combater o estigma associado \u00e0 doen\u00e7a e promover uma abordagem integrada.<\/p>\n<p>O presidente da SPEO, Jos\u00e9 Silva Nunes, afirmou que a obesidade eleva riscos de mais de 200 condi\u00e7\u00f5es de sa\u00fade, incluindo 13 tipos de cancro, e representa um desafio financeiro para o sistema p\u00fablico. O manifesto apela a uma resposta p\u00fablica mais robusta e coordenada.<\/p>\n<h3>Desafios de acesso e estigma<\/h3>\n<p>O endocrinologista sublinhou desigualdades regionais e sociais no acesso a f\u00e1rmacos, considerados pilares do tratamento, que nem sempre est\u00e3o acess\u00edveis por custos e pela falta de comparticipa\u00e7\u00e3o. Os servi\u00e7os especializados concentram-se no litoral, com escassez de equipas no interior.<\/p>\n<p>Refletindo sobre o papel da medicina prim\u00e1ria, Paula Freitas, presidente da SPEDM, defendeu consultas espec\u00edficas para obesidade nos cuidados prim\u00e1rios, apontando a necessidade de acompanhamento multidisciplinar e prolongado, envolvendo m\u00e9dico, psic\u00f3logo, nutricionista e fisiologista.<\/p>\n<p>A respons\u00e1vel frisou que n\u00e3o se trata apenas de prescrever f\u00e1rmacos, mas de estabelecer, em parceria com o doente, o plano de tratamento adequado, incluindo, quando necess\u00e1rio, op\u00e7\u00f5es cir\u00fargicas. O acesso a consultas facilita o in\u00edcio de um caminho de gest\u00e3o da doen\u00e7a desde a primeira porta de entrada.<\/p>\n<p>Em Portugal, mais de um quarto da popula\u00e7\u00e3o adulta tem excesso de peso, e cerca de dois milh\u00f5es vivem com obesidade. Dados da Dire\u00e7\u00e3o-Geral da Sa\u00fade indicam que a doen\u00e7a representa aproximadamente 10% da despesa total em sa\u00fade e 3% do PIB.<\/p>\n","protected":false},"excerpt":{"rendered":"<ul>\n<li>Lan\u00e7a-se o Manifesto pela A\u00e7\u00e3o Urgente na Obesidade, com assinatura de sociedades m\u00e9dicas nacionais, para alertar para o impacto da obesidade em Portugal e custos para o SNS.<\/li>\n<li>Defende-se uma estrat\u00e9gia nacional centrada no doente, convertendo recomenda\u00e7\u00f5es em a\u00e7\u00f5es concretas e como combater o estigma associado \u00e0 obesidade.<\/li>\n<li>Destacam-se desigualdades de acesso a f\u00e1rmacos e recursos, com servi\u00e7os concentrados no litoral e escassez de equipas multidisciplinares no interior.<\/li>\n<li>A presidente da SPEDM insiste na import\u00e2ncia de consultas de obesidade nos cuidados prim\u00e1rios, com acompanhamento prolongado por equipas multiprofissionais.<\/li>\n<li>Em Portugal, mais de um quarto da popula\u00e7\u00e3o adulta tem excesso de peso, cerca de dois milh\u00f5es vivem com obesidade, e a doen\u00e7a representa cerca de 10% da despesa em sa\u00fade e 3% do PIB.<\/li>\n<\/ul>\n","protected":false},"author":2,"featured_media":396672,"comment_status":"closed","ping_status":"closed","sticky":false,"template":"","format":"standard","meta":{"footnotes":""},"categories":[1,5],"tags":[5257,5437,28,1863,482,271],"class_list":["post-396663","post","type-post","status-publish","format-standard","has-post-thumbnail","hentry","category-noticias","category-politica","tag-a-obesidade","tag-desigualdades-sociais","tag-economia","tag-endocrinologia","tag-medicina-geral-e-familiar","tag-saude-publica"],"yoast_head":"<!-- This site is optimized with the Yoast SEO plugin v27.2 - https:\/\/yoast.com\/product\/yoast-seo-wordpress\/ -->\n<title>Manifesto alerta tratamento desigual da obesidade e exige estrat\u00e9gia nacional - Portal Tela Portugal<\/title>\n<meta name=\"robots\" content=\"index, follow, max-snippet:-1, max-image-preview:large, max-video-preview:-1\" \/>\n<meta property=\"og:locale\" content=\"pt_PT\" \/>\n<meta property=\"og:type\" content=\"article\" \/>\n<meta property=\"og:title\" content=\"Manifesto alerta tratamento desigual da obesidade e exige estrat\u00e9gia nacional - Portal Tela Portugal\" \/>\n<meta property=\"og:description\" content=\"Lan\u00e7a-se o Manifesto pela A\u00e7\u00e3o Urgente na Obesidade, com assinatura de sociedades m\u00e9dicas nacionais, para alertar para o impacto da obesidade em Portugal e custos para o SNS. Defende-se uma estrat\u00e9gia nacional centrada no doente, convertendo recomenda\u00e7\u00f5es em a\u00e7\u00f5es concretas e como combater o estigma associado \u00e0 obesidade. Destacam-se desigualdades de acesso a f\u00e1rmacos e recursos, com servi\u00e7os concentrados no litoral e escassez de equipas multidisciplinares no interior. A presidente da SPEDM insiste na import\u00e2ncia de consultas de obesidade nos cuidados prim\u00e1rios, com acompanhamento prolongado por equipas multiprofissionais. Em Portugal, mais de um quarto da popula\u00e7\u00e3o adulta tem excesso de peso, cerca de dois milh\u00f5es vivem com obesidade, e a doen\u00e7a representa cerca de 10% da despesa em sa\u00fade e 3% do PIB.\" \/>\n<meta property=\"og:url\" content=\"https:\/\/portaltela.pt\/noticias\/2026\/03\/04\/manifesto-alerta-tratamento-desigual-da-obesidade-e-exige-estrategia-nacional\/\" \/>\n<meta property=\"og:site_name\" content=\"Portal Tela Portugal\" \/>\n<meta property=\"article:published_time\" content=\"2026-03-04T07:56:00+00:00\" \/>\n<meta name=\"author\" content=\"Telinha\" \/>\n<meta name=\"twitter:card\" content=\"summary_large_image\" \/>\n<meta name=\"twitter:label1\" content=\"Escrito por\" \/>\n\t<meta name=\"twitter:data1\" content=\"Telinha\" \/>\n\t<meta name=\"twitter:label2\" content=\"Tempo estimado de leitura\" \/>\n\t<meta name=\"twitter:data2\" content=\"2 minutos\" \/>\n<script type=\"application\/ld+json\" class=\"yoast-schema-graph\">{\"@context\":\"https:\/\/schema.org\",\"@graph\":[{\"@type\":\"Article\",\"@id\":\"https:\/\/portaltela.pt\/noticias\/2026\/03\/04\/manifesto-alerta-tratamento-desigual-da-obesidade-e-exige-estrategia-nacional\/#article\",\"isPartOf\":{\"@id\":\"https:\/\/portaltela.pt\/noticias\/2026\/03\/04\/manifesto-alerta-tratamento-desigual-da-obesidade-e-exige-estrategia-nacional\/\"},\"author\":{\"name\":\"Telinha\",\"@id\":\"https:\/\/portaltela.pt\/#\/schema\/person\/c4278d4a6028830caff9ee44b42d32ed\"},\"headline\":\"Manifesto alerta tratamento desigual da obesidade e exige estrat\u00e9gia nacional\",\"datePublished\":\"2026-03-04T07:56:00+00:00\",\"mainEntityOfPage\":{\"@id\":\"https:\/\/portaltela.pt\/noticias\/2026\/03\/04\/manifesto-alerta-tratamento-desigual-da-obesidade-e-exige-estrategia-nacional\/\"},\"wordCount\":344,\"image\":{\"@id\":\"https:\/\/portaltela.pt\/noticias\/2026\/03\/04\/manifesto-alerta-tratamento-desigual-da-obesidade-e-exige-estrategia-nacional\/#primaryimage\"},\"thumbnailUrl\":\"https:\/\/portaltela.pt\/s.01k8rhncp4jt1\/2026\/03\/image-192.jpg\",\"keywords\":[\"a obesidade\",\"desigualdades sociais\",\"economia\",\"endocrinologia\",\"Medicina Geral e Familiar\",\"sa\u00fade p\u00fablica\"],\"articleSection\":[\"Not\u00edcias\",\"Pol\u00edtica\"],\"inLanguage\":\"pt-PT\"},{\"@type\":\"WebPage\",\"@id\":\"https:\/\/portaltela.pt\/noticias\/2026\/03\/04\/manifesto-alerta-tratamento-desigual-da-obesidade-e-exige-estrategia-nacional\/\",\"url\":\"https:\/\/portaltela.pt\/noticias\/2026\/03\/04\/manifesto-alerta-tratamento-desigual-da-obesidade-e-exige-estrategia-nacional\/\",\"name\":\"Manifesto alerta tratamento desigual da obesidade e exige estrat\u00e9gia nacional - Portal Tela Portugal\",\"isPartOf\":{\"@id\":\"https:\/\/portaltela.pt\/#website\"},\"primaryImageOfPage\":{\"@id\":\"https:\/\/portaltela.pt\/noticias\/2026\/03\/04\/manifesto-alerta-tratamento-desigual-da-obesidade-e-exige-estrategia-nacional\/#primaryimage\"},\"image\":{\"@id\":\"https:\/\/portaltela.pt\/noticias\/2026\/03\/04\/manifesto-alerta-tratamento-desigual-da-obesidade-e-exige-estrategia-nacional\/#primaryimage\"},\"thumbnailUrl\":\"https:\/\/portaltela.pt\/s.01k8rhncp4jt1\/2026\/03\/image-192.jpg\",\"datePublished\":\"2026-03-04T07:56:00+00:00\",\"author\":{\"@id\":\"https:\/\/portaltela.pt\/#\/schema\/person\/c4278d4a6028830caff9ee44b42d32ed\"},\"breadcrumb\":{\"@id\":\"https:\/\/portaltela.pt\/noticias\/2026\/03\/04\/manifesto-alerta-tratamento-desigual-da-obesidade-e-exige-estrategia-nacional\/#breadcrumb\"},\"inLanguage\":\"pt-PT\",\"potentialAction\":[{\"@type\":\"ReadAction\",\"target\":[\"https:\/\/portaltela.pt\/noticias\/2026\/03\/04\/manifesto-alerta-tratamento-desigual-da-obesidade-e-exige-estrategia-nacional\/\"]}]},{\"@type\":\"ImageObject\",\"inLanguage\":\"pt-PT\",\"@id\":\"https:\/\/portaltela.pt\/noticias\/2026\/03\/04\/manifesto-alerta-tratamento-desigual-da-obesidade-e-exige-estrategia-nacional\/#primaryimage\",\"url\":\"https:\/\/portaltela.pt\/s.01k8rhncp4jt1\/2026\/03\/image-192.jpg\",\"contentUrl\":\"https:\/\/portaltela.pt\/s.01k8rhncp4jt1\/2026\/03\/image-192.jpg\",\"width\":796,\"height\":448,\"caption\":\"Foto: Adelino Meireles\/Arquivo\"},{\"@type\":\"BreadcrumbList\",\"@id\":\"https:\/\/portaltela.pt\/noticias\/2026\/03\/04\/manifesto-alerta-tratamento-desigual-da-obesidade-e-exige-estrategia-nacional\/#breadcrumb\",\"itemListElement\":[{\"@type\":\"ListItem\",\"position\":1,\"name\":\"In\u00edcio\",\"item\":\"https:\/\/portaltela.pt\/\"},{\"@type\":\"ListItem\",\"position\":2,\"name\":\"Manifesto alerta tratamento desigual da obesidade e exige estrat\u00e9gia nacional\"}]},{\"@type\":\"WebSite\",\"@id\":\"https:\/\/portaltela.pt\/#website\",\"url\":\"https:\/\/portaltela.pt\/\",\"name\":\"Portal Tela Portugal\",\"description\":\"\",\"potentialAction\":[{\"@type\":\"SearchAction\",\"target\":{\"@type\":\"EntryPoint\",\"urlTemplate\":\"https:\/\/portaltela.pt\/?s={search_term_string}\"},\"query-input\":{\"@type\":\"PropertyValueSpecification\",\"valueRequired\":true,\"valueName\":\"search_term_string\"}}],\"inLanguage\":\"pt-PT\"},{\"@type\":\"Person\",\"@id\":\"https:\/\/portaltela.pt\/#\/schema\/person\/c4278d4a6028830caff9ee44b42d32ed\",\"name\":\"Telinha\",\"image\":{\"@type\":\"ImageObject\",\"inLanguage\":\"pt-PT\",\"@id\":\"https:\/\/portaltela.pt\/s.01k8rhncp4jt1\/2025\/11\/talking-bot-125x125.png\",\"url\":\"https:\/\/portaltela.pt\/s.01k8rhncp4jt1\/2025\/11\/talking-bot-125x125.png\",\"contentUrl\":\"https:\/\/portaltela.pt\/s.01k8rhncp4jt1\/2025\/11\/talking-bot-125x125.png\",\"caption\":\"Telinha\"},\"sameAs\":[\"https:\/\/portaltela.pt\/\"],\"url\":\"https:\/\/portaltela.pt\/por\/367410592786\/\"}]}<\/script>\n<!-- \/ Yoast SEO plugin. -->","yoast_head_json":{"title":"Manifesto alerta tratamento desigual da obesidade e exige estrat\u00e9gia nacional - Portal Tela Portugal","robots":{"index":"index","follow":"follow","max-snippet":"max-snippet:-1","max-image-preview":"max-image-preview:large","max-video-preview":"max-video-preview:-1"},"og_locale":"pt_PT","og_type":"article","og_title":"Manifesto alerta tratamento desigual da obesidade e exige estrat\u00e9gia nacional - Portal Tela Portugal","og_description":"Lan\u00e7a-se o Manifesto pela A\u00e7\u00e3o Urgente na Obesidade, com assinatura de sociedades m\u00e9dicas nacionais, para alertar para o impacto da obesidade em Portugal e custos para o SNS. Defende-se uma estrat\u00e9gia nacional centrada no doente, convertendo recomenda\u00e7\u00f5es em a\u00e7\u00f5es concretas e como combater o estigma associado \u00e0 obesidade. Destacam-se desigualdades de acesso a f\u00e1rmacos e recursos, com servi\u00e7os concentrados no litoral e escassez de equipas multidisciplinares no interior. A presidente da SPEDM insiste na import\u00e2ncia de consultas de obesidade nos cuidados prim\u00e1rios, com acompanhamento prolongado por equipas multiprofissionais. Em Portugal, mais de um quarto da popula\u00e7\u00e3o adulta tem excesso de peso, cerca de dois milh\u00f5es vivem com obesidade, e a doen\u00e7a representa cerca de 10% da despesa em sa\u00fade e 3% do PIB.","og_url":"https:\/\/portaltela.pt\/noticias\/2026\/03\/04\/manifesto-alerta-tratamento-desigual-da-obesidade-e-exige-estrategia-nacional\/","og_site_name":"Portal Tela Portugal","article_published_time":"2026-03-04T07:56:00+00:00","author":"Telinha","twitter_card":"summary_large_image","twitter_misc":{"Escrito por":"Telinha","Tempo estimado de leitura":"2 minutos"},"schema":{"@context":"https:\/\/schema.org","@graph":[{"@type":"Article","@id":"https:\/\/portaltela.pt\/noticias\/2026\/03\/04\/manifesto-alerta-tratamento-desigual-da-obesidade-e-exige-estrategia-nacional\/#article","isPartOf":{"@id":"https:\/\/portaltela.pt\/noticias\/2026\/03\/04\/manifesto-alerta-tratamento-desigual-da-obesidade-e-exige-estrategia-nacional\/"},"author":{"name":"Telinha","@id":"https:\/\/portaltela.pt\/#\/schema\/person\/c4278d4a6028830caff9ee44b42d32ed"},"headline":"Manifesto alerta tratamento desigual da obesidade e exige estrat\u00e9gia nacional","datePublished":"2026-03-04T07:56:00+00:00","mainEntityOfPage":{"@id":"https:\/\/portaltela.pt\/noticias\/2026\/03\/04\/manifesto-alerta-tratamento-desigual-da-obesidade-e-exige-estrategia-nacional\/"},"wordCount":344,"image":{"@id":"https:\/\/portaltela.pt\/noticias\/2026\/03\/04\/manifesto-alerta-tratamento-desigual-da-obesidade-e-exige-estrategia-nacional\/#primaryimage"},"thumbnailUrl":"https:\/\/portaltela.pt\/s.01k8rhncp4jt1\/2026\/03\/image-192.jpg","keywords":["a obesidade","desigualdades sociais","economia","endocrinologia","Medicina Geral e Familiar","sa\u00fade p\u00fablica"],"articleSection":["Not\u00edcias","Pol\u00edtica"],"inLanguage":"pt-PT"},{"@type":"WebPage","@id":"https:\/\/portaltela.pt\/noticias\/2026\/03\/04\/manifesto-alerta-tratamento-desigual-da-obesidade-e-exige-estrategia-nacional\/","url":"https:\/\/portaltela.pt\/noticias\/2026\/03\/04\/manifesto-alerta-tratamento-desigual-da-obesidade-e-exige-estrategia-nacional\/","name":"Manifesto alerta tratamento desigual da obesidade e exige estrat\u00e9gia nacional - Portal Tela Portugal","isPartOf":{"@id":"https:\/\/portaltela.pt\/#website"},"primaryImageOfPage":{"@id":"https:\/\/portaltela.pt\/noticias\/2026\/03\/04\/manifesto-alerta-tratamento-desigual-da-obesidade-e-exige-estrategia-nacional\/#primaryimage"},"image":{"@id":"https:\/\/portaltela.pt\/noticias\/2026\/03\/04\/manifesto-alerta-tratamento-desigual-da-obesidade-e-exige-estrategia-nacional\/#primaryimage"},"thumbnailUrl":"https:\/\/portaltela.pt\/s.01k8rhncp4jt1\/2026\/03\/image-192.jpg","datePublished":"2026-03-04T07:56:00+00:00","author":{"@id":"https:\/\/portaltela.pt\/#\/schema\/person\/c4278d4a6028830caff9ee44b42d32ed"},"breadcrumb":{"@id":"https:\/\/portaltela.pt\/noticias\/2026\/03\/04\/manifesto-alerta-tratamento-desigual-da-obesidade-e-exige-estrategia-nacional\/#breadcrumb"},"inLanguage":"pt-PT","potentialAction":[{"@type":"ReadAction","target":["https:\/\/portaltela.pt\/noticias\/2026\/03\/04\/manifesto-alerta-tratamento-desigual-da-obesidade-e-exige-estrategia-nacional\/"]}]},{"@type":"ImageObject","inLanguage":"pt-PT","@id":"https:\/\/portaltela.pt\/noticias\/2026\/03\/04\/manifesto-alerta-tratamento-desigual-da-obesidade-e-exige-estrategia-nacional\/#primaryimage","url":"https:\/\/portaltela.pt\/s.01k8rhncp4jt1\/2026\/03\/image-192.jpg","contentUrl":"https:\/\/portaltela.pt\/s.01k8rhncp4jt1\/2026\/03\/image-192.jpg","width":796,"height":448,"caption":"Foto: Adelino Meireles\/Arquivo"},{"@type":"BreadcrumbList","@id":"https:\/\/portaltela.pt\/noticias\/2026\/03\/04\/manifesto-alerta-tratamento-desigual-da-obesidade-e-exige-estrategia-nacional\/#breadcrumb","itemListElement":[{"@type":"ListItem","position":1,"name":"In\u00edcio","item":"https:\/\/portaltela.pt\/"},{"@type":"ListItem","position":2,"name":"Manifesto alerta tratamento desigual da obesidade e exige estrat\u00e9gia nacional"}]},{"@type":"WebSite","@id":"https:\/\/portaltela.pt\/#website","url":"https:\/\/portaltela.pt\/","name":"Portal Tela Portugal","description":"","potentialAction":[{"@type":"SearchAction","target":{"@type":"EntryPoint","urlTemplate":"https:\/\/portaltela.pt\/?s={search_term_string}"},"query-input":{"@type":"PropertyValueSpecification","valueRequired":true,"valueName":"search_term_string"}}],"inLanguage":"pt-PT"},{"@type":"Person","@id":"https:\/\/portaltela.pt\/#\/schema\/person\/c4278d4a6028830caff9ee44b42d32ed","name":"Telinha","image":{"@type":"ImageObject","inLanguage":"pt-PT","@id":"https:\/\/portaltela.pt\/s.01k8rhncp4jt1\/2025\/11\/talking-bot-125x125.png","url":"https:\/\/portaltela.pt\/s.01k8rhncp4jt1\/2025\/11\/talking-bot-125x125.png","contentUrl":"https:\/\/portaltela.pt\/s.01k8rhncp4jt1\/2025\/11\/talking-bot-125x125.png","caption":"Telinha"},"sameAs":["https:\/\/portaltela.pt\/"],"url":"https:\/\/portaltela.pt\/por\/367410592786\/"}]}},"_links":{"self":[{"href":"https:\/\/portaltela.pt\/api\/wp\/v2\/posts\/396663","targetHints":{"allow":["GET"]}}],"collection":[{"href":"https:\/\/portaltela.pt\/api\/wp\/v2\/posts"}],"about":[{"href":"https:\/\/portaltela.pt\/api\/wp\/v2\/types\/post"}],"author":[{"embeddable":true,"href":"https:\/\/portaltela.pt\/api\/wp\/v2\/users\/2"}],"replies":[{"embeddable":true,"href":"https:\/\/portaltela.pt\/api\/wp\/v2\/comments?post=396663"}],"version-history":[{"count":0,"href":"https:\/\/portaltela.pt\/api\/wp\/v2\/posts\/396663\/revisions"}],"wp:featuredmedia":[{"embeddable":true,"href":"https:\/\/portaltela.pt\/api\/wp\/v2\/media\/396672"}],"wp:attachment":[{"href":"https:\/\/portaltela.pt\/api\/wp\/v2\/media?parent=396663"}],"wp:term":[{"taxonomy":"category","embeddable":true,"href":"https:\/\/portaltela.pt\/api\/wp\/v2\/categories?post=396663"},{"taxonomy":"post_tag","embeddable":true,"href":"https:\/\/portaltela.pt\/api\/wp\/v2\/tags?post=396663"}],"curies":[{"name":"wp","href":"https:\/\/api.w.org\/{rel}","templated":true}]}}