{"id":396661,"date":"2026-03-04T04:45:00","date_gmt":"2026-03-04T07:45:00","guid":{"rendered":"https:\/\/portaltela.pt\/noticias\/2026\/03\/04\/infografia-em-3d-reproduz-a-queda-da-ponte-de-entre-os-rios\/"},"modified":"2026-03-04T04:45:00","modified_gmt":"2026-03-04T07:45:00","slug":"infografia-em-3d-reproduz-a-queda-da-ponte-de-entre-os-rios","status":"publish","type":"post","link":"https:\/\/portaltela.pt\/noticias\/2026\/03\/04\/infografia-em-3d-reproduz-a-queda-da-ponte-de-entre-os-rios\/","title":{"rendered":"Infografia em 3D reproduz a queda da ponte de Entre-os-Rios"},"content":{"rendered":"<p>A trag\u00e9dia de Entre-os-Rios, ocorrida em 2001, resultou na morte de 59 pessoas ap\u00f3s o colapso de uma ponte sobre o Douro, em Castelo de Paiva. A not\u00edcia chega numa altura em que uma reconstitui\u00e7\u00e3o em 3D ajuda a perceber as circunst\u00e2ncias do acidente.<\/p>\n<p>A cadeia de falhas estruturais, associadas ao desgaste ao longo dos anos, foi identificada pela investiga\u00e7\u00e3o como fatores centrais para o desabar da ponte constru\u00edda nos anos 60. A popularidade do recurso tecnol\u00f3gico visa esclarecer as causas com maior precis\u00e3o.<\/p>\n<p>A reconstitui\u00e7\u00e3o em 3D foi criada para apresentar uma vis\u00e3o detalhada do dia fat\u00eddico, integrando dados de engenharia, arquitetura e tecnologia. O objetivo \u00e9 compreender melhor o impacto do colapso e facilitar a melhoria de normativas de seguran\u00e7a.<\/p>\n<h3>A reconstitui\u00e7\u00e3o em 3D<\/h3>\n<p>A visualiza\u00e7\u00e3o permite analisar o ponto de vista t\u00e9cnico e refor\u00e7ar a necessidade de inspe\u00e7\u00e3o regular de infraestruturas cr\u00edticas. O projeto incentiva a divulga\u00e7\u00e3o p\u00fablica de boas pr\u00e1ticas de manuten\u00e7\u00e3o para evitar trag\u00e9dias futuras.<\/p>\n<h3>Li\u00e7\u00f5es para a gest\u00e3o de infraestruturas<\/h3>\n<p>A obra evidencia a import\u00e2ncia da vigil\u00e2ncia constante das pontes e estruturas p\u00fablicas. A tecnologia ajuda a identificar riscos precoces, contribuindo para pol\u00edticas preventivas e para a mem\u00f3ria coletiva.<\/p>\n<h3>Mem\u00f3ria e preven\u00e7\u00e3o<\/h3>\n<p>A trag\u00e9dia de Entre-os-Rios permanece como marco hist\u00f3rico em Portugal. A reconstitui\u00e7\u00e3o serve como ferramenta educativa, lembrando a relev\u00e2ncia da seguran\u00e7a e da prote\u00e7\u00e3o de vidas.<\/p>\n<h3>Tecnologia a servi\u00e7o da seguran\u00e7a<\/h3>\n<p>A aplica\u00e7\u00e3o de m\u00e9todos avan\u00e7ados, como a reconstru\u00e7\u00e3o em 3D, demonstra o empenho de aprender com o passado. A inova\u00e7\u00e3o tecnol\u00f3gica fortalece a preven\u00e7\u00e3o de acidentes e a prote\u00e7\u00e3o dos cidad\u00e3os.<\/p>\n","protected":false},"excerpt":{"rendered":"<ul>\n<li>Em 2001, a trag\u00e9dia de Entre-os-Rios resultou na morte de 59 pessoas, ap\u00f3s a queda da ponte sobre o Douro, em Castelo de Paiva.<\/li>\n<li>Foi criada uma reconstitui\u00e7\u00e3o em 3D para compreender as circunst\u00e2ncias do colapso e apoiar a melhoria de medidas de seguran\u00e7a em infraestruturas semelhantes.<\/li>\n<li>A ponte, constru\u00edda na d\u00e9cada de sessenta, apresentava desgaste estrutural que agravou o colapso frente a condi\u00e7\u00f5es adversas.<\/li>\n<li>A visualiza\u00e7\u00e3o em 3D permite analisar tecnicamente o acidente e refor\u00e7a a import\u00e2ncia da manuten\u00e7\u00e3o e inspe\u00e7\u00e3o regulares de pontes e estruturas cr\u00edticas.<\/li>\n<li>A reconstitui\u00e7\u00e3o sublinha a necessidade de vigil\u00e2ncia constante das infraestruturas p\u00fablicas e funciona tamb\u00e9m como homenagem \u00e0s v\u00edtimas.<\/li>\n<\/ul>\n","protected":false},"author":2,"featured_media":396667,"comment_status":"closed","ping_status":"closed","sticky":false,"template":"","format":"standard","meta":{"footnotes":""},"categories":[1],"tags":[6063,3105,1615,6275,1014,153],"class_list":["post-396661","post","type-post","status-publish","format-standard","has-post-thumbnail","hentry","category-noticias","tag-desastres","tag-engenharia-civil","tag-infraestrutura","tag-pontes","tag-portugal","tag-tecnologia"],"yoast_head":"<!-- This site is optimized with the Yoast SEO plugin v27.2 - https:\/\/yoast.com\/product\/yoast-seo-wordpress\/ -->\n<title>Infografia em 3D reproduz a queda da ponte de Entre-os-Rios - Portal Tela Portugal<\/title>\n<meta name=\"robots\" content=\"index, follow, max-snippet:-1, max-image-preview:large, max-video-preview:-1\" \/>\n<meta property=\"og:locale\" content=\"pt_PT\" \/>\n<meta property=\"og:type\" content=\"article\" \/>\n<meta property=\"og:title\" content=\"Infografia em 3D reproduz a queda da ponte de Entre-os-Rios - Portal Tela Portugal\" \/>\n<meta property=\"og:description\" content=\"Em 2001, a trag\u00e9dia de Entre-os-Rios resultou na morte de 59 pessoas, ap\u00f3s a queda da ponte sobre o Douro, em Castelo de Paiva. Foi criada uma reconstitui\u00e7\u00e3o em 3D para compreender as circunst\u00e2ncias do colapso e apoiar a melhoria de medidas de seguran\u00e7a em infraestruturas semelhantes. A ponte, constru\u00edda na d\u00e9cada de sessenta, apresentava desgaste estrutural que agravou o colapso frente a condi\u00e7\u00f5es adversas. A visualiza\u00e7\u00e3o em 3D permite analisar tecnicamente o acidente e refor\u00e7a a import\u00e2ncia da manuten\u00e7\u00e3o e inspe\u00e7\u00e3o regulares de pontes e estruturas cr\u00edticas. A reconstitui\u00e7\u00e3o sublinha a necessidade de vigil\u00e2ncia constante das infraestruturas p\u00fablicas e funciona tamb\u00e9m como homenagem \u00e0s v\u00edtimas.\" \/>\n<meta property=\"og:url\" content=\"https:\/\/portaltela.pt\/noticias\/2026\/03\/04\/infografia-em-3d-reproduz-a-queda-da-ponte-de-entre-os-rios\/\" \/>\n<meta property=\"og:site_name\" content=\"Portal Tela Portugal\" \/>\n<meta property=\"article:published_time\" content=\"2026-03-04T07:45:00+00:00\" \/>\n<meta name=\"author\" content=\"Telinha\" \/>\n<meta name=\"twitter:card\" content=\"summary_large_image\" \/>\n<meta name=\"twitter:label1\" content=\"Escrito por\" \/>\n\t<meta name=\"twitter:data1\" content=\"Telinha\" \/>\n\t<meta name=\"twitter:label2\" content=\"Tempo estimado de leitura\" \/>\n\t<meta name=\"twitter:data2\" content=\"2 minutos\" \/>\n<script type=\"application\/ld+json\" class=\"yoast-schema-graph\">{\"@context\":\"https:\/\/schema.org\",\"@graph\":[{\"@type\":\"Article\",\"@id\":\"https:\/\/portaltela.pt\/noticias\/2026\/03\/04\/infografia-em-3d-reproduz-a-queda-da-ponte-de-entre-os-rios\/#article\",\"isPartOf\":{\"@id\":\"https:\/\/portaltela.pt\/noticias\/2026\/03\/04\/infografia-em-3d-reproduz-a-queda-da-ponte-de-entre-os-rios\/\"},\"author\":{\"name\":\"Telinha\",\"@id\":\"https:\/\/portaltela.pt\/#\/schema\/person\/c4278d4a6028830caff9ee44b42d32ed\"},\"headline\":\"Infografia em 3D reproduz a queda da ponte de Entre-os-Rios\",\"datePublished\":\"2026-03-04T07:45:00+00:00\",\"mainEntityOfPage\":{\"@id\":\"https:\/\/portaltela.pt\/noticias\/2026\/03\/04\/infografia-em-3d-reproduz-a-queda-da-ponte-de-entre-os-rios\/\"},\"wordCount\":316,\"image\":{\"@id\":\"https:\/\/portaltela.pt\/noticias\/2026\/03\/04\/infografia-em-3d-reproduz-a-queda-da-ponte-de-entre-os-rios\/#primaryimage\"},\"thumbnailUrl\":\"https:\/\/portaltela.pt\/s.01k8rhncp4jt1\/2026\/03\/d98ded38-250a-4f08-b5a2-16330d32f453_1200x675.jpg\",\"keywords\":[\"desastres\",\"engenharia civil\",\"infraestrutura\",\"pontes\",\"Portugal\",\"tecnologia\"],\"articleSection\":[\"Not\u00edcias\"],\"inLanguage\":\"pt-PT\"},{\"@type\":\"WebPage\",\"@id\":\"https:\/\/portaltela.pt\/noticias\/2026\/03\/04\/infografia-em-3d-reproduz-a-queda-da-ponte-de-entre-os-rios\/\",\"url\":\"https:\/\/portaltela.pt\/noticias\/2026\/03\/04\/infografia-em-3d-reproduz-a-queda-da-ponte-de-entre-os-rios\/\",\"name\":\"Infografia em 3D reproduz a queda da ponte de Entre-os-Rios - Portal Tela Portugal\",\"isPartOf\":{\"@id\":\"https:\/\/portaltela.pt\/#website\"},\"primaryImageOfPage\":{\"@id\":\"https:\/\/portaltela.pt\/noticias\/2026\/03\/04\/infografia-em-3d-reproduz-a-queda-da-ponte-de-entre-os-rios\/#primaryimage\"},\"image\":{\"@id\":\"https:\/\/portaltela.pt\/noticias\/2026\/03\/04\/infografia-em-3d-reproduz-a-queda-da-ponte-de-entre-os-rios\/#primaryimage\"},\"thumbnailUrl\":\"https:\/\/portaltela.pt\/s.01k8rhncp4jt1\/2026\/03\/d98ded38-250a-4f08-b5a2-16330d32f453_1200x675.jpg\",\"datePublished\":\"2026-03-04T07:45:00+00:00\",\"author\":{\"@id\":\"https:\/\/portaltela.pt\/#\/schema\/person\/c4278d4a6028830caff9ee44b42d32ed\"},\"breadcrumb\":{\"@id\":\"https:\/\/portaltela.pt\/noticias\/2026\/03\/04\/infografia-em-3d-reproduz-a-queda-da-ponte-de-entre-os-rios\/#breadcrumb\"},\"inLanguage\":\"pt-PT\",\"potentialAction\":[{\"@type\":\"ReadAction\",\"target\":[\"https:\/\/portaltela.pt\/noticias\/2026\/03\/04\/infografia-em-3d-reproduz-a-queda-da-ponte-de-entre-os-rios\/\"]}]},{\"@type\":\"ImageObject\",\"inLanguage\":\"pt-PT\",\"@id\":\"https:\/\/portaltela.pt\/noticias\/2026\/03\/04\/infografia-em-3d-reproduz-a-queda-da-ponte-de-entre-os-rios\/#primaryimage\",\"url\":\"https:\/\/portaltela.pt\/s.01k8rhncp4jt1\/2026\/03\/d98ded38-250a-4f08-b5a2-16330d32f453_1200x675.jpg\",\"contentUrl\":\"https:\/\/portaltela.pt\/s.01k8rhncp4jt1\/2026\/03\/d98ded38-250a-4f08-b5a2-16330d32f453_1200x675.jpg\",\"width\":796,\"height\":448,\"caption\":\"Reconstitui\u00e7\u00e3o da trag\u00e9dia: a queda da ponte de Entre-os-Rios em 3D\"},{\"@type\":\"BreadcrumbList\",\"@id\":\"https:\/\/portaltela.pt\/noticias\/2026\/03\/04\/infografia-em-3d-reproduz-a-queda-da-ponte-de-entre-os-rios\/#breadcrumb\",\"itemListElement\":[{\"@type\":\"ListItem\",\"position\":1,\"name\":\"In\u00edcio\",\"item\":\"https:\/\/portaltela.pt\/\"},{\"@type\":\"ListItem\",\"position\":2,\"name\":\"Infografia em 3D reproduz a queda da ponte de Entre-os-Rios\"}]},{\"@type\":\"WebSite\",\"@id\":\"https:\/\/portaltela.pt\/#website\",\"url\":\"https:\/\/portaltela.pt\/\",\"name\":\"Portal Tela Portugal\",\"description\":\"\",\"potentialAction\":[{\"@type\":\"SearchAction\",\"target\":{\"@type\":\"EntryPoint\",\"urlTemplate\":\"https:\/\/portaltela.pt\/?s={search_term_string}\"},\"query-input\":{\"@type\":\"PropertyValueSpecification\",\"valueRequired\":true,\"valueName\":\"search_term_string\"}}],\"inLanguage\":\"pt-PT\"},{\"@type\":\"Person\",\"@id\":\"https:\/\/portaltela.pt\/#\/schema\/person\/c4278d4a6028830caff9ee44b42d32ed\",\"name\":\"Telinha\",\"image\":{\"@type\":\"ImageObject\",\"inLanguage\":\"pt-PT\",\"@id\":\"https:\/\/portaltela.pt\/s.01k8rhncp4jt1\/2025\/11\/talking-bot-125x125.png\",\"url\":\"https:\/\/portaltela.pt\/s.01k8rhncp4jt1\/2025\/11\/talking-bot-125x125.png\",\"contentUrl\":\"https:\/\/portaltela.pt\/s.01k8rhncp4jt1\/2025\/11\/talking-bot-125x125.png\",\"caption\":\"Telinha\"},\"sameAs\":[\"https:\/\/portaltela.pt\/\"],\"url\":\"https:\/\/portaltela.pt\/por\/367410592786\/\"}]}<\/script>\n<!-- \/ Yoast SEO plugin. -->","yoast_head_json":{"title":"Infografia em 3D reproduz a queda da ponte de Entre-os-Rios - Portal Tela Portugal","robots":{"index":"index","follow":"follow","max-snippet":"max-snippet:-1","max-image-preview":"max-image-preview:large","max-video-preview":"max-video-preview:-1"},"og_locale":"pt_PT","og_type":"article","og_title":"Infografia em 3D reproduz a queda da ponte de Entre-os-Rios - Portal Tela Portugal","og_description":"Em 2001, a trag\u00e9dia de Entre-os-Rios resultou na morte de 59 pessoas, ap\u00f3s a queda da ponte sobre o Douro, em Castelo de Paiva. Foi criada uma reconstitui\u00e7\u00e3o em 3D para compreender as circunst\u00e2ncias do colapso e apoiar a melhoria de medidas de seguran\u00e7a em infraestruturas semelhantes. A ponte, constru\u00edda na d\u00e9cada de sessenta, apresentava desgaste estrutural que agravou o colapso frente a condi\u00e7\u00f5es adversas. A visualiza\u00e7\u00e3o em 3D permite analisar tecnicamente o acidente e refor\u00e7a a import\u00e2ncia da manuten\u00e7\u00e3o e inspe\u00e7\u00e3o regulares de pontes e estruturas cr\u00edticas. A reconstitui\u00e7\u00e3o sublinha a necessidade de vigil\u00e2ncia constante das infraestruturas p\u00fablicas e funciona tamb\u00e9m como homenagem \u00e0s v\u00edtimas.","og_url":"https:\/\/portaltela.pt\/noticias\/2026\/03\/04\/infografia-em-3d-reproduz-a-queda-da-ponte-de-entre-os-rios\/","og_site_name":"Portal Tela Portugal","article_published_time":"2026-03-04T07:45:00+00:00","author":"Telinha","twitter_card":"summary_large_image","twitter_misc":{"Escrito por":"Telinha","Tempo estimado de leitura":"2 minutos"},"schema":{"@context":"https:\/\/schema.org","@graph":[{"@type":"Article","@id":"https:\/\/portaltela.pt\/noticias\/2026\/03\/04\/infografia-em-3d-reproduz-a-queda-da-ponte-de-entre-os-rios\/#article","isPartOf":{"@id":"https:\/\/portaltela.pt\/noticias\/2026\/03\/04\/infografia-em-3d-reproduz-a-queda-da-ponte-de-entre-os-rios\/"},"author":{"name":"Telinha","@id":"https:\/\/portaltela.pt\/#\/schema\/person\/c4278d4a6028830caff9ee44b42d32ed"},"headline":"Infografia em 3D reproduz a queda da ponte de Entre-os-Rios","datePublished":"2026-03-04T07:45:00+00:00","mainEntityOfPage":{"@id":"https:\/\/portaltela.pt\/noticias\/2026\/03\/04\/infografia-em-3d-reproduz-a-queda-da-ponte-de-entre-os-rios\/"},"wordCount":316,"image":{"@id":"https:\/\/portaltela.pt\/noticias\/2026\/03\/04\/infografia-em-3d-reproduz-a-queda-da-ponte-de-entre-os-rios\/#primaryimage"},"thumbnailUrl":"https:\/\/portaltela.pt\/s.01k8rhncp4jt1\/2026\/03\/d98ded38-250a-4f08-b5a2-16330d32f453_1200x675.jpg","keywords":["desastres","engenharia civil","infraestrutura","pontes","Portugal","tecnologia"],"articleSection":["Not\u00edcias"],"inLanguage":"pt-PT"},{"@type":"WebPage","@id":"https:\/\/portaltela.pt\/noticias\/2026\/03\/04\/infografia-em-3d-reproduz-a-queda-da-ponte-de-entre-os-rios\/","url":"https:\/\/portaltela.pt\/noticias\/2026\/03\/04\/infografia-em-3d-reproduz-a-queda-da-ponte-de-entre-os-rios\/","name":"Infografia em 3D reproduz a queda da ponte de Entre-os-Rios - Portal Tela Portugal","isPartOf":{"@id":"https:\/\/portaltela.pt\/#website"},"primaryImageOfPage":{"@id":"https:\/\/portaltela.pt\/noticias\/2026\/03\/04\/infografia-em-3d-reproduz-a-queda-da-ponte-de-entre-os-rios\/#primaryimage"},"image":{"@id":"https:\/\/portaltela.pt\/noticias\/2026\/03\/04\/infografia-em-3d-reproduz-a-queda-da-ponte-de-entre-os-rios\/#primaryimage"},"thumbnailUrl":"https:\/\/portaltela.pt\/s.01k8rhncp4jt1\/2026\/03\/d98ded38-250a-4f08-b5a2-16330d32f453_1200x675.jpg","datePublished":"2026-03-04T07:45:00+00:00","author":{"@id":"https:\/\/portaltela.pt\/#\/schema\/person\/c4278d4a6028830caff9ee44b42d32ed"},"breadcrumb":{"@id":"https:\/\/portaltela.pt\/noticias\/2026\/03\/04\/infografia-em-3d-reproduz-a-queda-da-ponte-de-entre-os-rios\/#breadcrumb"},"inLanguage":"pt-PT","potentialAction":[{"@type":"ReadAction","target":["https:\/\/portaltela.pt\/noticias\/2026\/03\/04\/infografia-em-3d-reproduz-a-queda-da-ponte-de-entre-os-rios\/"]}]},{"@type":"ImageObject","inLanguage":"pt-PT","@id":"https:\/\/portaltela.pt\/noticias\/2026\/03\/04\/infografia-em-3d-reproduz-a-queda-da-ponte-de-entre-os-rios\/#primaryimage","url":"https:\/\/portaltela.pt\/s.01k8rhncp4jt1\/2026\/03\/d98ded38-250a-4f08-b5a2-16330d32f453_1200x675.jpg","contentUrl":"https:\/\/portaltela.pt\/s.01k8rhncp4jt1\/2026\/03\/d98ded38-250a-4f08-b5a2-16330d32f453_1200x675.jpg","width":796,"height":448,"caption":"Reconstitui\u00e7\u00e3o da trag\u00e9dia: a queda da ponte de Entre-os-Rios em 3D"},{"@type":"BreadcrumbList","@id":"https:\/\/portaltela.pt\/noticias\/2026\/03\/04\/infografia-em-3d-reproduz-a-queda-da-ponte-de-entre-os-rios\/#breadcrumb","itemListElement":[{"@type":"ListItem","position":1,"name":"In\u00edcio","item":"https:\/\/portaltela.pt\/"},{"@type":"ListItem","position":2,"name":"Infografia em 3D reproduz a queda da ponte de Entre-os-Rios"}]},{"@type":"WebSite","@id":"https:\/\/portaltela.pt\/#website","url":"https:\/\/portaltela.pt\/","name":"Portal Tela Portugal","description":"","potentialAction":[{"@type":"SearchAction","target":{"@type":"EntryPoint","urlTemplate":"https:\/\/portaltela.pt\/?s={search_term_string}"},"query-input":{"@type":"PropertyValueSpecification","valueRequired":true,"valueName":"search_term_string"}}],"inLanguage":"pt-PT"},{"@type":"Person","@id":"https:\/\/portaltela.pt\/#\/schema\/person\/c4278d4a6028830caff9ee44b42d32ed","name":"Telinha","image":{"@type":"ImageObject","inLanguage":"pt-PT","@id":"https:\/\/portaltela.pt\/s.01k8rhncp4jt1\/2025\/11\/talking-bot-125x125.png","url":"https:\/\/portaltela.pt\/s.01k8rhncp4jt1\/2025\/11\/talking-bot-125x125.png","contentUrl":"https:\/\/portaltela.pt\/s.01k8rhncp4jt1\/2025\/11\/talking-bot-125x125.png","caption":"Telinha"},"sameAs":["https:\/\/portaltela.pt\/"],"url":"https:\/\/portaltela.pt\/por\/367410592786\/"}]}},"_links":{"self":[{"href":"https:\/\/portaltela.pt\/api\/wp\/v2\/posts\/396661","targetHints":{"allow":["GET"]}}],"collection":[{"href":"https:\/\/portaltela.pt\/api\/wp\/v2\/posts"}],"about":[{"href":"https:\/\/portaltela.pt\/api\/wp\/v2\/types\/post"}],"author":[{"embeddable":true,"href":"https:\/\/portaltela.pt\/api\/wp\/v2\/users\/2"}],"replies":[{"embeddable":true,"href":"https:\/\/portaltela.pt\/api\/wp\/v2\/comments?post=396661"}],"version-history":[{"count":0,"href":"https:\/\/portaltela.pt\/api\/wp\/v2\/posts\/396661\/revisions"}],"wp:featuredmedia":[{"embeddable":true,"href":"https:\/\/portaltela.pt\/api\/wp\/v2\/media\/396667"}],"wp:attachment":[{"href":"https:\/\/portaltela.pt\/api\/wp\/v2\/media?parent=396661"}],"wp:term":[{"taxonomy":"category","embeddable":true,"href":"https:\/\/portaltela.pt\/api\/wp\/v2\/categories?post=396661"},{"taxonomy":"post_tag","embeddable":true,"href":"https:\/\/portaltela.pt\/api\/wp\/v2\/tags?post=396661"}],"curies":[{"name":"wp","href":"https:\/\/api.w.org\/{rel}","templated":true}]}}