{"id":396626,"date":"2026-03-04T03:45:00","date_gmt":"2026-03-04T06:45:00","guid":{"rendered":"https:\/\/portaltela.pt\/noticias\/2026\/03\/04\/estudo-aponta-368-mil-portugueses-com-demencia-em-2050\/"},"modified":"2026-03-04T03:45:00","modified_gmt":"2026-03-04T06:45:00","slug":"estudo-aponta-368-mil-portugueses-com-demencia-em-2050","status":"publish","type":"post","link":"https:\/\/portaltela.pt\/noticias\/2026\/03\/04\/estudo-aponta-368-mil-portugueses-com-demencia-em-2050\/","title":{"rendered":"Estudo aponta 368 mil portugueses com dem\u00eancia em 2050"},"content":{"rendered":"<p>Portugal pode ter quase 38 pessoas em cada mil a viver com dem\u00eancia em 2050, segundo projec\u00e7\u00f5es da Alzheimer Europe. A previs\u00e3o surge num contexto de envelhecimento populacional no pa\u00eds.<\/p>\n<p>A an\u00e1lise aponta para subdiagn\u00f3stico significativo, agravado pela falta de profissionais de sa\u00fade, desigualdades sociais e mitos a respeito das dem\u00eancias. Estas condi\u00e7\u00f5es dificultam o diagn\u00f3stico precoce.<\/p>\n<p>A OCDE identifica fragilidades nas pol\u00edticas de sa\u00fade em Portugal, refletidas na preven\u00e7\u00e3o insuficiente e no acesso desigual aos cuidados m\u00e9dicos. Portugal apresenta a segunda popula\u00e7\u00e3o mais envelhecida da Uni\u00e3o Europeia.<\/p>\n","protected":false},"excerpt":{"rendered":"<ul>\n<li>A estimativa indica que, em 2050, 368 mil portugueses ter\u00e3o dem\u00eancia, com quase 38 em cada mil a viver com a condi\u00e7\u00e3o.<\/li>\n<li>A falta de profissionais de sa\u00fade, as desigualdades sociais e os mitos sobre as dem\u00eancias atrasam o diagn\u00f3stico e a preven\u00e7\u00e3o.<\/li>\n<li>Na Europa, 53,5% dos casos de dem\u00eancia n\u00e3o s\u00e3o detectados.<\/li>\n<li>Portugal tem a segunda popula\u00e7\u00e3o mais envelhecida da Uni\u00e3o Europeia, o que agrava o desafio.<\/li>\n<li>O relat\u00f3rio da Organiza\u00e7\u00e3o para a Coopera\u00e7\u00e3o e Desenvolvimento Econ\u00f3mico aponta fragilidades nas pol\u00edticas de sa\u00fade em Portugal e noutros pa\u00edses.<\/li>\n<\/ul>\n","protected":false},"author":2,"featured_media":396634,"comment_status":"closed","ping_status":"closed","sticky":false,"template":"","format":"standard","meta":{"footnotes":""},"categories":[1],"tags":[268,2788,4345,133,1014,74],"class_list":["post-396626","post","type-post","status-publish","format-standard","has-post-thumbnail","hentry","category-noticias","tag-demencia","tag-envelhecimento","tag-ocde","tag-politicas-publicas","tag-portugal","tag-prevencao"],"yoast_head":"<!-- This site is optimized with the Yoast SEO plugin v27.2 - https:\/\/yoast.com\/product\/yoast-seo-wordpress\/ -->\n<title>Estudo aponta 368 mil portugueses com dem\u00eancia em 2050 - Portal Tela Portugal<\/title>\n<meta name=\"robots\" content=\"index, follow, max-snippet:-1, max-image-preview:large, max-video-preview:-1\" \/>\n<meta property=\"og:locale\" content=\"pt_PT\" \/>\n<meta property=\"og:type\" content=\"article\" \/>\n<meta property=\"og:title\" content=\"Estudo aponta 368 mil portugueses com dem\u00eancia em 2050 - Portal Tela Portugal\" \/>\n<meta property=\"og:description\" content=\"A estimativa indica que, em 2050, 368 mil portugueses ter\u00e3o dem\u00eancia, com quase 38 em cada mil a viver com a condi\u00e7\u00e3o. A falta de profissionais de sa\u00fade, as desigualdades sociais e os mitos sobre as dem\u00eancias atrasam o diagn\u00f3stico e a preven\u00e7\u00e3o. Na Europa, 53,5% dos casos de dem\u00eancia n\u00e3o s\u00e3o detectados. Portugal tem a segunda popula\u00e7\u00e3o mais envelhecida da Uni\u00e3o Europeia, o que agrava o desafio. O relat\u00f3rio da Organiza\u00e7\u00e3o para a Coopera\u00e7\u00e3o e Desenvolvimento Econ\u00f3mico aponta fragilidades nas pol\u00edticas de sa\u00fade em Portugal e noutros pa\u00edses.\" \/>\n<meta property=\"og:url\" content=\"https:\/\/portaltela.pt\/noticias\/2026\/03\/04\/estudo-aponta-368-mil-portugueses-com-demencia-em-2050\/\" \/>\n<meta property=\"og:site_name\" content=\"Portal Tela Portugal\" \/>\n<meta property=\"article:published_time\" content=\"2026-03-04T06:45:00+00:00\" \/>\n<meta name=\"author\" content=\"Telinha\" \/>\n<meta name=\"twitter:card\" content=\"summary_large_image\" \/>\n<meta name=\"twitter:label1\" content=\"Escrito por\" \/>\n\t<meta name=\"twitter:data1\" content=\"Telinha\" \/>\n\t<meta name=\"twitter:label2\" content=\"Tempo estimado de leitura\" \/>\n\t<meta name=\"twitter:data2\" content=\"1 minuto\" \/>\n<script type=\"application\/ld+json\" class=\"yoast-schema-graph\">{\"@context\":\"https:\/\/schema.org\",\"@graph\":[{\"@type\":\"Article\",\"@id\":\"https:\/\/portaltela.pt\/noticias\/2026\/03\/04\/estudo-aponta-368-mil-portugueses-com-demencia-em-2050\/#article\",\"isPartOf\":{\"@id\":\"https:\/\/portaltela.pt\/noticias\/2026\/03\/04\/estudo-aponta-368-mil-portugueses-com-demencia-em-2050\/\"},\"author\":{\"name\":\"Telinha\",\"@id\":\"https:\/\/portaltela.pt\/#\/schema\/person\/c4278d4a6028830caff9ee44b42d32ed\"},\"headline\":\"Estudo aponta 368 mil portugueses com dem\u00eancia em 2050\",\"datePublished\":\"2026-03-04T06:45:00+00:00\",\"mainEntityOfPage\":{\"@id\":\"https:\/\/portaltela.pt\/noticias\/2026\/03\/04\/estudo-aponta-368-mil-portugueses-com-demencia-em-2050\/\"},\"wordCount\":110,\"image\":{\"@id\":\"https:\/\/portaltela.pt\/noticias\/2026\/03\/04\/estudo-aponta-368-mil-portugueses-com-demencia-em-2050\/#primaryimage\"},\"thumbnailUrl\":\"https:\/\/portaltela.pt\/s.01k8rhncp4jt1\/2026\/03\/2070445.jpg\",\"keywords\":[\"dem\u00eancia\",\"envelhecimento\",\"OCDE\",\"pol\u00edticas p\u00fablicas\",\"Portugal\",\"preven\u00e7\u00e3o\"],\"articleSection\":[\"Not\u00edcias\"],\"inLanguage\":\"pt-PT\"},{\"@type\":\"WebPage\",\"@id\":\"https:\/\/portaltela.pt\/noticias\/2026\/03\/04\/estudo-aponta-368-mil-portugueses-com-demencia-em-2050\/\",\"url\":\"https:\/\/portaltela.pt\/noticias\/2026\/03\/04\/estudo-aponta-368-mil-portugueses-com-demencia-em-2050\/\",\"name\":\"Estudo aponta 368 mil portugueses com dem\u00eancia em 2050 - Portal Tela Portugal\",\"isPartOf\":{\"@id\":\"https:\/\/portaltela.pt\/#website\"},\"primaryImageOfPage\":{\"@id\":\"https:\/\/portaltela.pt\/noticias\/2026\/03\/04\/estudo-aponta-368-mil-portugueses-com-demencia-em-2050\/#primaryimage\"},\"image\":{\"@id\":\"https:\/\/portaltela.pt\/noticias\/2026\/03\/04\/estudo-aponta-368-mil-portugueses-com-demencia-em-2050\/#primaryimage\"},\"thumbnailUrl\":\"https:\/\/portaltela.pt\/s.01k8rhncp4jt1\/2026\/03\/2070445.jpg\",\"datePublished\":\"2026-03-04T06:45:00+00:00\",\"author\":{\"@id\":\"https:\/\/portaltela.pt\/#\/schema\/person\/c4278d4a6028830caff9ee44b42d32ed\"},\"breadcrumb\":{\"@id\":\"https:\/\/portaltela.pt\/noticias\/2026\/03\/04\/estudo-aponta-368-mil-portugueses-com-demencia-em-2050\/#breadcrumb\"},\"inLanguage\":\"pt-PT\",\"potentialAction\":[{\"@type\":\"ReadAction\",\"target\":[\"https:\/\/portaltela.pt\/noticias\/2026\/03\/04\/estudo-aponta-368-mil-portugueses-com-demencia-em-2050\/\"]}]},{\"@type\":\"ImageObject\",\"inLanguage\":\"pt-PT\",\"@id\":\"https:\/\/portaltela.pt\/noticias\/2026\/03\/04\/estudo-aponta-368-mil-portugueses-com-demencia-em-2050\/#primaryimage\",\"url\":\"https:\/\/portaltela.pt\/s.01k8rhncp4jt1\/2026\/03\/2070445.jpg\",\"contentUrl\":\"https:\/\/portaltela.pt\/s.01k8rhncp4jt1\/2026\/03\/2070445.jpg\",\"width\":796,\"height\":448,\"caption\":\"Estimava-se que existissem mais de 238 mil pessoas com dem\u00eancia em Portugal\"},{\"@type\":\"BreadcrumbList\",\"@id\":\"https:\/\/portaltela.pt\/noticias\/2026\/03\/04\/estudo-aponta-368-mil-portugueses-com-demencia-em-2050\/#breadcrumb\",\"itemListElement\":[{\"@type\":\"ListItem\",\"position\":1,\"name\":\"In\u00edcio\",\"item\":\"https:\/\/portaltela.pt\/\"},{\"@type\":\"ListItem\",\"position\":2,\"name\":\"Estudo aponta 368 mil portugueses com dem\u00eancia em 2050\"}]},{\"@type\":\"WebSite\",\"@id\":\"https:\/\/portaltela.pt\/#website\",\"url\":\"https:\/\/portaltela.pt\/\",\"name\":\"Portal Tela Portugal\",\"description\":\"\",\"potentialAction\":[{\"@type\":\"SearchAction\",\"target\":{\"@type\":\"EntryPoint\",\"urlTemplate\":\"https:\/\/portaltela.pt\/?s={search_term_string}\"},\"query-input\":{\"@type\":\"PropertyValueSpecification\",\"valueRequired\":true,\"valueName\":\"search_term_string\"}}],\"inLanguage\":\"pt-PT\"},{\"@type\":\"Person\",\"@id\":\"https:\/\/portaltela.pt\/#\/schema\/person\/c4278d4a6028830caff9ee44b42d32ed\",\"name\":\"Telinha\",\"image\":{\"@type\":\"ImageObject\",\"inLanguage\":\"pt-PT\",\"@id\":\"https:\/\/portaltela.pt\/s.01k8rhncp4jt1\/2025\/11\/talking-bot-125x125.png\",\"url\":\"https:\/\/portaltela.pt\/s.01k8rhncp4jt1\/2025\/11\/talking-bot-125x125.png\",\"contentUrl\":\"https:\/\/portaltela.pt\/s.01k8rhncp4jt1\/2025\/11\/talking-bot-125x125.png\",\"caption\":\"Telinha\"},\"sameAs\":[\"https:\/\/portaltela.pt\/\"],\"url\":\"https:\/\/portaltela.pt\/por\/367410592786\/\"}]}<\/script>\n<!-- \/ Yoast SEO plugin. -->","yoast_head_json":{"title":"Estudo aponta 368 mil portugueses com dem\u00eancia em 2050 - Portal Tela Portugal","robots":{"index":"index","follow":"follow","max-snippet":"max-snippet:-1","max-image-preview":"max-image-preview:large","max-video-preview":"max-video-preview:-1"},"og_locale":"pt_PT","og_type":"article","og_title":"Estudo aponta 368 mil portugueses com dem\u00eancia em 2050 - Portal Tela Portugal","og_description":"A estimativa indica que, em 2050, 368 mil portugueses ter\u00e3o dem\u00eancia, com quase 38 em cada mil a viver com a condi\u00e7\u00e3o. A falta de profissionais de sa\u00fade, as desigualdades sociais e os mitos sobre as dem\u00eancias atrasam o diagn\u00f3stico e a preven\u00e7\u00e3o. Na Europa, 53,5% dos casos de dem\u00eancia n\u00e3o s\u00e3o detectados. Portugal tem a segunda popula\u00e7\u00e3o mais envelhecida da Uni\u00e3o Europeia, o que agrava o desafio. O relat\u00f3rio da Organiza\u00e7\u00e3o para a Coopera\u00e7\u00e3o e Desenvolvimento Econ\u00f3mico aponta fragilidades nas pol\u00edticas de sa\u00fade em Portugal e noutros pa\u00edses.","og_url":"https:\/\/portaltela.pt\/noticias\/2026\/03\/04\/estudo-aponta-368-mil-portugueses-com-demencia-em-2050\/","og_site_name":"Portal Tela Portugal","article_published_time":"2026-03-04T06:45:00+00:00","author":"Telinha","twitter_card":"summary_large_image","twitter_misc":{"Escrito por":"Telinha","Tempo estimado de leitura":"1 minuto"},"schema":{"@context":"https:\/\/schema.org","@graph":[{"@type":"Article","@id":"https:\/\/portaltela.pt\/noticias\/2026\/03\/04\/estudo-aponta-368-mil-portugueses-com-demencia-em-2050\/#article","isPartOf":{"@id":"https:\/\/portaltela.pt\/noticias\/2026\/03\/04\/estudo-aponta-368-mil-portugueses-com-demencia-em-2050\/"},"author":{"name":"Telinha","@id":"https:\/\/portaltela.pt\/#\/schema\/person\/c4278d4a6028830caff9ee44b42d32ed"},"headline":"Estudo aponta 368 mil portugueses com dem\u00eancia em 2050","datePublished":"2026-03-04T06:45:00+00:00","mainEntityOfPage":{"@id":"https:\/\/portaltela.pt\/noticias\/2026\/03\/04\/estudo-aponta-368-mil-portugueses-com-demencia-em-2050\/"},"wordCount":110,"image":{"@id":"https:\/\/portaltela.pt\/noticias\/2026\/03\/04\/estudo-aponta-368-mil-portugueses-com-demencia-em-2050\/#primaryimage"},"thumbnailUrl":"https:\/\/portaltela.pt\/s.01k8rhncp4jt1\/2026\/03\/2070445.jpg","keywords":["dem\u00eancia","envelhecimento","OCDE","pol\u00edticas p\u00fablicas","Portugal","preven\u00e7\u00e3o"],"articleSection":["Not\u00edcias"],"inLanguage":"pt-PT"},{"@type":"WebPage","@id":"https:\/\/portaltela.pt\/noticias\/2026\/03\/04\/estudo-aponta-368-mil-portugueses-com-demencia-em-2050\/","url":"https:\/\/portaltela.pt\/noticias\/2026\/03\/04\/estudo-aponta-368-mil-portugueses-com-demencia-em-2050\/","name":"Estudo aponta 368 mil portugueses com dem\u00eancia em 2050 - Portal Tela Portugal","isPartOf":{"@id":"https:\/\/portaltela.pt\/#website"},"primaryImageOfPage":{"@id":"https:\/\/portaltela.pt\/noticias\/2026\/03\/04\/estudo-aponta-368-mil-portugueses-com-demencia-em-2050\/#primaryimage"},"image":{"@id":"https:\/\/portaltela.pt\/noticias\/2026\/03\/04\/estudo-aponta-368-mil-portugueses-com-demencia-em-2050\/#primaryimage"},"thumbnailUrl":"https:\/\/portaltela.pt\/s.01k8rhncp4jt1\/2026\/03\/2070445.jpg","datePublished":"2026-03-04T06:45:00+00:00","author":{"@id":"https:\/\/portaltela.pt\/#\/schema\/person\/c4278d4a6028830caff9ee44b42d32ed"},"breadcrumb":{"@id":"https:\/\/portaltela.pt\/noticias\/2026\/03\/04\/estudo-aponta-368-mil-portugueses-com-demencia-em-2050\/#breadcrumb"},"inLanguage":"pt-PT","potentialAction":[{"@type":"ReadAction","target":["https:\/\/portaltela.pt\/noticias\/2026\/03\/04\/estudo-aponta-368-mil-portugueses-com-demencia-em-2050\/"]}]},{"@type":"ImageObject","inLanguage":"pt-PT","@id":"https:\/\/portaltela.pt\/noticias\/2026\/03\/04\/estudo-aponta-368-mil-portugueses-com-demencia-em-2050\/#primaryimage","url":"https:\/\/portaltela.pt\/s.01k8rhncp4jt1\/2026\/03\/2070445.jpg","contentUrl":"https:\/\/portaltela.pt\/s.01k8rhncp4jt1\/2026\/03\/2070445.jpg","width":796,"height":448,"caption":"Estimava-se que existissem mais de 238 mil pessoas com dem\u00eancia em Portugal"},{"@type":"BreadcrumbList","@id":"https:\/\/portaltela.pt\/noticias\/2026\/03\/04\/estudo-aponta-368-mil-portugueses-com-demencia-em-2050\/#breadcrumb","itemListElement":[{"@type":"ListItem","position":1,"name":"In\u00edcio","item":"https:\/\/portaltela.pt\/"},{"@type":"ListItem","position":2,"name":"Estudo aponta 368 mil portugueses com dem\u00eancia em 2050"}]},{"@type":"WebSite","@id":"https:\/\/portaltela.pt\/#website","url":"https:\/\/portaltela.pt\/","name":"Portal Tela Portugal","description":"","potentialAction":[{"@type":"SearchAction","target":{"@type":"EntryPoint","urlTemplate":"https:\/\/portaltela.pt\/?s={search_term_string}"},"query-input":{"@type":"PropertyValueSpecification","valueRequired":true,"valueName":"search_term_string"}}],"inLanguage":"pt-PT"},{"@type":"Person","@id":"https:\/\/portaltela.pt\/#\/schema\/person\/c4278d4a6028830caff9ee44b42d32ed","name":"Telinha","image":{"@type":"ImageObject","inLanguage":"pt-PT","@id":"https:\/\/portaltela.pt\/s.01k8rhncp4jt1\/2025\/11\/talking-bot-125x125.png","url":"https:\/\/portaltela.pt\/s.01k8rhncp4jt1\/2025\/11\/talking-bot-125x125.png","contentUrl":"https:\/\/portaltela.pt\/s.01k8rhncp4jt1\/2025\/11\/talking-bot-125x125.png","caption":"Telinha"},"sameAs":["https:\/\/portaltela.pt\/"],"url":"https:\/\/portaltela.pt\/por\/367410592786\/"}]}},"_links":{"self":[{"href":"https:\/\/portaltela.pt\/api\/wp\/v2\/posts\/396626","targetHints":{"allow":["GET"]}}],"collection":[{"href":"https:\/\/portaltela.pt\/api\/wp\/v2\/posts"}],"about":[{"href":"https:\/\/portaltela.pt\/api\/wp\/v2\/types\/post"}],"author":[{"embeddable":true,"href":"https:\/\/portaltela.pt\/api\/wp\/v2\/users\/2"}],"replies":[{"embeddable":true,"href":"https:\/\/portaltela.pt\/api\/wp\/v2\/comments?post=396626"}],"version-history":[{"count":0,"href":"https:\/\/portaltela.pt\/api\/wp\/v2\/posts\/396626\/revisions"}],"wp:featuredmedia":[{"embeddable":true,"href":"https:\/\/portaltela.pt\/api\/wp\/v2\/media\/396634"}],"wp:attachment":[{"href":"https:\/\/portaltela.pt\/api\/wp\/v2\/media?parent=396626"}],"wp:term":[{"taxonomy":"category","embeddable":true,"href":"https:\/\/portaltela.pt\/api\/wp\/v2\/categories?post=396626"},{"taxonomy":"post_tag","embeddable":true,"href":"https:\/\/portaltela.pt\/api\/wp\/v2\/tags?post=396626"}],"curies":[{"name":"wp","href":"https:\/\/api.w.org\/{rel}","templated":true}]}}