{"id":396624,"date":"2026-03-04T03:58:00","date_gmt":"2026-03-04T06:58:00","guid":{"rendered":"https:\/\/portaltela.pt\/noticias\/2026\/03\/04\/julgamento-de-socrates-aproxima-se-da-eternidade-com-renuncia-de-advogados\/"},"modified":"2026-03-04T03:58:00","modified_gmt":"2026-03-04T06:58:00","slug":"julgamento-de-socrates-aproxima-se-da-eternidade-com-renuncia-de-advogados","status":"publish","type":"post","link":"https:\/\/portaltela.pt\/noticias\/2026\/03\/04\/julgamento-de-socrates-aproxima-se-da-eternidade-com-renuncia-de-advogados\/","title":{"rendered":"Julgamento de S\u00f3crates aproxima-se da eternidade com ren\u00fancia de advogados"},"content":{"rendered":"<p>O julgamento de S\u00f3crates aproxima-se de novos atrasos, com a ren\u00fancia de advogados a complicar a defesa no processo da Opera\u00e7\u00e3o Marqu\u00eas. O desenvolvimento aumenta a instabilidade processual j\u00e1 criticada pela perce\u00e7\u00e3o de excesso de garantias no sistema.<\/p>\n<p>A advogada Sara Leit\u00e3o Moreira, \u00faltima a integrar a defesa nomeada por Jos\u00e9 S\u00f3crates, confirmou as ren\u00fancias que se t\u00eam sucedido desde a sa\u00edda de Pedro Delile. Al\u00e9m de Leit\u00e3o Moreira, j\u00e1 atuaram por curtos per\u00edodos Jos\u00e9 Preto, dois defensores oficiosos (Jos\u00e9 Ramos e Ana Velho) e In\u00eas Louro, advogada que pediu escusa por ter sido eleita pelo Chega.<\/p>\n<p>A situa\u00e7\u00e3o, descrita como um fen\u00f3meno de \u201crod\u00edzio de advogados\u201d, tem sido alvo de cr\u00edticas no plano jur\u00eddico e medi\u00e1tico. Juristas apontam que cada substitui\u00e7\u00e3o provoca novos prazos e maior press\u00e3o para aceder a uma estrat\u00e9gia est\u00e1vel de defesa.<\/p>\n<p>Para explicar o impacto, recorremos \u00e0 an\u00e1lise de Jo\u00e3o Miguel Tavares, que descreveu o padr\u00e3o em opini\u00e3o recente, e \u00e0s perspetivas da Ordem dos Advogados, que tem defendido mudan\u00e7as. As propostas incluem advogados oficiosos permanentes para situa\u00e7\u00f5es de ren\u00fancia ou aus\u00eancia, com financiamento compensado no decorrer do processo.<\/p>\n<p>O problema central reside na viabilidade de manter uma defesa cont\u00ednua perante mudan\u00e7as r\u00e1pidas de representantes. Com o tempo, as dificuldades log\u00edsticas e administrativas ganham peso, prejudicando o andamento c\u00e9lere do processo, segundo especialistas entrevistados pelo P\u00daBLICO.<\/p>\n<h3>Contexto t\u00e9cnico e futuro<\/h3>\n<p>A Ordem dos Advogados tem sugerido mecanismos que garantam continuidade na defesa, evitando suspens\u00f5es processuais prolongadas. Contudo, a implementa\u00e7\u00e3o requer altera\u00e7\u00f5es regulat\u00f3rias e or\u00e7amentais que ainda n\u00e3o t\u00eam calend\u00e1rio definido.<\/p>\n<p>Mariana Oliveira, jornalista do P\u00daBLICO e jurista de forma\u00e7\u00e3o, acompanha h\u00e1 anos o caso e fornece o enquadramento factual para os leitores. A an\u00e1lise mant\u00e9m o foco na objetividade dos atos processuais, sem distor\u00e7\u00f5es nem interpreta\u00e7\u00f5es pessoais.<\/p>\n","protected":false},"excerpt":{"rendered":"<ul>\n<li>O julgamento de Jos\u00e9 S\u00f3crates na Opera\u00e7\u00e3o Marqu\u00eas continua sem defesa fixa, com ren\u00fancias consecutivas de advogados.<\/li>\n<li>Depois da ren\u00fancia de Pedro Delile, S\u00f3crates j\u00e1 foi representado por Jos\u00e9 Preto, Sara Leit\u00e3o Moreira, dois advogados oficiosos (Jos\u00e9 Ramos e Ana Velho) e In\u00eas Louro, que pediu escusa.<\/li>\n<li>O tema tem sido criticado como \u201crod\u00edzio de advogados\u201d, que pode levar a adiamentos e questionamentos sobre o funcionamento do sistema judicial.<\/li>\n<li>A Ordem dos Advogados sugere advogados oficiosos permanentes, mas o pagamento s\u00f3 \u00e9 feito no final do processo, o que \u00e9 visto como invi\u00e1vel.<\/li>\n<li>N\u00e3o h\u00e1 prazo para mudan\u00e7as regulat\u00f3rias; o P\u00fablico acompanha o caso com a jornalista Mariana Oliveira.<\/li>\n<\/ul>\n","protected":false},"author":2,"featured_media":396631,"comment_status":"closed","ping_status":"closed","sticky":false,"template":"","format":"standard","meta":{"footnotes":""},"categories":[1],"tags":[6337,6484,6054,2610,1014,3667],"class_list":["post-396624","post","type-post","status-publish","format-standard","has-post-thumbnail","hentry","category-noticias","tag-direito","tag-direito-penal","tag-garantias","tag-ordem-dos-advogados","tag-portugal","tag-processos"],"yoast_head":"<!-- This site is optimized with the Yoast SEO plugin v27.2 - https:\/\/yoast.com\/product\/yoast-seo-wordpress\/ -->\n<title>Julgamento de S\u00f3crates aproxima-se da eternidade com ren\u00fancia de advogados - Portal Tela Portugal<\/title>\n<meta name=\"robots\" content=\"index, follow, max-snippet:-1, max-image-preview:large, max-video-preview:-1\" \/>\n<meta property=\"og:locale\" content=\"pt_PT\" \/>\n<meta property=\"og:type\" content=\"article\" \/>\n<meta property=\"og:title\" content=\"Julgamento de S\u00f3crates aproxima-se da eternidade com ren\u00fancia de advogados - Portal Tela Portugal\" \/>\n<meta property=\"og:description\" content=\"O julgamento de Jos\u00e9 S\u00f3crates na Opera\u00e7\u00e3o Marqu\u00eas continua sem defesa fixa, com ren\u00fancias consecutivas de advogados. Depois da ren\u00fancia de Pedro Delile, S\u00f3crates j\u00e1 foi representado por Jos\u00e9 Preto, Sara Leit\u00e3o Moreira, dois advogados oficiosos (Jos\u00e9 Ramos e Ana Velho) e In\u00eas Louro, que pediu escusa. O tema tem sido criticado como \u201crod\u00edzio de advogados\u201d, que pode levar a adiamentos e questionamentos sobre o funcionamento do sistema judicial. A Ordem dos Advogados sugere advogados oficiosos permanentes, mas o pagamento s\u00f3 \u00e9 feito no final do processo, o que \u00e9 visto como invi\u00e1vel. N\u00e3o h\u00e1 prazo para mudan\u00e7as regulat\u00f3rias; o P\u00fablico acompanha o caso com a jornalista Mariana Oliveira.\" \/>\n<meta property=\"og:url\" content=\"https:\/\/portaltela.pt\/noticias\/2026\/03\/04\/julgamento-de-socrates-aproxima-se-da-eternidade-com-renuncia-de-advogados\/\" \/>\n<meta property=\"og:site_name\" content=\"Portal Tela Portugal\" \/>\n<meta property=\"article:published_time\" content=\"2026-03-04T06:58:00+00:00\" \/>\n<meta name=\"author\" content=\"Telinha\" \/>\n<meta name=\"twitter:card\" content=\"summary_large_image\" \/>\n<meta name=\"twitter:label1\" content=\"Escrito por\" \/>\n\t<meta name=\"twitter:data1\" content=\"Telinha\" \/>\n\t<meta name=\"twitter:label2\" content=\"Tempo estimado de leitura\" \/>\n\t<meta name=\"twitter:data2\" content=\"2 minutos\" \/>\n<script type=\"application\/ld+json\" class=\"yoast-schema-graph\">{\"@context\":\"https:\/\/schema.org\",\"@graph\":[{\"@type\":\"Article\",\"@id\":\"https:\/\/portaltela.pt\/noticias\/2026\/03\/04\/julgamento-de-socrates-aproxima-se-da-eternidade-com-renuncia-de-advogados\/#article\",\"isPartOf\":{\"@id\":\"https:\/\/portaltela.pt\/noticias\/2026\/03\/04\/julgamento-de-socrates-aproxima-se-da-eternidade-com-renuncia-de-advogados\/\"},\"author\":{\"name\":\"Telinha\",\"@id\":\"https:\/\/portaltela.pt\/#\/schema\/person\/c4278d4a6028830caff9ee44b42d32ed\"},\"headline\":\"Julgamento de S\u00f3crates aproxima-se da eternidade com ren\u00fancia de advogados\",\"datePublished\":\"2026-03-04T06:58:00+00:00\",\"mainEntityOfPage\":{\"@id\":\"https:\/\/portaltela.pt\/noticias\/2026\/03\/04\/julgamento-de-socrates-aproxima-se-da-eternidade-com-renuncia-de-advogados\/\"},\"wordCount\":356,\"image\":{\"@id\":\"https:\/\/portaltela.pt\/noticias\/2026\/03\/04\/julgamento-de-socrates-aproxima-se-da-eternidade-com-renuncia-de-advogados\/#primaryimage\"},\"thumbnailUrl\":\"https:\/\/portaltela.pt\/s.01k8rhncp4jt1\/2026\/03\/2071543.jpg\",\"keywords\":[\"direito\",\"Direito Penal\",\"garantias\",\"Ordem dos Advogados\",\"Portugal\",\"processos\"],\"articleSection\":[\"Not\u00edcias\"],\"inLanguage\":\"pt-PT\"},{\"@type\":\"WebPage\",\"@id\":\"https:\/\/portaltela.pt\/noticias\/2026\/03\/04\/julgamento-de-socrates-aproxima-se-da-eternidade-com-renuncia-de-advogados\/\",\"url\":\"https:\/\/portaltela.pt\/noticias\/2026\/03\/04\/julgamento-de-socrates-aproxima-se-da-eternidade-com-renuncia-de-advogados\/\",\"name\":\"Julgamento de S\u00f3crates aproxima-se da eternidade com ren\u00fancia de advogados - Portal Tela Portugal\",\"isPartOf\":{\"@id\":\"https:\/\/portaltela.pt\/#website\"},\"primaryImageOfPage\":{\"@id\":\"https:\/\/portaltela.pt\/noticias\/2026\/03\/04\/julgamento-de-socrates-aproxima-se-da-eternidade-com-renuncia-de-advogados\/#primaryimage\"},\"image\":{\"@id\":\"https:\/\/portaltela.pt\/noticias\/2026\/03\/04\/julgamento-de-socrates-aproxima-se-da-eternidade-com-renuncia-de-advogados\/#primaryimage\"},\"thumbnailUrl\":\"https:\/\/portaltela.pt\/s.01k8rhncp4jt1\/2026\/03\/2071543.jpg\",\"datePublished\":\"2026-03-04T06:58:00+00:00\",\"author\":{\"@id\":\"https:\/\/portaltela.pt\/#\/schema\/person\/c4278d4a6028830caff9ee44b42d32ed\"},\"breadcrumb\":{\"@id\":\"https:\/\/portaltela.pt\/noticias\/2026\/03\/04\/julgamento-de-socrates-aproxima-se-da-eternidade-com-renuncia-de-advogados\/#breadcrumb\"},\"inLanguage\":\"pt-PT\",\"potentialAction\":[{\"@type\":\"ReadAction\",\"target\":[\"https:\/\/portaltela.pt\/noticias\/2026\/03\/04\/julgamento-de-socrates-aproxima-se-da-eternidade-com-renuncia-de-advogados\/\"]}]},{\"@type\":\"ImageObject\",\"inLanguage\":\"pt-PT\",\"@id\":\"https:\/\/portaltela.pt\/noticias\/2026\/03\/04\/julgamento-de-socrates-aproxima-se-da-eternidade-com-renuncia-de-advogados\/#primaryimage\",\"url\":\"https:\/\/portaltela.pt\/s.01k8rhncp4jt1\/2026\/03\/2071543.jpg\",\"contentUrl\":\"https:\/\/portaltela.pt\/s.01k8rhncp4jt1\/2026\/03\/2071543.jpg\",\"width\":796,\"height\":448,\"caption\":\"Photo\"},{\"@type\":\"BreadcrumbList\",\"@id\":\"https:\/\/portaltela.pt\/noticias\/2026\/03\/04\/julgamento-de-socrates-aproxima-se-da-eternidade-com-renuncia-de-advogados\/#breadcrumb\",\"itemListElement\":[{\"@type\":\"ListItem\",\"position\":1,\"name\":\"In\u00edcio\",\"item\":\"https:\/\/portaltela.pt\/\"},{\"@type\":\"ListItem\",\"position\":2,\"name\":\"Julgamento de S\u00f3crates aproxima-se da eternidade com ren\u00fancia de advogados\"}]},{\"@type\":\"WebSite\",\"@id\":\"https:\/\/portaltela.pt\/#website\",\"url\":\"https:\/\/portaltela.pt\/\",\"name\":\"Portal Tela Portugal\",\"description\":\"\",\"potentialAction\":[{\"@type\":\"SearchAction\",\"target\":{\"@type\":\"EntryPoint\",\"urlTemplate\":\"https:\/\/portaltela.pt\/?s={search_term_string}\"},\"query-input\":{\"@type\":\"PropertyValueSpecification\",\"valueRequired\":true,\"valueName\":\"search_term_string\"}}],\"inLanguage\":\"pt-PT\"},{\"@type\":\"Person\",\"@id\":\"https:\/\/portaltela.pt\/#\/schema\/person\/c4278d4a6028830caff9ee44b42d32ed\",\"name\":\"Telinha\",\"image\":{\"@type\":\"ImageObject\",\"inLanguage\":\"pt-PT\",\"@id\":\"https:\/\/portaltela.pt\/s.01k8rhncp4jt1\/2025\/11\/talking-bot-125x125.png\",\"url\":\"https:\/\/portaltela.pt\/s.01k8rhncp4jt1\/2025\/11\/talking-bot-125x125.png\",\"contentUrl\":\"https:\/\/portaltela.pt\/s.01k8rhncp4jt1\/2025\/11\/talking-bot-125x125.png\",\"caption\":\"Telinha\"},\"sameAs\":[\"https:\/\/portaltela.pt\/\"],\"url\":\"https:\/\/portaltela.pt\/por\/367410592786\/\"}]}<\/script>\n<!-- \/ Yoast SEO plugin. -->","yoast_head_json":{"title":"Julgamento de S\u00f3crates aproxima-se da eternidade com ren\u00fancia de advogados - Portal Tela Portugal","robots":{"index":"index","follow":"follow","max-snippet":"max-snippet:-1","max-image-preview":"max-image-preview:large","max-video-preview":"max-video-preview:-1"},"og_locale":"pt_PT","og_type":"article","og_title":"Julgamento de S\u00f3crates aproxima-se da eternidade com ren\u00fancia de advogados - Portal Tela Portugal","og_description":"O julgamento de Jos\u00e9 S\u00f3crates na Opera\u00e7\u00e3o Marqu\u00eas continua sem defesa fixa, com ren\u00fancias consecutivas de advogados. Depois da ren\u00fancia de Pedro Delile, S\u00f3crates j\u00e1 foi representado por Jos\u00e9 Preto, Sara Leit\u00e3o Moreira, dois advogados oficiosos (Jos\u00e9 Ramos e Ana Velho) e In\u00eas Louro, que pediu escusa. O tema tem sido criticado como \u201crod\u00edzio de advogados\u201d, que pode levar a adiamentos e questionamentos sobre o funcionamento do sistema judicial. A Ordem dos Advogados sugere advogados oficiosos permanentes, mas o pagamento s\u00f3 \u00e9 feito no final do processo, o que \u00e9 visto como invi\u00e1vel. N\u00e3o h\u00e1 prazo para mudan\u00e7as regulat\u00f3rias; o P\u00fablico acompanha o caso com a jornalista Mariana Oliveira.","og_url":"https:\/\/portaltela.pt\/noticias\/2026\/03\/04\/julgamento-de-socrates-aproxima-se-da-eternidade-com-renuncia-de-advogados\/","og_site_name":"Portal Tela Portugal","article_published_time":"2026-03-04T06:58:00+00:00","author":"Telinha","twitter_card":"summary_large_image","twitter_misc":{"Escrito por":"Telinha","Tempo estimado de leitura":"2 minutos"},"schema":{"@context":"https:\/\/schema.org","@graph":[{"@type":"Article","@id":"https:\/\/portaltela.pt\/noticias\/2026\/03\/04\/julgamento-de-socrates-aproxima-se-da-eternidade-com-renuncia-de-advogados\/#article","isPartOf":{"@id":"https:\/\/portaltela.pt\/noticias\/2026\/03\/04\/julgamento-de-socrates-aproxima-se-da-eternidade-com-renuncia-de-advogados\/"},"author":{"name":"Telinha","@id":"https:\/\/portaltela.pt\/#\/schema\/person\/c4278d4a6028830caff9ee44b42d32ed"},"headline":"Julgamento de S\u00f3crates aproxima-se da eternidade com ren\u00fancia de advogados","datePublished":"2026-03-04T06:58:00+00:00","mainEntityOfPage":{"@id":"https:\/\/portaltela.pt\/noticias\/2026\/03\/04\/julgamento-de-socrates-aproxima-se-da-eternidade-com-renuncia-de-advogados\/"},"wordCount":356,"image":{"@id":"https:\/\/portaltela.pt\/noticias\/2026\/03\/04\/julgamento-de-socrates-aproxima-se-da-eternidade-com-renuncia-de-advogados\/#primaryimage"},"thumbnailUrl":"https:\/\/portaltela.pt\/s.01k8rhncp4jt1\/2026\/03\/2071543.jpg","keywords":["direito","Direito Penal","garantias","Ordem dos Advogados","Portugal","processos"],"articleSection":["Not\u00edcias"],"inLanguage":"pt-PT"},{"@type":"WebPage","@id":"https:\/\/portaltela.pt\/noticias\/2026\/03\/04\/julgamento-de-socrates-aproxima-se-da-eternidade-com-renuncia-de-advogados\/","url":"https:\/\/portaltela.pt\/noticias\/2026\/03\/04\/julgamento-de-socrates-aproxima-se-da-eternidade-com-renuncia-de-advogados\/","name":"Julgamento de S\u00f3crates aproxima-se da eternidade com ren\u00fancia de advogados - Portal Tela Portugal","isPartOf":{"@id":"https:\/\/portaltela.pt\/#website"},"primaryImageOfPage":{"@id":"https:\/\/portaltela.pt\/noticias\/2026\/03\/04\/julgamento-de-socrates-aproxima-se-da-eternidade-com-renuncia-de-advogados\/#primaryimage"},"image":{"@id":"https:\/\/portaltela.pt\/noticias\/2026\/03\/04\/julgamento-de-socrates-aproxima-se-da-eternidade-com-renuncia-de-advogados\/#primaryimage"},"thumbnailUrl":"https:\/\/portaltela.pt\/s.01k8rhncp4jt1\/2026\/03\/2071543.jpg","datePublished":"2026-03-04T06:58:00+00:00","author":{"@id":"https:\/\/portaltela.pt\/#\/schema\/person\/c4278d4a6028830caff9ee44b42d32ed"},"breadcrumb":{"@id":"https:\/\/portaltela.pt\/noticias\/2026\/03\/04\/julgamento-de-socrates-aproxima-se-da-eternidade-com-renuncia-de-advogados\/#breadcrumb"},"inLanguage":"pt-PT","potentialAction":[{"@type":"ReadAction","target":["https:\/\/portaltela.pt\/noticias\/2026\/03\/04\/julgamento-de-socrates-aproxima-se-da-eternidade-com-renuncia-de-advogados\/"]}]},{"@type":"ImageObject","inLanguage":"pt-PT","@id":"https:\/\/portaltela.pt\/noticias\/2026\/03\/04\/julgamento-de-socrates-aproxima-se-da-eternidade-com-renuncia-de-advogados\/#primaryimage","url":"https:\/\/portaltela.pt\/s.01k8rhncp4jt1\/2026\/03\/2071543.jpg","contentUrl":"https:\/\/portaltela.pt\/s.01k8rhncp4jt1\/2026\/03\/2071543.jpg","width":796,"height":448,"caption":"Photo"},{"@type":"BreadcrumbList","@id":"https:\/\/portaltela.pt\/noticias\/2026\/03\/04\/julgamento-de-socrates-aproxima-se-da-eternidade-com-renuncia-de-advogados\/#breadcrumb","itemListElement":[{"@type":"ListItem","position":1,"name":"In\u00edcio","item":"https:\/\/portaltela.pt\/"},{"@type":"ListItem","position":2,"name":"Julgamento de S\u00f3crates aproxima-se da eternidade com ren\u00fancia de advogados"}]},{"@type":"WebSite","@id":"https:\/\/portaltela.pt\/#website","url":"https:\/\/portaltela.pt\/","name":"Portal Tela Portugal","description":"","potentialAction":[{"@type":"SearchAction","target":{"@type":"EntryPoint","urlTemplate":"https:\/\/portaltela.pt\/?s={search_term_string}"},"query-input":{"@type":"PropertyValueSpecification","valueRequired":true,"valueName":"search_term_string"}}],"inLanguage":"pt-PT"},{"@type":"Person","@id":"https:\/\/portaltela.pt\/#\/schema\/person\/c4278d4a6028830caff9ee44b42d32ed","name":"Telinha","image":{"@type":"ImageObject","inLanguage":"pt-PT","@id":"https:\/\/portaltela.pt\/s.01k8rhncp4jt1\/2025\/11\/talking-bot-125x125.png","url":"https:\/\/portaltela.pt\/s.01k8rhncp4jt1\/2025\/11\/talking-bot-125x125.png","contentUrl":"https:\/\/portaltela.pt\/s.01k8rhncp4jt1\/2025\/11\/talking-bot-125x125.png","caption":"Telinha"},"sameAs":["https:\/\/portaltela.pt\/"],"url":"https:\/\/portaltela.pt\/por\/367410592786\/"}]}},"_links":{"self":[{"href":"https:\/\/portaltela.pt\/api\/wp\/v2\/posts\/396624","targetHints":{"allow":["GET"]}}],"collection":[{"href":"https:\/\/portaltela.pt\/api\/wp\/v2\/posts"}],"about":[{"href":"https:\/\/portaltela.pt\/api\/wp\/v2\/types\/post"}],"author":[{"embeddable":true,"href":"https:\/\/portaltela.pt\/api\/wp\/v2\/users\/2"}],"replies":[{"embeddable":true,"href":"https:\/\/portaltela.pt\/api\/wp\/v2\/comments?post=396624"}],"version-history":[{"count":0,"href":"https:\/\/portaltela.pt\/api\/wp\/v2\/posts\/396624\/revisions"}],"wp:featuredmedia":[{"embeddable":true,"href":"https:\/\/portaltela.pt\/api\/wp\/v2\/media\/396631"}],"wp:attachment":[{"href":"https:\/\/portaltela.pt\/api\/wp\/v2\/media?parent=396624"}],"wp:term":[{"taxonomy":"category","embeddable":true,"href":"https:\/\/portaltela.pt\/api\/wp\/v2\/categories?post=396624"},{"taxonomy":"post_tag","embeddable":true,"href":"https:\/\/portaltela.pt\/api\/wp\/v2\/tags?post=396624"}],"curies":[{"name":"wp","href":"https:\/\/api.w.org\/{rel}","templated":true}]}}