{"id":396611,"date":"2026-03-04T03:46:51","date_gmt":"2026-03-04T06:46:51","guid":{"rendered":"https:\/\/portaltela.pt\/noticias\/2026\/03\/04\/ferries-europeus-emitem-mais-co2-que-66-milhoes-de-carros-portos-poluentes\/"},"modified":"2026-03-04T03:46:51","modified_gmt":"2026-03-04T06:46:51","slug":"ferries-europeus-emitem-mais-co2-que-66-milhoes-de-carros-portos-poluentes","status":"publish","type":"post","link":"https:\/\/portaltela.pt\/noticias\/2026\/03\/04\/ferries-europeus-emitem-mais-co2-que-66-milhoes-de-carros-portos-poluentes\/","title":{"rendered":"Ferries europeus emitem mais CO2 que 6,6 milh\u00f5es de carros; portos poluentes?"},"content":{"rendered":"<p>Numa an\u00e1lise da ONG Transport &amp; Environment (T&amp;E), os ferries movidos a combust\u00edveis f\u00f3sseis em v\u00e1rias cidades portu\u00e1rias europeias emitem mais poluentes que o parque autom\u00f3vel local. Em 2023, 1 043 ferries produziram 13,4 milh\u00f5es de toneladas de CO2, o que corresponde \u00e0s emiss\u00f5es anuais de 6,6 milh\u00f5es de autom\u00f3veis.<\/p>\n<p>O estudo alerta que a polui\u00e7\u00e3o por \u00f3xidos de enxofre SOx gerada por estes ferries supera, em v\u00e1rias cidades, a soma das emiss\u00f5es de todos os autom\u00f3veis portu\u00e1rios. Em Barcelona, Dublin e N\u00e1poles, os ferries contribuem para n\u00edveis de SOx superiores aos dos carros locais. O problema afeta especialmente \u00e1reas adjacentes a portos, onde a polui\u00e7\u00e3o \u00e9 mais percept\u00edvel pela popula\u00e7\u00e3o.<\/p>\n<h3>Portos com maior polui\u00e7\u00e3o<\/h3>\n<p>Dublin, Irlanda, aparece como a cidade portu\u00e1ria mais exposta a SOx proveniente de ferries. Seguem-se Las Palmas, Gran Canaria, e Holyhead, Pa\u00eds de Gales. As previs\u00f5es indicam que Las Palmas pode tornar-se o porto com maior emiss\u00e3o em 2027, devido a novas regras de \u00e1reas de controlo de emiss\u00f5es que n\u00e3o abrangem as Can\u00e1rias.<\/p>\n<p>Barcelona \u00e9 o porto que mais CO2 liberta por ferries na Europa, e os navios ali geram tamb\u00e9m 1,8 vezes mais SOx do que todos os autom\u00f3veis da cidade, ainda que restri\u00e7\u00f5es no Mediterr\u00e2neo estejam j\u00e1 em vigor. A partir de 1 de maio de 2025, o Mediterr\u00e2neo passa a integrar a \u00c1rea de Controlo de Emiss\u00f5es de Enxofre, reduzindo o teor de enxofre nos combust\u00edveis de 0,5% para 0,1%.<\/p>\n<h3>Solu\u00e7\u00f5es e perspetivas<\/h3>\n<p>A T&amp;E conclui que a eletrifica\u00e7\u00e3o e a hibridiza\u00e7\u00e3o podem reduzir at\u00e9 42% as emiss\u00f5es de CO2 dos ferries. A transi\u00e7\u00e3o permitiria melhorar a qualidade do ar nas zonas portu\u00e1rias e reduzir custos operacionais. Estima-se que pelo menos 60% da frota possa funcionar com baterias at\u00e9 2035, com v\u00e1rias rotas j\u00e1 economicamente vi\u00e1veis em modo el\u00e9trico.<\/p>\n<p>Em Estocolmo, um ferry el\u00e9trico de hidrof\u00f3lio mostrou redu\u00e7\u00f5es de emiss\u00f5es de at\u00e9 94% e reduziu o tempo de viagem de 55 para cerca de 30 minutos. O principal obst\u00e1culo persiste na infraestrutura de carregamento, embora o estudo da T&amp;E afirme que o desafio \u00e9 menor do que parece. Aproximadamente 57% dos portos precisariam apenas de carregadores simples, com pot\u00eancia inferior a 5 MW.<\/p>\n<h3>A mensagem da organiza\u00e7\u00e3o<\/h3>\n<p>Os respons\u00e1veis pela T&amp;E defendem que os ferries devem ligar comunidades em vez de polu\u00ed-las. A renova\u00e7\u00e3o da frota europeia, com renova\u00e7\u00e3o limpa, \u00e9 apresentada como crucial para reduzir as emiss\u00f5es, melhorar a qualidade do ar e tornar as opera\u00e7\u00f5es mais econ\u00f3micas a longo prazo. A idade m\u00e9dia dos ferries na Europa \u00e9 de 26 anos, o que intensifica a urg\u00eancia de mudan\u00e7as.<\/p>\n","protected":false},"excerpt":{"rendered":"<ul>\n<li>Em 2023, 1.043 ferries europeus emitiram 13,4 milh\u00f5es de toneladas de CO2, o que corresponde a 6,6 milh\u00f5es de autom\u00f3veis.<\/li>\n<li>Dublin \u00e9 o porto mais exposto a \u00f3xidos de enxofre provenientes de ferries, seguido de Las Palmas e Holyhead.<\/li>\n<li>Em Barcelona, os ferries s\u00e3o respons\u00e1veis por mais polui\u00e7\u00e3o porSOx do que todos os carros da cidade.<\/li>\n<li>O Mediterr\u00e2neo passou a ser uma \u00c1rea de Controlo de Emiss\u00f5es de Enxofre desde 1 de maio de 2025; Las Palmas dever\u00e1 manter-se entre os portos mais poluentes em 2027, por ficar fora destas regras.<\/li>\n<li>A eletrifica\u00e7\u00e3o e a hibridiza\u00e7\u00e3o dos ferries podem reduzir at\u00e9 quarenta e dois por cento as emiss\u00f5es de CO2; pelo menos sessenta por cento da frota poderia operar com baterias at\u00e9 2035, enfrentando sobretudo a infraestrutura de carregamento.<\/li>\n<\/ul>\n","protected":false},"author":2,"featured_media":396613,"comment_status":"closed","ping_status":"closed","sticky":false,"template":"","format":"standard","meta":{"footnotes":""},"categories":[1],"tags":[6262,2487,45,3263,3460,192],"class_list":["post-396611","post","type-post","status-publish","format-standard","has-post-thumbnail","hentry","category-noticias","tag-emissoes-de-gases-com-efeito-de-estufa","tag-europa","tag-meio-ambiente","tag-mobilidade-urbana","tag-qualidade-do-ar","tag-transporte"],"yoast_head":"<!-- This site is optimized with the Yoast SEO plugin v27.2 - https:\/\/yoast.com\/product\/yoast-seo-wordpress\/ -->\n<title>Ferries europeus emitem mais CO2 que 6,6 milh\u00f5es de carros; portos poluentes? - Portal Tela Portugal<\/title>\n<meta name=\"robots\" content=\"index, follow, max-snippet:-1, max-image-preview:large, max-video-preview:-1\" \/>\n<meta property=\"og:locale\" content=\"pt_PT\" \/>\n<meta property=\"og:type\" content=\"article\" \/>\n<meta property=\"og:title\" content=\"Ferries europeus emitem mais CO2 que 6,6 milh\u00f5es de carros; portos poluentes? - Portal Tela Portugal\" \/>\n<meta property=\"og:description\" content=\"Em 2023, 1.043 ferries europeus emitiram 13,4 milh\u00f5es de toneladas de CO2, o que corresponde a 6,6 milh\u00f5es de autom\u00f3veis. Dublin \u00e9 o porto mais exposto a \u00f3xidos de enxofre provenientes de ferries, seguido de Las Palmas e Holyhead. Em Barcelona, os ferries s\u00e3o respons\u00e1veis por mais polui\u00e7\u00e3o porSOx do que todos os carros da cidade. O Mediterr\u00e2neo passou a ser uma \u00c1rea de Controlo de Emiss\u00f5es de Enxofre desde 1 de maio de 2025; Las Palmas dever\u00e1 manter-se entre os portos mais poluentes em 2027, por ficar fora destas regras. A eletrifica\u00e7\u00e3o e a hibridiza\u00e7\u00e3o dos ferries podem reduzir at\u00e9 quarenta e dois por cento as emiss\u00f5es de CO2; pelo menos sessenta por cento da frota poderia operar com baterias at\u00e9 2035, enfrentando sobretudo a infraestrutura de carregamento.\" \/>\n<meta property=\"og:url\" content=\"https:\/\/portaltela.pt\/noticias\/2026\/03\/04\/ferries-europeus-emitem-mais-co2-que-66-milhoes-de-carros-portos-poluentes\/\" \/>\n<meta property=\"og:site_name\" content=\"Portal Tela Portugal\" \/>\n<meta property=\"article:published_time\" content=\"2026-03-04T06:46:51+00:00\" \/>\n<meta name=\"author\" content=\"Telinha\" \/>\n<meta name=\"twitter:card\" content=\"summary_large_image\" \/>\n<meta name=\"twitter:label1\" content=\"Escrito por\" \/>\n\t<meta name=\"twitter:data1\" content=\"Telinha\" \/>\n\t<meta name=\"twitter:label2\" content=\"Tempo estimado de leitura\" \/>\n\t<meta name=\"twitter:data2\" content=\"2 minutos\" \/>\n<script type=\"application\/ld+json\" class=\"yoast-schema-graph\">{\"@context\":\"https:\/\/schema.org\",\"@graph\":[{\"@type\":\"Article\",\"@id\":\"https:\/\/portaltela.pt\/noticias\/2026\/03\/04\/ferries-europeus-emitem-mais-co2-que-66-milhoes-de-carros-portos-poluentes\/#article\",\"isPartOf\":{\"@id\":\"https:\/\/portaltela.pt\/noticias\/2026\/03\/04\/ferries-europeus-emitem-mais-co2-que-66-milhoes-de-carros-portos-poluentes\/\"},\"author\":{\"name\":\"Telinha\",\"@id\":\"https:\/\/portaltela.pt\/#\/schema\/person\/c4278d4a6028830caff9ee44b42d32ed\"},\"headline\":\"Ferries europeus emitem mais CO2 que 6,6 milh\u00f5es de carros; portos poluentes?\",\"datePublished\":\"2026-03-04T06:46:51+00:00\",\"mainEntityOfPage\":{\"@id\":\"https:\/\/portaltela.pt\/noticias\/2026\/03\/04\/ferries-europeus-emitem-mais-co2-que-66-milhoes-de-carros-portos-poluentes\/\"},\"wordCount\":485,\"image\":{\"@id\":\"https:\/\/portaltela.pt\/noticias\/2026\/03\/04\/ferries-europeus-emitem-mais-co2-que-66-milhoes-de-carros-portos-poluentes\/#primaryimage\"},\"thumbnailUrl\":\"https:\/\/portaltela.pt\/s.01k8rhncp4jt1\/2026\/03\/1536x864_cmsv2_80ff5dc8-298f-5bb2-add6-76c1161d8a53-9672059.jpg\",\"keywords\":[\"Emiss\u00f5es de gases com efeito de estufa\",\"Europa\",\"meio-ambiente\",\"mobilidade urbana\",\"Qualidade do Ar\",\"transporte\"],\"articleSection\":[\"Not\u00edcias\"],\"inLanguage\":\"pt-PT\"},{\"@type\":\"WebPage\",\"@id\":\"https:\/\/portaltela.pt\/noticias\/2026\/03\/04\/ferries-europeus-emitem-mais-co2-que-66-milhoes-de-carros-portos-poluentes\/\",\"url\":\"https:\/\/portaltela.pt\/noticias\/2026\/03\/04\/ferries-europeus-emitem-mais-co2-que-66-milhoes-de-carros-portos-poluentes\/\",\"name\":\"Ferries europeus emitem mais CO2 que 6,6 milh\u00f5es de carros; portos poluentes? - Portal Tela Portugal\",\"isPartOf\":{\"@id\":\"https:\/\/portaltela.pt\/#website\"},\"primaryImageOfPage\":{\"@id\":\"https:\/\/portaltela.pt\/noticias\/2026\/03\/04\/ferries-europeus-emitem-mais-co2-que-66-milhoes-de-carros-portos-poluentes\/#primaryimage\"},\"image\":{\"@id\":\"https:\/\/portaltela.pt\/noticias\/2026\/03\/04\/ferries-europeus-emitem-mais-co2-que-66-milhoes-de-carros-portos-poluentes\/#primaryimage\"},\"thumbnailUrl\":\"https:\/\/portaltela.pt\/s.01k8rhncp4jt1\/2026\/03\/1536x864_cmsv2_80ff5dc8-298f-5bb2-add6-76c1161d8a53-9672059.jpg\",\"datePublished\":\"2026-03-04T06:46:51+00:00\",\"author\":{\"@id\":\"https:\/\/portaltela.pt\/#\/schema\/person\/c4278d4a6028830caff9ee44b42d32ed\"},\"breadcrumb\":{\"@id\":\"https:\/\/portaltela.pt\/noticias\/2026\/03\/04\/ferries-europeus-emitem-mais-co2-que-66-milhoes-de-carros-portos-poluentes\/#breadcrumb\"},\"inLanguage\":\"pt-PT\",\"potentialAction\":[{\"@type\":\"ReadAction\",\"target\":[\"https:\/\/portaltela.pt\/noticias\/2026\/03\/04\/ferries-europeus-emitem-mais-co2-que-66-milhoes-de-carros-portos-poluentes\/\"]}]},{\"@type\":\"ImageObject\",\"inLanguage\":\"pt-PT\",\"@id\":\"https:\/\/portaltela.pt\/noticias\/2026\/03\/04\/ferries-europeus-emitem-mais-co2-que-66-milhoes-de-carros-portos-poluentes\/#primaryimage\",\"url\":\"https:\/\/portaltela.pt\/s.01k8rhncp4jt1\/2026\/03\/1536x864_cmsv2_80ff5dc8-298f-5bb2-add6-76c1161d8a53-9672059.jpg\",\"contentUrl\":\"https:\/\/portaltela.pt\/s.01k8rhncp4jt1\/2026\/03\/1536x864_cmsv2_80ff5dc8-298f-5bb2-add6-76c1161d8a53-9672059.jpg\",\"width\":796,\"height\":448,\"caption\":\"Ferries atravessam o rio Tejo em Lisboa ao nascer do sol, segunda-feira, 18 de outubro de 2010\"},{\"@type\":\"BreadcrumbList\",\"@id\":\"https:\/\/portaltela.pt\/noticias\/2026\/03\/04\/ferries-europeus-emitem-mais-co2-que-66-milhoes-de-carros-portos-poluentes\/#breadcrumb\",\"itemListElement\":[{\"@type\":\"ListItem\",\"position\":1,\"name\":\"In\u00edcio\",\"item\":\"https:\/\/portaltela.pt\/\"},{\"@type\":\"ListItem\",\"position\":2,\"name\":\"Ferries europeus emitem mais CO2 que 6,6 milh\u00f5es de carros; portos poluentes?\"}]},{\"@type\":\"WebSite\",\"@id\":\"https:\/\/portaltela.pt\/#website\",\"url\":\"https:\/\/portaltela.pt\/\",\"name\":\"Portal Tela Portugal\",\"description\":\"\",\"potentialAction\":[{\"@type\":\"SearchAction\",\"target\":{\"@type\":\"EntryPoint\",\"urlTemplate\":\"https:\/\/portaltela.pt\/?s={search_term_string}\"},\"query-input\":{\"@type\":\"PropertyValueSpecification\",\"valueRequired\":true,\"valueName\":\"search_term_string\"}}],\"inLanguage\":\"pt-PT\"},{\"@type\":\"Person\",\"@id\":\"https:\/\/portaltela.pt\/#\/schema\/person\/c4278d4a6028830caff9ee44b42d32ed\",\"name\":\"Telinha\",\"image\":{\"@type\":\"ImageObject\",\"inLanguage\":\"pt-PT\",\"@id\":\"https:\/\/portaltela.pt\/s.01k8rhncp4jt1\/2025\/11\/talking-bot-125x125.png\",\"url\":\"https:\/\/portaltela.pt\/s.01k8rhncp4jt1\/2025\/11\/talking-bot-125x125.png\",\"contentUrl\":\"https:\/\/portaltela.pt\/s.01k8rhncp4jt1\/2025\/11\/talking-bot-125x125.png\",\"caption\":\"Telinha\"},\"sameAs\":[\"https:\/\/portaltela.pt\/\"],\"url\":\"https:\/\/portaltela.pt\/por\/367410592786\/\"}]}<\/script>\n<!-- \/ Yoast SEO plugin. -->","yoast_head_json":{"title":"Ferries europeus emitem mais CO2 que 6,6 milh\u00f5es de carros; portos poluentes? - Portal Tela Portugal","robots":{"index":"index","follow":"follow","max-snippet":"max-snippet:-1","max-image-preview":"max-image-preview:large","max-video-preview":"max-video-preview:-1"},"og_locale":"pt_PT","og_type":"article","og_title":"Ferries europeus emitem mais CO2 que 6,6 milh\u00f5es de carros; portos poluentes? - Portal Tela Portugal","og_description":"Em 2023, 1.043 ferries europeus emitiram 13,4 milh\u00f5es de toneladas de CO2, o que corresponde a 6,6 milh\u00f5es de autom\u00f3veis. Dublin \u00e9 o porto mais exposto a \u00f3xidos de enxofre provenientes de ferries, seguido de Las Palmas e Holyhead. Em Barcelona, os ferries s\u00e3o respons\u00e1veis por mais polui\u00e7\u00e3o porSOx do que todos os carros da cidade. O Mediterr\u00e2neo passou a ser uma \u00c1rea de Controlo de Emiss\u00f5es de Enxofre desde 1 de maio de 2025; Las Palmas dever\u00e1 manter-se entre os portos mais poluentes em 2027, por ficar fora destas regras. A eletrifica\u00e7\u00e3o e a hibridiza\u00e7\u00e3o dos ferries podem reduzir at\u00e9 quarenta e dois por cento as emiss\u00f5es de CO2; pelo menos sessenta por cento da frota poderia operar com baterias at\u00e9 2035, enfrentando sobretudo a infraestrutura de carregamento.","og_url":"https:\/\/portaltela.pt\/noticias\/2026\/03\/04\/ferries-europeus-emitem-mais-co2-que-66-milhoes-de-carros-portos-poluentes\/","og_site_name":"Portal Tela Portugal","article_published_time":"2026-03-04T06:46:51+00:00","author":"Telinha","twitter_card":"summary_large_image","twitter_misc":{"Escrito por":"Telinha","Tempo estimado de leitura":"2 minutos"},"schema":{"@context":"https:\/\/schema.org","@graph":[{"@type":"Article","@id":"https:\/\/portaltela.pt\/noticias\/2026\/03\/04\/ferries-europeus-emitem-mais-co2-que-66-milhoes-de-carros-portos-poluentes\/#article","isPartOf":{"@id":"https:\/\/portaltela.pt\/noticias\/2026\/03\/04\/ferries-europeus-emitem-mais-co2-que-66-milhoes-de-carros-portos-poluentes\/"},"author":{"name":"Telinha","@id":"https:\/\/portaltela.pt\/#\/schema\/person\/c4278d4a6028830caff9ee44b42d32ed"},"headline":"Ferries europeus emitem mais CO2 que 6,6 milh\u00f5es de carros; portos poluentes?","datePublished":"2026-03-04T06:46:51+00:00","mainEntityOfPage":{"@id":"https:\/\/portaltela.pt\/noticias\/2026\/03\/04\/ferries-europeus-emitem-mais-co2-que-66-milhoes-de-carros-portos-poluentes\/"},"wordCount":485,"image":{"@id":"https:\/\/portaltela.pt\/noticias\/2026\/03\/04\/ferries-europeus-emitem-mais-co2-que-66-milhoes-de-carros-portos-poluentes\/#primaryimage"},"thumbnailUrl":"https:\/\/portaltela.pt\/s.01k8rhncp4jt1\/2026\/03\/1536x864_cmsv2_80ff5dc8-298f-5bb2-add6-76c1161d8a53-9672059.jpg","keywords":["Emiss\u00f5es de gases com efeito de estufa","Europa","meio-ambiente","mobilidade urbana","Qualidade do Ar","transporte"],"articleSection":["Not\u00edcias"],"inLanguage":"pt-PT"},{"@type":"WebPage","@id":"https:\/\/portaltela.pt\/noticias\/2026\/03\/04\/ferries-europeus-emitem-mais-co2-que-66-milhoes-de-carros-portos-poluentes\/","url":"https:\/\/portaltela.pt\/noticias\/2026\/03\/04\/ferries-europeus-emitem-mais-co2-que-66-milhoes-de-carros-portos-poluentes\/","name":"Ferries europeus emitem mais CO2 que 6,6 milh\u00f5es de carros; portos poluentes? - Portal Tela Portugal","isPartOf":{"@id":"https:\/\/portaltela.pt\/#website"},"primaryImageOfPage":{"@id":"https:\/\/portaltela.pt\/noticias\/2026\/03\/04\/ferries-europeus-emitem-mais-co2-que-66-milhoes-de-carros-portos-poluentes\/#primaryimage"},"image":{"@id":"https:\/\/portaltela.pt\/noticias\/2026\/03\/04\/ferries-europeus-emitem-mais-co2-que-66-milhoes-de-carros-portos-poluentes\/#primaryimage"},"thumbnailUrl":"https:\/\/portaltela.pt\/s.01k8rhncp4jt1\/2026\/03\/1536x864_cmsv2_80ff5dc8-298f-5bb2-add6-76c1161d8a53-9672059.jpg","datePublished":"2026-03-04T06:46:51+00:00","author":{"@id":"https:\/\/portaltela.pt\/#\/schema\/person\/c4278d4a6028830caff9ee44b42d32ed"},"breadcrumb":{"@id":"https:\/\/portaltela.pt\/noticias\/2026\/03\/04\/ferries-europeus-emitem-mais-co2-que-66-milhoes-de-carros-portos-poluentes\/#breadcrumb"},"inLanguage":"pt-PT","potentialAction":[{"@type":"ReadAction","target":["https:\/\/portaltela.pt\/noticias\/2026\/03\/04\/ferries-europeus-emitem-mais-co2-que-66-milhoes-de-carros-portos-poluentes\/"]}]},{"@type":"ImageObject","inLanguage":"pt-PT","@id":"https:\/\/portaltela.pt\/noticias\/2026\/03\/04\/ferries-europeus-emitem-mais-co2-que-66-milhoes-de-carros-portos-poluentes\/#primaryimage","url":"https:\/\/portaltela.pt\/s.01k8rhncp4jt1\/2026\/03\/1536x864_cmsv2_80ff5dc8-298f-5bb2-add6-76c1161d8a53-9672059.jpg","contentUrl":"https:\/\/portaltela.pt\/s.01k8rhncp4jt1\/2026\/03\/1536x864_cmsv2_80ff5dc8-298f-5bb2-add6-76c1161d8a53-9672059.jpg","width":796,"height":448,"caption":"Ferries atravessam o rio Tejo em Lisboa ao nascer do sol, segunda-feira, 18 de outubro de 2010"},{"@type":"BreadcrumbList","@id":"https:\/\/portaltela.pt\/noticias\/2026\/03\/04\/ferries-europeus-emitem-mais-co2-que-66-milhoes-de-carros-portos-poluentes\/#breadcrumb","itemListElement":[{"@type":"ListItem","position":1,"name":"In\u00edcio","item":"https:\/\/portaltela.pt\/"},{"@type":"ListItem","position":2,"name":"Ferries europeus emitem mais CO2 que 6,6 milh\u00f5es de carros; portos poluentes?"}]},{"@type":"WebSite","@id":"https:\/\/portaltela.pt\/#website","url":"https:\/\/portaltela.pt\/","name":"Portal Tela Portugal","description":"","potentialAction":[{"@type":"SearchAction","target":{"@type":"EntryPoint","urlTemplate":"https:\/\/portaltela.pt\/?s={search_term_string}"},"query-input":{"@type":"PropertyValueSpecification","valueRequired":true,"valueName":"search_term_string"}}],"inLanguage":"pt-PT"},{"@type":"Person","@id":"https:\/\/portaltela.pt\/#\/schema\/person\/c4278d4a6028830caff9ee44b42d32ed","name":"Telinha","image":{"@type":"ImageObject","inLanguage":"pt-PT","@id":"https:\/\/portaltela.pt\/s.01k8rhncp4jt1\/2025\/11\/talking-bot-125x125.png","url":"https:\/\/portaltela.pt\/s.01k8rhncp4jt1\/2025\/11\/talking-bot-125x125.png","contentUrl":"https:\/\/portaltela.pt\/s.01k8rhncp4jt1\/2025\/11\/talking-bot-125x125.png","caption":"Telinha"},"sameAs":["https:\/\/portaltela.pt\/"],"url":"https:\/\/portaltela.pt\/por\/367410592786\/"}]}},"_links":{"self":[{"href":"https:\/\/portaltela.pt\/api\/wp\/v2\/posts\/396611","targetHints":{"allow":["GET"]}}],"collection":[{"href":"https:\/\/portaltela.pt\/api\/wp\/v2\/posts"}],"about":[{"href":"https:\/\/portaltela.pt\/api\/wp\/v2\/types\/post"}],"author":[{"embeddable":true,"href":"https:\/\/portaltela.pt\/api\/wp\/v2\/users\/2"}],"replies":[{"embeddable":true,"href":"https:\/\/portaltela.pt\/api\/wp\/v2\/comments?post=396611"}],"version-history":[{"count":0,"href":"https:\/\/portaltela.pt\/api\/wp\/v2\/posts\/396611\/revisions"}],"wp:featuredmedia":[{"embeddable":true,"href":"https:\/\/portaltela.pt\/api\/wp\/v2\/media\/396613"}],"wp:attachment":[{"href":"https:\/\/portaltela.pt\/api\/wp\/v2\/media?parent=396611"}],"wp:term":[{"taxonomy":"category","embeddable":true,"href":"https:\/\/portaltela.pt\/api\/wp\/v2\/categories?post=396611"},{"taxonomy":"post_tag","embeddable":true,"href":"https:\/\/portaltela.pt\/api\/wp\/v2\/tags?post=396611"}],"curies":[{"name":"wp","href":"https:\/\/api.w.org\/{rel}","templated":true}]}}