{"id":396600,"date":"2026-03-04T02:55:00","date_gmt":"2026-03-04T05:55:00","guid":{"rendered":"https:\/\/portaltela.pt\/noticias\/2026\/03\/04\/arcomadrid-arranca-com-13-galerias-portuguesas-e-projetos-nacionais\/"},"modified":"2026-03-04T02:55:00","modified_gmt":"2026-03-04T05:55:00","slug":"arcomadrid-arranca-com-13-galerias-portuguesas-e-projetos-nacionais","status":"publish","type":"post","link":"https:\/\/portaltela.pt\/noticias\/2026\/03\/04\/arcomadrid-arranca-com-13-galerias-portuguesas-e-projetos-nacionais\/","title":{"rendered":"ARCOmadrid arranca com 13 galerias portuguesas e projetos nacionais"},"content":{"rendered":"<p>A ARCOmadrid 2026 arrancou em Madrid com Portugal representado por 13 galerias no programa geral. A feira de arte contempor\u00e2nea, uma das mais visitadas a n\u00edvel mundial, abre portas na capital espanhola, dando destaque \u00e0 presen\u00e7a portuguesa.<\/p>\n<p>Entre as galerias, h\u00e1 uma participa\u00e7\u00e3o diversa que abrange v\u00e1rias regi\u00f5es de Portugal. Al\u00e9m das galerias, o evento prev\u00ea apresenta\u00e7\u00f5es de projetos nacionais, inseridas no conjunto da programa\u00e7\u00e3o da ARCOmadrid.<\/p>\n<p>A abertura ocorre na cidade de Madrid, num formato que pretende acompanhar as tend\u00eancias internacionais do mercado da arte. A presen\u00e7a portuguesa est\u00e1 focalizada no programa principal, com a\u00e7\u00f5es de divulga\u00e7\u00e3o e di\u00e1logo entre artistas, curadores e colecionadores.<\/p>\n<p>A organiza\u00e7\u00e3o da ARCOmadrid n\u00e3o detalha, neste comunicado, altera\u00e7\u00f5es significativas face a edi\u00e7\u00f5es anteriores, mantendo o line-up de galerias e as apresenta\u00e7\u00f5es nacionais como eixo do primeiro dia.<\/p>\n","protected":false},"excerpt":{"rendered":"<ul>\n<li>A edi\u00e7\u00e3o de 2026 da ARCOmadrid arranca em Madrid, capital de Espanha.<\/li>\n<li>Portugal est\u00e1 representado no programa geral por treze galerias nacionais.<\/li>\n<li>Al\u00e9m das galerias, decorrem apresenta\u00e7\u00f5es de projetos nacionais no evento.<\/li>\n<li>A ARCOmadrid \u00e9 uma das feiras de arte contempor\u00e2nea mais visitadas a n\u00edvel mundial.<\/li>\n<\/ul>\n","protected":false},"author":2,"featured_media":396602,"comment_status":"closed","ping_status":"closed","sticky":false,"template":"","format":"standard","meta":{"footnotes":""},"categories":[1],"tags":[70,4328,6472,4387,1014,1923],"class_list":["post-396600","post","type-post","status-publish","format-standard","has-post-thumbnail","hentry","category-noticias","tag-arte","tag-artes-visuais","tag-feiras","tag-feiras-internacionais","tag-portugal","tag-programacao"],"yoast_head":"<!-- This site is optimized with the Yoast SEO plugin v27.2 - https:\/\/yoast.com\/product\/yoast-seo-wordpress\/ -->\n<title>ARCOmadrid arranca com 13 galerias portuguesas e projetos nacionais - Portal Tela Portugal<\/title>\n<meta name=\"robots\" content=\"index, follow, max-snippet:-1, max-image-preview:large, max-video-preview:-1\" \/>\n<meta property=\"og:locale\" content=\"pt_PT\" \/>\n<meta property=\"og:type\" content=\"article\" \/>\n<meta property=\"og:title\" content=\"ARCOmadrid arranca com 13 galerias portuguesas e projetos nacionais - Portal Tela Portugal\" \/>\n<meta property=\"og:description\" content=\"A edi\u00e7\u00e3o de 2026 da ARCOmadrid arranca em Madrid, capital de Espanha. Portugal est\u00e1 representado no programa geral por treze galerias nacionais. Al\u00e9m das galerias, decorrem apresenta\u00e7\u00f5es de projetos nacionais no evento. A ARCOmadrid \u00e9 uma das feiras de arte contempor\u00e2nea mais visitadas a n\u00edvel mundial.\" \/>\n<meta property=\"og:url\" content=\"https:\/\/portaltela.pt\/noticias\/2026\/03\/04\/arcomadrid-arranca-com-13-galerias-portuguesas-e-projetos-nacionais\/\" \/>\n<meta property=\"og:site_name\" content=\"Portal Tela Portugal\" \/>\n<meta property=\"article:published_time\" content=\"2026-03-04T05:55:00+00:00\" \/>\n<meta name=\"author\" content=\"Telinha\" \/>\n<meta name=\"twitter:card\" content=\"summary_large_image\" \/>\n<meta name=\"twitter:label1\" content=\"Escrito por\" \/>\n\t<meta name=\"twitter:data1\" content=\"Telinha\" \/>\n\t<meta name=\"twitter:label2\" content=\"Tempo estimado de leitura\" \/>\n\t<meta name=\"twitter:data2\" content=\"1 minuto\" \/>\n<script type=\"application\/ld+json\" class=\"yoast-schema-graph\">{\"@context\":\"https:\/\/schema.org\",\"@graph\":[{\"@type\":\"Article\",\"@id\":\"https:\/\/portaltela.pt\/noticias\/2026\/03\/04\/arcomadrid-arranca-com-13-galerias-portuguesas-e-projetos-nacionais\/#article\",\"isPartOf\":{\"@id\":\"https:\/\/portaltela.pt\/noticias\/2026\/03\/04\/arcomadrid-arranca-com-13-galerias-portuguesas-e-projetos-nacionais\/\"},\"author\":{\"name\":\"Telinha\",\"@id\":\"https:\/\/portaltela.pt\/#\/schema\/person\/c4278d4a6028830caff9ee44b42d32ed\"},\"headline\":\"ARCOmadrid arranca com 13 galerias portuguesas e projetos nacionais\",\"datePublished\":\"2026-03-04T05:55:00+00:00\",\"mainEntityOfPage\":{\"@id\":\"https:\/\/portaltela.pt\/noticias\/2026\/03\/04\/arcomadrid-arranca-com-13-galerias-portuguesas-e-projetos-nacionais\/\"},\"wordCount\":157,\"image\":{\"@id\":\"https:\/\/portaltela.pt\/noticias\/2026\/03\/04\/arcomadrid-arranca-com-13-galerias-portuguesas-e-projetos-nacionais\/#primaryimage\"},\"thumbnailUrl\":\"https:\/\/portaltela.pt\/s.01k8rhncp4jt1\/2026\/03\/CACHE_780X1200_ANALOG_WATERMARKED_40350904_297620418882533.jpg\",\"keywords\":[\"arte\",\"Artes Visuais\",\"feiras\",\"feiras internacionais\",\"Portugal\",\"programa\u00e7\u00e3o\"],\"articleSection\":[\"Not\u00edcias\"],\"inLanguage\":\"pt-PT\"},{\"@type\":\"WebPage\",\"@id\":\"https:\/\/portaltela.pt\/noticias\/2026\/03\/04\/arcomadrid-arranca-com-13-galerias-portuguesas-e-projetos-nacionais\/\",\"url\":\"https:\/\/portaltela.pt\/noticias\/2026\/03\/04\/arcomadrid-arranca-com-13-galerias-portuguesas-e-projetos-nacionais\/\",\"name\":\"ARCOmadrid arranca com 13 galerias portuguesas e projetos nacionais - Portal Tela Portugal\",\"isPartOf\":{\"@id\":\"https:\/\/portaltela.pt\/#website\"},\"primaryImageOfPage\":{\"@id\":\"https:\/\/portaltela.pt\/noticias\/2026\/03\/04\/arcomadrid-arranca-com-13-galerias-portuguesas-e-projetos-nacionais\/#primaryimage\"},\"image\":{\"@id\":\"https:\/\/portaltela.pt\/noticias\/2026\/03\/04\/arcomadrid-arranca-com-13-galerias-portuguesas-e-projetos-nacionais\/#primaryimage\"},\"thumbnailUrl\":\"https:\/\/portaltela.pt\/s.01k8rhncp4jt1\/2026\/03\/CACHE_780X1200_ANALOG_WATERMARKED_40350904_297620418882533.jpg\",\"datePublished\":\"2026-03-04T05:55:00+00:00\",\"author\":{\"@id\":\"https:\/\/portaltela.pt\/#\/schema\/person\/c4278d4a6028830caff9ee44b42d32ed\"},\"breadcrumb\":{\"@id\":\"https:\/\/portaltela.pt\/noticias\/2026\/03\/04\/arcomadrid-arranca-com-13-galerias-portuguesas-e-projetos-nacionais\/#breadcrumb\"},\"inLanguage\":\"pt-PT\",\"potentialAction\":[{\"@type\":\"ReadAction\",\"target\":[\"https:\/\/portaltela.pt\/noticias\/2026\/03\/04\/arcomadrid-arranca-com-13-galerias-portuguesas-e-projetos-nacionais\/\"]}]},{\"@type\":\"ImageObject\",\"inLanguage\":\"pt-PT\",\"@id\":\"https:\/\/portaltela.pt\/noticias\/2026\/03\/04\/arcomadrid-arranca-com-13-galerias-portuguesas-e-projetos-nacionais\/#primaryimage\",\"url\":\"https:\/\/portaltela.pt\/s.01k8rhncp4jt1\/2026\/03\/CACHE_780X1200_ANALOG_WATERMARKED_40350904_297620418882533.jpg\",\"contentUrl\":\"https:\/\/portaltela.pt\/s.01k8rhncp4jt1\/2026\/03\/CACHE_780X1200_ANALOG_WATERMARKED_40350904_297620418882533.jpg\",\"width\":796,\"height\":448,\"caption\":\"ARCOmadrid arranca com 13 galerias portuguesas e apresenta\u00e7\u00f5es de projetos nacionais\"},{\"@type\":\"BreadcrumbList\",\"@id\":\"https:\/\/portaltela.pt\/noticias\/2026\/03\/04\/arcomadrid-arranca-com-13-galerias-portuguesas-e-projetos-nacionais\/#breadcrumb\",\"itemListElement\":[{\"@type\":\"ListItem\",\"position\":1,\"name\":\"In\u00edcio\",\"item\":\"https:\/\/portaltela.pt\/\"},{\"@type\":\"ListItem\",\"position\":2,\"name\":\"ARCOmadrid arranca com 13 galerias portuguesas e projetos nacionais\"}]},{\"@type\":\"WebSite\",\"@id\":\"https:\/\/portaltela.pt\/#website\",\"url\":\"https:\/\/portaltela.pt\/\",\"name\":\"Portal Tela Portugal\",\"description\":\"\",\"potentialAction\":[{\"@type\":\"SearchAction\",\"target\":{\"@type\":\"EntryPoint\",\"urlTemplate\":\"https:\/\/portaltela.pt\/?s={search_term_string}\"},\"query-input\":{\"@type\":\"PropertyValueSpecification\",\"valueRequired\":true,\"valueName\":\"search_term_string\"}}],\"inLanguage\":\"pt-PT\"},{\"@type\":\"Person\",\"@id\":\"https:\/\/portaltela.pt\/#\/schema\/person\/c4278d4a6028830caff9ee44b42d32ed\",\"name\":\"Telinha\",\"image\":{\"@type\":\"ImageObject\",\"inLanguage\":\"pt-PT\",\"@id\":\"https:\/\/portaltela.pt\/s.01k8rhncp4jt1\/2025\/11\/talking-bot-125x125.png\",\"url\":\"https:\/\/portaltela.pt\/s.01k8rhncp4jt1\/2025\/11\/talking-bot-125x125.png\",\"contentUrl\":\"https:\/\/portaltela.pt\/s.01k8rhncp4jt1\/2025\/11\/talking-bot-125x125.png\",\"caption\":\"Telinha\"},\"sameAs\":[\"https:\/\/portaltela.pt\/\"],\"url\":\"https:\/\/portaltela.pt\/por\/367410592786\/\"}]}<\/script>\n<!-- \/ Yoast SEO plugin. -->","yoast_head_json":{"title":"ARCOmadrid arranca com 13 galerias portuguesas e projetos nacionais - Portal Tela Portugal","robots":{"index":"index","follow":"follow","max-snippet":"max-snippet:-1","max-image-preview":"max-image-preview:large","max-video-preview":"max-video-preview:-1"},"og_locale":"pt_PT","og_type":"article","og_title":"ARCOmadrid arranca com 13 galerias portuguesas e projetos nacionais - Portal Tela Portugal","og_description":"A edi\u00e7\u00e3o de 2026 da ARCOmadrid arranca em Madrid, capital de Espanha. Portugal est\u00e1 representado no programa geral por treze galerias nacionais. Al\u00e9m das galerias, decorrem apresenta\u00e7\u00f5es de projetos nacionais no evento. A ARCOmadrid \u00e9 uma das feiras de arte contempor\u00e2nea mais visitadas a n\u00edvel mundial.","og_url":"https:\/\/portaltela.pt\/noticias\/2026\/03\/04\/arcomadrid-arranca-com-13-galerias-portuguesas-e-projetos-nacionais\/","og_site_name":"Portal Tela Portugal","article_published_time":"2026-03-04T05:55:00+00:00","author":"Telinha","twitter_card":"summary_large_image","twitter_misc":{"Escrito por":"Telinha","Tempo estimado de leitura":"1 minuto"},"schema":{"@context":"https:\/\/schema.org","@graph":[{"@type":"Article","@id":"https:\/\/portaltela.pt\/noticias\/2026\/03\/04\/arcomadrid-arranca-com-13-galerias-portuguesas-e-projetos-nacionais\/#article","isPartOf":{"@id":"https:\/\/portaltela.pt\/noticias\/2026\/03\/04\/arcomadrid-arranca-com-13-galerias-portuguesas-e-projetos-nacionais\/"},"author":{"name":"Telinha","@id":"https:\/\/portaltela.pt\/#\/schema\/person\/c4278d4a6028830caff9ee44b42d32ed"},"headline":"ARCOmadrid arranca com 13 galerias portuguesas e projetos nacionais","datePublished":"2026-03-04T05:55:00+00:00","mainEntityOfPage":{"@id":"https:\/\/portaltela.pt\/noticias\/2026\/03\/04\/arcomadrid-arranca-com-13-galerias-portuguesas-e-projetos-nacionais\/"},"wordCount":157,"image":{"@id":"https:\/\/portaltela.pt\/noticias\/2026\/03\/04\/arcomadrid-arranca-com-13-galerias-portuguesas-e-projetos-nacionais\/#primaryimage"},"thumbnailUrl":"https:\/\/portaltela.pt\/s.01k8rhncp4jt1\/2026\/03\/CACHE_780X1200_ANALOG_WATERMARKED_40350904_297620418882533.jpg","keywords":["arte","Artes Visuais","feiras","feiras internacionais","Portugal","programa\u00e7\u00e3o"],"articleSection":["Not\u00edcias"],"inLanguage":"pt-PT"},{"@type":"WebPage","@id":"https:\/\/portaltela.pt\/noticias\/2026\/03\/04\/arcomadrid-arranca-com-13-galerias-portuguesas-e-projetos-nacionais\/","url":"https:\/\/portaltela.pt\/noticias\/2026\/03\/04\/arcomadrid-arranca-com-13-galerias-portuguesas-e-projetos-nacionais\/","name":"ARCOmadrid arranca com 13 galerias portuguesas e projetos nacionais - Portal Tela Portugal","isPartOf":{"@id":"https:\/\/portaltela.pt\/#website"},"primaryImageOfPage":{"@id":"https:\/\/portaltela.pt\/noticias\/2026\/03\/04\/arcomadrid-arranca-com-13-galerias-portuguesas-e-projetos-nacionais\/#primaryimage"},"image":{"@id":"https:\/\/portaltela.pt\/noticias\/2026\/03\/04\/arcomadrid-arranca-com-13-galerias-portuguesas-e-projetos-nacionais\/#primaryimage"},"thumbnailUrl":"https:\/\/portaltela.pt\/s.01k8rhncp4jt1\/2026\/03\/CACHE_780X1200_ANALOG_WATERMARKED_40350904_297620418882533.jpg","datePublished":"2026-03-04T05:55:00+00:00","author":{"@id":"https:\/\/portaltela.pt\/#\/schema\/person\/c4278d4a6028830caff9ee44b42d32ed"},"breadcrumb":{"@id":"https:\/\/portaltela.pt\/noticias\/2026\/03\/04\/arcomadrid-arranca-com-13-galerias-portuguesas-e-projetos-nacionais\/#breadcrumb"},"inLanguage":"pt-PT","potentialAction":[{"@type":"ReadAction","target":["https:\/\/portaltela.pt\/noticias\/2026\/03\/04\/arcomadrid-arranca-com-13-galerias-portuguesas-e-projetos-nacionais\/"]}]},{"@type":"ImageObject","inLanguage":"pt-PT","@id":"https:\/\/portaltela.pt\/noticias\/2026\/03\/04\/arcomadrid-arranca-com-13-galerias-portuguesas-e-projetos-nacionais\/#primaryimage","url":"https:\/\/portaltela.pt\/s.01k8rhncp4jt1\/2026\/03\/CACHE_780X1200_ANALOG_WATERMARKED_40350904_297620418882533.jpg","contentUrl":"https:\/\/portaltela.pt\/s.01k8rhncp4jt1\/2026\/03\/CACHE_780X1200_ANALOG_WATERMARKED_40350904_297620418882533.jpg","width":796,"height":448,"caption":"ARCOmadrid arranca com 13 galerias portuguesas e apresenta\u00e7\u00f5es de projetos nacionais"},{"@type":"BreadcrumbList","@id":"https:\/\/portaltela.pt\/noticias\/2026\/03\/04\/arcomadrid-arranca-com-13-galerias-portuguesas-e-projetos-nacionais\/#breadcrumb","itemListElement":[{"@type":"ListItem","position":1,"name":"In\u00edcio","item":"https:\/\/portaltela.pt\/"},{"@type":"ListItem","position":2,"name":"ARCOmadrid arranca com 13 galerias portuguesas e projetos nacionais"}]},{"@type":"WebSite","@id":"https:\/\/portaltela.pt\/#website","url":"https:\/\/portaltela.pt\/","name":"Portal Tela Portugal","description":"","potentialAction":[{"@type":"SearchAction","target":{"@type":"EntryPoint","urlTemplate":"https:\/\/portaltela.pt\/?s={search_term_string}"},"query-input":{"@type":"PropertyValueSpecification","valueRequired":true,"valueName":"search_term_string"}}],"inLanguage":"pt-PT"},{"@type":"Person","@id":"https:\/\/portaltela.pt\/#\/schema\/person\/c4278d4a6028830caff9ee44b42d32ed","name":"Telinha","image":{"@type":"ImageObject","inLanguage":"pt-PT","@id":"https:\/\/portaltela.pt\/s.01k8rhncp4jt1\/2025\/11\/talking-bot-125x125.png","url":"https:\/\/portaltela.pt\/s.01k8rhncp4jt1\/2025\/11\/talking-bot-125x125.png","contentUrl":"https:\/\/portaltela.pt\/s.01k8rhncp4jt1\/2025\/11\/talking-bot-125x125.png","caption":"Telinha"},"sameAs":["https:\/\/portaltela.pt\/"],"url":"https:\/\/portaltela.pt\/por\/367410592786\/"}]}},"_links":{"self":[{"href":"https:\/\/portaltela.pt\/api\/wp\/v2\/posts\/396600","targetHints":{"allow":["GET"]}}],"collection":[{"href":"https:\/\/portaltela.pt\/api\/wp\/v2\/posts"}],"about":[{"href":"https:\/\/portaltela.pt\/api\/wp\/v2\/types\/post"}],"author":[{"embeddable":true,"href":"https:\/\/portaltela.pt\/api\/wp\/v2\/users\/2"}],"replies":[{"embeddable":true,"href":"https:\/\/portaltela.pt\/api\/wp\/v2\/comments?post=396600"}],"version-history":[{"count":0,"href":"https:\/\/portaltela.pt\/api\/wp\/v2\/posts\/396600\/revisions"}],"wp:featuredmedia":[{"embeddable":true,"href":"https:\/\/portaltela.pt\/api\/wp\/v2\/media\/396602"}],"wp:attachment":[{"href":"https:\/\/portaltela.pt\/api\/wp\/v2\/media?parent=396600"}],"wp:term":[{"taxonomy":"category","embeddable":true,"href":"https:\/\/portaltela.pt\/api\/wp\/v2\/categories?post=396600"},{"taxonomy":"post_tag","embeddable":true,"href":"https:\/\/portaltela.pt\/api\/wp\/v2\/tags?post=396600"}],"curies":[{"name":"wp","href":"https:\/\/api.w.org\/{rel}","templated":true}]}}