{"id":396534,"date":"2026-03-03T22:30:00","date_gmt":"2026-03-04T01:30:00","guid":{"rendered":"https:\/\/portaltela.pt\/noticias\/2026\/03\/03\/bebe-de-dez-dias-morre-em-tabua\/"},"modified":"2026-03-03T22:30:00","modified_gmt":"2026-03-04T01:30:00","slug":"bebe-de-dez-dias-morre-em-tabua","status":"publish","type":"post","link":"https:\/\/portaltela.pt\/noticias\/2026\/03\/03\/bebe-de-dez-dias-morre-em-tabua\/","title":{"rendered":"Beb\u00e9 de dez dias morre em T\u00e1bua"},"content":{"rendered":"<p>Um beb\u00e9 de 10 dias morreu ontem no concelho de T\u00e1bua. A crian\u00e7a estava a ser amamentada quando a m\u00e3e se apercebeu de que n\u00e3o respirava.<\/p>\n<p>Os pais deslocaram-se aos Bombeiros Volunt\u00e1rios de Vila Nova de Oliveira, perto do local onde vivem, pedindo ajuda. Os operacionais, em colabora\u00e7\u00e3o com o INEM, iniciaram o suporte de vida para o rec\u00e9m-nascido.<\/p>\n<p>A interven\u00e7\u00e3o decorreu durante cerca de uma hora, at\u00e9 \u00e0 confirma\u00e7\u00e3o da aus\u00eancia de sinais vitais. O beb\u00e9 chegou ao quartel \u00e0s 14:57 inconsciente e em paragem cardiorrespirat\u00f3ria, segundo o comandante Nuno Santos. A m\u00e3e relatou a situa\u00e7\u00e3o durante o atendimento, com o foco da equipa na reanima\u00e7\u00e3o.<\/p>\n","protected":false},"excerpt":{"rendered":"<ul>\n<li>Um beb\u00e9 de 10 dias morreu ontem no concelho de T\u00e1bua, ap\u00f3s sofrer uma paragem cardiorrespirat\u00f3ria durante a amamenta\u00e7\u00e3o.<\/li>\n<li>Os pais levaram-no aos Bombeiros Volunt\u00e1rios de Vila Nova de Oliveira, perto de casa, para pedir ajuda.<\/li>\n<li>Os meios de socorro, em conjunto com o INEM, realizaram manobras de reanima\u00e7\u00e3o durante cerca de uma hora.<\/li>\n<li>O beb\u00e9 chegou inconsciente \u00e0s 14h57, sem resposta.<\/li>\n<li>O comandante Nuno Santos confirmou que a m\u00e3e disse que, durante a amamenta\u00e7\u00e3o, o beb\u00e9 deixou de respirar.<\/li>\n<\/ul>\n","protected":false},"author":2,"featured_media":396549,"comment_status":"closed","ping_status":"closed","sticky":false,"template":"","format":"standard","meta":{"footnotes":""},"categories":[1],"tags":[971,1922,6429,2199,1014,172],"class_list":["post-396534","post","type-post","status-publish","format-standard","has-post-thumbnail","hentry","category-noticias","tag-bombeiros","tag-inem","tag-mortes","tag-neonatologia","tag-portugal","tag-saude"],"yoast_head":"<!-- This site is optimized with the Yoast SEO plugin v27.2 - https:\/\/yoast.com\/product\/yoast-seo-wordpress\/ -->\n<title>Beb\u00e9 de dez dias morre em T\u00e1bua - Portal Tela Portugal<\/title>\n<meta name=\"robots\" content=\"index, follow, max-snippet:-1, max-image-preview:large, max-video-preview:-1\" \/>\n<meta property=\"og:locale\" content=\"pt_PT\" \/>\n<meta property=\"og:type\" content=\"article\" \/>\n<meta property=\"og:title\" content=\"Beb\u00e9 de dez dias morre em T\u00e1bua - Portal Tela Portugal\" \/>\n<meta property=\"og:description\" content=\"Um beb\u00e9 de 10 dias morreu ontem no concelho de T\u00e1bua, ap\u00f3s sofrer uma paragem cardiorrespirat\u00f3ria durante a amamenta\u00e7\u00e3o. Os pais levaram-no aos Bombeiros Volunt\u00e1rios de Vila Nova de Oliveira, perto de casa, para pedir ajuda. Os meios de socorro, em conjunto com o INEM, realizaram manobras de reanima\u00e7\u00e3o durante cerca de uma hora. O beb\u00e9 chegou inconsciente \u00e0s 14h57, sem resposta. O comandante Nuno Santos confirmou que a m\u00e3e disse que, durante a amamenta\u00e7\u00e3o, o beb\u00e9 deixou de respirar.\" \/>\n<meta property=\"og:url\" content=\"https:\/\/portaltela.pt\/noticias\/2026\/03\/03\/bebe-de-dez-dias-morre-em-tabua\/\" \/>\n<meta property=\"og:site_name\" content=\"Portal Tela Portugal\" \/>\n<meta property=\"article:published_time\" content=\"2026-03-04T01:30:00+00:00\" \/>\n<meta name=\"author\" content=\"Telinha\" \/>\n<meta name=\"twitter:card\" content=\"summary_large_image\" \/>\n<meta name=\"twitter:label1\" content=\"Escrito por\" \/>\n\t<meta name=\"twitter:data1\" content=\"Telinha\" \/>\n\t<meta name=\"twitter:label2\" content=\"Tempo estimado de leitura\" \/>\n\t<meta name=\"twitter:data2\" content=\"1 minuto\" \/>\n<script type=\"application\/ld+json\" class=\"yoast-schema-graph\">{\"@context\":\"https:\/\/schema.org\",\"@graph\":[{\"@type\":\"Article\",\"@id\":\"https:\/\/portaltela.pt\/noticias\/2026\/03\/03\/bebe-de-dez-dias-morre-em-tabua\/#article\",\"isPartOf\":{\"@id\":\"https:\/\/portaltela.pt\/noticias\/2026\/03\/03\/bebe-de-dez-dias-morre-em-tabua\/\"},\"author\":{\"name\":\"Telinha\",\"@id\":\"https:\/\/portaltela.pt\/#\/schema\/person\/c4278d4a6028830caff9ee44b42d32ed\"},\"headline\":\"Beb\u00e9 de dez dias morre em T\u00e1bua\",\"datePublished\":\"2026-03-04T01:30:00+00:00\",\"mainEntityOfPage\":{\"@id\":\"https:\/\/portaltela.pt\/noticias\/2026\/03\/03\/bebe-de-dez-dias-morre-em-tabua\/\"},\"wordCount\":126,\"image\":{\"@id\":\"https:\/\/portaltela.pt\/noticias\/2026\/03\/03\/bebe-de-dez-dias-morre-em-tabua\/#primaryimage\"},\"thumbnailUrl\":\"https:\/\/portaltela.pt\/s.01k8rhncp4jt1\/2026\/03\/09b47364-c0ba-4e19-bd0a-e39c6c85ce60_1200x675.jpg\",\"keywords\":[\"bombeiros\",\"INEM\",\"mortes\",\"Neonatologia\",\"Portugal\",\"sa\u00fade\"],\"articleSection\":[\"Not\u00edcias\"],\"inLanguage\":\"pt-PT\"},{\"@type\":\"WebPage\",\"@id\":\"https:\/\/portaltela.pt\/noticias\/2026\/03\/03\/bebe-de-dez-dias-morre-em-tabua\/\",\"url\":\"https:\/\/portaltela.pt\/noticias\/2026\/03\/03\/bebe-de-dez-dias-morre-em-tabua\/\",\"name\":\"Beb\u00e9 de dez dias morre em T\u00e1bua - Portal Tela Portugal\",\"isPartOf\":{\"@id\":\"https:\/\/portaltela.pt\/#website\"},\"primaryImageOfPage\":{\"@id\":\"https:\/\/portaltela.pt\/noticias\/2026\/03\/03\/bebe-de-dez-dias-morre-em-tabua\/#primaryimage\"},\"image\":{\"@id\":\"https:\/\/portaltela.pt\/noticias\/2026\/03\/03\/bebe-de-dez-dias-morre-em-tabua\/#primaryimage\"},\"thumbnailUrl\":\"https:\/\/portaltela.pt\/s.01k8rhncp4jt1\/2026\/03\/09b47364-c0ba-4e19-bd0a-e39c6c85ce60_1200x675.jpg\",\"datePublished\":\"2026-03-04T01:30:00+00:00\",\"author\":{\"@id\":\"https:\/\/portaltela.pt\/#\/schema\/person\/c4278d4a6028830caff9ee44b42d32ed\"},\"breadcrumb\":{\"@id\":\"https:\/\/portaltela.pt\/noticias\/2026\/03\/03\/bebe-de-dez-dias-morre-em-tabua\/#breadcrumb\"},\"inLanguage\":\"pt-PT\",\"potentialAction\":[{\"@type\":\"ReadAction\",\"target\":[\"https:\/\/portaltela.pt\/noticias\/2026\/03\/03\/bebe-de-dez-dias-morre-em-tabua\/\"]}]},{\"@type\":\"ImageObject\",\"inLanguage\":\"pt-PT\",\"@id\":\"https:\/\/portaltela.pt\/noticias\/2026\/03\/03\/bebe-de-dez-dias-morre-em-tabua\/#primaryimage\",\"url\":\"https:\/\/portaltela.pt\/s.01k8rhncp4jt1\/2026\/03\/09b47364-c0ba-4e19-bd0a-e39c6c85ce60_1200x675.jpg\",\"contentUrl\":\"https:\/\/portaltela.pt\/s.01k8rhncp4jt1\/2026\/03\/09b47364-c0ba-4e19-bd0a-e39c6c85ce60_1200x675.jpg\",\"width\":796,\"height\":448,\"caption\":\"Pais foram aos Bombeiros Volunt\u00e1rios de Vila Nova de Oliveira pedir ajuda\"},{\"@type\":\"BreadcrumbList\",\"@id\":\"https:\/\/portaltela.pt\/noticias\/2026\/03\/03\/bebe-de-dez-dias-morre-em-tabua\/#breadcrumb\",\"itemListElement\":[{\"@type\":\"ListItem\",\"position\":1,\"name\":\"In\u00edcio\",\"item\":\"https:\/\/portaltela.pt\/\"},{\"@type\":\"ListItem\",\"position\":2,\"name\":\"Beb\u00e9 de dez dias morre em T\u00e1bua\"}]},{\"@type\":\"WebSite\",\"@id\":\"https:\/\/portaltela.pt\/#website\",\"url\":\"https:\/\/portaltela.pt\/\",\"name\":\"Portal Tela Portugal\",\"description\":\"\",\"potentialAction\":[{\"@type\":\"SearchAction\",\"target\":{\"@type\":\"EntryPoint\",\"urlTemplate\":\"https:\/\/portaltela.pt\/?s={search_term_string}\"},\"query-input\":{\"@type\":\"PropertyValueSpecification\",\"valueRequired\":true,\"valueName\":\"search_term_string\"}}],\"inLanguage\":\"pt-PT\"},{\"@type\":\"Person\",\"@id\":\"https:\/\/portaltela.pt\/#\/schema\/person\/c4278d4a6028830caff9ee44b42d32ed\",\"name\":\"Telinha\",\"image\":{\"@type\":\"ImageObject\",\"inLanguage\":\"pt-PT\",\"@id\":\"https:\/\/portaltela.pt\/s.01k8rhncp4jt1\/2025\/11\/talking-bot-125x125.png\",\"url\":\"https:\/\/portaltela.pt\/s.01k8rhncp4jt1\/2025\/11\/talking-bot-125x125.png\",\"contentUrl\":\"https:\/\/portaltela.pt\/s.01k8rhncp4jt1\/2025\/11\/talking-bot-125x125.png\",\"caption\":\"Telinha\"},\"sameAs\":[\"https:\/\/portaltela.pt\/\"],\"url\":\"https:\/\/portaltela.pt\/por\/367410592786\/\"}]}<\/script>\n<!-- \/ Yoast SEO plugin. -->","yoast_head_json":{"title":"Beb\u00e9 de dez dias morre em T\u00e1bua - Portal Tela Portugal","robots":{"index":"index","follow":"follow","max-snippet":"max-snippet:-1","max-image-preview":"max-image-preview:large","max-video-preview":"max-video-preview:-1"},"og_locale":"pt_PT","og_type":"article","og_title":"Beb\u00e9 de dez dias morre em T\u00e1bua - Portal Tela Portugal","og_description":"Um beb\u00e9 de 10 dias morreu ontem no concelho de T\u00e1bua, ap\u00f3s sofrer uma paragem cardiorrespirat\u00f3ria durante a amamenta\u00e7\u00e3o. Os pais levaram-no aos Bombeiros Volunt\u00e1rios de Vila Nova de Oliveira, perto de casa, para pedir ajuda. Os meios de socorro, em conjunto com o INEM, realizaram manobras de reanima\u00e7\u00e3o durante cerca de uma hora. O beb\u00e9 chegou inconsciente \u00e0s 14h57, sem resposta. O comandante Nuno Santos confirmou que a m\u00e3e disse que, durante a amamenta\u00e7\u00e3o, o beb\u00e9 deixou de respirar.","og_url":"https:\/\/portaltela.pt\/noticias\/2026\/03\/03\/bebe-de-dez-dias-morre-em-tabua\/","og_site_name":"Portal Tela Portugal","article_published_time":"2026-03-04T01:30:00+00:00","author":"Telinha","twitter_card":"summary_large_image","twitter_misc":{"Escrito por":"Telinha","Tempo estimado de leitura":"1 minuto"},"schema":{"@context":"https:\/\/schema.org","@graph":[{"@type":"Article","@id":"https:\/\/portaltela.pt\/noticias\/2026\/03\/03\/bebe-de-dez-dias-morre-em-tabua\/#article","isPartOf":{"@id":"https:\/\/portaltela.pt\/noticias\/2026\/03\/03\/bebe-de-dez-dias-morre-em-tabua\/"},"author":{"name":"Telinha","@id":"https:\/\/portaltela.pt\/#\/schema\/person\/c4278d4a6028830caff9ee44b42d32ed"},"headline":"Beb\u00e9 de dez dias morre em T\u00e1bua","datePublished":"2026-03-04T01:30:00+00:00","mainEntityOfPage":{"@id":"https:\/\/portaltela.pt\/noticias\/2026\/03\/03\/bebe-de-dez-dias-morre-em-tabua\/"},"wordCount":126,"image":{"@id":"https:\/\/portaltela.pt\/noticias\/2026\/03\/03\/bebe-de-dez-dias-morre-em-tabua\/#primaryimage"},"thumbnailUrl":"https:\/\/portaltela.pt\/s.01k8rhncp4jt1\/2026\/03\/09b47364-c0ba-4e19-bd0a-e39c6c85ce60_1200x675.jpg","keywords":["bombeiros","INEM","mortes","Neonatologia","Portugal","sa\u00fade"],"articleSection":["Not\u00edcias"],"inLanguage":"pt-PT"},{"@type":"WebPage","@id":"https:\/\/portaltela.pt\/noticias\/2026\/03\/03\/bebe-de-dez-dias-morre-em-tabua\/","url":"https:\/\/portaltela.pt\/noticias\/2026\/03\/03\/bebe-de-dez-dias-morre-em-tabua\/","name":"Beb\u00e9 de dez dias morre em T\u00e1bua - Portal Tela Portugal","isPartOf":{"@id":"https:\/\/portaltela.pt\/#website"},"primaryImageOfPage":{"@id":"https:\/\/portaltela.pt\/noticias\/2026\/03\/03\/bebe-de-dez-dias-morre-em-tabua\/#primaryimage"},"image":{"@id":"https:\/\/portaltela.pt\/noticias\/2026\/03\/03\/bebe-de-dez-dias-morre-em-tabua\/#primaryimage"},"thumbnailUrl":"https:\/\/portaltela.pt\/s.01k8rhncp4jt1\/2026\/03\/09b47364-c0ba-4e19-bd0a-e39c6c85ce60_1200x675.jpg","datePublished":"2026-03-04T01:30:00+00:00","author":{"@id":"https:\/\/portaltela.pt\/#\/schema\/person\/c4278d4a6028830caff9ee44b42d32ed"},"breadcrumb":{"@id":"https:\/\/portaltela.pt\/noticias\/2026\/03\/03\/bebe-de-dez-dias-morre-em-tabua\/#breadcrumb"},"inLanguage":"pt-PT","potentialAction":[{"@type":"ReadAction","target":["https:\/\/portaltela.pt\/noticias\/2026\/03\/03\/bebe-de-dez-dias-morre-em-tabua\/"]}]},{"@type":"ImageObject","inLanguage":"pt-PT","@id":"https:\/\/portaltela.pt\/noticias\/2026\/03\/03\/bebe-de-dez-dias-morre-em-tabua\/#primaryimage","url":"https:\/\/portaltela.pt\/s.01k8rhncp4jt1\/2026\/03\/09b47364-c0ba-4e19-bd0a-e39c6c85ce60_1200x675.jpg","contentUrl":"https:\/\/portaltela.pt\/s.01k8rhncp4jt1\/2026\/03\/09b47364-c0ba-4e19-bd0a-e39c6c85ce60_1200x675.jpg","width":796,"height":448,"caption":"Pais foram aos Bombeiros Volunt\u00e1rios de Vila Nova de Oliveira pedir ajuda"},{"@type":"BreadcrumbList","@id":"https:\/\/portaltela.pt\/noticias\/2026\/03\/03\/bebe-de-dez-dias-morre-em-tabua\/#breadcrumb","itemListElement":[{"@type":"ListItem","position":1,"name":"In\u00edcio","item":"https:\/\/portaltela.pt\/"},{"@type":"ListItem","position":2,"name":"Beb\u00e9 de dez dias morre em T\u00e1bua"}]},{"@type":"WebSite","@id":"https:\/\/portaltela.pt\/#website","url":"https:\/\/portaltela.pt\/","name":"Portal Tela Portugal","description":"","potentialAction":[{"@type":"SearchAction","target":{"@type":"EntryPoint","urlTemplate":"https:\/\/portaltela.pt\/?s={search_term_string}"},"query-input":{"@type":"PropertyValueSpecification","valueRequired":true,"valueName":"search_term_string"}}],"inLanguage":"pt-PT"},{"@type":"Person","@id":"https:\/\/portaltela.pt\/#\/schema\/person\/c4278d4a6028830caff9ee44b42d32ed","name":"Telinha","image":{"@type":"ImageObject","inLanguage":"pt-PT","@id":"https:\/\/portaltela.pt\/s.01k8rhncp4jt1\/2025\/11\/talking-bot-125x125.png","url":"https:\/\/portaltela.pt\/s.01k8rhncp4jt1\/2025\/11\/talking-bot-125x125.png","contentUrl":"https:\/\/portaltela.pt\/s.01k8rhncp4jt1\/2025\/11\/talking-bot-125x125.png","caption":"Telinha"},"sameAs":["https:\/\/portaltela.pt\/"],"url":"https:\/\/portaltela.pt\/por\/367410592786\/"}]}},"_links":{"self":[{"href":"https:\/\/portaltela.pt\/api\/wp\/v2\/posts\/396534","targetHints":{"allow":["GET"]}}],"collection":[{"href":"https:\/\/portaltela.pt\/api\/wp\/v2\/posts"}],"about":[{"href":"https:\/\/portaltela.pt\/api\/wp\/v2\/types\/post"}],"author":[{"embeddable":true,"href":"https:\/\/portaltela.pt\/api\/wp\/v2\/users\/2"}],"replies":[{"embeddable":true,"href":"https:\/\/portaltela.pt\/api\/wp\/v2\/comments?post=396534"}],"version-history":[{"count":0,"href":"https:\/\/portaltela.pt\/api\/wp\/v2\/posts\/396534\/revisions"}],"wp:featuredmedia":[{"embeddable":true,"href":"https:\/\/portaltela.pt\/api\/wp\/v2\/media\/396549"}],"wp:attachment":[{"href":"https:\/\/portaltela.pt\/api\/wp\/v2\/media?parent=396534"}],"wp:term":[{"taxonomy":"category","embeddable":true,"href":"https:\/\/portaltela.pt\/api\/wp\/v2\/categories?post=396534"},{"taxonomy":"post_tag","embeddable":true,"href":"https:\/\/portaltela.pt\/api\/wp\/v2\/tags?post=396534"}],"curies":[{"name":"wp","href":"https:\/\/api.w.org\/{rel}","templated":true}]}}