{"id":396467,"date":"2026-02-27T09:30:00","date_gmt":"2026-02-27T12:30:00","guid":{"rendered":"https:\/\/portaltela.pt\/noticias\/2026\/02\/27\/pedro-sousa-acusa-rui-costa-e-vieira-de-limpar-a-sujeira-associada-a-luisao\/"},"modified":"2026-02-27T09:30:00","modified_gmt":"2026-02-27T12:30:00","slug":"pedro-sousa-acusa-rui-costa-e-vieira-de-limpar-a-sujeira-associada-a-luisao","status":"publish","type":"post","link":"https:\/\/portaltela.pt\/desporto\/futebol\/2026\/02\/27\/pedro-sousa-acusa-rui-costa-e-vieira-de-limpar-a-sujeira-associada-a-luisao\/","title":{"rendered":"Pedro Sousa acusa Rui Costa e Vieira de limpar a sujeira associada a Luis\u00e3o"},"content":{"rendered":"<p>No programa Liga NOW, da CM R\u00e1dio, Pedro Sousa, diretor-executivo, comentou as cr\u00edticas de Luis\u00e3o \u00e0 gest\u00e3o do Benfica no caso Vini Prestiani, destacando a rela\u00e7\u00e3o de mais de 15 anos entre o clube e a estrutura. A fala surge num momento de divididas opini\u00f5es sobre a atua\u00e7\u00e3o da dire\u00e7\u00e3o.<\/p>\n<p>Sousa sustenta que n\u00e3o se deve desvalorizar quem serviu o clube durante tanto tempo, sublinhando a necessidade de estabilidade interna e de manter o respeito pelas pessoas envolvidas na organiza\u00e7\u00e3o.<\/p>\n<p>O coment\u00e1rio ocorre num contexto de debates sobre a atua\u00e7\u00e3o de Rui Costa e de Vieira, em resposta \u00e0s acusa\u00e7\u00f5es de Luis\u00e3o. O objetivo \u00e9 esclarecer a postura institucional do Benfica sem abordar desfechos ou opini\u00f5es pessoais.<\/p>\n","protected":false},"excerpt":{"rendered":"<ul>\n<li>Pedro Sousa, diretor-executivo da CM R\u00e1dio, comentou as cr\u00edticas de Lu\u00eds\u00e3o \u00e0 estrutura do Benfica sobre o caso Vini-prestianni.<\/li>\n<li>O coment\u00e1rio foi feito no programa Liga NOW.<\/li>\n<li>Sousa sublinhou que &#8220;n\u00e3o se pode cuspir no prato onde se comeu mais de 15 anos&#8221;.<\/li>\n<li>A mat\u00e9ria centra-se na postura do clube face \u00e0s cr\u00edticas de Lu\u00eds\u00e3o \u00e0 organiza\u00e7\u00e3o interna.<\/li>\n<\/ul>\n","protected":false},"author":2,"featured_media":396471,"comment_status":"closed","ping_status":"closed","sticky":false,"template":"","format":"standard","meta":{"footnotes":""},"categories":[21,24],"tags":[1946,152,32,3728,2139,5946],"class_list":["post-396467","post","type-post","status-publish","format-standard","has-post-thumbnail","hentry","category-desporto","category-futebol","tag-benfica","tag-desporto","tag-futebol","tag-liderancas","tag-rui-costa","tag-vieira"],"yoast_head":"<!-- This site is optimized with the Yoast SEO plugin v27.2 - https:\/\/yoast.com\/product\/yoast-seo-wordpress\/ -->\n<title>Pedro Sousa acusa Rui Costa e Vieira de limpar a sujeira associada a Luis\u00e3o - Portal Tela Portugal<\/title>\n<meta name=\"robots\" content=\"index, follow, max-snippet:-1, max-image-preview:large, max-video-preview:-1\" \/>\n<meta property=\"og:locale\" content=\"pt_PT\" \/>\n<meta property=\"og:type\" content=\"article\" \/>\n<meta property=\"og:title\" content=\"Pedro Sousa acusa Rui Costa e Vieira de limpar a sujeira associada a Luis\u00e3o - Portal Tela Portugal\" \/>\n<meta property=\"og:description\" content=\"Pedro Sousa, diretor-executivo da CM R\u00e1dio, comentou as cr\u00edticas de Lu\u00eds\u00e3o \u00e0 estrutura do Benfica sobre o caso Vini-prestianni. O coment\u00e1rio foi feito no programa Liga NOW. Sousa sublinhou que &quot;n\u00e3o se pode cuspir no prato onde se comeu mais de 15 anos&quot;. A mat\u00e9ria centra-se na postura do clube face \u00e0s cr\u00edticas de Lu\u00eds\u00e3o \u00e0 organiza\u00e7\u00e3o interna.\" \/>\n<meta property=\"og:url\" content=\"https:\/\/portaltela.pt\/noticias\/2026\/02\/27\/pedro-sousa-acusa-rui-costa-e-vieira-de-limpar-a-sujeira-associada-a-luisao\/\" \/>\n<meta property=\"og:site_name\" content=\"Portal Tela Portugal\" \/>\n<meta property=\"article:published_time\" content=\"2026-02-27T12:30:00+00:00\" \/>\n<meta name=\"author\" content=\"Telinha\" \/>\n<meta name=\"twitter:card\" content=\"summary_large_image\" \/>\n<meta name=\"twitter:label1\" content=\"Escrito por\" \/>\n\t<meta name=\"twitter:data1\" content=\"Telinha\" \/>\n\t<meta name=\"twitter:label2\" content=\"Tempo estimado de leitura\" \/>\n\t<meta name=\"twitter:data2\" content=\"1 minuto\" \/>\n<script type=\"application\/ld+json\" class=\"yoast-schema-graph\">{\"@context\":\"https:\/\/schema.org\",\"@graph\":[{\"@type\":\"Article\",\"@id\":\"https:\/\/portaltela.pt\/noticias\/2026\/02\/27\/pedro-sousa-acusa-rui-costa-e-vieira-de-limpar-a-sujeira-associada-a-luisao\/#article\",\"isPartOf\":{\"@id\":\"https:\/\/portaltela.pt\/noticias\/2026\/02\/27\/pedro-sousa-acusa-rui-costa-e-vieira-de-limpar-a-sujeira-associada-a-luisao\/\"},\"author\":{\"name\":\"Telinha\",\"@id\":\"https:\/\/portaltela.pt\/#\/schema\/person\/c4278d4a6028830caff9ee44b42d32ed\"},\"headline\":\"Pedro Sousa acusa Rui Costa e Vieira de limpar a sujeira associada a Luis\u00e3o\",\"datePublished\":\"2026-02-27T12:30:00+00:00\",\"mainEntityOfPage\":{\"@id\":\"https:\/\/portaltela.pt\/noticias\/2026\/02\/27\/pedro-sousa-acusa-rui-costa-e-vieira-de-limpar-a-sujeira-associada-a-luisao\/\"},\"wordCount\":144,\"image\":{\"@id\":\"https:\/\/portaltela.pt\/noticias\/2026\/02\/27\/pedro-sousa-acusa-rui-costa-e-vieira-de-limpar-a-sujeira-associada-a-luisao\/#primaryimage\"},\"thumbnailUrl\":\"https:\/\/portaltela.pt\/s.01k8rhncp4jt1\/2026\/02\/img_1200x721uu2026-02-27-12-28-02-2423930-1.jpg\",\"keywords\":[\"Benfica\",\"desporto\",\"futebol\",\"lideran\u00e7as\",\"Rui Costa\",\"Vieira\"],\"articleSection\":[\"Desporto\",\"Futebol\"],\"inLanguage\":\"pt-PT\"},{\"@type\":\"WebPage\",\"@id\":\"https:\/\/portaltela.pt\/noticias\/2026\/02\/27\/pedro-sousa-acusa-rui-costa-e-vieira-de-limpar-a-sujeira-associada-a-luisao\/\",\"url\":\"https:\/\/portaltela.pt\/noticias\/2026\/02\/27\/pedro-sousa-acusa-rui-costa-e-vieira-de-limpar-a-sujeira-associada-a-luisao\/\",\"name\":\"Pedro Sousa acusa Rui Costa e Vieira de limpar a sujeira associada a Luis\u00e3o - Portal Tela Portugal\",\"isPartOf\":{\"@id\":\"https:\/\/portaltela.pt\/#website\"},\"primaryImageOfPage\":{\"@id\":\"https:\/\/portaltela.pt\/noticias\/2026\/02\/27\/pedro-sousa-acusa-rui-costa-e-vieira-de-limpar-a-sujeira-associada-a-luisao\/#primaryimage\"},\"image\":{\"@id\":\"https:\/\/portaltela.pt\/noticias\/2026\/02\/27\/pedro-sousa-acusa-rui-costa-e-vieira-de-limpar-a-sujeira-associada-a-luisao\/#primaryimage\"},\"thumbnailUrl\":\"https:\/\/portaltela.pt\/s.01k8rhncp4jt1\/2026\/02\/img_1200x721uu2026-02-27-12-28-02-2423930-1.jpg\",\"datePublished\":\"2026-02-27T12:30:00+00:00\",\"author\":{\"@id\":\"https:\/\/portaltela.pt\/#\/schema\/person\/c4278d4a6028830caff9ee44b42d32ed\"},\"breadcrumb\":{\"@id\":\"https:\/\/portaltela.pt\/noticias\/2026\/02\/27\/pedro-sousa-acusa-rui-costa-e-vieira-de-limpar-a-sujeira-associada-a-luisao\/#breadcrumb\"},\"inLanguage\":\"pt-PT\",\"potentialAction\":[{\"@type\":\"ReadAction\",\"target\":[\"https:\/\/portaltela.pt\/noticias\/2026\/02\/27\/pedro-sousa-acusa-rui-costa-e-vieira-de-limpar-a-sujeira-associada-a-luisao\/\"]}]},{\"@type\":\"ImageObject\",\"inLanguage\":\"pt-PT\",\"@id\":\"https:\/\/portaltela.pt\/noticias\/2026\/02\/27\/pedro-sousa-acusa-rui-costa-e-vieira-de-limpar-a-sujeira-associada-a-luisao\/#primaryimage\",\"url\":\"https:\/\/portaltela.pt\/s.01k8rhncp4jt1\/2026\/02\/img_1200x721uu2026-02-27-12-28-02-2423930-1.jpg\",\"contentUrl\":\"https:\/\/portaltela.pt\/s.01k8rhncp4jt1\/2026\/02\/img_1200x721uu2026-02-27-12-28-02-2423930-1.jpg\",\"width\":796,\"height\":448,\"caption\":\"Pedro Sousa: \u00abSe houve coisa que Rui Costa e Vieira fizeram foi limpar a sujidade que Luis\u00e3o deixou\u00bb\"},{\"@type\":\"BreadcrumbList\",\"@id\":\"https:\/\/portaltela.pt\/noticias\/2026\/02\/27\/pedro-sousa-acusa-rui-costa-e-vieira-de-limpar-a-sujeira-associada-a-luisao\/#breadcrumb\",\"itemListElement\":[{\"@type\":\"ListItem\",\"position\":1,\"name\":\"In\u00edcio\",\"item\":\"https:\/\/portaltela.pt\/\"},{\"@type\":\"ListItem\",\"position\":2,\"name\":\"Pedro Sousa acusa Rui Costa e Vieira de limpar a sujeira associada a Luis\u00e3o\"}]},{\"@type\":\"WebSite\",\"@id\":\"https:\/\/portaltela.pt\/#website\",\"url\":\"https:\/\/portaltela.pt\/\",\"name\":\"Portal Tela Portugal\",\"description\":\"\",\"potentialAction\":[{\"@type\":\"SearchAction\",\"target\":{\"@type\":\"EntryPoint\",\"urlTemplate\":\"https:\/\/portaltela.pt\/?s={search_term_string}\"},\"query-input\":{\"@type\":\"PropertyValueSpecification\",\"valueRequired\":true,\"valueName\":\"search_term_string\"}}],\"inLanguage\":\"pt-PT\"},{\"@type\":\"Person\",\"@id\":\"https:\/\/portaltela.pt\/#\/schema\/person\/c4278d4a6028830caff9ee44b42d32ed\",\"name\":\"Telinha\",\"image\":{\"@type\":\"ImageObject\",\"inLanguage\":\"pt-PT\",\"@id\":\"https:\/\/portaltela.pt\/s.01k8rhncp4jt1\/2025\/11\/talking-bot-125x125.png\",\"url\":\"https:\/\/portaltela.pt\/s.01k8rhncp4jt1\/2025\/11\/talking-bot-125x125.png\",\"contentUrl\":\"https:\/\/portaltela.pt\/s.01k8rhncp4jt1\/2025\/11\/talking-bot-125x125.png\",\"caption\":\"Telinha\"},\"sameAs\":[\"https:\/\/portaltela.pt\/\"],\"url\":\"https:\/\/portaltela.pt\/por\/367410592786\/\"}]}<\/script>\n<!-- \/ Yoast SEO plugin. -->","yoast_head_json":{"title":"Pedro Sousa acusa Rui Costa e Vieira de limpar a sujeira associada a Luis\u00e3o - Portal Tela Portugal","robots":{"index":"index","follow":"follow","max-snippet":"max-snippet:-1","max-image-preview":"max-image-preview:large","max-video-preview":"max-video-preview:-1"},"og_locale":"pt_PT","og_type":"article","og_title":"Pedro Sousa acusa Rui Costa e Vieira de limpar a sujeira associada a Luis\u00e3o - Portal Tela Portugal","og_description":"Pedro Sousa, diretor-executivo da CM R\u00e1dio, comentou as cr\u00edticas de Lu\u00eds\u00e3o \u00e0 estrutura do Benfica sobre o caso Vini-prestianni. O coment\u00e1rio foi feito no programa Liga NOW. Sousa sublinhou que \"n\u00e3o se pode cuspir no prato onde se comeu mais de 15 anos\". A mat\u00e9ria centra-se na postura do clube face \u00e0s cr\u00edticas de Lu\u00eds\u00e3o \u00e0 organiza\u00e7\u00e3o interna.","og_url":"https:\/\/portaltela.pt\/noticias\/2026\/02\/27\/pedro-sousa-acusa-rui-costa-e-vieira-de-limpar-a-sujeira-associada-a-luisao\/","og_site_name":"Portal Tela Portugal","article_published_time":"2026-02-27T12:30:00+00:00","author":"Telinha","twitter_card":"summary_large_image","twitter_misc":{"Escrito por":"Telinha","Tempo estimado de leitura":"1 minuto"},"schema":{"@context":"https:\/\/schema.org","@graph":[{"@type":"Article","@id":"https:\/\/portaltela.pt\/noticias\/2026\/02\/27\/pedro-sousa-acusa-rui-costa-e-vieira-de-limpar-a-sujeira-associada-a-luisao\/#article","isPartOf":{"@id":"https:\/\/portaltela.pt\/noticias\/2026\/02\/27\/pedro-sousa-acusa-rui-costa-e-vieira-de-limpar-a-sujeira-associada-a-luisao\/"},"author":{"name":"Telinha","@id":"https:\/\/portaltela.pt\/#\/schema\/person\/c4278d4a6028830caff9ee44b42d32ed"},"headline":"Pedro Sousa acusa Rui Costa e Vieira de limpar a sujeira associada a Luis\u00e3o","datePublished":"2026-02-27T12:30:00+00:00","mainEntityOfPage":{"@id":"https:\/\/portaltela.pt\/noticias\/2026\/02\/27\/pedro-sousa-acusa-rui-costa-e-vieira-de-limpar-a-sujeira-associada-a-luisao\/"},"wordCount":144,"image":{"@id":"https:\/\/portaltela.pt\/noticias\/2026\/02\/27\/pedro-sousa-acusa-rui-costa-e-vieira-de-limpar-a-sujeira-associada-a-luisao\/#primaryimage"},"thumbnailUrl":"https:\/\/portaltela.pt\/s.01k8rhncp4jt1\/2026\/02\/img_1200x721uu2026-02-27-12-28-02-2423930-1.jpg","keywords":["Benfica","desporto","futebol","lideran\u00e7as","Rui Costa","Vieira"],"articleSection":["Desporto","Futebol"],"inLanguage":"pt-PT"},{"@type":"WebPage","@id":"https:\/\/portaltela.pt\/noticias\/2026\/02\/27\/pedro-sousa-acusa-rui-costa-e-vieira-de-limpar-a-sujeira-associada-a-luisao\/","url":"https:\/\/portaltela.pt\/noticias\/2026\/02\/27\/pedro-sousa-acusa-rui-costa-e-vieira-de-limpar-a-sujeira-associada-a-luisao\/","name":"Pedro Sousa acusa Rui Costa e Vieira de limpar a sujeira associada a Luis\u00e3o - Portal Tela Portugal","isPartOf":{"@id":"https:\/\/portaltela.pt\/#website"},"primaryImageOfPage":{"@id":"https:\/\/portaltela.pt\/noticias\/2026\/02\/27\/pedro-sousa-acusa-rui-costa-e-vieira-de-limpar-a-sujeira-associada-a-luisao\/#primaryimage"},"image":{"@id":"https:\/\/portaltela.pt\/noticias\/2026\/02\/27\/pedro-sousa-acusa-rui-costa-e-vieira-de-limpar-a-sujeira-associada-a-luisao\/#primaryimage"},"thumbnailUrl":"https:\/\/portaltela.pt\/s.01k8rhncp4jt1\/2026\/02\/img_1200x721uu2026-02-27-12-28-02-2423930-1.jpg","datePublished":"2026-02-27T12:30:00+00:00","author":{"@id":"https:\/\/portaltela.pt\/#\/schema\/person\/c4278d4a6028830caff9ee44b42d32ed"},"breadcrumb":{"@id":"https:\/\/portaltela.pt\/noticias\/2026\/02\/27\/pedro-sousa-acusa-rui-costa-e-vieira-de-limpar-a-sujeira-associada-a-luisao\/#breadcrumb"},"inLanguage":"pt-PT","potentialAction":[{"@type":"ReadAction","target":["https:\/\/portaltela.pt\/noticias\/2026\/02\/27\/pedro-sousa-acusa-rui-costa-e-vieira-de-limpar-a-sujeira-associada-a-luisao\/"]}]},{"@type":"ImageObject","inLanguage":"pt-PT","@id":"https:\/\/portaltela.pt\/noticias\/2026\/02\/27\/pedro-sousa-acusa-rui-costa-e-vieira-de-limpar-a-sujeira-associada-a-luisao\/#primaryimage","url":"https:\/\/portaltela.pt\/s.01k8rhncp4jt1\/2026\/02\/img_1200x721uu2026-02-27-12-28-02-2423930-1.jpg","contentUrl":"https:\/\/portaltela.pt\/s.01k8rhncp4jt1\/2026\/02\/img_1200x721uu2026-02-27-12-28-02-2423930-1.jpg","width":796,"height":448,"caption":"Pedro Sousa: \u00abSe houve coisa que Rui Costa e Vieira fizeram foi limpar a sujidade que Luis\u00e3o deixou\u00bb"},{"@type":"BreadcrumbList","@id":"https:\/\/portaltela.pt\/noticias\/2026\/02\/27\/pedro-sousa-acusa-rui-costa-e-vieira-de-limpar-a-sujeira-associada-a-luisao\/#breadcrumb","itemListElement":[{"@type":"ListItem","position":1,"name":"In\u00edcio","item":"https:\/\/portaltela.pt\/"},{"@type":"ListItem","position":2,"name":"Pedro Sousa acusa Rui Costa e Vieira de limpar a sujeira associada a Luis\u00e3o"}]},{"@type":"WebSite","@id":"https:\/\/portaltela.pt\/#website","url":"https:\/\/portaltela.pt\/","name":"Portal Tela Portugal","description":"","potentialAction":[{"@type":"SearchAction","target":{"@type":"EntryPoint","urlTemplate":"https:\/\/portaltela.pt\/?s={search_term_string}"},"query-input":{"@type":"PropertyValueSpecification","valueRequired":true,"valueName":"search_term_string"}}],"inLanguage":"pt-PT"},{"@type":"Person","@id":"https:\/\/portaltela.pt\/#\/schema\/person\/c4278d4a6028830caff9ee44b42d32ed","name":"Telinha","image":{"@type":"ImageObject","inLanguage":"pt-PT","@id":"https:\/\/portaltela.pt\/s.01k8rhncp4jt1\/2025\/11\/talking-bot-125x125.png","url":"https:\/\/portaltela.pt\/s.01k8rhncp4jt1\/2025\/11\/talking-bot-125x125.png","contentUrl":"https:\/\/portaltela.pt\/s.01k8rhncp4jt1\/2025\/11\/talking-bot-125x125.png","caption":"Telinha"},"sameAs":["https:\/\/portaltela.pt\/"],"url":"https:\/\/portaltela.pt\/por\/367410592786\/"}]}},"_links":{"self":[{"href":"https:\/\/portaltela.pt\/api\/wp\/v2\/posts\/396467","targetHints":{"allow":["GET"]}}],"collection":[{"href":"https:\/\/portaltela.pt\/api\/wp\/v2\/posts"}],"about":[{"href":"https:\/\/portaltela.pt\/api\/wp\/v2\/types\/post"}],"author":[{"embeddable":true,"href":"https:\/\/portaltela.pt\/api\/wp\/v2\/users\/2"}],"replies":[{"embeddable":true,"href":"https:\/\/portaltela.pt\/api\/wp\/v2\/comments?post=396467"}],"version-history":[{"count":0,"href":"https:\/\/portaltela.pt\/api\/wp\/v2\/posts\/396467\/revisions"}],"wp:featuredmedia":[{"embeddable":true,"href":"https:\/\/portaltela.pt\/api\/wp\/v2\/media\/396471"}],"wp:attachment":[{"href":"https:\/\/portaltela.pt\/api\/wp\/v2\/media?parent=396467"}],"wp:term":[{"taxonomy":"category","embeddable":true,"href":"https:\/\/portaltela.pt\/api\/wp\/v2\/categories?post=396467"},{"taxonomy":"post_tag","embeddable":true,"href":"https:\/\/portaltela.pt\/api\/wp\/v2\/tags?post=396467"}],"curies":[{"name":"wp","href":"https:\/\/api.w.org\/{rel}","templated":true}]}}