{"id":395835,"date":"2026-03-03T12:22:00","date_gmt":"2026-03-03T15:22:00","guid":{"rendered":"https:\/\/portaltela.pt\/noticias\/2026\/03\/03\/gaia-inicia-reparacao-urgente-na-praia-das-pedras-amarelas\/"},"modified":"2026-03-03T12:22:00","modified_gmt":"2026-03-03T15:22:00","slug":"gaia-inicia-reparacao-urgente-na-praia-das-pedras-amarelas","status":"publish","type":"post","link":"https:\/\/portaltela.pt\/noticias\/2026\/03\/03\/gaia-inicia-reparacao-urgente-na-praia-das-pedras-amarelas\/","title":{"rendered":"Gaia inicia repara\u00e7\u00e3o urgente na Praia das Pedras Amarelas"},"content":{"rendered":"<p>A C\u00e2mara de Gaia iniciou nesta ter\u00e7a-feira as obras de repara\u00e7\u00e3o urgentes no passeio junto \u00e0 Praia das Pedras Amarelas, que esteve vedado h\u00e1 mais de um ano devido ao risco de ru\u00edna. O investimento \u00e9 de 75 mil euros e a conclus\u00e3o est\u00e1 prevista para tr\u00eas semanas.<\/p>\n<p>A interven\u00e7\u00e3o foi considerada necess\u00e1ria h\u00e1 seis anos devido a um aluimento na zona, que levou ao atraso de uma solu\u00e7\u00e3o menos imediata. O empreiteiro escolhido promete uma abordagem r\u00e1pida e econ\u00f3mica, com a obra a decorrer em duas a tr\u00eas semanas.<\/p>\n<h3>Financiamento e planeamento<\/h3>\n<p>Foi adjudicada uma opera\u00e7\u00e3o de 75 mil euros, em articula\u00e7\u00e3o com a Ag\u00eancia Portuguesa do Ambiente (APA). O or\u00e7amento total rondava os 590 mil euros, com cerca de 502 mil euros provenientes de fundos comunit\u00e1rios.<\/p>\n<p>A gest\u00e3o dos fundos prev\u00ea: parte da verba ser canalizada para outras obras, como a reabilita\u00e7\u00e3o da ribeira de Santar\u00e9m, que exige interven\u00e7\u00e3o urgente. A a\u00e7\u00e3o permite tamb\u00e9m libertar recursos para uma obra mais cara noutro local.<\/p>\n<p>A interven\u00e7\u00e3o na Praia das Pedras Amarelas dever\u00e1 permitir o avan\u00e7o da conclus\u00e3o da obra na Praia de Lavadores, preparando-se para a \u00e9poca balnear. O processo est\u00e1 alinhado com a APA para a utiliza\u00e7\u00e3o dos restantes fundos.<\/p>\n","protected":false},"excerpt":{"rendered":"<ul>\n<li>A C\u00e2mara de Gaia iniciou obras de repara\u00e7\u00e3o urgentes no passeio junto \u00e0 Praia das Pedras Amarelas, que estava vedado h\u00e1 mais de um ano por risco de ru\u00edna.<\/li>\n<li>O investimento \u00e9 de 75 mil euros, com conclus\u00e3o prevista em tr\u00eas semanas (duas a tr\u00eas, conforme a fonte).<\/li>\n<li>A interven\u00e7\u00e3o decorre em parceria com a Ag\u00eancia Portuguesa do Ambiente, num pacote total de cerca de 590 mil euros, sendo 502 mil proveniente do fundo de coes\u00e3o.<\/li>\n<li>Parte da verba servir\u00e1 para reabilitar a ribeira de Santar\u00e9m, que passa por baixo da Conforama e desagua na Afurada, permitindo poupar recursos p\u00fablicos.<\/li>\n<li>A obra pretende adiantar meses a conclus\u00e3o da interven\u00e7\u00e3o na Praia de Lavadores, para chegar a tempo da \u00e9poca balnear, com articula\u00e7\u00e3o com a APA para o uso dos fundos remanescentes.<\/li>\n<\/ul>\n","protected":false},"author":2,"featured_media":395853,"comment_status":"closed","ping_status":"closed","sticky":false,"template":"","format":"standard","meta":{"footnotes":""},"categories":[1],"tags":[4085,2501,1761,1615,45,2643],"class_list":["post-395835","post","type-post","status-publish","format-standard","has-post-thumbnail","hentry","category-noticias","tag-apa","tag-fundos-europeus","tag-gaia","tag-infraestrutura","tag-meio-ambiente","tag-reabilitacao-urbana"],"yoast_head":"<!-- This site is optimized with the Yoast SEO plugin v27.2 - https:\/\/yoast.com\/product\/yoast-seo-wordpress\/ -->\n<title>Gaia inicia repara\u00e7\u00e3o urgente na Praia das Pedras Amarelas - Portal Tela Portugal<\/title>\n<meta name=\"robots\" content=\"index, follow, max-snippet:-1, max-image-preview:large, max-video-preview:-1\" \/>\n<meta property=\"og:locale\" content=\"pt_PT\" \/>\n<meta property=\"og:type\" content=\"article\" \/>\n<meta property=\"og:title\" content=\"Gaia inicia repara\u00e7\u00e3o urgente na Praia das Pedras Amarelas - Portal Tela Portugal\" \/>\n<meta property=\"og:description\" content=\"A C\u00e2mara de Gaia iniciou obras de repara\u00e7\u00e3o urgentes no passeio junto \u00e0 Praia das Pedras Amarelas, que estava vedado h\u00e1 mais de um ano por risco de ru\u00edna. O investimento \u00e9 de 75 mil euros, com conclus\u00e3o prevista em tr\u00eas semanas (duas a tr\u00eas, conforme a fonte). A interven\u00e7\u00e3o decorre em parceria com a Ag\u00eancia Portuguesa do Ambiente, num pacote total de cerca de 590 mil euros, sendo 502 mil proveniente do fundo de coes\u00e3o. Parte da verba servir\u00e1 para reabilitar a ribeira de Santar\u00e9m, que passa por baixo da Conforama e desagua na Afurada, permitindo poupar recursos p\u00fablicos. A obra pretende adiantar meses a conclus\u00e3o da interven\u00e7\u00e3o na Praia de Lavadores, para chegar a tempo da \u00e9poca balnear, com articula\u00e7\u00e3o com a APA para o uso dos fundos remanescentes.\" \/>\n<meta property=\"og:url\" content=\"https:\/\/portaltela.pt\/noticias\/2026\/03\/03\/gaia-inicia-reparacao-urgente-na-praia-das-pedras-amarelas\/\" \/>\n<meta property=\"og:site_name\" content=\"Portal Tela Portugal\" \/>\n<meta property=\"article:published_time\" content=\"2026-03-03T15:22:00+00:00\" \/>\n<meta name=\"author\" content=\"Telinha\" \/>\n<meta name=\"twitter:card\" content=\"summary_large_image\" \/>\n<meta name=\"twitter:label1\" content=\"Escrito por\" \/>\n\t<meta name=\"twitter:data1\" content=\"Telinha\" \/>\n\t<meta name=\"twitter:label2\" content=\"Tempo estimado de leitura\" \/>\n\t<meta name=\"twitter:data2\" content=\"1 minuto\" \/>\n<script type=\"application\/ld+json\" class=\"yoast-schema-graph\">{\"@context\":\"https:\/\/schema.org\",\"@graph\":[{\"@type\":\"Article\",\"@id\":\"https:\/\/portaltela.pt\/noticias\/2026\/03\/03\/gaia-inicia-reparacao-urgente-na-praia-das-pedras-amarelas\/#article\",\"isPartOf\":{\"@id\":\"https:\/\/portaltela.pt\/noticias\/2026\/03\/03\/gaia-inicia-reparacao-urgente-na-praia-das-pedras-amarelas\/\"},\"author\":{\"name\":\"Telinha\",\"@id\":\"https:\/\/portaltela.pt\/#\/schema\/person\/c4278d4a6028830caff9ee44b42d32ed\"},\"headline\":\"Gaia inicia repara\u00e7\u00e3o urgente na Praia das Pedras Amarelas\",\"datePublished\":\"2026-03-03T15:22:00+00:00\",\"mainEntityOfPage\":{\"@id\":\"https:\/\/portaltela.pt\/noticias\/2026\/03\/03\/gaia-inicia-reparacao-urgente-na-praia-das-pedras-amarelas\/\"},\"wordCount\":233,\"image\":{\"@id\":\"https:\/\/portaltela.pt\/noticias\/2026\/03\/03\/gaia-inicia-reparacao-urgente-na-praia-das-pedras-amarelas\/#primaryimage\"},\"thumbnailUrl\":\"https:\/\/portaltela.pt\/s.01k8rhncp4jt1\/2026\/03\/image-160.jpg\",\"keywords\":[\"APA\",\"Fundos Europeus\",\"Gaia\",\"infraestrutura\",\"meio-ambiente\",\"reabilita\u00e7\u00e3o urbana\"],\"articleSection\":[\"Not\u00edcias\"],\"inLanguage\":\"pt-PT\"},{\"@type\":\"WebPage\",\"@id\":\"https:\/\/portaltela.pt\/noticias\/2026\/03\/03\/gaia-inicia-reparacao-urgente-na-praia-das-pedras-amarelas\/\",\"url\":\"https:\/\/portaltela.pt\/noticias\/2026\/03\/03\/gaia-inicia-reparacao-urgente-na-praia-das-pedras-amarelas\/\",\"name\":\"Gaia inicia repara\u00e7\u00e3o urgente na Praia das Pedras Amarelas - Portal Tela Portugal\",\"isPartOf\":{\"@id\":\"https:\/\/portaltela.pt\/#website\"},\"primaryImageOfPage\":{\"@id\":\"https:\/\/portaltela.pt\/noticias\/2026\/03\/03\/gaia-inicia-reparacao-urgente-na-praia-das-pedras-amarelas\/#primaryimage\"},\"image\":{\"@id\":\"https:\/\/portaltela.pt\/noticias\/2026\/03\/03\/gaia-inicia-reparacao-urgente-na-praia-das-pedras-amarelas\/#primaryimage\"},\"thumbnailUrl\":\"https:\/\/portaltela.pt\/s.01k8rhncp4jt1\/2026\/03\/image-160.jpg\",\"datePublished\":\"2026-03-03T15:22:00+00:00\",\"author\":{\"@id\":\"https:\/\/portaltela.pt\/#\/schema\/person\/c4278d4a6028830caff9ee44b42d32ed\"},\"breadcrumb\":{\"@id\":\"https:\/\/portaltela.pt\/noticias\/2026\/03\/03\/gaia-inicia-reparacao-urgente-na-praia-das-pedras-amarelas\/#breadcrumb\"},\"inLanguage\":\"pt-PT\",\"potentialAction\":[{\"@type\":\"ReadAction\",\"target\":[\"https:\/\/portaltela.pt\/noticias\/2026\/03\/03\/gaia-inicia-reparacao-urgente-na-praia-das-pedras-amarelas\/\"]}]},{\"@type\":\"ImageObject\",\"inLanguage\":\"pt-PT\",\"@id\":\"https:\/\/portaltela.pt\/noticias\/2026\/03\/03\/gaia-inicia-reparacao-urgente-na-praia-das-pedras-amarelas\/#primaryimage\",\"url\":\"https:\/\/portaltela.pt\/s.01k8rhncp4jt1\/2026\/03\/image-160.jpg\",\"contentUrl\":\"https:\/\/portaltela.pt\/s.01k8rhncp4jt1\/2026\/03\/image-160.jpg\",\"width\":796,\"height\":448,\"caption\":\"Obra ficar\u00e1 pronta em tr\u00eas semanas\"},{\"@type\":\"BreadcrumbList\",\"@id\":\"https:\/\/portaltela.pt\/noticias\/2026\/03\/03\/gaia-inicia-reparacao-urgente-na-praia-das-pedras-amarelas\/#breadcrumb\",\"itemListElement\":[{\"@type\":\"ListItem\",\"position\":1,\"name\":\"In\u00edcio\",\"item\":\"https:\/\/portaltela.pt\/\"},{\"@type\":\"ListItem\",\"position\":2,\"name\":\"Gaia inicia repara\u00e7\u00e3o urgente na Praia das Pedras Amarelas\"}]},{\"@type\":\"WebSite\",\"@id\":\"https:\/\/portaltela.pt\/#website\",\"url\":\"https:\/\/portaltela.pt\/\",\"name\":\"Portal Tela Portugal\",\"description\":\"\",\"potentialAction\":[{\"@type\":\"SearchAction\",\"target\":{\"@type\":\"EntryPoint\",\"urlTemplate\":\"https:\/\/portaltela.pt\/?s={search_term_string}\"},\"query-input\":{\"@type\":\"PropertyValueSpecification\",\"valueRequired\":true,\"valueName\":\"search_term_string\"}}],\"inLanguage\":\"pt-PT\"},{\"@type\":\"Person\",\"@id\":\"https:\/\/portaltela.pt\/#\/schema\/person\/c4278d4a6028830caff9ee44b42d32ed\",\"name\":\"Telinha\",\"image\":{\"@type\":\"ImageObject\",\"inLanguage\":\"pt-PT\",\"@id\":\"https:\/\/portaltela.pt\/s.01k8rhncp4jt1\/2025\/11\/talking-bot-125x125.png\",\"url\":\"https:\/\/portaltela.pt\/s.01k8rhncp4jt1\/2025\/11\/talking-bot-125x125.png\",\"contentUrl\":\"https:\/\/portaltela.pt\/s.01k8rhncp4jt1\/2025\/11\/talking-bot-125x125.png\",\"caption\":\"Telinha\"},\"sameAs\":[\"https:\/\/portaltela.pt\/\"],\"url\":\"https:\/\/portaltela.pt\/por\/367410592786\/\"}]}<\/script>\n<!-- \/ Yoast SEO plugin. -->","yoast_head_json":{"title":"Gaia inicia repara\u00e7\u00e3o urgente na Praia das Pedras Amarelas - Portal Tela Portugal","robots":{"index":"index","follow":"follow","max-snippet":"max-snippet:-1","max-image-preview":"max-image-preview:large","max-video-preview":"max-video-preview:-1"},"og_locale":"pt_PT","og_type":"article","og_title":"Gaia inicia repara\u00e7\u00e3o urgente na Praia das Pedras Amarelas - Portal Tela Portugal","og_description":"A C\u00e2mara de Gaia iniciou obras de repara\u00e7\u00e3o urgentes no passeio junto \u00e0 Praia das Pedras Amarelas, que estava vedado h\u00e1 mais de um ano por risco de ru\u00edna. O investimento \u00e9 de 75 mil euros, com conclus\u00e3o prevista em tr\u00eas semanas (duas a tr\u00eas, conforme a fonte). A interven\u00e7\u00e3o decorre em parceria com a Ag\u00eancia Portuguesa do Ambiente, num pacote total de cerca de 590 mil euros, sendo 502 mil proveniente do fundo de coes\u00e3o. Parte da verba servir\u00e1 para reabilitar a ribeira de Santar\u00e9m, que passa por baixo da Conforama e desagua na Afurada, permitindo poupar recursos p\u00fablicos. A obra pretende adiantar meses a conclus\u00e3o da interven\u00e7\u00e3o na Praia de Lavadores, para chegar a tempo da \u00e9poca balnear, com articula\u00e7\u00e3o com a APA para o uso dos fundos remanescentes.","og_url":"https:\/\/portaltela.pt\/noticias\/2026\/03\/03\/gaia-inicia-reparacao-urgente-na-praia-das-pedras-amarelas\/","og_site_name":"Portal Tela Portugal","article_published_time":"2026-03-03T15:22:00+00:00","author":"Telinha","twitter_card":"summary_large_image","twitter_misc":{"Escrito por":"Telinha","Tempo estimado de leitura":"1 minuto"},"schema":{"@context":"https:\/\/schema.org","@graph":[{"@type":"Article","@id":"https:\/\/portaltela.pt\/noticias\/2026\/03\/03\/gaia-inicia-reparacao-urgente-na-praia-das-pedras-amarelas\/#article","isPartOf":{"@id":"https:\/\/portaltela.pt\/noticias\/2026\/03\/03\/gaia-inicia-reparacao-urgente-na-praia-das-pedras-amarelas\/"},"author":{"name":"Telinha","@id":"https:\/\/portaltela.pt\/#\/schema\/person\/c4278d4a6028830caff9ee44b42d32ed"},"headline":"Gaia inicia repara\u00e7\u00e3o urgente na Praia das Pedras Amarelas","datePublished":"2026-03-03T15:22:00+00:00","mainEntityOfPage":{"@id":"https:\/\/portaltela.pt\/noticias\/2026\/03\/03\/gaia-inicia-reparacao-urgente-na-praia-das-pedras-amarelas\/"},"wordCount":233,"image":{"@id":"https:\/\/portaltela.pt\/noticias\/2026\/03\/03\/gaia-inicia-reparacao-urgente-na-praia-das-pedras-amarelas\/#primaryimage"},"thumbnailUrl":"https:\/\/portaltela.pt\/s.01k8rhncp4jt1\/2026\/03\/image-160.jpg","keywords":["APA","Fundos Europeus","Gaia","infraestrutura","meio-ambiente","reabilita\u00e7\u00e3o urbana"],"articleSection":["Not\u00edcias"],"inLanguage":"pt-PT"},{"@type":"WebPage","@id":"https:\/\/portaltela.pt\/noticias\/2026\/03\/03\/gaia-inicia-reparacao-urgente-na-praia-das-pedras-amarelas\/","url":"https:\/\/portaltela.pt\/noticias\/2026\/03\/03\/gaia-inicia-reparacao-urgente-na-praia-das-pedras-amarelas\/","name":"Gaia inicia repara\u00e7\u00e3o urgente na Praia das Pedras Amarelas - Portal Tela Portugal","isPartOf":{"@id":"https:\/\/portaltela.pt\/#website"},"primaryImageOfPage":{"@id":"https:\/\/portaltela.pt\/noticias\/2026\/03\/03\/gaia-inicia-reparacao-urgente-na-praia-das-pedras-amarelas\/#primaryimage"},"image":{"@id":"https:\/\/portaltela.pt\/noticias\/2026\/03\/03\/gaia-inicia-reparacao-urgente-na-praia-das-pedras-amarelas\/#primaryimage"},"thumbnailUrl":"https:\/\/portaltela.pt\/s.01k8rhncp4jt1\/2026\/03\/image-160.jpg","datePublished":"2026-03-03T15:22:00+00:00","author":{"@id":"https:\/\/portaltela.pt\/#\/schema\/person\/c4278d4a6028830caff9ee44b42d32ed"},"breadcrumb":{"@id":"https:\/\/portaltela.pt\/noticias\/2026\/03\/03\/gaia-inicia-reparacao-urgente-na-praia-das-pedras-amarelas\/#breadcrumb"},"inLanguage":"pt-PT","potentialAction":[{"@type":"ReadAction","target":["https:\/\/portaltela.pt\/noticias\/2026\/03\/03\/gaia-inicia-reparacao-urgente-na-praia-das-pedras-amarelas\/"]}]},{"@type":"ImageObject","inLanguage":"pt-PT","@id":"https:\/\/portaltela.pt\/noticias\/2026\/03\/03\/gaia-inicia-reparacao-urgente-na-praia-das-pedras-amarelas\/#primaryimage","url":"https:\/\/portaltela.pt\/s.01k8rhncp4jt1\/2026\/03\/image-160.jpg","contentUrl":"https:\/\/portaltela.pt\/s.01k8rhncp4jt1\/2026\/03\/image-160.jpg","width":796,"height":448,"caption":"Obra ficar\u00e1 pronta em tr\u00eas semanas"},{"@type":"BreadcrumbList","@id":"https:\/\/portaltela.pt\/noticias\/2026\/03\/03\/gaia-inicia-reparacao-urgente-na-praia-das-pedras-amarelas\/#breadcrumb","itemListElement":[{"@type":"ListItem","position":1,"name":"In\u00edcio","item":"https:\/\/portaltela.pt\/"},{"@type":"ListItem","position":2,"name":"Gaia inicia repara\u00e7\u00e3o urgente na Praia das Pedras Amarelas"}]},{"@type":"WebSite","@id":"https:\/\/portaltela.pt\/#website","url":"https:\/\/portaltela.pt\/","name":"Portal Tela Portugal","description":"","potentialAction":[{"@type":"SearchAction","target":{"@type":"EntryPoint","urlTemplate":"https:\/\/portaltela.pt\/?s={search_term_string}"},"query-input":{"@type":"PropertyValueSpecification","valueRequired":true,"valueName":"search_term_string"}}],"inLanguage":"pt-PT"},{"@type":"Person","@id":"https:\/\/portaltela.pt\/#\/schema\/person\/c4278d4a6028830caff9ee44b42d32ed","name":"Telinha","image":{"@type":"ImageObject","inLanguage":"pt-PT","@id":"https:\/\/portaltela.pt\/s.01k8rhncp4jt1\/2025\/11\/talking-bot-125x125.png","url":"https:\/\/portaltela.pt\/s.01k8rhncp4jt1\/2025\/11\/talking-bot-125x125.png","contentUrl":"https:\/\/portaltela.pt\/s.01k8rhncp4jt1\/2025\/11\/talking-bot-125x125.png","caption":"Telinha"},"sameAs":["https:\/\/portaltela.pt\/"],"url":"https:\/\/portaltela.pt\/por\/367410592786\/"}]}},"_links":{"self":[{"href":"https:\/\/portaltela.pt\/api\/wp\/v2\/posts\/395835","targetHints":{"allow":["GET"]}}],"collection":[{"href":"https:\/\/portaltela.pt\/api\/wp\/v2\/posts"}],"about":[{"href":"https:\/\/portaltela.pt\/api\/wp\/v2\/types\/post"}],"author":[{"embeddable":true,"href":"https:\/\/portaltela.pt\/api\/wp\/v2\/users\/2"}],"replies":[{"embeddable":true,"href":"https:\/\/portaltela.pt\/api\/wp\/v2\/comments?post=395835"}],"version-history":[{"count":0,"href":"https:\/\/portaltela.pt\/api\/wp\/v2\/posts\/395835\/revisions"}],"wp:featuredmedia":[{"embeddable":true,"href":"https:\/\/portaltela.pt\/api\/wp\/v2\/media\/395853"}],"wp:attachment":[{"href":"https:\/\/portaltela.pt\/api\/wp\/v2\/media?parent=395835"}],"wp:term":[{"taxonomy":"category","embeddable":true,"href":"https:\/\/portaltela.pt\/api\/wp\/v2\/categories?post=395835"},{"taxonomy":"post_tag","embeddable":true,"href":"https:\/\/portaltela.pt\/api\/wp\/v2\/tags?post=395835"}],"curies":[{"name":"wp","href":"https:\/\/api.w.org\/{rel}","templated":true}]}}