{"id":395111,"date":"2026-03-02T22:30:00","date_gmt":"2026-03-03T01:30:00","guid":{"rendered":"https:\/\/portaltela.pt\/noticias\/2026\/03\/02\/gestores-publicos-das-ccdr-custam-17-milhoes-de-euros\/"},"modified":"2026-03-02T22:30:00","modified_gmt":"2026-03-03T01:30:00","slug":"gestores-publicos-das-ccdr-custam-17-milhoes-de-euros","status":"publish","type":"post","link":"https:\/\/portaltela.pt\/noticias\/2026\/03\/02\/gestores-publicos-das-ccdr-custam-17-milhoes-de-euros\/","title":{"rendered":"Gestores p\u00fablicos das CCDR custam 17 milh\u00f5es de euros"},"content":{"rendered":"<p>Os governos regionais, atrav\u00e9s das CCDR, v\u00e3o ter 37 gestores p\u00fablicos a custar quase 17 milh\u00f5es de euros ao longo do mandato de quatro anos. O montante cobre sal\u00e1rios e despesas de representa\u00e7\u00e3o.<\/p>\n<p>Entre os 37 gestores, destacam-se 32 vice-presidentes. Foram nomeados pelo primeiro-ministro, Lu\u00eds Montenegro, na passada sexta-feira, para acompanhar os cinco presidentes de cada CCDR.<\/p>\n<p>A decis\u00e3o fixa o quadro de gest\u00e3o das cinco comiss\u00f5es de coordena\u00e7\u00e3o e desenvolvimento regional. O objetivo \u00e9 definir a equipa dirigente respons\u00e1vel pela coordena\u00e7\u00e3o regional e financiamento de projetos.<\/p>\n<p>Segundo fontes oficiais, o montante pedido cobre vencimentos e despesas necess\u00e1rias ao funcionamento das CCDR, incluindo viagens, representa\u00e7\u00e3o institucional e despesa operacional. A evolu\u00e7\u00e3o salarial \u00e9 pertinente para acompanhar a gest\u00e3o regional.<\/p>\n","protected":false},"excerpt":{"rendered":"<ul>\n<li>As cinco comiss\u00f5es de coordena\u00e7\u00e3o e desenvolvimento regional (CCDR) contam com trinta e sete gestores p\u00fablicos.<\/li>\n<li>Durante o mandato de quatro anos, esses gestores v\u00e3o auferir sal\u00e1rios e despesas de representa\u00e7\u00e3o que somam quase dezassete milh\u00f5es de euros.<\/li>\n<li>Desses trinta e sete gestores, trinta e dois s\u00e3o vice-presidentes das CCDR.<\/li>\n<li>Os trinta e dois vice-presidentes foram nomeados na sexta-feira pelo primeiro-ministro, Lu\u00eds Montenegro.<\/li>\n<li>Existem ainda cinco presidentes das CCDR, totalizando o grupo de gestores p\u00fablicos.<\/li>\n<\/ul>\n","protected":false},"author":2,"featured_media":395120,"comment_status":"closed","ping_status":"closed","sticky":false,"template":"","format":"standard","meta":{"footnotes":""},"categories":[1],"tags":[168,5387,1275,155,2415,6000],"class_list":["post-395111","post","type-post","status-publish","format-standard","has-post-thumbnail","hentry","category-noticias","tag-administracao-publica","tag-ccdr-centro","tag-descentralizacao-territorial","tag-despesas","tag-gestao","tag-orcamento"],"yoast_head":"<!-- This site is optimized with the Yoast SEO plugin v27.2 - https:\/\/yoast.com\/product\/yoast-seo-wordpress\/ -->\n<title>Gestores p\u00fablicos das CCDR custam 17 milh\u00f5es de euros - Portal Tela Portugal<\/title>\n<meta name=\"robots\" content=\"index, follow, max-snippet:-1, max-image-preview:large, max-video-preview:-1\" \/>\n<meta property=\"og:locale\" content=\"pt_PT\" \/>\n<meta property=\"og:type\" content=\"article\" \/>\n<meta property=\"og:title\" content=\"Gestores p\u00fablicos das CCDR custam 17 milh\u00f5es de euros - Portal Tela Portugal\" \/>\n<meta property=\"og:description\" content=\"As cinco comiss\u00f5es de coordena\u00e7\u00e3o e desenvolvimento regional (CCDR) contam com trinta e sete gestores p\u00fablicos. Durante o mandato de quatro anos, esses gestores v\u00e3o auferir sal\u00e1rios e despesas de representa\u00e7\u00e3o que somam quase dezassete milh\u00f5es de euros. Desses trinta e sete gestores, trinta e dois s\u00e3o vice-presidentes das CCDR. Os trinta e dois vice-presidentes foram nomeados na sexta-feira pelo primeiro-ministro, Lu\u00eds Montenegro. Existem ainda cinco presidentes das CCDR, totalizando o grupo de gestores p\u00fablicos.\" \/>\n<meta property=\"og:url\" content=\"https:\/\/portaltela.pt\/noticias\/2026\/03\/02\/gestores-publicos-das-ccdr-custam-17-milhoes-de-euros\/\" \/>\n<meta property=\"og:site_name\" content=\"Portal Tela Portugal\" \/>\n<meta property=\"article:published_time\" content=\"2026-03-03T01:30:00+00:00\" \/>\n<meta name=\"author\" content=\"Telinha\" \/>\n<meta name=\"twitter:card\" content=\"summary_large_image\" \/>\n<meta name=\"twitter:label1\" content=\"Escrito por\" \/>\n\t<meta name=\"twitter:data1\" content=\"Telinha\" \/>\n\t<meta name=\"twitter:label2\" content=\"Tempo estimado de leitura\" \/>\n\t<meta name=\"twitter:data2\" content=\"1 minuto\" \/>\n<script type=\"application\/ld+json\" class=\"yoast-schema-graph\">{\"@context\":\"https:\/\/schema.org\",\"@graph\":[{\"@type\":\"Article\",\"@id\":\"https:\/\/portaltela.pt\/noticias\/2026\/03\/02\/gestores-publicos-das-ccdr-custam-17-milhoes-de-euros\/#article\",\"isPartOf\":{\"@id\":\"https:\/\/portaltela.pt\/noticias\/2026\/03\/02\/gestores-publicos-das-ccdr-custam-17-milhoes-de-euros\/\"},\"author\":{\"name\":\"Telinha\",\"@id\":\"https:\/\/portaltela.pt\/#\/schema\/person\/c4278d4a6028830caff9ee44b42d32ed\"},\"headline\":\"Gestores p\u00fablicos das CCDR custam 17 milh\u00f5es de euros\",\"datePublished\":\"2026-03-03T01:30:00+00:00\",\"mainEntityOfPage\":{\"@id\":\"https:\/\/portaltela.pt\/noticias\/2026\/03\/02\/gestores-publicos-das-ccdr-custam-17-milhoes-de-euros\/\"},\"wordCount\":140,\"image\":{\"@id\":\"https:\/\/portaltela.pt\/noticias\/2026\/03\/02\/gestores-publicos-das-ccdr-custam-17-milhoes-de-euros\/#primaryimage\"},\"thumbnailUrl\":\"https:\/\/portaltela.pt\/s.01k8rhncp4jt1\/2026\/03\/img_1500x1000uu2026-02-20-17-03-57-2267975.jpg\",\"keywords\":[\"administra\u00e7\u00e3o p\u00fablica\",\"CCDR Centro\",\"descentraliza\u00e7\u00e3o territorial\",\"despesas\",\"gest\u00e3o\",\"or\u00e7amento\"],\"articleSection\":[\"Not\u00edcias\"],\"inLanguage\":\"pt-PT\"},{\"@type\":\"WebPage\",\"@id\":\"https:\/\/portaltela.pt\/noticias\/2026\/03\/02\/gestores-publicos-das-ccdr-custam-17-milhoes-de-euros\/\",\"url\":\"https:\/\/portaltela.pt\/noticias\/2026\/03\/02\/gestores-publicos-das-ccdr-custam-17-milhoes-de-euros\/\",\"name\":\"Gestores p\u00fablicos das CCDR custam 17 milh\u00f5es de euros - Portal Tela Portugal\",\"isPartOf\":{\"@id\":\"https:\/\/portaltela.pt\/#website\"},\"primaryImageOfPage\":{\"@id\":\"https:\/\/portaltela.pt\/noticias\/2026\/03\/02\/gestores-publicos-das-ccdr-custam-17-milhoes-de-euros\/#primaryimage\"},\"image\":{\"@id\":\"https:\/\/portaltela.pt\/noticias\/2026\/03\/02\/gestores-publicos-das-ccdr-custam-17-milhoes-de-euros\/#primaryimage\"},\"thumbnailUrl\":\"https:\/\/portaltela.pt\/s.01k8rhncp4jt1\/2026\/03\/img_1500x1000uu2026-02-20-17-03-57-2267975.jpg\",\"datePublished\":\"2026-03-03T01:30:00+00:00\",\"author\":{\"@id\":\"https:\/\/portaltela.pt\/#\/schema\/person\/c4278d4a6028830caff9ee44b42d32ed\"},\"breadcrumb\":{\"@id\":\"https:\/\/portaltela.pt\/noticias\/2026\/03\/02\/gestores-publicos-das-ccdr-custam-17-milhoes-de-euros\/#breadcrumb\"},\"inLanguage\":\"pt-PT\",\"potentialAction\":[{\"@type\":\"ReadAction\",\"target\":[\"https:\/\/portaltela.pt\/noticias\/2026\/03\/02\/gestores-publicos-das-ccdr-custam-17-milhoes-de-euros\/\"]}]},{\"@type\":\"ImageObject\",\"inLanguage\":\"pt-PT\",\"@id\":\"https:\/\/portaltela.pt\/noticias\/2026\/03\/02\/gestores-publicos-das-ccdr-custam-17-milhoes-de-euros\/#primaryimage\",\"url\":\"https:\/\/portaltela.pt\/s.01k8rhncp4jt1\/2026\/03\/img_1500x1000uu2026-02-20-17-03-57-2267975.jpg\",\"contentUrl\":\"https:\/\/portaltela.pt\/s.01k8rhncp4jt1\/2026\/03\/img_1500x1000uu2026-02-20-17-03-57-2267975.jpg\",\"width\":796,\"height\":448,\"caption\":\"Lu\u00eds Montenegro, primeiro-ministro, nomeou 32 vice-presidentes das CCDR na \u00faltima sexta-feira\"},{\"@type\":\"BreadcrumbList\",\"@id\":\"https:\/\/portaltela.pt\/noticias\/2026\/03\/02\/gestores-publicos-das-ccdr-custam-17-milhoes-de-euros\/#breadcrumb\",\"itemListElement\":[{\"@type\":\"ListItem\",\"position\":1,\"name\":\"In\u00edcio\",\"item\":\"https:\/\/portaltela.pt\/\"},{\"@type\":\"ListItem\",\"position\":2,\"name\":\"Gestores p\u00fablicos das CCDR custam 17 milh\u00f5es de euros\"}]},{\"@type\":\"WebSite\",\"@id\":\"https:\/\/portaltela.pt\/#website\",\"url\":\"https:\/\/portaltela.pt\/\",\"name\":\"Portal Tela Portugal\",\"description\":\"\",\"potentialAction\":[{\"@type\":\"SearchAction\",\"target\":{\"@type\":\"EntryPoint\",\"urlTemplate\":\"https:\/\/portaltela.pt\/?s={search_term_string}\"},\"query-input\":{\"@type\":\"PropertyValueSpecification\",\"valueRequired\":true,\"valueName\":\"search_term_string\"}}],\"inLanguage\":\"pt-PT\"},{\"@type\":\"Person\",\"@id\":\"https:\/\/portaltela.pt\/#\/schema\/person\/c4278d4a6028830caff9ee44b42d32ed\",\"name\":\"Telinha\",\"image\":{\"@type\":\"ImageObject\",\"inLanguage\":\"pt-PT\",\"@id\":\"https:\/\/portaltela.pt\/s.01k8rhncp4jt1\/2025\/11\/talking-bot-125x125.png\",\"url\":\"https:\/\/portaltela.pt\/s.01k8rhncp4jt1\/2025\/11\/talking-bot-125x125.png\",\"contentUrl\":\"https:\/\/portaltela.pt\/s.01k8rhncp4jt1\/2025\/11\/talking-bot-125x125.png\",\"caption\":\"Telinha\"},\"sameAs\":[\"https:\/\/portaltela.pt\/\"],\"url\":\"https:\/\/portaltela.pt\/por\/367410592786\/\"}]}<\/script>\n<!-- \/ Yoast SEO plugin. -->","yoast_head_json":{"title":"Gestores p\u00fablicos das CCDR custam 17 milh\u00f5es de euros - Portal Tela Portugal","robots":{"index":"index","follow":"follow","max-snippet":"max-snippet:-1","max-image-preview":"max-image-preview:large","max-video-preview":"max-video-preview:-1"},"og_locale":"pt_PT","og_type":"article","og_title":"Gestores p\u00fablicos das CCDR custam 17 milh\u00f5es de euros - Portal Tela Portugal","og_description":"As cinco comiss\u00f5es de coordena\u00e7\u00e3o e desenvolvimento regional (CCDR) contam com trinta e sete gestores p\u00fablicos. Durante o mandato de quatro anos, esses gestores v\u00e3o auferir sal\u00e1rios e despesas de representa\u00e7\u00e3o que somam quase dezassete milh\u00f5es de euros. Desses trinta e sete gestores, trinta e dois s\u00e3o vice-presidentes das CCDR. Os trinta e dois vice-presidentes foram nomeados na sexta-feira pelo primeiro-ministro, Lu\u00eds Montenegro. Existem ainda cinco presidentes das CCDR, totalizando o grupo de gestores p\u00fablicos.","og_url":"https:\/\/portaltela.pt\/noticias\/2026\/03\/02\/gestores-publicos-das-ccdr-custam-17-milhoes-de-euros\/","og_site_name":"Portal Tela Portugal","article_published_time":"2026-03-03T01:30:00+00:00","author":"Telinha","twitter_card":"summary_large_image","twitter_misc":{"Escrito por":"Telinha","Tempo estimado de leitura":"1 minuto"},"schema":{"@context":"https:\/\/schema.org","@graph":[{"@type":"Article","@id":"https:\/\/portaltela.pt\/noticias\/2026\/03\/02\/gestores-publicos-das-ccdr-custam-17-milhoes-de-euros\/#article","isPartOf":{"@id":"https:\/\/portaltela.pt\/noticias\/2026\/03\/02\/gestores-publicos-das-ccdr-custam-17-milhoes-de-euros\/"},"author":{"name":"Telinha","@id":"https:\/\/portaltela.pt\/#\/schema\/person\/c4278d4a6028830caff9ee44b42d32ed"},"headline":"Gestores p\u00fablicos das CCDR custam 17 milh\u00f5es de euros","datePublished":"2026-03-03T01:30:00+00:00","mainEntityOfPage":{"@id":"https:\/\/portaltela.pt\/noticias\/2026\/03\/02\/gestores-publicos-das-ccdr-custam-17-milhoes-de-euros\/"},"wordCount":140,"image":{"@id":"https:\/\/portaltela.pt\/noticias\/2026\/03\/02\/gestores-publicos-das-ccdr-custam-17-milhoes-de-euros\/#primaryimage"},"thumbnailUrl":"https:\/\/portaltela.pt\/s.01k8rhncp4jt1\/2026\/03\/img_1500x1000uu2026-02-20-17-03-57-2267975.jpg","keywords":["administra\u00e7\u00e3o p\u00fablica","CCDR Centro","descentraliza\u00e7\u00e3o territorial","despesas","gest\u00e3o","or\u00e7amento"],"articleSection":["Not\u00edcias"],"inLanguage":"pt-PT"},{"@type":"WebPage","@id":"https:\/\/portaltela.pt\/noticias\/2026\/03\/02\/gestores-publicos-das-ccdr-custam-17-milhoes-de-euros\/","url":"https:\/\/portaltela.pt\/noticias\/2026\/03\/02\/gestores-publicos-das-ccdr-custam-17-milhoes-de-euros\/","name":"Gestores p\u00fablicos das CCDR custam 17 milh\u00f5es de euros - Portal Tela Portugal","isPartOf":{"@id":"https:\/\/portaltela.pt\/#website"},"primaryImageOfPage":{"@id":"https:\/\/portaltela.pt\/noticias\/2026\/03\/02\/gestores-publicos-das-ccdr-custam-17-milhoes-de-euros\/#primaryimage"},"image":{"@id":"https:\/\/portaltela.pt\/noticias\/2026\/03\/02\/gestores-publicos-das-ccdr-custam-17-milhoes-de-euros\/#primaryimage"},"thumbnailUrl":"https:\/\/portaltela.pt\/s.01k8rhncp4jt1\/2026\/03\/img_1500x1000uu2026-02-20-17-03-57-2267975.jpg","datePublished":"2026-03-03T01:30:00+00:00","author":{"@id":"https:\/\/portaltela.pt\/#\/schema\/person\/c4278d4a6028830caff9ee44b42d32ed"},"breadcrumb":{"@id":"https:\/\/portaltela.pt\/noticias\/2026\/03\/02\/gestores-publicos-das-ccdr-custam-17-milhoes-de-euros\/#breadcrumb"},"inLanguage":"pt-PT","potentialAction":[{"@type":"ReadAction","target":["https:\/\/portaltela.pt\/noticias\/2026\/03\/02\/gestores-publicos-das-ccdr-custam-17-milhoes-de-euros\/"]}]},{"@type":"ImageObject","inLanguage":"pt-PT","@id":"https:\/\/portaltela.pt\/noticias\/2026\/03\/02\/gestores-publicos-das-ccdr-custam-17-milhoes-de-euros\/#primaryimage","url":"https:\/\/portaltela.pt\/s.01k8rhncp4jt1\/2026\/03\/img_1500x1000uu2026-02-20-17-03-57-2267975.jpg","contentUrl":"https:\/\/portaltela.pt\/s.01k8rhncp4jt1\/2026\/03\/img_1500x1000uu2026-02-20-17-03-57-2267975.jpg","width":796,"height":448,"caption":"Lu\u00eds Montenegro, primeiro-ministro, nomeou 32 vice-presidentes das CCDR na \u00faltima sexta-feira"},{"@type":"BreadcrumbList","@id":"https:\/\/portaltela.pt\/noticias\/2026\/03\/02\/gestores-publicos-das-ccdr-custam-17-milhoes-de-euros\/#breadcrumb","itemListElement":[{"@type":"ListItem","position":1,"name":"In\u00edcio","item":"https:\/\/portaltela.pt\/"},{"@type":"ListItem","position":2,"name":"Gestores p\u00fablicos das CCDR custam 17 milh\u00f5es de euros"}]},{"@type":"WebSite","@id":"https:\/\/portaltela.pt\/#website","url":"https:\/\/portaltela.pt\/","name":"Portal Tela Portugal","description":"","potentialAction":[{"@type":"SearchAction","target":{"@type":"EntryPoint","urlTemplate":"https:\/\/portaltela.pt\/?s={search_term_string}"},"query-input":{"@type":"PropertyValueSpecification","valueRequired":true,"valueName":"search_term_string"}}],"inLanguage":"pt-PT"},{"@type":"Person","@id":"https:\/\/portaltela.pt\/#\/schema\/person\/c4278d4a6028830caff9ee44b42d32ed","name":"Telinha","image":{"@type":"ImageObject","inLanguage":"pt-PT","@id":"https:\/\/portaltela.pt\/s.01k8rhncp4jt1\/2025\/11\/talking-bot-125x125.png","url":"https:\/\/portaltela.pt\/s.01k8rhncp4jt1\/2025\/11\/talking-bot-125x125.png","contentUrl":"https:\/\/portaltela.pt\/s.01k8rhncp4jt1\/2025\/11\/talking-bot-125x125.png","caption":"Telinha"},"sameAs":["https:\/\/portaltela.pt\/"],"url":"https:\/\/portaltela.pt\/por\/367410592786\/"}]}},"_links":{"self":[{"href":"https:\/\/portaltela.pt\/api\/wp\/v2\/posts\/395111","targetHints":{"allow":["GET"]}}],"collection":[{"href":"https:\/\/portaltela.pt\/api\/wp\/v2\/posts"}],"about":[{"href":"https:\/\/portaltela.pt\/api\/wp\/v2\/types\/post"}],"author":[{"embeddable":true,"href":"https:\/\/portaltela.pt\/api\/wp\/v2\/users\/2"}],"replies":[{"embeddable":true,"href":"https:\/\/portaltela.pt\/api\/wp\/v2\/comments?post=395111"}],"version-history":[{"count":0,"href":"https:\/\/portaltela.pt\/api\/wp\/v2\/posts\/395111\/revisions"}],"wp:featuredmedia":[{"embeddable":true,"href":"https:\/\/portaltela.pt\/api\/wp\/v2\/media\/395120"}],"wp:attachment":[{"href":"https:\/\/portaltela.pt\/api\/wp\/v2\/media?parent=395111"}],"wp:term":[{"taxonomy":"category","embeddable":true,"href":"https:\/\/portaltela.pt\/api\/wp\/v2\/categories?post=395111"},{"taxonomy":"post_tag","embeddable":true,"href":"https:\/\/portaltela.pt\/api\/wp\/v2\/tags?post=395111"}],"curies":[{"name":"wp","href":"https:\/\/api.w.org\/{rel}","templated":true}]}}