{"id":395103,"date":"2026-03-02T22:30:00","date_gmt":"2026-03-03T01:30:00","guid":{"rendered":"https:\/\/portaltela.pt\/noticias\/2026\/03\/02\/deputado-do-chega-nega-violencia-domestica-e-alegacao-de-relacao-com-a-vitima\/"},"modified":"2026-03-02T22:30:00","modified_gmt":"2026-03-03T01:30:00","slug":"deputado-do-chega-nega-violencia-domestica-e-alegacao-de-relacao-com-a-vitima","status":"publish","type":"post","link":"https:\/\/portaltela.pt\/noticias\/politica\/2026\/03\/02\/deputado-do-chega-nega-violencia-domestica-e-alegacao-de-relacao-com-a-vitima\/","title":{"rendered":"Deputado do Chega nega viol\u00eancia dom\u00e9stica e alega\u00e7\u00e3o de rela\u00e7\u00e3o com a v\u00edtima"},"content":{"rendered":"<p>Ant\u00f3nio Lob\u00e3o, de 75 anos, deputado da assembleia municipal de Serpa pelo Chega, \u00e9 acusado de ofensas \u00e0 integridade f\u00edsica por uma mulher de 58 anos, tamb\u00e9m militante do mesmo partido. A acusa\u00e7\u00e3o surge ap\u00f3s a mulher alegar ter sido agredida quando tentava abandonar a casa onde viviam h\u00e1 meses. A GNR foi acionada pela v\u00edtima, que tamb\u00e9m disse ter sido amea\u00e7a com uma navalha.<\/p>\n<p>A v\u00edtima foi assistida na urg\u00eancia do Hospital de Serpa, onde relatou as agress\u00f5es e as ofensas. O relat\u00f3rio cl\u00ednico descreve escoria\u00e7\u00f5es, uma n\u00f3doa negra nas m\u00e3os e queixas de dor de cabe\u00e7a e no ombro. A mulher confirmou \u00e0 imprensa as alega\u00e7\u00f5es e descreveu a situa\u00e7\u00e3o vivida no domic\u00edlio.<\/p>\n<p>Ant\u00f3nio Lob\u00e3o, por seu lado, afirma que as acusa\u00e7\u00f5es s\u00e3o falsas e que n\u00e3o existe qualquer rela\u00e7\u00e3o amorosa entre as partes. O pol\u00edtico mant\u00e9m a posi\u00e7\u00e3o de nega\u00e7\u00e3o das acusa\u00e7\u00f5es apresentadas.<\/p>\n<h3>Vers\u00f5es em conflito<\/h3>\n<p>As partes apresentaram vers\u00f5es opostas \u00e0 GNR, com o registo de queixas de ambas as partes. O caso encontra-se a ser acompanhado pelas autoridades competentes, sem conclus\u00e3o p\u00fablica at\u00e9 ao momento.<\/p>\n","protected":false},"excerpt":{"rendered":"<ul>\n<li>Ant\u00f3nio Lob\u00e3o, de 75 anos, \u00e9 deputado na assembleia municipal de Serpa pelo Chega e \u00e9 acusado de ofensas \u00e0 integridade f\u00edsica por uma mulher de 58 anos, tamb\u00e9m militante do partido.<\/li>\n<li>A mulher diz ter sido agredida quando tentava abandonar a casa onde vivia h\u00e1 alguns meses e afirma ter sido amea\u00e7ada com uma navalha.<\/li>\n<li>A denunciante recorreu \u00e0 GNR e foi assistida na urg\u00eancia do Hospital de Serpa, com relato de escoria\u00e7\u00f5es, n\u00f3doa negra nas m\u00e3os e dores reportadas.<\/li>\n<li>Existem queixas na GNR de ambas as partes, segundo o que foi divulgado.<\/li>\n<li>Ant\u00f3nio Lob\u00e3o rejeita as acusa\u00e7\u00f5es, garante que n\u00e3o existe uma rela\u00e7\u00e3o amorosa e afirma que as alega\u00e7\u00f5es s\u00e3o falsas.<\/li>\n<\/ul>\n","protected":false},"author":2,"featured_media":395109,"comment_status":"closed","ping_status":"closed","sticky":false,"template":"","format":"standard","meta":{"footnotes":""},"categories":[1,5],"tags":[4197,2142,2832,3120,939,214],"class_list":["post-395103","post","type-post","status-publish","format-standard","has-post-thumbnail","hentry","category-noticias","category-politica","tag-acusacao-crime","tag-chega","tag-politica","tag-serpa","tag-violencia","tag-violencia-domestica"],"yoast_head":"<!-- This site is optimized with the Yoast SEO plugin v27.2 - https:\/\/yoast.com\/product\/yoast-seo-wordpress\/ -->\n<title>Deputado do Chega nega viol\u00eancia dom\u00e9stica e alega\u00e7\u00e3o de rela\u00e7\u00e3o com a v\u00edtima - Portal Tela Portugal<\/title>\n<meta name=\"robots\" content=\"index, follow, max-snippet:-1, max-image-preview:large, max-video-preview:-1\" \/>\n<meta property=\"og:locale\" content=\"pt_PT\" \/>\n<meta property=\"og:type\" content=\"article\" \/>\n<meta property=\"og:title\" content=\"Deputado do Chega nega viol\u00eancia dom\u00e9stica e alega\u00e7\u00e3o de rela\u00e7\u00e3o com a v\u00edtima - Portal Tela Portugal\" \/>\n<meta property=\"og:description\" content=\"Ant\u00f3nio Lob\u00e3o, de 75 anos, \u00e9 deputado na assembleia municipal de Serpa pelo Chega e \u00e9 acusado de ofensas \u00e0 integridade f\u00edsica por uma mulher de 58 anos, tamb\u00e9m militante do partido. A mulher diz ter sido agredida quando tentava abandonar a casa onde vivia h\u00e1 alguns meses e afirma ter sido amea\u00e7ada com uma navalha. A denunciante recorreu \u00e0 GNR e foi assistida na urg\u00eancia do Hospital de Serpa, com relato de escoria\u00e7\u00f5es, n\u00f3doa negra nas m\u00e3os e dores reportadas. Existem queixas na GNR de ambas as partes, segundo o que foi divulgado. Ant\u00f3nio Lob\u00e3o rejeita as acusa\u00e7\u00f5es, garante que n\u00e3o existe uma rela\u00e7\u00e3o amorosa e afirma que as alega\u00e7\u00f5es s\u00e3o falsas.\" \/>\n<meta property=\"og:url\" content=\"https:\/\/portaltela.pt\/noticias\/2026\/03\/02\/deputado-do-chega-nega-violencia-domestica-e-alegacao-de-relacao-com-a-vitima\/\" \/>\n<meta property=\"og:site_name\" content=\"Portal Tela Portugal\" \/>\n<meta property=\"article:published_time\" content=\"2026-03-03T01:30:00+00:00\" \/>\n<meta name=\"author\" content=\"Telinha\" \/>\n<meta name=\"twitter:card\" content=\"summary_large_image\" \/>\n<meta name=\"twitter:label1\" content=\"Escrito por\" \/>\n\t<meta name=\"twitter:data1\" content=\"Telinha\" \/>\n\t<meta name=\"twitter:label2\" content=\"Tempo estimado de leitura\" \/>\n\t<meta name=\"twitter:data2\" content=\"1 minuto\" \/>\n<script type=\"application\/ld+json\" class=\"yoast-schema-graph\">{\"@context\":\"https:\/\/schema.org\",\"@graph\":[{\"@type\":\"Article\",\"@id\":\"https:\/\/portaltela.pt\/noticias\/2026\/03\/02\/deputado-do-chega-nega-violencia-domestica-e-alegacao-de-relacao-com-a-vitima\/#article\",\"isPartOf\":{\"@id\":\"https:\/\/portaltela.pt\/noticias\/2026\/03\/02\/deputado-do-chega-nega-violencia-domestica-e-alegacao-de-relacao-com-a-vitima\/\"},\"author\":{\"name\":\"Telinha\",\"@id\":\"https:\/\/portaltela.pt\/#\/schema\/person\/c4278d4a6028830caff9ee44b42d32ed\"},\"headline\":\"Deputado do Chega nega viol\u00eancia dom\u00e9stica e alega\u00e7\u00e3o de rela\u00e7\u00e3o com a v\u00edtima\",\"datePublished\":\"2026-03-03T01:30:00+00:00\",\"mainEntityOfPage\":{\"@id\":\"https:\/\/portaltela.pt\/noticias\/2026\/03\/02\/deputado-do-chega-nega-violencia-domestica-e-alegacao-de-relacao-com-a-vitima\/\"},\"wordCount\":228,\"image\":{\"@id\":\"https:\/\/portaltela.pt\/noticias\/2026\/03\/02\/deputado-do-chega-nega-violencia-domestica-e-alegacao-de-relacao-com-a-vitima\/#primaryimage\"},\"thumbnailUrl\":\"https:\/\/portaltela.pt\/s.01k8rhncp4jt1\/2026\/03\/img_1500x1000uu2026-03-02-21-01-55-2270007.jpg\",\"keywords\":[\"acusa\u00e7\u00e3o-crime\",\"CHEGA\",\"pol\u00edtica\",\"Serpa\",\"viol\u00eancia\",\"viol\u00eancia dom\u00e9stica\"],\"articleSection\":[\"Not\u00edcias\",\"Pol\u00edtica\"],\"inLanguage\":\"pt-PT\"},{\"@type\":\"WebPage\",\"@id\":\"https:\/\/portaltela.pt\/noticias\/2026\/03\/02\/deputado-do-chega-nega-violencia-domestica-e-alegacao-de-relacao-com-a-vitima\/\",\"url\":\"https:\/\/portaltela.pt\/noticias\/2026\/03\/02\/deputado-do-chega-nega-violencia-domestica-e-alegacao-de-relacao-com-a-vitima\/\",\"name\":\"Deputado do Chega nega viol\u00eancia dom\u00e9stica e alega\u00e7\u00e3o de rela\u00e7\u00e3o com a v\u00edtima - Portal Tela Portugal\",\"isPartOf\":{\"@id\":\"https:\/\/portaltela.pt\/#website\"},\"primaryImageOfPage\":{\"@id\":\"https:\/\/portaltela.pt\/noticias\/2026\/03\/02\/deputado-do-chega-nega-violencia-domestica-e-alegacao-de-relacao-com-a-vitima\/#primaryimage\"},\"image\":{\"@id\":\"https:\/\/portaltela.pt\/noticias\/2026\/03\/02\/deputado-do-chega-nega-violencia-domestica-e-alegacao-de-relacao-com-a-vitima\/#primaryimage\"},\"thumbnailUrl\":\"https:\/\/portaltela.pt\/s.01k8rhncp4jt1\/2026\/03\/img_1500x1000uu2026-03-02-21-01-55-2270007.jpg\",\"datePublished\":\"2026-03-03T01:30:00+00:00\",\"author\":{\"@id\":\"https:\/\/portaltela.pt\/#\/schema\/person\/c4278d4a6028830caff9ee44b42d32ed\"},\"breadcrumb\":{\"@id\":\"https:\/\/portaltela.pt\/noticias\/2026\/03\/02\/deputado-do-chega-nega-violencia-domestica-e-alegacao-de-relacao-com-a-vitima\/#breadcrumb\"},\"inLanguage\":\"pt-PT\",\"potentialAction\":[{\"@type\":\"ReadAction\",\"target\":[\"https:\/\/portaltela.pt\/noticias\/2026\/03\/02\/deputado-do-chega-nega-violencia-domestica-e-alegacao-de-relacao-com-a-vitima\/\"]}]},{\"@type\":\"ImageObject\",\"inLanguage\":\"pt-PT\",\"@id\":\"https:\/\/portaltela.pt\/noticias\/2026\/03\/02\/deputado-do-chega-nega-violencia-domestica-e-alegacao-de-relacao-com-a-vitima\/#primaryimage\",\"url\":\"https:\/\/portaltela.pt\/s.01k8rhncp4jt1\/2026\/03\/img_1500x1000uu2026-03-02-21-01-55-2270007.jpg\",\"contentUrl\":\"https:\/\/portaltela.pt\/s.01k8rhncp4jt1\/2026\/03\/img_1500x1000uu2026-03-02-21-01-55-2270007.jpg\",\"width\":796,\"height\":448,\"caption\":\"Ant\u00f3nio Lob\u00e3o garante que n\u00e3o existe uma rela\u00e7\u00e3o amorosa\"},{\"@type\":\"BreadcrumbList\",\"@id\":\"https:\/\/portaltela.pt\/noticias\/2026\/03\/02\/deputado-do-chega-nega-violencia-domestica-e-alegacao-de-relacao-com-a-vitima\/#breadcrumb\",\"itemListElement\":[{\"@type\":\"ListItem\",\"position\":1,\"name\":\"In\u00edcio\",\"item\":\"https:\/\/portaltela.pt\/\"},{\"@type\":\"ListItem\",\"position\":2,\"name\":\"Deputado do Chega nega viol\u00eancia dom\u00e9stica e alega\u00e7\u00e3o de rela\u00e7\u00e3o com a v\u00edtima\"}]},{\"@type\":\"WebSite\",\"@id\":\"https:\/\/portaltela.pt\/#website\",\"url\":\"https:\/\/portaltela.pt\/\",\"name\":\"Portal Tela Portugal\",\"description\":\"\",\"potentialAction\":[{\"@type\":\"SearchAction\",\"target\":{\"@type\":\"EntryPoint\",\"urlTemplate\":\"https:\/\/portaltela.pt\/?s={search_term_string}\"},\"query-input\":{\"@type\":\"PropertyValueSpecification\",\"valueRequired\":true,\"valueName\":\"search_term_string\"}}],\"inLanguage\":\"pt-PT\"},{\"@type\":\"Person\",\"@id\":\"https:\/\/portaltela.pt\/#\/schema\/person\/c4278d4a6028830caff9ee44b42d32ed\",\"name\":\"Telinha\",\"image\":{\"@type\":\"ImageObject\",\"inLanguage\":\"pt-PT\",\"@id\":\"https:\/\/portaltela.pt\/s.01k8rhncp4jt1\/2025\/11\/talking-bot-125x125.png\",\"url\":\"https:\/\/portaltela.pt\/s.01k8rhncp4jt1\/2025\/11\/talking-bot-125x125.png\",\"contentUrl\":\"https:\/\/portaltela.pt\/s.01k8rhncp4jt1\/2025\/11\/talking-bot-125x125.png\",\"caption\":\"Telinha\"},\"sameAs\":[\"https:\/\/portaltela.pt\/\"],\"url\":\"https:\/\/portaltela.pt\/por\/367410592786\/\"}]}<\/script>\n<!-- \/ Yoast SEO plugin. -->","yoast_head_json":{"title":"Deputado do Chega nega viol\u00eancia dom\u00e9stica e alega\u00e7\u00e3o de rela\u00e7\u00e3o com a v\u00edtima - Portal Tela Portugal","robots":{"index":"index","follow":"follow","max-snippet":"max-snippet:-1","max-image-preview":"max-image-preview:large","max-video-preview":"max-video-preview:-1"},"og_locale":"pt_PT","og_type":"article","og_title":"Deputado do Chega nega viol\u00eancia dom\u00e9stica e alega\u00e7\u00e3o de rela\u00e7\u00e3o com a v\u00edtima - Portal Tela Portugal","og_description":"Ant\u00f3nio Lob\u00e3o, de 75 anos, \u00e9 deputado na assembleia municipal de Serpa pelo Chega e \u00e9 acusado de ofensas \u00e0 integridade f\u00edsica por uma mulher de 58 anos, tamb\u00e9m militante do partido. A mulher diz ter sido agredida quando tentava abandonar a casa onde vivia h\u00e1 alguns meses e afirma ter sido amea\u00e7ada com uma navalha. A denunciante recorreu \u00e0 GNR e foi assistida na urg\u00eancia do Hospital de Serpa, com relato de escoria\u00e7\u00f5es, n\u00f3doa negra nas m\u00e3os e dores reportadas. Existem queixas na GNR de ambas as partes, segundo o que foi divulgado. Ant\u00f3nio Lob\u00e3o rejeita as acusa\u00e7\u00f5es, garante que n\u00e3o existe uma rela\u00e7\u00e3o amorosa e afirma que as alega\u00e7\u00f5es s\u00e3o falsas.","og_url":"https:\/\/portaltela.pt\/noticias\/2026\/03\/02\/deputado-do-chega-nega-violencia-domestica-e-alegacao-de-relacao-com-a-vitima\/","og_site_name":"Portal Tela Portugal","article_published_time":"2026-03-03T01:30:00+00:00","author":"Telinha","twitter_card":"summary_large_image","twitter_misc":{"Escrito por":"Telinha","Tempo estimado de leitura":"1 minuto"},"schema":{"@context":"https:\/\/schema.org","@graph":[{"@type":"Article","@id":"https:\/\/portaltela.pt\/noticias\/2026\/03\/02\/deputado-do-chega-nega-violencia-domestica-e-alegacao-de-relacao-com-a-vitima\/#article","isPartOf":{"@id":"https:\/\/portaltela.pt\/noticias\/2026\/03\/02\/deputado-do-chega-nega-violencia-domestica-e-alegacao-de-relacao-com-a-vitima\/"},"author":{"name":"Telinha","@id":"https:\/\/portaltela.pt\/#\/schema\/person\/c4278d4a6028830caff9ee44b42d32ed"},"headline":"Deputado do Chega nega viol\u00eancia dom\u00e9stica e alega\u00e7\u00e3o de rela\u00e7\u00e3o com a v\u00edtima","datePublished":"2026-03-03T01:30:00+00:00","mainEntityOfPage":{"@id":"https:\/\/portaltela.pt\/noticias\/2026\/03\/02\/deputado-do-chega-nega-violencia-domestica-e-alegacao-de-relacao-com-a-vitima\/"},"wordCount":228,"image":{"@id":"https:\/\/portaltela.pt\/noticias\/2026\/03\/02\/deputado-do-chega-nega-violencia-domestica-e-alegacao-de-relacao-com-a-vitima\/#primaryimage"},"thumbnailUrl":"https:\/\/portaltela.pt\/s.01k8rhncp4jt1\/2026\/03\/img_1500x1000uu2026-03-02-21-01-55-2270007.jpg","keywords":["acusa\u00e7\u00e3o-crime","CHEGA","pol\u00edtica","Serpa","viol\u00eancia","viol\u00eancia dom\u00e9stica"],"articleSection":["Not\u00edcias","Pol\u00edtica"],"inLanguage":"pt-PT"},{"@type":"WebPage","@id":"https:\/\/portaltela.pt\/noticias\/2026\/03\/02\/deputado-do-chega-nega-violencia-domestica-e-alegacao-de-relacao-com-a-vitima\/","url":"https:\/\/portaltela.pt\/noticias\/2026\/03\/02\/deputado-do-chega-nega-violencia-domestica-e-alegacao-de-relacao-com-a-vitima\/","name":"Deputado do Chega nega viol\u00eancia dom\u00e9stica e alega\u00e7\u00e3o de rela\u00e7\u00e3o com a v\u00edtima - Portal Tela Portugal","isPartOf":{"@id":"https:\/\/portaltela.pt\/#website"},"primaryImageOfPage":{"@id":"https:\/\/portaltela.pt\/noticias\/2026\/03\/02\/deputado-do-chega-nega-violencia-domestica-e-alegacao-de-relacao-com-a-vitima\/#primaryimage"},"image":{"@id":"https:\/\/portaltela.pt\/noticias\/2026\/03\/02\/deputado-do-chega-nega-violencia-domestica-e-alegacao-de-relacao-com-a-vitima\/#primaryimage"},"thumbnailUrl":"https:\/\/portaltela.pt\/s.01k8rhncp4jt1\/2026\/03\/img_1500x1000uu2026-03-02-21-01-55-2270007.jpg","datePublished":"2026-03-03T01:30:00+00:00","author":{"@id":"https:\/\/portaltela.pt\/#\/schema\/person\/c4278d4a6028830caff9ee44b42d32ed"},"breadcrumb":{"@id":"https:\/\/portaltela.pt\/noticias\/2026\/03\/02\/deputado-do-chega-nega-violencia-domestica-e-alegacao-de-relacao-com-a-vitima\/#breadcrumb"},"inLanguage":"pt-PT","potentialAction":[{"@type":"ReadAction","target":["https:\/\/portaltela.pt\/noticias\/2026\/03\/02\/deputado-do-chega-nega-violencia-domestica-e-alegacao-de-relacao-com-a-vitima\/"]}]},{"@type":"ImageObject","inLanguage":"pt-PT","@id":"https:\/\/portaltela.pt\/noticias\/2026\/03\/02\/deputado-do-chega-nega-violencia-domestica-e-alegacao-de-relacao-com-a-vitima\/#primaryimage","url":"https:\/\/portaltela.pt\/s.01k8rhncp4jt1\/2026\/03\/img_1500x1000uu2026-03-02-21-01-55-2270007.jpg","contentUrl":"https:\/\/portaltela.pt\/s.01k8rhncp4jt1\/2026\/03\/img_1500x1000uu2026-03-02-21-01-55-2270007.jpg","width":796,"height":448,"caption":"Ant\u00f3nio Lob\u00e3o garante que n\u00e3o existe uma rela\u00e7\u00e3o amorosa"},{"@type":"BreadcrumbList","@id":"https:\/\/portaltela.pt\/noticias\/2026\/03\/02\/deputado-do-chega-nega-violencia-domestica-e-alegacao-de-relacao-com-a-vitima\/#breadcrumb","itemListElement":[{"@type":"ListItem","position":1,"name":"In\u00edcio","item":"https:\/\/portaltela.pt\/"},{"@type":"ListItem","position":2,"name":"Deputado do Chega nega viol\u00eancia dom\u00e9stica e alega\u00e7\u00e3o de rela\u00e7\u00e3o com a v\u00edtima"}]},{"@type":"WebSite","@id":"https:\/\/portaltela.pt\/#website","url":"https:\/\/portaltela.pt\/","name":"Portal Tela Portugal","description":"","potentialAction":[{"@type":"SearchAction","target":{"@type":"EntryPoint","urlTemplate":"https:\/\/portaltela.pt\/?s={search_term_string}"},"query-input":{"@type":"PropertyValueSpecification","valueRequired":true,"valueName":"search_term_string"}}],"inLanguage":"pt-PT"},{"@type":"Person","@id":"https:\/\/portaltela.pt\/#\/schema\/person\/c4278d4a6028830caff9ee44b42d32ed","name":"Telinha","image":{"@type":"ImageObject","inLanguage":"pt-PT","@id":"https:\/\/portaltela.pt\/s.01k8rhncp4jt1\/2025\/11\/talking-bot-125x125.png","url":"https:\/\/portaltela.pt\/s.01k8rhncp4jt1\/2025\/11\/talking-bot-125x125.png","contentUrl":"https:\/\/portaltela.pt\/s.01k8rhncp4jt1\/2025\/11\/talking-bot-125x125.png","caption":"Telinha"},"sameAs":["https:\/\/portaltela.pt\/"],"url":"https:\/\/portaltela.pt\/por\/367410592786\/"}]}},"_links":{"self":[{"href":"https:\/\/portaltela.pt\/api\/wp\/v2\/posts\/395103","targetHints":{"allow":["GET"]}}],"collection":[{"href":"https:\/\/portaltela.pt\/api\/wp\/v2\/posts"}],"about":[{"href":"https:\/\/portaltela.pt\/api\/wp\/v2\/types\/post"}],"author":[{"embeddable":true,"href":"https:\/\/portaltela.pt\/api\/wp\/v2\/users\/2"}],"replies":[{"embeddable":true,"href":"https:\/\/portaltela.pt\/api\/wp\/v2\/comments?post=395103"}],"version-history":[{"count":0,"href":"https:\/\/portaltela.pt\/api\/wp\/v2\/posts\/395103\/revisions"}],"wp:featuredmedia":[{"embeddable":true,"href":"https:\/\/portaltela.pt\/api\/wp\/v2\/media\/395109"}],"wp:attachment":[{"href":"https:\/\/portaltela.pt\/api\/wp\/v2\/media?parent=395103"}],"wp:term":[{"taxonomy":"category","embeddable":true,"href":"https:\/\/portaltela.pt\/api\/wp\/v2\/categories?post=395103"},{"taxonomy":"post_tag","embeddable":true,"href":"https:\/\/portaltela.pt\/api\/wp\/v2\/tags?post=395103"}],"curies":[{"name":"wp","href":"https:\/\/api.w.org\/{rel}","templated":true}]}}