{"id":395069,"date":"2026-03-02T21:05:00","date_gmt":"2026-03-03T00:05:00","guid":{"rendered":"https:\/\/portaltela.pt\/noticias\/2026\/03\/02\/mortes-de-mulheres-por-violencia-domestica-atingem-pico-dos-ultimos-tres-anos\/"},"modified":"2026-03-02T21:05:00","modified_gmt":"2026-03-03T00:05:00","slug":"mortes-de-mulheres-por-violencia-domestica-atingem-pico-dos-ultimos-tres-anos","status":"publish","type":"post","link":"https:\/\/portaltela.pt\/noticias\/2026\/03\/02\/mortes-de-mulheres-por-violencia-domestica-atingem-pico-dos-ultimos-tres-anos\/","title":{"rendered":"Mortes de mulheres por viol\u00eancia dom\u00e9stica atingem pico dos \u00faltimos tr\u00eas anos"},"content":{"rendered":"<p>Desde 2025, o n\u00famero de homic\u00eddios em contexto de intimidade em Portugal aumentou, com 25 casos registados. Desses, 21 envolviam mulheres, o que marca o valor mais alto dos \u00faltimos tr\u00eas anos.<\/p>\n<p>Segundo dados trimestrais da Comiss\u00e3o para a Cidadania e a Igualdade de G\u00e9nero (CIG), h\u00e1 tamb\u00e9m mais pedidos de ajuda e de prote\u00e7\u00e3o. O acompanhamento com bot\u00f5es de p\u00e2nico triplicou nos \u00faltimos sete anos.<\/p>\n<h3>Medidas de prote\u00e7\u00e3o e repress\u00e3o<\/h3>\n<p>Entre setembro e dezembro de 2025 estavam 6100 pessoas com teleassist\u00eancia, quase o triplo de 2018 (2041 no quarto trimestre). O total de queixas em 2025 foi de 29.778, quase 81 den\u00fancias por dia.<\/p>\n<p>O quarto trimestre de 2025 registou um recorde de pedidos para suspender processos contra alegados agressores, com 2100 solicita\u00e7\u00f5es, elevando o total anual para 7889, mais 500 que em 2024.<\/p>\n<h3>Outras tend\u00eancias<\/h3>\n<p>Dados da CIG indicam que, pela primeira vez em sete anos, subiram tanto os agressores com pulseira eletr\u00f3nica como os que est\u00e3o sem equipamento, registando-se um aumento de tr\u00eas vezes em ambos os grupos. Tamb\u00e9m aumentou o n\u00famero de detidos por viol\u00eancia dom\u00e9stica: 1560, com 376 em pris\u00e3o preventiva e 1184 a cumprir pena.<\/p>\n","protected":false},"excerpt":{"rendered":"<ul>\n<li>Em 2025, 25 pessoas foram assassinadas em contexto de intimidade, sendo 21 mulheres; o valor de homic\u00eddios por viol\u00eancia dom\u00e9stica atingiu o pico dos \u00faltimos tr\u00eas anos.<\/li>\n<li>Os bot\u00f5es de p\u00e2nico triplicaram em sete anos, com 6.100 pessoas em teleassist\u00eancia em 2025, frente a 2.041 no quarto trimestre de 2018.<\/li>\n<li>O total de queixas em 2025 manteve-se pr\u00f3ximo das trinta mil, totalizando 29.778, ou seja, mais de oitenta den\u00fancias por dia \u00e0s autoridades nacionais.<\/li>\n<li>Houve 2.100 pedidos no quarto trimestre de 2025 para suspender o processo contra o alegado agressor, perfazendo 7.889 pedidos no ano, mais 500 que em 2024.<\/li>\n<li>O n\u00famero de agressores com pulseira eletr\u00f3nica e sem pulseira triplicou; h\u00e1 1.560 reclusos por viol\u00eancia dom\u00e9stica, dos quais 376 em pris\u00e3o preventiva e 1.184 a cumprir pena.<\/li>\n<\/ul>\n","protected":false},"author":2,"featured_media":395071,"comment_status":"closed","ping_status":"closed","sticky":false,"template":"","format":"standard","meta":{"footnotes":""},"categories":[1],"tags":[5656,6228,320,3315,4114,214],"class_list":["post-395069","post","type-post","status-publish","format-standard","has-post-thumbnail","hentry","category-noticias","tag-criminalidade","tag-denuncias","tag-protecao-civil","tag-pulseira-eletronica","tag-violencia-de-genero-desafios-na-atualidade","tag-violencia-domestica"],"yoast_head":"<!-- This site is optimized with the Yoast SEO plugin v27.2 - https:\/\/yoast.com\/product\/yoast-seo-wordpress\/ -->\n<title>Mortes de mulheres por viol\u00eancia dom\u00e9stica atingem pico dos \u00faltimos tr\u00eas anos - Portal Tela Portugal<\/title>\n<meta name=\"robots\" content=\"index, follow, max-snippet:-1, max-image-preview:large, max-video-preview:-1\" \/>\n<meta property=\"og:locale\" content=\"pt_PT\" \/>\n<meta property=\"og:type\" content=\"article\" \/>\n<meta property=\"og:title\" content=\"Mortes de mulheres por viol\u00eancia dom\u00e9stica atingem pico dos \u00faltimos tr\u00eas anos - Portal Tela Portugal\" \/>\n<meta property=\"og:description\" content=\"Em 2025, 25 pessoas foram assassinadas em contexto de intimidade, sendo 21 mulheres; o valor de homic\u00eddios por viol\u00eancia dom\u00e9stica atingiu o pico dos \u00faltimos tr\u00eas anos. Os bot\u00f5es de p\u00e2nico triplicaram em sete anos, com 6.100 pessoas em teleassist\u00eancia em 2025, frente a 2.041 no quarto trimestre de 2018. O total de queixas em 2025 manteve-se pr\u00f3ximo das trinta mil, totalizando 29.778, ou seja, mais de oitenta den\u00fancias por dia \u00e0s autoridades nacionais. Houve 2.100 pedidos no quarto trimestre de 2025 para suspender o processo contra o alegado agressor, perfazendo 7.889 pedidos no ano, mais 500 que em 2024. O n\u00famero de agressores com pulseira eletr\u00f3nica e sem pulseira triplicou; h\u00e1 1.560 reclusos por viol\u00eancia dom\u00e9stica, dos quais 376 em pris\u00e3o preventiva e 1.184 a cumprir pena.\" \/>\n<meta property=\"og:url\" content=\"https:\/\/portaltela.pt\/noticias\/2026\/03\/02\/mortes-de-mulheres-por-violencia-domestica-atingem-pico-dos-ultimos-tres-anos\/\" \/>\n<meta property=\"og:site_name\" content=\"Portal Tela Portugal\" \/>\n<meta property=\"article:published_time\" content=\"2026-03-03T00:05:00+00:00\" \/>\n<meta name=\"author\" content=\"Telinha\" \/>\n<meta name=\"twitter:card\" content=\"summary_large_image\" \/>\n<meta name=\"twitter:label1\" content=\"Escrito por\" \/>\n\t<meta name=\"twitter:data1\" content=\"Telinha\" \/>\n\t<meta name=\"twitter:label2\" content=\"Tempo estimado de leitura\" \/>\n\t<meta name=\"twitter:data2\" content=\"1 minuto\" \/>\n<script type=\"application\/ld+json\" class=\"yoast-schema-graph\">{\"@context\":\"https:\/\/schema.org\",\"@graph\":[{\"@type\":\"Article\",\"@id\":\"https:\/\/portaltela.pt\/noticias\/2026\/03\/02\/mortes-de-mulheres-por-violencia-domestica-atingem-pico-dos-ultimos-tres-anos\/#article\",\"isPartOf\":{\"@id\":\"https:\/\/portaltela.pt\/noticias\/2026\/03\/02\/mortes-de-mulheres-por-violencia-domestica-atingem-pico-dos-ultimos-tres-anos\/\"},\"author\":{\"name\":\"Telinha\",\"@id\":\"https:\/\/portaltela.pt\/#\/schema\/person\/c4278d4a6028830caff9ee44b42d32ed\"},\"headline\":\"Mortes de mulheres por viol\u00eancia dom\u00e9stica atingem pico dos \u00faltimos tr\u00eas anos\",\"datePublished\":\"2026-03-03T00:05:00+00:00\",\"mainEntityOfPage\":{\"@id\":\"https:\/\/portaltela.pt\/noticias\/2026\/03\/02\/mortes-de-mulheres-por-violencia-domestica-atingem-pico-dos-ultimos-tres-anos\/\"},\"wordCount\":211,\"image\":{\"@id\":\"https:\/\/portaltela.pt\/noticias\/2026\/03\/02\/mortes-de-mulheres-por-violencia-domestica-atingem-pico-dos-ultimos-tres-anos\/#primaryimage\"},\"thumbnailUrl\":\"https:\/\/portaltela.pt\/s.01k8rhncp4jt1\/2026\/03\/image-117.jpg\",\"keywords\":[\"criminalidade\",\"den\u00fancias\",\"prote\u00e7\u00e3o civil\",\"pulseira eletr\u00f3nica\",\"viol\u00eancia de g\u00e9nero \u2013 Desafios na Atualidade\",\"viol\u00eancia dom\u00e9stica\"],\"articleSection\":[\"Not\u00edcias\"],\"inLanguage\":\"pt-PT\"},{\"@type\":\"WebPage\",\"@id\":\"https:\/\/portaltela.pt\/noticias\/2026\/03\/02\/mortes-de-mulheres-por-violencia-domestica-atingem-pico-dos-ultimos-tres-anos\/\",\"url\":\"https:\/\/portaltela.pt\/noticias\/2026\/03\/02\/mortes-de-mulheres-por-violencia-domestica-atingem-pico-dos-ultimos-tres-anos\/\",\"name\":\"Mortes de mulheres por viol\u00eancia dom\u00e9stica atingem pico dos \u00faltimos tr\u00eas anos - Portal Tela Portugal\",\"isPartOf\":{\"@id\":\"https:\/\/portaltela.pt\/#website\"},\"primaryImageOfPage\":{\"@id\":\"https:\/\/portaltela.pt\/noticias\/2026\/03\/02\/mortes-de-mulheres-por-violencia-domestica-atingem-pico-dos-ultimos-tres-anos\/#primaryimage\"},\"image\":{\"@id\":\"https:\/\/portaltela.pt\/noticias\/2026\/03\/02\/mortes-de-mulheres-por-violencia-domestica-atingem-pico-dos-ultimos-tres-anos\/#primaryimage\"},\"thumbnailUrl\":\"https:\/\/portaltela.pt\/s.01k8rhncp4jt1\/2026\/03\/image-117.jpg\",\"datePublished\":\"2026-03-03T00:05:00+00:00\",\"author\":{\"@id\":\"https:\/\/portaltela.pt\/#\/schema\/person\/c4278d4a6028830caff9ee44b42d32ed\"},\"breadcrumb\":{\"@id\":\"https:\/\/portaltela.pt\/noticias\/2026\/03\/02\/mortes-de-mulheres-por-violencia-domestica-atingem-pico-dos-ultimos-tres-anos\/#breadcrumb\"},\"inLanguage\":\"pt-PT\",\"potentialAction\":[{\"@type\":\"ReadAction\",\"target\":[\"https:\/\/portaltela.pt\/noticias\/2026\/03\/02\/mortes-de-mulheres-por-violencia-domestica-atingem-pico-dos-ultimos-tres-anos\/\"]}]},{\"@type\":\"ImageObject\",\"inLanguage\":\"pt-PT\",\"@id\":\"https:\/\/portaltela.pt\/noticias\/2026\/03\/02\/mortes-de-mulheres-por-violencia-domestica-atingem-pico-dos-ultimos-tres-anos\/#primaryimage\",\"url\":\"https:\/\/portaltela.pt\/s.01k8rhncp4jt1\/2026\/03\/image-117.jpg\",\"contentUrl\":\"https:\/\/portaltela.pt\/s.01k8rhncp4jt1\/2026\/03\/image-117.jpg\",\"width\":796,\"height\":448,\"caption\":\"Homem de 37 anos suspeito de exercer viol\u00eancia dom\u00e9stica sobre a m\u00e3e de 65 anos\"},{\"@type\":\"BreadcrumbList\",\"@id\":\"https:\/\/portaltela.pt\/noticias\/2026\/03\/02\/mortes-de-mulheres-por-violencia-domestica-atingem-pico-dos-ultimos-tres-anos\/#breadcrumb\",\"itemListElement\":[{\"@type\":\"ListItem\",\"position\":1,\"name\":\"In\u00edcio\",\"item\":\"https:\/\/portaltela.pt\/\"},{\"@type\":\"ListItem\",\"position\":2,\"name\":\"Mortes de mulheres por viol\u00eancia dom\u00e9stica atingem pico dos \u00faltimos tr\u00eas anos\"}]},{\"@type\":\"WebSite\",\"@id\":\"https:\/\/portaltela.pt\/#website\",\"url\":\"https:\/\/portaltela.pt\/\",\"name\":\"Portal Tela Portugal\",\"description\":\"\",\"potentialAction\":[{\"@type\":\"SearchAction\",\"target\":{\"@type\":\"EntryPoint\",\"urlTemplate\":\"https:\/\/portaltela.pt\/?s={search_term_string}\"},\"query-input\":{\"@type\":\"PropertyValueSpecification\",\"valueRequired\":true,\"valueName\":\"search_term_string\"}}],\"inLanguage\":\"pt-PT\"},{\"@type\":\"Person\",\"@id\":\"https:\/\/portaltela.pt\/#\/schema\/person\/c4278d4a6028830caff9ee44b42d32ed\",\"name\":\"Telinha\",\"image\":{\"@type\":\"ImageObject\",\"inLanguage\":\"pt-PT\",\"@id\":\"https:\/\/portaltela.pt\/s.01k8rhncp4jt1\/2025\/11\/talking-bot-125x125.png\",\"url\":\"https:\/\/portaltela.pt\/s.01k8rhncp4jt1\/2025\/11\/talking-bot-125x125.png\",\"contentUrl\":\"https:\/\/portaltela.pt\/s.01k8rhncp4jt1\/2025\/11\/talking-bot-125x125.png\",\"caption\":\"Telinha\"},\"sameAs\":[\"https:\/\/portaltela.pt\/\"],\"url\":\"https:\/\/portaltela.pt\/por\/367410592786\/\"}]}<\/script>\n<!-- \/ Yoast SEO plugin. -->","yoast_head_json":{"title":"Mortes de mulheres por viol\u00eancia dom\u00e9stica atingem pico dos \u00faltimos tr\u00eas anos - Portal Tela Portugal","robots":{"index":"index","follow":"follow","max-snippet":"max-snippet:-1","max-image-preview":"max-image-preview:large","max-video-preview":"max-video-preview:-1"},"og_locale":"pt_PT","og_type":"article","og_title":"Mortes de mulheres por viol\u00eancia dom\u00e9stica atingem pico dos \u00faltimos tr\u00eas anos - Portal Tela Portugal","og_description":"Em 2025, 25 pessoas foram assassinadas em contexto de intimidade, sendo 21 mulheres; o valor de homic\u00eddios por viol\u00eancia dom\u00e9stica atingiu o pico dos \u00faltimos tr\u00eas anos. Os bot\u00f5es de p\u00e2nico triplicaram em sete anos, com 6.100 pessoas em teleassist\u00eancia em 2025, frente a 2.041 no quarto trimestre de 2018. O total de queixas em 2025 manteve-se pr\u00f3ximo das trinta mil, totalizando 29.778, ou seja, mais de oitenta den\u00fancias por dia \u00e0s autoridades nacionais. Houve 2.100 pedidos no quarto trimestre de 2025 para suspender o processo contra o alegado agressor, perfazendo 7.889 pedidos no ano, mais 500 que em 2024. O n\u00famero de agressores com pulseira eletr\u00f3nica e sem pulseira triplicou; h\u00e1 1.560 reclusos por viol\u00eancia dom\u00e9stica, dos quais 376 em pris\u00e3o preventiva e 1.184 a cumprir pena.","og_url":"https:\/\/portaltela.pt\/noticias\/2026\/03\/02\/mortes-de-mulheres-por-violencia-domestica-atingem-pico-dos-ultimos-tres-anos\/","og_site_name":"Portal Tela Portugal","article_published_time":"2026-03-03T00:05:00+00:00","author":"Telinha","twitter_card":"summary_large_image","twitter_misc":{"Escrito por":"Telinha","Tempo estimado de leitura":"1 minuto"},"schema":{"@context":"https:\/\/schema.org","@graph":[{"@type":"Article","@id":"https:\/\/portaltela.pt\/noticias\/2026\/03\/02\/mortes-de-mulheres-por-violencia-domestica-atingem-pico-dos-ultimos-tres-anos\/#article","isPartOf":{"@id":"https:\/\/portaltela.pt\/noticias\/2026\/03\/02\/mortes-de-mulheres-por-violencia-domestica-atingem-pico-dos-ultimos-tres-anos\/"},"author":{"name":"Telinha","@id":"https:\/\/portaltela.pt\/#\/schema\/person\/c4278d4a6028830caff9ee44b42d32ed"},"headline":"Mortes de mulheres por viol\u00eancia dom\u00e9stica atingem pico dos \u00faltimos tr\u00eas anos","datePublished":"2026-03-03T00:05:00+00:00","mainEntityOfPage":{"@id":"https:\/\/portaltela.pt\/noticias\/2026\/03\/02\/mortes-de-mulheres-por-violencia-domestica-atingem-pico-dos-ultimos-tres-anos\/"},"wordCount":211,"image":{"@id":"https:\/\/portaltela.pt\/noticias\/2026\/03\/02\/mortes-de-mulheres-por-violencia-domestica-atingem-pico-dos-ultimos-tres-anos\/#primaryimage"},"thumbnailUrl":"https:\/\/portaltela.pt\/s.01k8rhncp4jt1\/2026\/03\/image-117.jpg","keywords":["criminalidade","den\u00fancias","prote\u00e7\u00e3o civil","pulseira eletr\u00f3nica","viol\u00eancia de g\u00e9nero \u2013 Desafios na Atualidade","viol\u00eancia dom\u00e9stica"],"articleSection":["Not\u00edcias"],"inLanguage":"pt-PT"},{"@type":"WebPage","@id":"https:\/\/portaltela.pt\/noticias\/2026\/03\/02\/mortes-de-mulheres-por-violencia-domestica-atingem-pico-dos-ultimos-tres-anos\/","url":"https:\/\/portaltela.pt\/noticias\/2026\/03\/02\/mortes-de-mulheres-por-violencia-domestica-atingem-pico-dos-ultimos-tres-anos\/","name":"Mortes de mulheres por viol\u00eancia dom\u00e9stica atingem pico dos \u00faltimos tr\u00eas anos - Portal Tela Portugal","isPartOf":{"@id":"https:\/\/portaltela.pt\/#website"},"primaryImageOfPage":{"@id":"https:\/\/portaltela.pt\/noticias\/2026\/03\/02\/mortes-de-mulheres-por-violencia-domestica-atingem-pico-dos-ultimos-tres-anos\/#primaryimage"},"image":{"@id":"https:\/\/portaltela.pt\/noticias\/2026\/03\/02\/mortes-de-mulheres-por-violencia-domestica-atingem-pico-dos-ultimos-tres-anos\/#primaryimage"},"thumbnailUrl":"https:\/\/portaltela.pt\/s.01k8rhncp4jt1\/2026\/03\/image-117.jpg","datePublished":"2026-03-03T00:05:00+00:00","author":{"@id":"https:\/\/portaltela.pt\/#\/schema\/person\/c4278d4a6028830caff9ee44b42d32ed"},"breadcrumb":{"@id":"https:\/\/portaltela.pt\/noticias\/2026\/03\/02\/mortes-de-mulheres-por-violencia-domestica-atingem-pico-dos-ultimos-tres-anos\/#breadcrumb"},"inLanguage":"pt-PT","potentialAction":[{"@type":"ReadAction","target":["https:\/\/portaltela.pt\/noticias\/2026\/03\/02\/mortes-de-mulheres-por-violencia-domestica-atingem-pico-dos-ultimos-tres-anos\/"]}]},{"@type":"ImageObject","inLanguage":"pt-PT","@id":"https:\/\/portaltela.pt\/noticias\/2026\/03\/02\/mortes-de-mulheres-por-violencia-domestica-atingem-pico-dos-ultimos-tres-anos\/#primaryimage","url":"https:\/\/portaltela.pt\/s.01k8rhncp4jt1\/2026\/03\/image-117.jpg","contentUrl":"https:\/\/portaltela.pt\/s.01k8rhncp4jt1\/2026\/03\/image-117.jpg","width":796,"height":448,"caption":"Homem de 37 anos suspeito de exercer viol\u00eancia dom\u00e9stica sobre a m\u00e3e de 65 anos"},{"@type":"BreadcrumbList","@id":"https:\/\/portaltela.pt\/noticias\/2026\/03\/02\/mortes-de-mulheres-por-violencia-domestica-atingem-pico-dos-ultimos-tres-anos\/#breadcrumb","itemListElement":[{"@type":"ListItem","position":1,"name":"In\u00edcio","item":"https:\/\/portaltela.pt\/"},{"@type":"ListItem","position":2,"name":"Mortes de mulheres por viol\u00eancia dom\u00e9stica atingem pico dos \u00faltimos tr\u00eas anos"}]},{"@type":"WebSite","@id":"https:\/\/portaltela.pt\/#website","url":"https:\/\/portaltela.pt\/","name":"Portal Tela Portugal","description":"","potentialAction":[{"@type":"SearchAction","target":{"@type":"EntryPoint","urlTemplate":"https:\/\/portaltela.pt\/?s={search_term_string}"},"query-input":{"@type":"PropertyValueSpecification","valueRequired":true,"valueName":"search_term_string"}}],"inLanguage":"pt-PT"},{"@type":"Person","@id":"https:\/\/portaltela.pt\/#\/schema\/person\/c4278d4a6028830caff9ee44b42d32ed","name":"Telinha","image":{"@type":"ImageObject","inLanguage":"pt-PT","@id":"https:\/\/portaltela.pt\/s.01k8rhncp4jt1\/2025\/11\/talking-bot-125x125.png","url":"https:\/\/portaltela.pt\/s.01k8rhncp4jt1\/2025\/11\/talking-bot-125x125.png","contentUrl":"https:\/\/portaltela.pt\/s.01k8rhncp4jt1\/2025\/11\/talking-bot-125x125.png","caption":"Telinha"},"sameAs":["https:\/\/portaltela.pt\/"],"url":"https:\/\/portaltela.pt\/por\/367410592786\/"}]}},"_links":{"self":[{"href":"https:\/\/portaltela.pt\/api\/wp\/v2\/posts\/395069","targetHints":{"allow":["GET"]}}],"collection":[{"href":"https:\/\/portaltela.pt\/api\/wp\/v2\/posts"}],"about":[{"href":"https:\/\/portaltela.pt\/api\/wp\/v2\/types\/post"}],"author":[{"embeddable":true,"href":"https:\/\/portaltela.pt\/api\/wp\/v2\/users\/2"}],"replies":[{"embeddable":true,"href":"https:\/\/portaltela.pt\/api\/wp\/v2\/comments?post=395069"}],"version-history":[{"count":0,"href":"https:\/\/portaltela.pt\/api\/wp\/v2\/posts\/395069\/revisions"}],"wp:featuredmedia":[{"embeddable":true,"href":"https:\/\/portaltela.pt\/api\/wp\/v2\/media\/395071"}],"wp:attachment":[{"href":"https:\/\/portaltela.pt\/api\/wp\/v2\/media?parent=395069"}],"wp:term":[{"taxonomy":"category","embeddable":true,"href":"https:\/\/portaltela.pt\/api\/wp\/v2\/categories?post=395069"},{"taxonomy":"post_tag","embeddable":true,"href":"https:\/\/portaltela.pt\/api\/wp\/v2\/tags?post=395069"}],"curies":[{"name":"wp","href":"https:\/\/api.w.org\/{rel}","templated":true}]}}