{"id":395047,"date":"2026-03-02T20:26:33","date_gmt":"2026-03-02T23:26:33","guid":{"rendered":"https:\/\/portaltela.pt\/noticias\/2026\/03\/02\/menina-de-dez-dias-morre-em-vila-nova-de-oliveirinha-tabua\/"},"modified":"2026-03-02T20:26:33","modified_gmt":"2026-03-02T23:26:33","slug":"menina-de-dez-dias-morre-em-vila-nova-de-oliveirinha-tabua","status":"publish","type":"post","link":"https:\/\/portaltela.pt\/noticias\/2026\/03\/02\/menina-de-dez-dias-morre-em-vila-nova-de-oliveirinha-tabua\/","title":{"rendered":"Menina de dez dias morre em Vila Nova de Oliveirinha, T\u00e1bua"},"content":{"rendered":"<p>Uma rec\u00e9m-nascida de apenas dez dias ficou inconsciente ao colo da m\u00e3e, enquanto a fam\u00edlia amamentava numa quinta entre Covas e Vila Nova de Oliveirinha, no concelho de T\u00e1bua. O incidente ocorreu durante a tarde.<\/p>\n<p>Os pais encaminharam a crian\u00e7a ao quartel dos bombeiros de Vila Nova de Oliveirinha, onde pediram ajuda. As autoridades chegaram com uma equipa de SIV de Arganil e VMER, que ainda efetuaram manobras de reanima\u00e7\u00e3o.<\/p>\n<p>A tentativa de salvar a vida prolongou-se cerca de uma hora, sem sucesso. O m\u00e9dico da VMER declarou o \u00f3bito no local, ap\u00f3s o estado de sa\u00fade da beb\u00e9 n\u00e3o ter apresentado melhoria.<\/p>\n<p>A fam\u00edlia, que \u00e9 luso-inglesa e tem outros filhos, recebeu apoio psicol\u00f3gico de uma equipa do INEM ainda no quartel. A GNR abriu um inqu\u00e9rito e acionou a Pol\u00edcia Judici\u00e1ria, que assumiu a investiga\u00e7\u00e3o do caso.<\/p>\n<p>Investiga\u00e7\u00e3o<\/p>\n<ul>\n<li>A PJ passa a coordenar os primeiros passos do inqu\u00e9rito, com a GNR a colaborar no levantamento de informa\u00e7\u00f5es, per\u00edcias e recolha de dados relevantes para definir as causas do \u00f3bito.<\/li>\n<\/ul>\n","protected":false},"excerpt":{"rendered":"<ul>\n<li>Rec\u00e9m-nascida de dez dias ficou inconsciente no colo da m\u00e3e, enquanto a amamentava, numa quinta entre Covas e Vila Nova de Oliveirinha, no concelho de T\u00e1bua.<\/li>\n<li>Os pais foram com a beb\u00ea ao quartel dos bombeiros de Vila Nova de Oliveirinha, onde pediram socorro \u00e0s 14h57.<\/li>\n<li>Foi acionada a ambul\u00e2ncia de Suporte Imediato de Vida de Arganil e a Viatura de Emerg\u00eancia M\u00e9dica e Reanima\u00e7\u00e3o, com manobras de reanima\u00e7\u00e3o e suporte avan\u00e7ado de vida.<\/li>\n<li>O m\u00e9dico da VMER declarou o \u00f3bito cerca de uma hora depois.<\/li>\n<li>A fam\u00edlia recebeu apoio psicol\u00f3gico; a GNR abriu um inqu\u00e9rito, que passou para a Pol\u00edcia Judici\u00e1ria para investiga\u00e7\u00e3o.<\/li>\n<\/ul>\n","protected":false},"author":2,"featured_media":395052,"comment_status":"closed","ping_status":"closed","sticky":false,"template":"","format":"standard","meta":{"footnotes":""},"categories":[1],"tags":[1380,1922,6429,2199,1802,1899],"class_list":["post-395047","post","type-post","status-publish","format-standard","has-post-thumbnail","hentry","category-noticias","tag-gnr","tag-inem","tag-mortes","tag-neonatologia","tag-policia-judiciaria","tag-urgencias"],"yoast_head":"<!-- This site is optimized with the Yoast SEO plugin v27.2 - https:\/\/yoast.com\/product\/yoast-seo-wordpress\/ -->\n<title>Menina de dez dias morre em Vila Nova de Oliveirinha, T\u00e1bua - Portal Tela Portugal<\/title>\n<meta name=\"robots\" content=\"index, follow, max-snippet:-1, max-image-preview:large, max-video-preview:-1\" \/>\n<meta property=\"og:locale\" content=\"pt_PT\" \/>\n<meta property=\"og:type\" content=\"article\" \/>\n<meta property=\"og:title\" content=\"Menina de dez dias morre em Vila Nova de Oliveirinha, T\u00e1bua - Portal Tela Portugal\" \/>\n<meta property=\"og:description\" content=\"Rec\u00e9m-nascida de dez dias ficou inconsciente no colo da m\u00e3e, enquanto a amamentava, numa quinta entre Covas e Vila Nova de Oliveirinha, no concelho de T\u00e1bua. Os pais foram com a beb\u00ea ao quartel dos bombeiros de Vila Nova de Oliveirinha, onde pediram socorro \u00e0s 14h57. Foi acionada a ambul\u00e2ncia de Suporte Imediato de Vida de Arganil e a Viatura de Emerg\u00eancia M\u00e9dica e Reanima\u00e7\u00e3o, com manobras de reanima\u00e7\u00e3o e suporte avan\u00e7ado de vida. O m\u00e9dico da VMER declarou o \u00f3bito cerca de uma hora depois. A fam\u00edlia recebeu apoio psicol\u00f3gico; a GNR abriu um inqu\u00e9rito, que passou para a Pol\u00edcia Judici\u00e1ria para investiga\u00e7\u00e3o.\" \/>\n<meta property=\"og:url\" content=\"https:\/\/portaltela.pt\/noticias\/2026\/03\/02\/menina-de-dez-dias-morre-em-vila-nova-de-oliveirinha-tabua\/\" \/>\n<meta property=\"og:site_name\" content=\"Portal Tela Portugal\" \/>\n<meta property=\"article:published_time\" content=\"2026-03-02T23:26:33+00:00\" \/>\n<meta name=\"author\" content=\"Telinha\" \/>\n<meta name=\"twitter:card\" content=\"summary_large_image\" \/>\n<meta name=\"twitter:label1\" content=\"Escrito por\" \/>\n\t<meta name=\"twitter:data1\" content=\"Telinha\" \/>\n\t<meta name=\"twitter:label2\" content=\"Tempo estimado de leitura\" \/>\n\t<meta name=\"twitter:data2\" content=\"1 minuto\" \/>\n<script type=\"application\/ld+json\" class=\"yoast-schema-graph\">{\"@context\":\"https:\/\/schema.org\",\"@graph\":[{\"@type\":\"Article\",\"@id\":\"https:\/\/portaltela.pt\/noticias\/2026\/03\/02\/menina-de-dez-dias-morre-em-vila-nova-de-oliveirinha-tabua\/#article\",\"isPartOf\":{\"@id\":\"https:\/\/portaltela.pt\/noticias\/2026\/03\/02\/menina-de-dez-dias-morre-em-vila-nova-de-oliveirinha-tabua\/\"},\"author\":{\"name\":\"Telinha\",\"@id\":\"https:\/\/portaltela.pt\/#\/schema\/person\/c4278d4a6028830caff9ee44b42d32ed\"},\"headline\":\"Menina de dez dias morre em Vila Nova de Oliveirinha, T\u00e1bua\",\"datePublished\":\"2026-03-02T23:26:33+00:00\",\"mainEntityOfPage\":{\"@id\":\"https:\/\/portaltela.pt\/noticias\/2026\/03\/02\/menina-de-dez-dias-morre-em-vila-nova-de-oliveirinha-tabua\/\"},\"wordCount\":202,\"image\":{\"@id\":\"https:\/\/portaltela.pt\/noticias\/2026\/03\/02\/menina-de-dez-dias-morre-em-vila-nova-de-oliveirinha-tabua\/#primaryimage\"},\"thumbnailUrl\":\"https:\/\/portaltela.pt\/s.01k8rhncp4jt1\/2026\/03\/img_1500x1000uu2019-12-31-13-02-42-913479.jpg\",\"keywords\":[\"GNR\",\"INEM\",\"mortes\",\"Neonatologia\",\"Pol\u00edcia Judici\u00e1ria\",\"urg\u00eancias\"],\"articleSection\":[\"Not\u00edcias\"],\"inLanguage\":\"pt-PT\"},{\"@type\":\"WebPage\",\"@id\":\"https:\/\/portaltela.pt\/noticias\/2026\/03\/02\/menina-de-dez-dias-morre-em-vila-nova-de-oliveirinha-tabua\/\",\"url\":\"https:\/\/portaltela.pt\/noticias\/2026\/03\/02\/menina-de-dez-dias-morre-em-vila-nova-de-oliveirinha-tabua\/\",\"name\":\"Menina de dez dias morre em Vila Nova de Oliveirinha, T\u00e1bua - Portal Tela Portugal\",\"isPartOf\":{\"@id\":\"https:\/\/portaltela.pt\/#website\"},\"primaryImageOfPage\":{\"@id\":\"https:\/\/portaltela.pt\/noticias\/2026\/03\/02\/menina-de-dez-dias-morre-em-vila-nova-de-oliveirinha-tabua\/#primaryimage\"},\"image\":{\"@id\":\"https:\/\/portaltela.pt\/noticias\/2026\/03\/02\/menina-de-dez-dias-morre-em-vila-nova-de-oliveirinha-tabua\/#primaryimage\"},\"thumbnailUrl\":\"https:\/\/portaltela.pt\/s.01k8rhncp4jt1\/2026\/03\/img_1500x1000uu2019-12-31-13-02-42-913479.jpg\",\"datePublished\":\"2026-03-02T23:26:33+00:00\",\"author\":{\"@id\":\"https:\/\/portaltela.pt\/#\/schema\/person\/c4278d4a6028830caff9ee44b42d32ed\"},\"breadcrumb\":{\"@id\":\"https:\/\/portaltela.pt\/noticias\/2026\/03\/02\/menina-de-dez-dias-morre-em-vila-nova-de-oliveirinha-tabua\/#breadcrumb\"},\"inLanguage\":\"pt-PT\",\"potentialAction\":[{\"@type\":\"ReadAction\",\"target\":[\"https:\/\/portaltela.pt\/noticias\/2026\/03\/02\/menina-de-dez-dias-morre-em-vila-nova-de-oliveirinha-tabua\/\"]}]},{\"@type\":\"ImageObject\",\"inLanguage\":\"pt-PT\",\"@id\":\"https:\/\/portaltela.pt\/noticias\/2026\/03\/02\/menina-de-dez-dias-morre-em-vila-nova-de-oliveirinha-tabua\/#primaryimage\",\"url\":\"https:\/\/portaltela.pt\/s.01k8rhncp4jt1\/2026\/03\/img_1500x1000uu2019-12-31-13-02-42-913479.jpg\",\"contentUrl\":\"https:\/\/portaltela.pt\/s.01k8rhncp4jt1\/2026\/03\/img_1500x1000uu2019-12-31-13-02-42-913479.jpg\",\"width\":796,\"height\":448,\"caption\":\"bombeiros\"},{\"@type\":\"BreadcrumbList\",\"@id\":\"https:\/\/portaltela.pt\/noticias\/2026\/03\/02\/menina-de-dez-dias-morre-em-vila-nova-de-oliveirinha-tabua\/#breadcrumb\",\"itemListElement\":[{\"@type\":\"ListItem\",\"position\":1,\"name\":\"In\u00edcio\",\"item\":\"https:\/\/portaltela.pt\/\"},{\"@type\":\"ListItem\",\"position\":2,\"name\":\"Menina de dez dias morre em Vila Nova de Oliveirinha, T\u00e1bua\"}]},{\"@type\":\"WebSite\",\"@id\":\"https:\/\/portaltela.pt\/#website\",\"url\":\"https:\/\/portaltela.pt\/\",\"name\":\"Portal Tela Portugal\",\"description\":\"\",\"potentialAction\":[{\"@type\":\"SearchAction\",\"target\":{\"@type\":\"EntryPoint\",\"urlTemplate\":\"https:\/\/portaltela.pt\/?s={search_term_string}\"},\"query-input\":{\"@type\":\"PropertyValueSpecification\",\"valueRequired\":true,\"valueName\":\"search_term_string\"}}],\"inLanguage\":\"pt-PT\"},{\"@type\":\"Person\",\"@id\":\"https:\/\/portaltela.pt\/#\/schema\/person\/c4278d4a6028830caff9ee44b42d32ed\",\"name\":\"Telinha\",\"image\":{\"@type\":\"ImageObject\",\"inLanguage\":\"pt-PT\",\"@id\":\"https:\/\/portaltela.pt\/s.01k8rhncp4jt1\/2025\/11\/talking-bot-125x125.png\",\"url\":\"https:\/\/portaltela.pt\/s.01k8rhncp4jt1\/2025\/11\/talking-bot-125x125.png\",\"contentUrl\":\"https:\/\/portaltela.pt\/s.01k8rhncp4jt1\/2025\/11\/talking-bot-125x125.png\",\"caption\":\"Telinha\"},\"sameAs\":[\"https:\/\/portaltela.pt\/\"],\"url\":\"https:\/\/portaltela.pt\/por\/367410592786\/\"}]}<\/script>\n<!-- \/ Yoast SEO plugin. -->","yoast_head_json":{"title":"Menina de dez dias morre em Vila Nova de Oliveirinha, T\u00e1bua - Portal Tela Portugal","robots":{"index":"index","follow":"follow","max-snippet":"max-snippet:-1","max-image-preview":"max-image-preview:large","max-video-preview":"max-video-preview:-1"},"og_locale":"pt_PT","og_type":"article","og_title":"Menina de dez dias morre em Vila Nova de Oliveirinha, T\u00e1bua - Portal Tela Portugal","og_description":"Rec\u00e9m-nascida de dez dias ficou inconsciente no colo da m\u00e3e, enquanto a amamentava, numa quinta entre Covas e Vila Nova de Oliveirinha, no concelho de T\u00e1bua. Os pais foram com a beb\u00ea ao quartel dos bombeiros de Vila Nova de Oliveirinha, onde pediram socorro \u00e0s 14h57. Foi acionada a ambul\u00e2ncia de Suporte Imediato de Vida de Arganil e a Viatura de Emerg\u00eancia M\u00e9dica e Reanima\u00e7\u00e3o, com manobras de reanima\u00e7\u00e3o e suporte avan\u00e7ado de vida. O m\u00e9dico da VMER declarou o \u00f3bito cerca de uma hora depois. A fam\u00edlia recebeu apoio psicol\u00f3gico; a GNR abriu um inqu\u00e9rito, que passou para a Pol\u00edcia Judici\u00e1ria para investiga\u00e7\u00e3o.","og_url":"https:\/\/portaltela.pt\/noticias\/2026\/03\/02\/menina-de-dez-dias-morre-em-vila-nova-de-oliveirinha-tabua\/","og_site_name":"Portal Tela Portugal","article_published_time":"2026-03-02T23:26:33+00:00","author":"Telinha","twitter_card":"summary_large_image","twitter_misc":{"Escrito por":"Telinha","Tempo estimado de leitura":"1 minuto"},"schema":{"@context":"https:\/\/schema.org","@graph":[{"@type":"Article","@id":"https:\/\/portaltela.pt\/noticias\/2026\/03\/02\/menina-de-dez-dias-morre-em-vila-nova-de-oliveirinha-tabua\/#article","isPartOf":{"@id":"https:\/\/portaltela.pt\/noticias\/2026\/03\/02\/menina-de-dez-dias-morre-em-vila-nova-de-oliveirinha-tabua\/"},"author":{"name":"Telinha","@id":"https:\/\/portaltela.pt\/#\/schema\/person\/c4278d4a6028830caff9ee44b42d32ed"},"headline":"Menina de dez dias morre em Vila Nova de Oliveirinha, T\u00e1bua","datePublished":"2026-03-02T23:26:33+00:00","mainEntityOfPage":{"@id":"https:\/\/portaltela.pt\/noticias\/2026\/03\/02\/menina-de-dez-dias-morre-em-vila-nova-de-oliveirinha-tabua\/"},"wordCount":202,"image":{"@id":"https:\/\/portaltela.pt\/noticias\/2026\/03\/02\/menina-de-dez-dias-morre-em-vila-nova-de-oliveirinha-tabua\/#primaryimage"},"thumbnailUrl":"https:\/\/portaltela.pt\/s.01k8rhncp4jt1\/2026\/03\/img_1500x1000uu2019-12-31-13-02-42-913479.jpg","keywords":["GNR","INEM","mortes","Neonatologia","Pol\u00edcia Judici\u00e1ria","urg\u00eancias"],"articleSection":["Not\u00edcias"],"inLanguage":"pt-PT"},{"@type":"WebPage","@id":"https:\/\/portaltela.pt\/noticias\/2026\/03\/02\/menina-de-dez-dias-morre-em-vila-nova-de-oliveirinha-tabua\/","url":"https:\/\/portaltela.pt\/noticias\/2026\/03\/02\/menina-de-dez-dias-morre-em-vila-nova-de-oliveirinha-tabua\/","name":"Menina de dez dias morre em Vila Nova de Oliveirinha, T\u00e1bua - Portal Tela Portugal","isPartOf":{"@id":"https:\/\/portaltela.pt\/#website"},"primaryImageOfPage":{"@id":"https:\/\/portaltela.pt\/noticias\/2026\/03\/02\/menina-de-dez-dias-morre-em-vila-nova-de-oliveirinha-tabua\/#primaryimage"},"image":{"@id":"https:\/\/portaltela.pt\/noticias\/2026\/03\/02\/menina-de-dez-dias-morre-em-vila-nova-de-oliveirinha-tabua\/#primaryimage"},"thumbnailUrl":"https:\/\/portaltela.pt\/s.01k8rhncp4jt1\/2026\/03\/img_1500x1000uu2019-12-31-13-02-42-913479.jpg","datePublished":"2026-03-02T23:26:33+00:00","author":{"@id":"https:\/\/portaltela.pt\/#\/schema\/person\/c4278d4a6028830caff9ee44b42d32ed"},"breadcrumb":{"@id":"https:\/\/portaltela.pt\/noticias\/2026\/03\/02\/menina-de-dez-dias-morre-em-vila-nova-de-oliveirinha-tabua\/#breadcrumb"},"inLanguage":"pt-PT","potentialAction":[{"@type":"ReadAction","target":["https:\/\/portaltela.pt\/noticias\/2026\/03\/02\/menina-de-dez-dias-morre-em-vila-nova-de-oliveirinha-tabua\/"]}]},{"@type":"ImageObject","inLanguage":"pt-PT","@id":"https:\/\/portaltela.pt\/noticias\/2026\/03\/02\/menina-de-dez-dias-morre-em-vila-nova-de-oliveirinha-tabua\/#primaryimage","url":"https:\/\/portaltela.pt\/s.01k8rhncp4jt1\/2026\/03\/img_1500x1000uu2019-12-31-13-02-42-913479.jpg","contentUrl":"https:\/\/portaltela.pt\/s.01k8rhncp4jt1\/2026\/03\/img_1500x1000uu2019-12-31-13-02-42-913479.jpg","width":796,"height":448,"caption":"bombeiros"},{"@type":"BreadcrumbList","@id":"https:\/\/portaltela.pt\/noticias\/2026\/03\/02\/menina-de-dez-dias-morre-em-vila-nova-de-oliveirinha-tabua\/#breadcrumb","itemListElement":[{"@type":"ListItem","position":1,"name":"In\u00edcio","item":"https:\/\/portaltela.pt\/"},{"@type":"ListItem","position":2,"name":"Menina de dez dias morre em Vila Nova de Oliveirinha, T\u00e1bua"}]},{"@type":"WebSite","@id":"https:\/\/portaltela.pt\/#website","url":"https:\/\/portaltela.pt\/","name":"Portal Tela Portugal","description":"","potentialAction":[{"@type":"SearchAction","target":{"@type":"EntryPoint","urlTemplate":"https:\/\/portaltela.pt\/?s={search_term_string}"},"query-input":{"@type":"PropertyValueSpecification","valueRequired":true,"valueName":"search_term_string"}}],"inLanguage":"pt-PT"},{"@type":"Person","@id":"https:\/\/portaltela.pt\/#\/schema\/person\/c4278d4a6028830caff9ee44b42d32ed","name":"Telinha","image":{"@type":"ImageObject","inLanguage":"pt-PT","@id":"https:\/\/portaltela.pt\/s.01k8rhncp4jt1\/2025\/11\/talking-bot-125x125.png","url":"https:\/\/portaltela.pt\/s.01k8rhncp4jt1\/2025\/11\/talking-bot-125x125.png","contentUrl":"https:\/\/portaltela.pt\/s.01k8rhncp4jt1\/2025\/11\/talking-bot-125x125.png","caption":"Telinha"},"sameAs":["https:\/\/portaltela.pt\/"],"url":"https:\/\/portaltela.pt\/por\/367410592786\/"}]}},"_links":{"self":[{"href":"https:\/\/portaltela.pt\/api\/wp\/v2\/posts\/395047","targetHints":{"allow":["GET"]}}],"collection":[{"href":"https:\/\/portaltela.pt\/api\/wp\/v2\/posts"}],"about":[{"href":"https:\/\/portaltela.pt\/api\/wp\/v2\/types\/post"}],"author":[{"embeddable":true,"href":"https:\/\/portaltela.pt\/api\/wp\/v2\/users\/2"}],"replies":[{"embeddable":true,"href":"https:\/\/portaltela.pt\/api\/wp\/v2\/comments?post=395047"}],"version-history":[{"count":0,"href":"https:\/\/portaltela.pt\/api\/wp\/v2\/posts\/395047\/revisions"}],"wp:featuredmedia":[{"embeddable":true,"href":"https:\/\/portaltela.pt\/api\/wp\/v2\/media\/395052"}],"wp:attachment":[{"href":"https:\/\/portaltela.pt\/api\/wp\/v2\/media?parent=395047"}],"wp:term":[{"taxonomy":"category","embeddable":true,"href":"https:\/\/portaltela.pt\/api\/wp\/v2\/categories?post=395047"},{"taxonomy":"post_tag","embeddable":true,"href":"https:\/\/portaltela.pt\/api\/wp\/v2\/tags?post=395047"}],"curies":[{"name":"wp","href":"https:\/\/api.w.org\/{rel}","templated":true}]}}