{"id":395020,"date":"2026-03-02T19:45:19","date_gmt":"2026-03-02T22:45:19","guid":{"rendered":"https:\/\/portaltela.pt\/noticias\/2026\/03\/02\/governo-afirma-que-stop-nao-demonstrou-boa-fe-e-nao-negocia-sob-pressao\/"},"modified":"2026-03-02T19:45:19","modified_gmt":"2026-03-02T22:45:19","slug":"governo-afirma-que-stop-nao-demonstrou-boa-fe-e-nao-negocia-sob-pressao","status":"publish","type":"post","link":"https:\/\/portaltela.pt\/noticias\/2026\/03\/02\/governo-afirma-que-stop-nao-demonstrou-boa-fe-e-nao-negocia-sob-pressao\/","title":{"rendered":"Governo afirma que Stop n\u00e3o demonstrou boa-f\u00e9 e n\u00e3o negocia sob press\u00e3o"},"content":{"rendered":"<p>Ao Governo, o Stop n\u00e3o mostrou boa-f\u00e9 para as negocia\u00e7\u00f5es. O secret\u00e1rio de Estado Adjunto e da Educa\u00e7\u00e3o explicou que n\u00e3o se negocia sob press\u00e3o, sobretudo quando h\u00e1 concentra\u00e7\u00e3o de docentes em frente ao Minist\u00e9rio da Educa\u00e7\u00e3o, Ci\u00eancia e Inova\u00e7\u00e3o. O objetivo foi apresentar uma tomada de posi\u00e7\u00e3o institucional, sem recuar perante o protesto.<\/p>\n<p>O Stop n\u00e3o participou na reuni\u00e3o negocial desta segunda-feira. O Governo tinha avisado que n\u00e3o aceitaria a presen\u00e7a do sindicato durante o protesto, que decorreu em simult\u00e2neo com o plen\u00e1rio em Lisboa. Os dirigentes do Stop optaram por manter a concentra\u00e7\u00e3o.<\/p>\n<p>Alexandre Homem Cristo, ao falar aos jornalistas, explicou que a presen\u00e7a de um plen\u00e1rio com ru\u00eddo foi interpretada como press\u00e3o que comprometeu a boa-f\u00e9 das negocia\u00e7\u00f5es. O Governo reiterou que n\u00e3o aceita negociar sob press\u00e3o, mantendo a disponibilidade de receber o Stop numa fase posterior.<\/p>\n<h3>Rea\u00e7\u00e3o dos sindicatos<\/h3>\n<p>A Fenprof recusou-se a reunir com o Governo, classificando a decis\u00e3o como inaceit\u00e1vel. O sindicato alegou que o epis\u00f3dio prejudica o debate sobre o estatuto da carreira docente. Entre as organiza\u00e7\u00f5es que foram convocadas para a negocia\u00e7\u00e3o, apenas a Fenprof optou pela aus\u00eancia.<\/p>\n<p>O Secret\u00e1rio-Geral da FNE disse apenas estar surpreso com o que aconteceu, defendendo uma reflex\u00e3o coletiva sobre o sucedido. J\u00e1 a representante do SIPE reconheceu a legitimidade do Stop para protestar, acrescentando que n\u00e3o deveriam sofrer retalia\u00e7\u00f5es.<\/p>\n<h3>Perspetivas futuras<\/h3>\n<p>O Governo assegurou que o Stop ser\u00e1 inclu\u00eddo nas fases subsequentes do processo e receber\u00e1 a mais recente proposta, tal como os restantes sindicatos. Refor\u00e7ou contudo que, sempre que haja perturba\u00e7\u00e3o que comprometa as condi\u00e7\u00f5es de trabalho, n\u00e3o haver\u00e1 reuni\u00e3o.<\/p>\n<p>A posi\u00e7\u00e3o oficial mant\u00e9m o princ\u00edpio de n\u00e3o negociar sob press\u00e3o, enfatizando que a condu\u00e7\u00e3o das negocia\u00e7\u00f5es deve ocorrer em ambiente de tranquilidade e sem interfer\u00eancia de protestos em curso.<\/p>\n","protected":false},"excerpt":{"rendered":"<ul>\n<li>O Governo afirma que o Stop n\u00e3o demonstrou boa-f\u00e9 e n\u00e3o negocia sob press\u00e3o.<\/li>\n<li>O Stop n\u00e3o participou na reuni\u00e3o negocial de segunda-feira, ap\u00f3s o Governo ter dito que n\u00e3o aceitaria receber o sindicato durante o protesto.<\/li>\n<li>Um plen\u00e1rio com dezenas de docentes decorreu \u00e0 frente da sede do Minist\u00e9rio da Educa\u00e7\u00e3o, Ci\u00eancia e Inova\u00e7\u00e3o, impedindo a participa\u00e7\u00e3o do Stop.<\/li>\n<li>O secret\u00e1rio de Estado explicou que a presen\u00e7a do protesto representava uma forma de press\u00e3o que prejudicava os trabalhos.<\/li>\n<li>A Fenprof recusou a reuni\u00e3o, o Stop n\u00e3o fica exclu\u00eddo do processo e receber\u00e1 a proposta mais recente do Governo; o Executivo deixa a porta aberta para futuras negocia\u00e7\u00f5es se n\u00e3o houver perturba\u00e7\u00e3o.<\/li>\n<\/ul>\n","protected":false},"author":2,"featured_media":395024,"comment_status":"closed","ping_status":"closed","sticky":false,"template":"","format":"standard","meta":{"footnotes":""},"categories":[1],"tags":[6331,163,5426,2832,97,966],"class_list":["post-395020","post","type-post","status-publish","format-standard","has-post-thumbnail","hentry","category-noticias","tag-condicoes-de-trabalho","tag-educacao","tag-negociacao-coletiva","tag-politica","tag-professores","tag-sindicatos"],"yoast_head":"<!-- This site is optimized with the Yoast SEO plugin v27.2 - https:\/\/yoast.com\/product\/yoast-seo-wordpress\/ -->\n<title>Governo afirma que Stop n\u00e3o demonstrou boa-f\u00e9 e n\u00e3o negocia sob press\u00e3o - Portal Tela Portugal<\/title>\n<meta name=\"robots\" content=\"index, follow, max-snippet:-1, max-image-preview:large, max-video-preview:-1\" \/>\n<meta property=\"og:locale\" content=\"pt_PT\" \/>\n<meta property=\"og:type\" content=\"article\" \/>\n<meta property=\"og:title\" content=\"Governo afirma que Stop n\u00e3o demonstrou boa-f\u00e9 e n\u00e3o negocia sob press\u00e3o - Portal Tela Portugal\" \/>\n<meta property=\"og:description\" content=\"O Governo afirma que o Stop n\u00e3o demonstrou boa-f\u00e9 e n\u00e3o negocia sob press\u00e3o. O Stop n\u00e3o participou na reuni\u00e3o negocial de segunda-feira, ap\u00f3s o Governo ter dito que n\u00e3o aceitaria receber o sindicato durante o protesto. Um plen\u00e1rio com dezenas de docentes decorreu \u00e0 frente da sede do Minist\u00e9rio da Educa\u00e7\u00e3o, Ci\u00eancia e Inova\u00e7\u00e3o, impedindo a participa\u00e7\u00e3o do Stop. O secret\u00e1rio de Estado explicou que a presen\u00e7a do protesto representava uma forma de press\u00e3o que prejudicava os trabalhos. A Fenprof recusou a reuni\u00e3o, o Stop n\u00e3o fica exclu\u00eddo do processo e receber\u00e1 a proposta mais recente do Governo; o Executivo deixa a porta aberta para futuras negocia\u00e7\u00f5es se n\u00e3o houver perturba\u00e7\u00e3o.\" \/>\n<meta property=\"og:url\" content=\"https:\/\/portaltela.pt\/noticias\/2026\/03\/02\/governo-afirma-que-stop-nao-demonstrou-boa-fe-e-nao-negocia-sob-pressao\/\" \/>\n<meta property=\"og:site_name\" content=\"Portal Tela Portugal\" \/>\n<meta property=\"article:published_time\" content=\"2026-03-02T22:45:19+00:00\" \/>\n<meta name=\"author\" content=\"Telinha\" \/>\n<meta name=\"twitter:card\" content=\"summary_large_image\" \/>\n<meta name=\"twitter:label1\" content=\"Escrito por\" \/>\n\t<meta name=\"twitter:data1\" content=\"Telinha\" \/>\n\t<meta name=\"twitter:label2\" content=\"Tempo estimado de leitura\" \/>\n\t<meta name=\"twitter:data2\" content=\"2 minutos\" \/>\n<script type=\"application\/ld+json\" class=\"yoast-schema-graph\">{\"@context\":\"https:\/\/schema.org\",\"@graph\":[{\"@type\":\"Article\",\"@id\":\"https:\/\/portaltela.pt\/noticias\/2026\/03\/02\/governo-afirma-que-stop-nao-demonstrou-boa-fe-e-nao-negocia-sob-pressao\/#article\",\"isPartOf\":{\"@id\":\"https:\/\/portaltela.pt\/noticias\/2026\/03\/02\/governo-afirma-que-stop-nao-demonstrou-boa-fe-e-nao-negocia-sob-pressao\/\"},\"author\":{\"name\":\"Telinha\",\"@id\":\"https:\/\/portaltela.pt\/#\/schema\/person\/c4278d4a6028830caff9ee44b42d32ed\"},\"headline\":\"Governo afirma que Stop n\u00e3o demonstrou boa-f\u00e9 e n\u00e3o negocia sob press\u00e3o\",\"datePublished\":\"2026-03-02T22:45:19+00:00\",\"mainEntityOfPage\":{\"@id\":\"https:\/\/portaltela.pt\/noticias\/2026\/03\/02\/governo-afirma-que-stop-nao-demonstrou-boa-fe-e-nao-negocia-sob-pressao\/\"},\"wordCount\":361,\"image\":{\"@id\":\"https:\/\/portaltela.pt\/noticias\/2026\/03\/02\/governo-afirma-que-stop-nao-demonstrou-boa-fe-e-nao-negocia-sob-pressao\/#primaryimage\"},\"thumbnailUrl\":\"https:\/\/portaltela.pt\/s.01k8rhncp4jt1\/2026\/03\/img_1500x1000uu2024-04-12-00-05-46-1625765.jpg\",\"keywords\":[\"condi\u00e7\u00f5es de trabalho\",\"educa\u00e7\u00e3o\",\"negocia\u00e7\u00e3o coletiva\",\"pol\u00edtica\",\"professores\",\"sindicatos\"],\"articleSection\":[\"Not\u00edcias\"],\"inLanguage\":\"pt-PT\"},{\"@type\":\"WebPage\",\"@id\":\"https:\/\/portaltela.pt\/noticias\/2026\/03\/02\/governo-afirma-que-stop-nao-demonstrou-boa-fe-e-nao-negocia-sob-pressao\/\",\"url\":\"https:\/\/portaltela.pt\/noticias\/2026\/03\/02\/governo-afirma-que-stop-nao-demonstrou-boa-fe-e-nao-negocia-sob-pressao\/\",\"name\":\"Governo afirma que Stop n\u00e3o demonstrou boa-f\u00e9 e n\u00e3o negocia sob press\u00e3o - Portal Tela Portugal\",\"isPartOf\":{\"@id\":\"https:\/\/portaltela.pt\/#website\"},\"primaryImageOfPage\":{\"@id\":\"https:\/\/portaltela.pt\/noticias\/2026\/03\/02\/governo-afirma-que-stop-nao-demonstrou-boa-fe-e-nao-negocia-sob-pressao\/#primaryimage\"},\"image\":{\"@id\":\"https:\/\/portaltela.pt\/noticias\/2026\/03\/02\/governo-afirma-que-stop-nao-demonstrou-boa-fe-e-nao-negocia-sob-pressao\/#primaryimage\"},\"thumbnailUrl\":\"https:\/\/portaltela.pt\/s.01k8rhncp4jt1\/2026\/03\/img_1500x1000uu2024-04-12-00-05-46-1625765.jpg\",\"datePublished\":\"2026-03-02T22:45:19+00:00\",\"author\":{\"@id\":\"https:\/\/portaltela.pt\/#\/schema\/person\/c4278d4a6028830caff9ee44b42d32ed\"},\"breadcrumb\":{\"@id\":\"https:\/\/portaltela.pt\/noticias\/2026\/03\/02\/governo-afirma-que-stop-nao-demonstrou-boa-fe-e-nao-negocia-sob-pressao\/#breadcrumb\"},\"inLanguage\":\"pt-PT\",\"potentialAction\":[{\"@type\":\"ReadAction\",\"target\":[\"https:\/\/portaltela.pt\/noticias\/2026\/03\/02\/governo-afirma-que-stop-nao-demonstrou-boa-fe-e-nao-negocia-sob-pressao\/\"]}]},{\"@type\":\"ImageObject\",\"inLanguage\":\"pt-PT\",\"@id\":\"https:\/\/portaltela.pt\/noticias\/2026\/03\/02\/governo-afirma-que-stop-nao-demonstrou-boa-fe-e-nao-negocia-sob-pressao\/#primaryimage\",\"url\":\"https:\/\/portaltela.pt\/s.01k8rhncp4jt1\/2026\/03\/img_1500x1000uu2024-04-12-00-05-46-1625765.jpg\",\"contentUrl\":\"https:\/\/portaltela.pt\/s.01k8rhncp4jt1\/2026\/03\/img_1500x1000uu2024-04-12-00-05-46-1625765.jpg\",\"width\":796,\"height\":448,\"caption\":\"Secret\u00e1rio de Estado Adjunto e da Educa\u00e7\u00e3o, Alexandre Homem Cristo\"},{\"@type\":\"BreadcrumbList\",\"@id\":\"https:\/\/portaltela.pt\/noticias\/2026\/03\/02\/governo-afirma-que-stop-nao-demonstrou-boa-fe-e-nao-negocia-sob-pressao\/#breadcrumb\",\"itemListElement\":[{\"@type\":\"ListItem\",\"position\":1,\"name\":\"In\u00edcio\",\"item\":\"https:\/\/portaltela.pt\/\"},{\"@type\":\"ListItem\",\"position\":2,\"name\":\"Governo afirma que Stop n\u00e3o demonstrou boa-f\u00e9 e n\u00e3o negocia sob press\u00e3o\"}]},{\"@type\":\"WebSite\",\"@id\":\"https:\/\/portaltela.pt\/#website\",\"url\":\"https:\/\/portaltela.pt\/\",\"name\":\"Portal Tela Portugal\",\"description\":\"\",\"potentialAction\":[{\"@type\":\"SearchAction\",\"target\":{\"@type\":\"EntryPoint\",\"urlTemplate\":\"https:\/\/portaltela.pt\/?s={search_term_string}\"},\"query-input\":{\"@type\":\"PropertyValueSpecification\",\"valueRequired\":true,\"valueName\":\"search_term_string\"}}],\"inLanguage\":\"pt-PT\"},{\"@type\":\"Person\",\"@id\":\"https:\/\/portaltela.pt\/#\/schema\/person\/c4278d4a6028830caff9ee44b42d32ed\",\"name\":\"Telinha\",\"image\":{\"@type\":\"ImageObject\",\"inLanguage\":\"pt-PT\",\"@id\":\"https:\/\/portaltela.pt\/s.01k8rhncp4jt1\/2025\/11\/talking-bot-125x125.png\",\"url\":\"https:\/\/portaltela.pt\/s.01k8rhncp4jt1\/2025\/11\/talking-bot-125x125.png\",\"contentUrl\":\"https:\/\/portaltela.pt\/s.01k8rhncp4jt1\/2025\/11\/talking-bot-125x125.png\",\"caption\":\"Telinha\"},\"sameAs\":[\"https:\/\/portaltela.pt\/\"],\"url\":\"https:\/\/portaltela.pt\/por\/367410592786\/\"}]}<\/script>\n<!-- \/ Yoast SEO plugin. -->","yoast_head_json":{"title":"Governo afirma que Stop n\u00e3o demonstrou boa-f\u00e9 e n\u00e3o negocia sob press\u00e3o - Portal Tela Portugal","robots":{"index":"index","follow":"follow","max-snippet":"max-snippet:-1","max-image-preview":"max-image-preview:large","max-video-preview":"max-video-preview:-1"},"og_locale":"pt_PT","og_type":"article","og_title":"Governo afirma que Stop n\u00e3o demonstrou boa-f\u00e9 e n\u00e3o negocia sob press\u00e3o - Portal Tela Portugal","og_description":"O Governo afirma que o Stop n\u00e3o demonstrou boa-f\u00e9 e n\u00e3o negocia sob press\u00e3o. O Stop n\u00e3o participou na reuni\u00e3o negocial de segunda-feira, ap\u00f3s o Governo ter dito que n\u00e3o aceitaria receber o sindicato durante o protesto. Um plen\u00e1rio com dezenas de docentes decorreu \u00e0 frente da sede do Minist\u00e9rio da Educa\u00e7\u00e3o, Ci\u00eancia e Inova\u00e7\u00e3o, impedindo a participa\u00e7\u00e3o do Stop. O secret\u00e1rio de Estado explicou que a presen\u00e7a do protesto representava uma forma de press\u00e3o que prejudicava os trabalhos. A Fenprof recusou a reuni\u00e3o, o Stop n\u00e3o fica exclu\u00eddo do processo e receber\u00e1 a proposta mais recente do Governo; o Executivo deixa a porta aberta para futuras negocia\u00e7\u00f5es se n\u00e3o houver perturba\u00e7\u00e3o.","og_url":"https:\/\/portaltela.pt\/noticias\/2026\/03\/02\/governo-afirma-que-stop-nao-demonstrou-boa-fe-e-nao-negocia-sob-pressao\/","og_site_name":"Portal Tela Portugal","article_published_time":"2026-03-02T22:45:19+00:00","author":"Telinha","twitter_card":"summary_large_image","twitter_misc":{"Escrito por":"Telinha","Tempo estimado de leitura":"2 minutos"},"schema":{"@context":"https:\/\/schema.org","@graph":[{"@type":"Article","@id":"https:\/\/portaltela.pt\/noticias\/2026\/03\/02\/governo-afirma-que-stop-nao-demonstrou-boa-fe-e-nao-negocia-sob-pressao\/#article","isPartOf":{"@id":"https:\/\/portaltela.pt\/noticias\/2026\/03\/02\/governo-afirma-que-stop-nao-demonstrou-boa-fe-e-nao-negocia-sob-pressao\/"},"author":{"name":"Telinha","@id":"https:\/\/portaltela.pt\/#\/schema\/person\/c4278d4a6028830caff9ee44b42d32ed"},"headline":"Governo afirma que Stop n\u00e3o demonstrou boa-f\u00e9 e n\u00e3o negocia sob press\u00e3o","datePublished":"2026-03-02T22:45:19+00:00","mainEntityOfPage":{"@id":"https:\/\/portaltela.pt\/noticias\/2026\/03\/02\/governo-afirma-que-stop-nao-demonstrou-boa-fe-e-nao-negocia-sob-pressao\/"},"wordCount":361,"image":{"@id":"https:\/\/portaltela.pt\/noticias\/2026\/03\/02\/governo-afirma-que-stop-nao-demonstrou-boa-fe-e-nao-negocia-sob-pressao\/#primaryimage"},"thumbnailUrl":"https:\/\/portaltela.pt\/s.01k8rhncp4jt1\/2026\/03\/img_1500x1000uu2024-04-12-00-05-46-1625765.jpg","keywords":["condi\u00e7\u00f5es de trabalho","educa\u00e7\u00e3o","negocia\u00e7\u00e3o coletiva","pol\u00edtica","professores","sindicatos"],"articleSection":["Not\u00edcias"],"inLanguage":"pt-PT"},{"@type":"WebPage","@id":"https:\/\/portaltela.pt\/noticias\/2026\/03\/02\/governo-afirma-que-stop-nao-demonstrou-boa-fe-e-nao-negocia-sob-pressao\/","url":"https:\/\/portaltela.pt\/noticias\/2026\/03\/02\/governo-afirma-que-stop-nao-demonstrou-boa-fe-e-nao-negocia-sob-pressao\/","name":"Governo afirma que Stop n\u00e3o demonstrou boa-f\u00e9 e n\u00e3o negocia sob press\u00e3o - Portal Tela Portugal","isPartOf":{"@id":"https:\/\/portaltela.pt\/#website"},"primaryImageOfPage":{"@id":"https:\/\/portaltela.pt\/noticias\/2026\/03\/02\/governo-afirma-que-stop-nao-demonstrou-boa-fe-e-nao-negocia-sob-pressao\/#primaryimage"},"image":{"@id":"https:\/\/portaltela.pt\/noticias\/2026\/03\/02\/governo-afirma-que-stop-nao-demonstrou-boa-fe-e-nao-negocia-sob-pressao\/#primaryimage"},"thumbnailUrl":"https:\/\/portaltela.pt\/s.01k8rhncp4jt1\/2026\/03\/img_1500x1000uu2024-04-12-00-05-46-1625765.jpg","datePublished":"2026-03-02T22:45:19+00:00","author":{"@id":"https:\/\/portaltela.pt\/#\/schema\/person\/c4278d4a6028830caff9ee44b42d32ed"},"breadcrumb":{"@id":"https:\/\/portaltela.pt\/noticias\/2026\/03\/02\/governo-afirma-que-stop-nao-demonstrou-boa-fe-e-nao-negocia-sob-pressao\/#breadcrumb"},"inLanguage":"pt-PT","potentialAction":[{"@type":"ReadAction","target":["https:\/\/portaltela.pt\/noticias\/2026\/03\/02\/governo-afirma-que-stop-nao-demonstrou-boa-fe-e-nao-negocia-sob-pressao\/"]}]},{"@type":"ImageObject","inLanguage":"pt-PT","@id":"https:\/\/portaltela.pt\/noticias\/2026\/03\/02\/governo-afirma-que-stop-nao-demonstrou-boa-fe-e-nao-negocia-sob-pressao\/#primaryimage","url":"https:\/\/portaltela.pt\/s.01k8rhncp4jt1\/2026\/03\/img_1500x1000uu2024-04-12-00-05-46-1625765.jpg","contentUrl":"https:\/\/portaltela.pt\/s.01k8rhncp4jt1\/2026\/03\/img_1500x1000uu2024-04-12-00-05-46-1625765.jpg","width":796,"height":448,"caption":"Secret\u00e1rio de Estado Adjunto e da Educa\u00e7\u00e3o, Alexandre Homem Cristo"},{"@type":"BreadcrumbList","@id":"https:\/\/portaltela.pt\/noticias\/2026\/03\/02\/governo-afirma-que-stop-nao-demonstrou-boa-fe-e-nao-negocia-sob-pressao\/#breadcrumb","itemListElement":[{"@type":"ListItem","position":1,"name":"In\u00edcio","item":"https:\/\/portaltela.pt\/"},{"@type":"ListItem","position":2,"name":"Governo afirma que Stop n\u00e3o demonstrou boa-f\u00e9 e n\u00e3o negocia sob press\u00e3o"}]},{"@type":"WebSite","@id":"https:\/\/portaltela.pt\/#website","url":"https:\/\/portaltela.pt\/","name":"Portal Tela Portugal","description":"","potentialAction":[{"@type":"SearchAction","target":{"@type":"EntryPoint","urlTemplate":"https:\/\/portaltela.pt\/?s={search_term_string}"},"query-input":{"@type":"PropertyValueSpecification","valueRequired":true,"valueName":"search_term_string"}}],"inLanguage":"pt-PT"},{"@type":"Person","@id":"https:\/\/portaltela.pt\/#\/schema\/person\/c4278d4a6028830caff9ee44b42d32ed","name":"Telinha","image":{"@type":"ImageObject","inLanguage":"pt-PT","@id":"https:\/\/portaltela.pt\/s.01k8rhncp4jt1\/2025\/11\/talking-bot-125x125.png","url":"https:\/\/portaltela.pt\/s.01k8rhncp4jt1\/2025\/11\/talking-bot-125x125.png","contentUrl":"https:\/\/portaltela.pt\/s.01k8rhncp4jt1\/2025\/11\/talking-bot-125x125.png","caption":"Telinha"},"sameAs":["https:\/\/portaltela.pt\/"],"url":"https:\/\/portaltela.pt\/por\/367410592786\/"}]}},"_links":{"self":[{"href":"https:\/\/portaltela.pt\/api\/wp\/v2\/posts\/395020","targetHints":{"allow":["GET"]}}],"collection":[{"href":"https:\/\/portaltela.pt\/api\/wp\/v2\/posts"}],"about":[{"href":"https:\/\/portaltela.pt\/api\/wp\/v2\/types\/post"}],"author":[{"embeddable":true,"href":"https:\/\/portaltela.pt\/api\/wp\/v2\/users\/2"}],"replies":[{"embeddable":true,"href":"https:\/\/portaltela.pt\/api\/wp\/v2\/comments?post=395020"}],"version-history":[{"count":0,"href":"https:\/\/portaltela.pt\/api\/wp\/v2\/posts\/395020\/revisions"}],"wp:featuredmedia":[{"embeddable":true,"href":"https:\/\/portaltela.pt\/api\/wp\/v2\/media\/395024"}],"wp:attachment":[{"href":"https:\/\/portaltela.pt\/api\/wp\/v2\/media?parent=395020"}],"wp:term":[{"taxonomy":"category","embeddable":true,"href":"https:\/\/portaltela.pt\/api\/wp\/v2\/categories?post=395020"},{"taxonomy":"post_tag","embeddable":true,"href":"https:\/\/portaltela.pt\/api\/wp\/v2\/tags?post=395020"}],"curies":[{"name":"wp","href":"https:\/\/api.w.org\/{rel}","templated":true}]}}