{"id":395003,"date":"2026-03-02T19:29:00","date_gmt":"2026-03-02T22:29:00","guid":{"rendered":"https:\/\/portaltela.pt\/noticias\/2026\/03\/02\/regionalizacao-e-recusa-de-novas-capelas-nas-politicas-locais\/"},"modified":"2026-03-02T19:29:00","modified_gmt":"2026-03-02T22:29:00","slug":"regionalizacao-e-recusa-de-novas-capelas-nas-politicas-locais","status":"publish","type":"post","link":"https:\/\/portaltela.pt\/noticias\/2026\/03\/02\/regionalizacao-e-recusa-de-novas-capelas-nas-politicas-locais\/","title":{"rendered":"Regionaliza\u00e7\u00e3o e recusa de novas capelas nas pol\u00edticas locais"},"content":{"rendered":"<p>O atual presidente da C\u00e2mara de Vila Nova de Paiva, Paulo Marques (PS), e dois ex-presidentes da autarquia, Manuel Cust\u00f3dio (PSD) e Avantino Beleza (CDS), analisaram o percurso pol\u00edtico do concelho nos \u00faltimos 50 anos. O debate, iniciado ap\u00f3s as primeiras elei\u00e7\u00f5es aut\u00e1rquicas de 1976, revelou vis\u00f5es distintas sobre o futuro da regi\u00e3o.<\/p>\n<p>Marques defendeu a regionaliza\u00e7\u00e3o como forma de ampliar a autonomia local, refor\u00e7ando que h\u00e1 mais dinheiro dispon\u00edvel e que as CCDR e as Comunidades Intermunicipais permitem decis\u00f5es mais pr\u00f3ximas das popula\u00e7\u00f5es. Beleza tamb\u00e9m apoiou a regionaliza\u00e7\u00e3o, destacando a import\u00e2ncia de fortalecer as autarquias e a coopera\u00e7\u00e3o entre munic\u00edpios.<\/p>\n<p>Cust\u00f3dio, por seu lado, recuou da regionaliza\u00e7\u00e3o por considerar que criaria um patamar adicional de estruturas pol\u00edticas. O ex-presidente recordou que, na sua altura, o poder de decis\u00e3o era mais centralizado e que hoje existem v\u00e1rias entidades intermunicipais que comp\u00f5em o mosaico administrativo atual.<\/p>\n<h3>Contexto pol\u00edtico: regionaliza\u00e7\u00e3o e poderes locais<\/h3>\n<ul>\n<li>Marques afirma que a descentraliza\u00e7\u00e3o criou maiores oportunidades de decis\u00e3o local e melhoria na qualidade de vida.<\/li>\n<li>Beleza acrescenta que os mun\u00edcipes conhecem melhor os recursos dispon\u00edveis e os destinos de investimento, fruto de or\u00e7amentos mais vis\u00edveis.<\/li>\n<li>Cust\u00f3dio afirma ter defendido a regionaliza\u00e7\u00e3o, mas aponta que o quadro atual j\u00e1 envolve cinco CCDR, CIM e outras estruturas que podem tornar desnecess\u00e1ria uma nova camada administrativa.<\/li>\n<\/ul>\n<h3>Desdobramentos e perspetivas<\/h3>\n<p>Os intervenientes destacam que o escrut\u00ednio p\u00fablico e o papel das redes sociais mudaram a forma de atuar dos autarcas hoje. A luta por maior autonomia persiste, mesmo entre quem j\u00e1 ocupa cargos de gest\u00e3o ou j\u00e1 os ocupou no passado.<\/p>\n<h2>Curiosidades estat\u00edsticas<\/h2>\n<p>Vila Nova de Paiva \u00e9 onde nasce o rio Paiva, considerado um dos menos polu\u00eddos da Europa. O concelho recebe eventos que atraem visitantes, como a Feira do Fumeiro do Demo, festivais da Truta, do P\u00e3o e a Feira do Mel.<\/p>\n<h3>Desenvolvimento cultural e econ\u00f3mico<\/h3>\n<p>Em 2011 n\u00e3o havia espet\u00e1culos ao vivo, mas em 2024 j\u00e1 se registam 25 espet\u00e1culos ao vivo. A aposta em museus tamb\u00e9m evoluiu, passando de um para dois, ao longo de pouco mais de uma d\u00e9cada.<\/p>\n","protected":false},"excerpt":{"rendered":"<ul>\n<li>O presidente da C\u00e2mara de Vila Nova de Paiva, Paulo Marques (PS), juntamente com dois ex-presidentes, Manuel Cust\u00f3dio (PSD) e Avantino Beleza (CDS), participaram no ciclo de debates \u201cUm dia no munic\u00edpio\u201d da TSF, a falar sobre o passado e o futuro do concelho e defenderam a regionaliza\u00e7\u00e3o.<\/li>\n<li>Paulo Marques defende mais autonomia e afirma que \u00e9 cada vez mais poss\u00edvel decidir localmente, com as CCDR e as Comunidades Intermunicipais a facilitar a autonomia financeira.<\/li>\n<li>Manuel Cust\u00f3dio, que j\u00e1 tinha defendido a regionaliza\u00e7\u00e3o, mudou de posi\u00e7\u00e3o, dizendo que hoje existem v\u00e1rias estruturas regionais (cinco CCDR e CIM) e questionando se surgiriam mais \u201ccapelas\u201d.<\/li>\n<li>Avantino Beleza insiste na regionaliza\u00e7\u00e3o e recorda a cria\u00e7\u00e3o da Associa\u00e7\u00e3o Nacional de Munic\u00edpios Portugueses e a luta por maior poder financeiro para autarquias.<\/li>\n<li>Vila Nova de Paiva destaca-se pelo rio Paiva, considerado um dos rios menos polu\u00eddos da Europa, e pela realiza\u00e7\u00e3o de festivais e museus que atraem visitantes; em 2024 houve mais espet\u00e1culos ao vivo do que em 2011.<\/li>\n<\/ul>\n","protected":false},"author":2,"featured_media":395010,"comment_status":"closed","ping_status":"closed","sticky":false,"template":"","format":"standard","meta":{"footnotes":""},"categories":[1],"tags":[2706,5387,1275,2832,4650,1778],"class_list":["post-395003","post","type-post","status-publish","format-standard","has-post-thumbnail","hentry","category-noticias","tag-autarquias","tag-ccdr-centro","tag-descentralizacao-territorial","tag-politica","tag-regiao-centro","tag-regionalizacao-territorial"],"yoast_head":"<!-- This site is optimized with the Yoast SEO plugin v27.2 - https:\/\/yoast.com\/product\/yoast-seo-wordpress\/ -->\n<title>Regionaliza\u00e7\u00e3o e recusa de novas capelas nas pol\u00edticas locais - Portal Tela Portugal<\/title>\n<meta name=\"robots\" content=\"index, follow, max-snippet:-1, max-image-preview:large, max-video-preview:-1\" \/>\n<meta property=\"og:locale\" content=\"pt_PT\" \/>\n<meta property=\"og:type\" content=\"article\" \/>\n<meta property=\"og:title\" content=\"Regionaliza\u00e7\u00e3o e recusa de novas capelas nas pol\u00edticas locais - Portal Tela Portugal\" \/>\n<meta property=\"og:description\" content=\"O presidente da C\u00e2mara de Vila Nova de Paiva, Paulo Marques (PS), juntamente com dois ex-presidentes, Manuel Cust\u00f3dio (PSD) e Avantino Beleza (CDS), participaram no ciclo de debates \u201cUm dia no munic\u00edpio\u201d da TSF, a falar sobre o passado e o futuro do concelho e defenderam a regionaliza\u00e7\u00e3o. Paulo Marques defende mais autonomia e afirma que \u00e9 cada vez mais poss\u00edvel decidir localmente, com as CCDR e as Comunidades Intermunicipais a facilitar a autonomia financeira. Manuel Cust\u00f3dio, que j\u00e1 tinha defendido a regionaliza\u00e7\u00e3o, mudou de posi\u00e7\u00e3o, dizendo que hoje existem v\u00e1rias estruturas regionais (cinco CCDR e CIM) e questionando se surgiriam mais \u201ccapelas\u201d. Avantino Beleza insiste na regionaliza\u00e7\u00e3o e recorda a cria\u00e7\u00e3o da Associa\u00e7\u00e3o Nacional de Munic\u00edpios Portugueses e a luta por maior poder financeiro para autarquias. Vila Nova de Paiva destaca-se pelo rio Paiva, considerado um dos rios menos polu\u00eddos da Europa, e pela realiza\u00e7\u00e3o de festivais e museus que atraem visitantes; em 2024 houve mais espet\u00e1culos ao vivo do que em 2011.\" \/>\n<meta property=\"og:url\" content=\"https:\/\/portaltela.pt\/noticias\/2026\/03\/02\/regionalizacao-e-recusa-de-novas-capelas-nas-politicas-locais\/\" \/>\n<meta property=\"og:site_name\" content=\"Portal Tela Portugal\" \/>\n<meta property=\"article:published_time\" content=\"2026-03-02T22:29:00+00:00\" \/>\n<meta name=\"author\" content=\"Telinha\" \/>\n<meta name=\"twitter:card\" content=\"summary_large_image\" \/>\n<meta name=\"twitter:label1\" content=\"Escrito por\" \/>\n\t<meta name=\"twitter:data1\" content=\"Telinha\" \/>\n\t<meta name=\"twitter:label2\" content=\"Tempo estimado de leitura\" \/>\n\t<meta name=\"twitter:data2\" content=\"2 minutos\" \/>\n<script type=\"application\/ld+json\" class=\"yoast-schema-graph\">{\"@context\":\"https:\/\/schema.org\",\"@graph\":[{\"@type\":\"Article\",\"@id\":\"https:\/\/portaltela.pt\/noticias\/2026\/03\/02\/regionalizacao-e-recusa-de-novas-capelas-nas-politicas-locais\/#article\",\"isPartOf\":{\"@id\":\"https:\/\/portaltela.pt\/noticias\/2026\/03\/02\/regionalizacao-e-recusa-de-novas-capelas-nas-politicas-locais\/\"},\"author\":{\"name\":\"Telinha\",\"@id\":\"https:\/\/portaltela.pt\/#\/schema\/person\/c4278d4a6028830caff9ee44b42d32ed\"},\"headline\":\"Regionaliza\u00e7\u00e3o e recusa de novas capelas nas pol\u00edticas locais\",\"datePublished\":\"2026-03-02T22:29:00+00:00\",\"mainEntityOfPage\":{\"@id\":\"https:\/\/portaltela.pt\/noticias\/2026\/03\/02\/regionalizacao-e-recusa-de-novas-capelas-nas-politicas-locais\/\"},\"wordCount\":396,\"image\":{\"@id\":\"https:\/\/portaltela.pt\/noticias\/2026\/03\/02\/regionalizacao-e-recusa-de-novas-capelas-nas-politicas-locais\/#primaryimage\"},\"thumbnailUrl\":\"https:\/\/portaltela.pt\/s.01k8rhncp4jt1\/2026\/03\/image-111.jpg\",\"keywords\":[\"autarquias\",\"CCDR Centro\",\"descentraliza\u00e7\u00e3o territorial\",\"pol\u00edtica\",\"Regi\u00e3o Centro\",\"regionaliza\u00e7\u00e3o territorial\"],\"articleSection\":[\"Not\u00edcias\"],\"inLanguage\":\"pt-PT\"},{\"@type\":\"WebPage\",\"@id\":\"https:\/\/portaltela.pt\/noticias\/2026\/03\/02\/regionalizacao-e-recusa-de-novas-capelas-nas-politicas-locais\/\",\"url\":\"https:\/\/portaltela.pt\/noticias\/2026\/03\/02\/regionalizacao-e-recusa-de-novas-capelas-nas-politicas-locais\/\",\"name\":\"Regionaliza\u00e7\u00e3o e recusa de novas capelas nas pol\u00edticas locais - Portal Tela Portugal\",\"isPartOf\":{\"@id\":\"https:\/\/portaltela.pt\/#website\"},\"primaryImageOfPage\":{\"@id\":\"https:\/\/portaltela.pt\/noticias\/2026\/03\/02\/regionalizacao-e-recusa-de-novas-capelas-nas-politicas-locais\/#primaryimage\"},\"image\":{\"@id\":\"https:\/\/portaltela.pt\/noticias\/2026\/03\/02\/regionalizacao-e-recusa-de-novas-capelas-nas-politicas-locais\/#primaryimage\"},\"thumbnailUrl\":\"https:\/\/portaltela.pt\/s.01k8rhncp4jt1\/2026\/03\/image-111.jpg\",\"datePublished\":\"2026-03-02T22:29:00+00:00\",\"author\":{\"@id\":\"https:\/\/portaltela.pt\/#\/schema\/person\/c4278d4a6028830caff9ee44b42d32ed\"},\"breadcrumb\":{\"@id\":\"https:\/\/portaltela.pt\/noticias\/2026\/03\/02\/regionalizacao-e-recusa-de-novas-capelas-nas-politicas-locais\/#breadcrumb\"},\"inLanguage\":\"pt-PT\",\"potentialAction\":[{\"@type\":\"ReadAction\",\"target\":[\"https:\/\/portaltela.pt\/noticias\/2026\/03\/02\/regionalizacao-e-recusa-de-novas-capelas-nas-politicas-locais\/\"]}]},{\"@type\":\"ImageObject\",\"inLanguage\":\"pt-PT\",\"@id\":\"https:\/\/portaltela.pt\/noticias\/2026\/03\/02\/regionalizacao-e-recusa-de-novas-capelas-nas-politicas-locais\/#primaryimage\",\"url\":\"https:\/\/portaltela.pt\/s.01k8rhncp4jt1\/2026\/03\/image-111.jpg\",\"contentUrl\":\"https:\/\/portaltela.pt\/s.01k8rhncp4jt1\/2026\/03\/image-111.jpg\",\"width\":796,\"height\":448,\"caption\":\"Celebra\u00e7\u00f5es do feriado municipal, esta segunda-feira, junto \u00e0 C\u00e2mara Municipal de Vila Nova de Paiva\"},{\"@type\":\"BreadcrumbList\",\"@id\":\"https:\/\/portaltela.pt\/noticias\/2026\/03\/02\/regionalizacao-e-recusa-de-novas-capelas-nas-politicas-locais\/#breadcrumb\",\"itemListElement\":[{\"@type\":\"ListItem\",\"position\":1,\"name\":\"In\u00edcio\",\"item\":\"https:\/\/portaltela.pt\/\"},{\"@type\":\"ListItem\",\"position\":2,\"name\":\"Regionaliza\u00e7\u00e3o e recusa de novas capelas nas pol\u00edticas locais\"}]},{\"@type\":\"WebSite\",\"@id\":\"https:\/\/portaltela.pt\/#website\",\"url\":\"https:\/\/portaltela.pt\/\",\"name\":\"Portal Tela Portugal\",\"description\":\"\",\"potentialAction\":[{\"@type\":\"SearchAction\",\"target\":{\"@type\":\"EntryPoint\",\"urlTemplate\":\"https:\/\/portaltela.pt\/?s={search_term_string}\"},\"query-input\":{\"@type\":\"PropertyValueSpecification\",\"valueRequired\":true,\"valueName\":\"search_term_string\"}}],\"inLanguage\":\"pt-PT\"},{\"@type\":\"Person\",\"@id\":\"https:\/\/portaltela.pt\/#\/schema\/person\/c4278d4a6028830caff9ee44b42d32ed\",\"name\":\"Telinha\",\"image\":{\"@type\":\"ImageObject\",\"inLanguage\":\"pt-PT\",\"@id\":\"https:\/\/portaltela.pt\/s.01k8rhncp4jt1\/2025\/11\/talking-bot-125x125.png\",\"url\":\"https:\/\/portaltela.pt\/s.01k8rhncp4jt1\/2025\/11\/talking-bot-125x125.png\",\"contentUrl\":\"https:\/\/portaltela.pt\/s.01k8rhncp4jt1\/2025\/11\/talking-bot-125x125.png\",\"caption\":\"Telinha\"},\"sameAs\":[\"https:\/\/portaltela.pt\/\"],\"url\":\"https:\/\/portaltela.pt\/por\/367410592786\/\"}]}<\/script>\n<!-- \/ Yoast SEO plugin. -->","yoast_head_json":{"title":"Regionaliza\u00e7\u00e3o e recusa de novas capelas nas pol\u00edticas locais - Portal Tela Portugal","robots":{"index":"index","follow":"follow","max-snippet":"max-snippet:-1","max-image-preview":"max-image-preview:large","max-video-preview":"max-video-preview:-1"},"og_locale":"pt_PT","og_type":"article","og_title":"Regionaliza\u00e7\u00e3o e recusa de novas capelas nas pol\u00edticas locais - Portal Tela Portugal","og_description":"O presidente da C\u00e2mara de Vila Nova de Paiva, Paulo Marques (PS), juntamente com dois ex-presidentes, Manuel Cust\u00f3dio (PSD) e Avantino Beleza (CDS), participaram no ciclo de debates \u201cUm dia no munic\u00edpio\u201d da TSF, a falar sobre o passado e o futuro do concelho e defenderam a regionaliza\u00e7\u00e3o. Paulo Marques defende mais autonomia e afirma que \u00e9 cada vez mais poss\u00edvel decidir localmente, com as CCDR e as Comunidades Intermunicipais a facilitar a autonomia financeira. Manuel Cust\u00f3dio, que j\u00e1 tinha defendido a regionaliza\u00e7\u00e3o, mudou de posi\u00e7\u00e3o, dizendo que hoje existem v\u00e1rias estruturas regionais (cinco CCDR e CIM) e questionando se surgiriam mais \u201ccapelas\u201d. Avantino Beleza insiste na regionaliza\u00e7\u00e3o e recorda a cria\u00e7\u00e3o da Associa\u00e7\u00e3o Nacional de Munic\u00edpios Portugueses e a luta por maior poder financeiro para autarquias. Vila Nova de Paiva destaca-se pelo rio Paiva, considerado um dos rios menos polu\u00eddos da Europa, e pela realiza\u00e7\u00e3o de festivais e museus que atraem visitantes; em 2024 houve mais espet\u00e1culos ao vivo do que em 2011.","og_url":"https:\/\/portaltela.pt\/noticias\/2026\/03\/02\/regionalizacao-e-recusa-de-novas-capelas-nas-politicas-locais\/","og_site_name":"Portal Tela Portugal","article_published_time":"2026-03-02T22:29:00+00:00","author":"Telinha","twitter_card":"summary_large_image","twitter_misc":{"Escrito por":"Telinha","Tempo estimado de leitura":"2 minutos"},"schema":{"@context":"https:\/\/schema.org","@graph":[{"@type":"Article","@id":"https:\/\/portaltela.pt\/noticias\/2026\/03\/02\/regionalizacao-e-recusa-de-novas-capelas-nas-politicas-locais\/#article","isPartOf":{"@id":"https:\/\/portaltela.pt\/noticias\/2026\/03\/02\/regionalizacao-e-recusa-de-novas-capelas-nas-politicas-locais\/"},"author":{"name":"Telinha","@id":"https:\/\/portaltela.pt\/#\/schema\/person\/c4278d4a6028830caff9ee44b42d32ed"},"headline":"Regionaliza\u00e7\u00e3o e recusa de novas capelas nas pol\u00edticas locais","datePublished":"2026-03-02T22:29:00+00:00","mainEntityOfPage":{"@id":"https:\/\/portaltela.pt\/noticias\/2026\/03\/02\/regionalizacao-e-recusa-de-novas-capelas-nas-politicas-locais\/"},"wordCount":396,"image":{"@id":"https:\/\/portaltela.pt\/noticias\/2026\/03\/02\/regionalizacao-e-recusa-de-novas-capelas-nas-politicas-locais\/#primaryimage"},"thumbnailUrl":"https:\/\/portaltela.pt\/s.01k8rhncp4jt1\/2026\/03\/image-111.jpg","keywords":["autarquias","CCDR Centro","descentraliza\u00e7\u00e3o territorial","pol\u00edtica","Regi\u00e3o Centro","regionaliza\u00e7\u00e3o territorial"],"articleSection":["Not\u00edcias"],"inLanguage":"pt-PT"},{"@type":"WebPage","@id":"https:\/\/portaltela.pt\/noticias\/2026\/03\/02\/regionalizacao-e-recusa-de-novas-capelas-nas-politicas-locais\/","url":"https:\/\/portaltela.pt\/noticias\/2026\/03\/02\/regionalizacao-e-recusa-de-novas-capelas-nas-politicas-locais\/","name":"Regionaliza\u00e7\u00e3o e recusa de novas capelas nas pol\u00edticas locais - Portal Tela Portugal","isPartOf":{"@id":"https:\/\/portaltela.pt\/#website"},"primaryImageOfPage":{"@id":"https:\/\/portaltela.pt\/noticias\/2026\/03\/02\/regionalizacao-e-recusa-de-novas-capelas-nas-politicas-locais\/#primaryimage"},"image":{"@id":"https:\/\/portaltela.pt\/noticias\/2026\/03\/02\/regionalizacao-e-recusa-de-novas-capelas-nas-politicas-locais\/#primaryimage"},"thumbnailUrl":"https:\/\/portaltela.pt\/s.01k8rhncp4jt1\/2026\/03\/image-111.jpg","datePublished":"2026-03-02T22:29:00+00:00","author":{"@id":"https:\/\/portaltela.pt\/#\/schema\/person\/c4278d4a6028830caff9ee44b42d32ed"},"breadcrumb":{"@id":"https:\/\/portaltela.pt\/noticias\/2026\/03\/02\/regionalizacao-e-recusa-de-novas-capelas-nas-politicas-locais\/#breadcrumb"},"inLanguage":"pt-PT","potentialAction":[{"@type":"ReadAction","target":["https:\/\/portaltela.pt\/noticias\/2026\/03\/02\/regionalizacao-e-recusa-de-novas-capelas-nas-politicas-locais\/"]}]},{"@type":"ImageObject","inLanguage":"pt-PT","@id":"https:\/\/portaltela.pt\/noticias\/2026\/03\/02\/regionalizacao-e-recusa-de-novas-capelas-nas-politicas-locais\/#primaryimage","url":"https:\/\/portaltela.pt\/s.01k8rhncp4jt1\/2026\/03\/image-111.jpg","contentUrl":"https:\/\/portaltela.pt\/s.01k8rhncp4jt1\/2026\/03\/image-111.jpg","width":796,"height":448,"caption":"Celebra\u00e7\u00f5es do feriado municipal, esta segunda-feira, junto \u00e0 C\u00e2mara Municipal de Vila Nova de Paiva"},{"@type":"BreadcrumbList","@id":"https:\/\/portaltela.pt\/noticias\/2026\/03\/02\/regionalizacao-e-recusa-de-novas-capelas-nas-politicas-locais\/#breadcrumb","itemListElement":[{"@type":"ListItem","position":1,"name":"In\u00edcio","item":"https:\/\/portaltela.pt\/"},{"@type":"ListItem","position":2,"name":"Regionaliza\u00e7\u00e3o e recusa de novas capelas nas pol\u00edticas locais"}]},{"@type":"WebSite","@id":"https:\/\/portaltela.pt\/#website","url":"https:\/\/portaltela.pt\/","name":"Portal Tela Portugal","description":"","potentialAction":[{"@type":"SearchAction","target":{"@type":"EntryPoint","urlTemplate":"https:\/\/portaltela.pt\/?s={search_term_string}"},"query-input":{"@type":"PropertyValueSpecification","valueRequired":true,"valueName":"search_term_string"}}],"inLanguage":"pt-PT"},{"@type":"Person","@id":"https:\/\/portaltela.pt\/#\/schema\/person\/c4278d4a6028830caff9ee44b42d32ed","name":"Telinha","image":{"@type":"ImageObject","inLanguage":"pt-PT","@id":"https:\/\/portaltela.pt\/s.01k8rhncp4jt1\/2025\/11\/talking-bot-125x125.png","url":"https:\/\/portaltela.pt\/s.01k8rhncp4jt1\/2025\/11\/talking-bot-125x125.png","contentUrl":"https:\/\/portaltela.pt\/s.01k8rhncp4jt1\/2025\/11\/talking-bot-125x125.png","caption":"Telinha"},"sameAs":["https:\/\/portaltela.pt\/"],"url":"https:\/\/portaltela.pt\/por\/367410592786\/"}]}},"_links":{"self":[{"href":"https:\/\/portaltela.pt\/api\/wp\/v2\/posts\/395003","targetHints":{"allow":["GET"]}}],"collection":[{"href":"https:\/\/portaltela.pt\/api\/wp\/v2\/posts"}],"about":[{"href":"https:\/\/portaltela.pt\/api\/wp\/v2\/types\/post"}],"author":[{"embeddable":true,"href":"https:\/\/portaltela.pt\/api\/wp\/v2\/users\/2"}],"replies":[{"embeddable":true,"href":"https:\/\/portaltela.pt\/api\/wp\/v2\/comments?post=395003"}],"version-history":[{"count":0,"href":"https:\/\/portaltela.pt\/api\/wp\/v2\/posts\/395003\/revisions"}],"wp:featuredmedia":[{"embeddable":true,"href":"https:\/\/portaltela.pt\/api\/wp\/v2\/media\/395010"}],"wp:attachment":[{"href":"https:\/\/portaltela.pt\/api\/wp\/v2\/media?parent=395003"}],"wp:term":[{"taxonomy":"category","embeddable":true,"href":"https:\/\/portaltela.pt\/api\/wp\/v2\/categories?post=395003"},{"taxonomy":"post_tag","embeddable":true,"href":"https:\/\/portaltela.pt\/api\/wp\/v2\/tags?post=395003"}],"curies":[{"name":"wp","href":"https:\/\/api.w.org\/{rel}","templated":true}]}}