{"id":395002,"date":"2026-03-02T19:31:12","date_gmt":"2026-03-02T22:31:12","guid":{"rendered":"https:\/\/portaltela.pt\/noticias\/2026\/03\/02\/pesquisadores-usam-fibra-otica-e-laser-para-detetar-sinais-de-sismos\/"},"modified":"2026-03-02T19:31:12","modified_gmt":"2026-03-02T22:31:12","slug":"pesquisadores-usam-fibra-otica-e-laser-para-detetar-sinais-de-sismos","status":"publish","type":"post","link":"https:\/\/portaltela.pt\/noticias\/2026\/03\/02\/pesquisadores-usam-fibra-otica-e-laser-para-detetar-sinais-de-sismos\/","title":{"rendered":"Pesquisadores usam fibra \u00f3tica e laser para detetar sinais de sismos"},"content":{"rendered":"<p>Investigadores v\u00e3o desenvolver o projeto Sismovega, que combina laser, fibra \u00f3tica e IA para estudar a fratura de falhas geol\u00f3gicas e poss\u00edveis anomalias precursoras de sismos no sudeste da Pen\u00ednsula Ib\u00e9rica. O foco \u00e9 a regi\u00e3o de Vega Baja, em Alicante.<\/p>\n<p>A iniciativa \u00e9 liderada pelo Instituto de Geoci\u00eancias de Barcelona (GEO3BCN-CSIC). O objetivo \u00e9 monitorizar as propriedades s\u00edsmicas da crosta, com an\u00e1lise cont\u00ednua, para detetar sinais precoces de movimento s\u00edsmico.<\/p>\n<p>O projeto tem um or\u00e7amento de 300 mil euros e est\u00e1 previsto para durar tr\u00eas anos. Ser\u00e3o usados 50 quil\u00f3metros de cabo de fibra \u00f3tica para registar vibra\u00e7\u00f5es do solo via DAS, uma t\u00e9cnica de sensoriamento s\u00edsmico distribu\u00eddo.<\/p>\n<h3>Objetivos e tecnologias<\/h3>\n<p>O DAS transforma cabos de telecomunica\u00e7\u00f5es em uma rede de sensores s\u00edsmicos virtuais, possibilitando monitoriza\u00e7\u00e3o intensiva com alta resolu\u00e7\u00e3o temporal e espacial. A abordagem permite dados em tempo real para an\u00e1lise cont\u00ednua.<\/p>\n<p>A equipa de pesquisa conta com a colabora\u00e7\u00e3o de Elanta e Avatel, atrav\u00e9s da Vega Fibra. A iniciativa pretende transformar a regi\u00e3o numa plataforma de teste de t\u00e9cnicas e an\u00e1lises s\u00edsmicas de ponta.<\/p>\n<h3>Colabora\u00e7\u00e3o e divulga\u00e7\u00e3o cient\u00edfica<\/h3>\n<p>Al\u00e9m da componente tecnol\u00f3gica, o projecto inclui uma experi\u00eancia comunit\u00e1ria para promover ci\u00eancia aberta. Os dados gerados ficar\u00e3o dispon\u00edveis em tempo real para investigadores nacionais e internacionais interessados em participar.<\/p>\n","protected":false},"excerpt":{"rendered":"<ul>\n<li>O projeto Sismovega vai usar fibra \u00f3tica, laser e IA para estudar fraturas de falhas geol\u00f3gicas e poss\u00edveis anomalias precursoras de sismos no sudeste da Pen\u00ednsula Ib\u00e9rica.<\/li>\n<li>\u00c9 liderado pelo Instituto de Geoci\u00eancias de Barcelona do Conselho Superior de Investiga\u00e7\u00f5es Cient\u00edficas (CSIC) e foca a regi\u00e3o de Vega Baja, em Alicante.<\/li>\n<li>A regi\u00e3o sofreu um terramoto em 1829 que causou mortos e danos em cidades como Torrevieja, Almorad\u00ed e Guardamar del Segura, mantendo-se entre as \u00e1reas mais ativas.<\/li>\n<li>O or\u00e7amento \u00e9 de 300 mil euros, com dura\u00e7\u00e3o prevista de tr\u00eas anos, utilizando 50 quil\u00f3metros de cabo de fibra \u00f3tica para registar vibra\u00e7\u00f5es via DAS (Distributed Acoustic Sensing).<\/li>\n<li>O DAS transforma cabos de fibra \u00f3tica em uma rede de sensores s\u00edsmicos, com colabora\u00e7\u00e3o de Elanta e Avatel (Vega Fibra), gerando dados em tempo real para investigadores nacionais e internacionais e promovendo ci\u00eancia aberta na comunidade.<\/li>\n<\/ul>\n","protected":false},"author":2,"featured_media":395008,"comment_status":"closed","ping_status":"closed","sticky":false,"template":"","format":"standard","meta":{"footnotes":""},"categories":[1],"tags":[1992,4190,2343,56,153],"class_list":["post-395002","post","type-post","status-publish","format-standard","has-post-thumbnail","hentry","category-noticias","tag-ciencia","tag-fibra-otica","tag-investigacao-internacional","tag-pesquisa","tag-tecnologia"],"yoast_head":"<!-- This site is optimized with the Yoast SEO plugin v27.2 - https:\/\/yoast.com\/product\/yoast-seo-wordpress\/ -->\n<title>Pesquisadores usam fibra \u00f3tica e laser para detetar sinais de sismos - Portal Tela Portugal<\/title>\n<meta name=\"robots\" content=\"index, follow, max-snippet:-1, max-image-preview:large, max-video-preview:-1\" \/>\n<meta property=\"og:locale\" content=\"pt_PT\" \/>\n<meta property=\"og:type\" content=\"article\" \/>\n<meta property=\"og:title\" content=\"Pesquisadores usam fibra \u00f3tica e laser para detetar sinais de sismos - Portal Tela Portugal\" \/>\n<meta property=\"og:description\" content=\"O projeto Sismovega vai usar fibra \u00f3tica, laser e IA para estudar fraturas de falhas geol\u00f3gicas e poss\u00edveis anomalias precursoras de sismos no sudeste da Pen\u00ednsula Ib\u00e9rica. \u00c9 liderado pelo Instituto de Geoci\u00eancias de Barcelona do Conselho Superior de Investiga\u00e7\u00f5es Cient\u00edficas (CSIC) e foca a regi\u00e3o de Vega Baja, em Alicante. A regi\u00e3o sofreu um terramoto em 1829 que causou mortos e danos em cidades como Torrevieja, Almorad\u00ed e Guardamar del Segura, mantendo-se entre as \u00e1reas mais ativas. O or\u00e7amento \u00e9 de 300 mil euros, com dura\u00e7\u00e3o prevista de tr\u00eas anos, utilizando 50 quil\u00f3metros de cabo de fibra \u00f3tica para registar vibra\u00e7\u00f5es via DAS (Distributed Acoustic Sensing). O DAS transforma cabos de fibra \u00f3tica em uma rede de sensores s\u00edsmicos, com colabora\u00e7\u00e3o de Elanta e Avatel (Vega Fibra), gerando dados em tempo real para investigadores nacionais e internacionais e promovendo ci\u00eancia aberta na comunidade.\" \/>\n<meta property=\"og:url\" content=\"https:\/\/portaltela.pt\/noticias\/2026\/03\/02\/pesquisadores-usam-fibra-otica-e-laser-para-detetar-sinais-de-sismos\/\" \/>\n<meta property=\"og:site_name\" content=\"Portal Tela Portugal\" \/>\n<meta property=\"article:published_time\" content=\"2026-03-02T22:31:12+00:00\" \/>\n<meta name=\"author\" content=\"Telinha\" \/>\n<meta name=\"twitter:card\" content=\"summary_large_image\" \/>\n<meta name=\"twitter:label1\" content=\"Escrito por\" \/>\n\t<meta name=\"twitter:data1\" content=\"Telinha\" \/>\n\t<meta name=\"twitter:label2\" content=\"Tempo estimado de leitura\" \/>\n\t<meta name=\"twitter:data2\" content=\"1 minuto\" \/>\n<script type=\"application\/ld+json\" class=\"yoast-schema-graph\">{\"@context\":\"https:\/\/schema.org\",\"@graph\":[{\"@type\":\"Article\",\"@id\":\"https:\/\/portaltela.pt\/noticias\/2026\/03\/02\/pesquisadores-usam-fibra-otica-e-laser-para-detetar-sinais-de-sismos\/#article\",\"isPartOf\":{\"@id\":\"https:\/\/portaltela.pt\/noticias\/2026\/03\/02\/pesquisadores-usam-fibra-otica-e-laser-para-detetar-sinais-de-sismos\/\"},\"author\":{\"name\":\"Telinha\",\"@id\":\"https:\/\/portaltela.pt\/#\/schema\/person\/c4278d4a6028830caff9ee44b42d32ed\"},\"headline\":\"Pesquisadores usam fibra \u00f3tica e laser para detetar sinais de sismos\",\"datePublished\":\"2026-03-02T22:31:12+00:00\",\"mainEntityOfPage\":{\"@id\":\"https:\/\/portaltela.pt\/noticias\/2026\/03\/02\/pesquisadores-usam-fibra-otica-e-laser-para-detetar-sinais-de-sismos\/\"},\"wordCount\":259,\"image\":{\"@id\":\"https:\/\/portaltela.pt\/noticias\/2026\/03\/02\/pesquisadores-usam-fibra-otica-e-laser-para-detetar-sinais-de-sismos\/#primaryimage\"},\"thumbnailUrl\":\"https:\/\/portaltela.pt\/s.01k8rhncp4jt1\/2026\/03\/img_1280x721uu2020-04-29-12-10-52-939736.jpg\",\"keywords\":[\"ci\u00eancia\",\"fibra \u00f3tica\",\"investiga\u00e7\u00e3o internacional\",\"pesquisa\",\"tecnologia\"],\"articleSection\":[\"Not\u00edcias\"],\"inLanguage\":\"pt-PT\"},{\"@type\":\"WebPage\",\"@id\":\"https:\/\/portaltela.pt\/noticias\/2026\/03\/02\/pesquisadores-usam-fibra-otica-e-laser-para-detetar-sinais-de-sismos\/\",\"url\":\"https:\/\/portaltela.pt\/noticias\/2026\/03\/02\/pesquisadores-usam-fibra-otica-e-laser-para-detetar-sinais-de-sismos\/\",\"name\":\"Pesquisadores usam fibra \u00f3tica e laser para detetar sinais de sismos - Portal Tela Portugal\",\"isPartOf\":{\"@id\":\"https:\/\/portaltela.pt\/#website\"},\"primaryImageOfPage\":{\"@id\":\"https:\/\/portaltela.pt\/noticias\/2026\/03\/02\/pesquisadores-usam-fibra-otica-e-laser-para-detetar-sinais-de-sismos\/#primaryimage\"},\"image\":{\"@id\":\"https:\/\/portaltela.pt\/noticias\/2026\/03\/02\/pesquisadores-usam-fibra-otica-e-laser-para-detetar-sinais-de-sismos\/#primaryimage\"},\"thumbnailUrl\":\"https:\/\/portaltela.pt\/s.01k8rhncp4jt1\/2026\/03\/img_1280x721uu2020-04-29-12-10-52-939736.jpg\",\"datePublished\":\"2026-03-02T22:31:12+00:00\",\"author\":{\"@id\":\"https:\/\/portaltela.pt\/#\/schema\/person\/c4278d4a6028830caff9ee44b42d32ed\"},\"breadcrumb\":{\"@id\":\"https:\/\/portaltela.pt\/noticias\/2026\/03\/02\/pesquisadores-usam-fibra-otica-e-laser-para-detetar-sinais-de-sismos\/#breadcrumb\"},\"inLanguage\":\"pt-PT\",\"potentialAction\":[{\"@type\":\"ReadAction\",\"target\":[\"https:\/\/portaltela.pt\/noticias\/2026\/03\/02\/pesquisadores-usam-fibra-otica-e-laser-para-detetar-sinais-de-sismos\/\"]}]},{\"@type\":\"ImageObject\",\"inLanguage\":\"pt-PT\",\"@id\":\"https:\/\/portaltela.pt\/noticias\/2026\/03\/02\/pesquisadores-usam-fibra-otica-e-laser-para-detetar-sinais-de-sismos\/#primaryimage\",\"url\":\"https:\/\/portaltela.pt\/s.01k8rhncp4jt1\/2026\/03\/img_1280x721uu2020-04-29-12-10-52-939736.jpg\",\"contentUrl\":\"https:\/\/portaltela.pt\/s.01k8rhncp4jt1\/2026\/03\/img_1280x721uu2020-04-29-12-10-52-939736.jpg\",\"width\":796,\"height\":448,\"caption\":\"Sismo\"},{\"@type\":\"BreadcrumbList\",\"@id\":\"https:\/\/portaltela.pt\/noticias\/2026\/03\/02\/pesquisadores-usam-fibra-otica-e-laser-para-detetar-sinais-de-sismos\/#breadcrumb\",\"itemListElement\":[{\"@type\":\"ListItem\",\"position\":1,\"name\":\"In\u00edcio\",\"item\":\"https:\/\/portaltela.pt\/\"},{\"@type\":\"ListItem\",\"position\":2,\"name\":\"Pesquisadores usam fibra \u00f3tica e laser para detetar sinais de sismos\"}]},{\"@type\":\"WebSite\",\"@id\":\"https:\/\/portaltela.pt\/#website\",\"url\":\"https:\/\/portaltela.pt\/\",\"name\":\"Portal Tela Portugal\",\"description\":\"\",\"potentialAction\":[{\"@type\":\"SearchAction\",\"target\":{\"@type\":\"EntryPoint\",\"urlTemplate\":\"https:\/\/portaltela.pt\/?s={search_term_string}\"},\"query-input\":{\"@type\":\"PropertyValueSpecification\",\"valueRequired\":true,\"valueName\":\"search_term_string\"}}],\"inLanguage\":\"pt-PT\"},{\"@type\":\"Person\",\"@id\":\"https:\/\/portaltela.pt\/#\/schema\/person\/c4278d4a6028830caff9ee44b42d32ed\",\"name\":\"Telinha\",\"image\":{\"@type\":\"ImageObject\",\"inLanguage\":\"pt-PT\",\"@id\":\"https:\/\/portaltela.pt\/s.01k8rhncp4jt1\/2025\/11\/talking-bot-125x125.png\",\"url\":\"https:\/\/portaltela.pt\/s.01k8rhncp4jt1\/2025\/11\/talking-bot-125x125.png\",\"contentUrl\":\"https:\/\/portaltela.pt\/s.01k8rhncp4jt1\/2025\/11\/talking-bot-125x125.png\",\"caption\":\"Telinha\"},\"sameAs\":[\"https:\/\/portaltela.pt\/\"],\"url\":\"https:\/\/portaltela.pt\/por\/367410592786\/\"}]}<\/script>\n<!-- \/ Yoast SEO plugin. -->","yoast_head_json":{"title":"Pesquisadores usam fibra \u00f3tica e laser para detetar sinais de sismos - Portal Tela Portugal","robots":{"index":"index","follow":"follow","max-snippet":"max-snippet:-1","max-image-preview":"max-image-preview:large","max-video-preview":"max-video-preview:-1"},"og_locale":"pt_PT","og_type":"article","og_title":"Pesquisadores usam fibra \u00f3tica e laser para detetar sinais de sismos - Portal Tela Portugal","og_description":"O projeto Sismovega vai usar fibra \u00f3tica, laser e IA para estudar fraturas de falhas geol\u00f3gicas e poss\u00edveis anomalias precursoras de sismos no sudeste da Pen\u00ednsula Ib\u00e9rica. \u00c9 liderado pelo Instituto de Geoci\u00eancias de Barcelona do Conselho Superior de Investiga\u00e7\u00f5es Cient\u00edficas (CSIC) e foca a regi\u00e3o de Vega Baja, em Alicante. A regi\u00e3o sofreu um terramoto em 1829 que causou mortos e danos em cidades como Torrevieja, Almorad\u00ed e Guardamar del Segura, mantendo-se entre as \u00e1reas mais ativas. O or\u00e7amento \u00e9 de 300 mil euros, com dura\u00e7\u00e3o prevista de tr\u00eas anos, utilizando 50 quil\u00f3metros de cabo de fibra \u00f3tica para registar vibra\u00e7\u00f5es via DAS (Distributed Acoustic Sensing). O DAS transforma cabos de fibra \u00f3tica em uma rede de sensores s\u00edsmicos, com colabora\u00e7\u00e3o de Elanta e Avatel (Vega Fibra), gerando dados em tempo real para investigadores nacionais e internacionais e promovendo ci\u00eancia aberta na comunidade.","og_url":"https:\/\/portaltela.pt\/noticias\/2026\/03\/02\/pesquisadores-usam-fibra-otica-e-laser-para-detetar-sinais-de-sismos\/","og_site_name":"Portal Tela Portugal","article_published_time":"2026-03-02T22:31:12+00:00","author":"Telinha","twitter_card":"summary_large_image","twitter_misc":{"Escrito por":"Telinha","Tempo estimado de leitura":"1 minuto"},"schema":{"@context":"https:\/\/schema.org","@graph":[{"@type":"Article","@id":"https:\/\/portaltela.pt\/noticias\/2026\/03\/02\/pesquisadores-usam-fibra-otica-e-laser-para-detetar-sinais-de-sismos\/#article","isPartOf":{"@id":"https:\/\/portaltela.pt\/noticias\/2026\/03\/02\/pesquisadores-usam-fibra-otica-e-laser-para-detetar-sinais-de-sismos\/"},"author":{"name":"Telinha","@id":"https:\/\/portaltela.pt\/#\/schema\/person\/c4278d4a6028830caff9ee44b42d32ed"},"headline":"Pesquisadores usam fibra \u00f3tica e laser para detetar sinais de sismos","datePublished":"2026-03-02T22:31:12+00:00","mainEntityOfPage":{"@id":"https:\/\/portaltela.pt\/noticias\/2026\/03\/02\/pesquisadores-usam-fibra-otica-e-laser-para-detetar-sinais-de-sismos\/"},"wordCount":259,"image":{"@id":"https:\/\/portaltela.pt\/noticias\/2026\/03\/02\/pesquisadores-usam-fibra-otica-e-laser-para-detetar-sinais-de-sismos\/#primaryimage"},"thumbnailUrl":"https:\/\/portaltela.pt\/s.01k8rhncp4jt1\/2026\/03\/img_1280x721uu2020-04-29-12-10-52-939736.jpg","keywords":["ci\u00eancia","fibra \u00f3tica","investiga\u00e7\u00e3o internacional","pesquisa","tecnologia"],"articleSection":["Not\u00edcias"],"inLanguage":"pt-PT"},{"@type":"WebPage","@id":"https:\/\/portaltela.pt\/noticias\/2026\/03\/02\/pesquisadores-usam-fibra-otica-e-laser-para-detetar-sinais-de-sismos\/","url":"https:\/\/portaltela.pt\/noticias\/2026\/03\/02\/pesquisadores-usam-fibra-otica-e-laser-para-detetar-sinais-de-sismos\/","name":"Pesquisadores usam fibra \u00f3tica e laser para detetar sinais de sismos - Portal Tela Portugal","isPartOf":{"@id":"https:\/\/portaltela.pt\/#website"},"primaryImageOfPage":{"@id":"https:\/\/portaltela.pt\/noticias\/2026\/03\/02\/pesquisadores-usam-fibra-otica-e-laser-para-detetar-sinais-de-sismos\/#primaryimage"},"image":{"@id":"https:\/\/portaltela.pt\/noticias\/2026\/03\/02\/pesquisadores-usam-fibra-otica-e-laser-para-detetar-sinais-de-sismos\/#primaryimage"},"thumbnailUrl":"https:\/\/portaltela.pt\/s.01k8rhncp4jt1\/2026\/03\/img_1280x721uu2020-04-29-12-10-52-939736.jpg","datePublished":"2026-03-02T22:31:12+00:00","author":{"@id":"https:\/\/portaltela.pt\/#\/schema\/person\/c4278d4a6028830caff9ee44b42d32ed"},"breadcrumb":{"@id":"https:\/\/portaltela.pt\/noticias\/2026\/03\/02\/pesquisadores-usam-fibra-otica-e-laser-para-detetar-sinais-de-sismos\/#breadcrumb"},"inLanguage":"pt-PT","potentialAction":[{"@type":"ReadAction","target":["https:\/\/portaltela.pt\/noticias\/2026\/03\/02\/pesquisadores-usam-fibra-otica-e-laser-para-detetar-sinais-de-sismos\/"]}]},{"@type":"ImageObject","inLanguage":"pt-PT","@id":"https:\/\/portaltela.pt\/noticias\/2026\/03\/02\/pesquisadores-usam-fibra-otica-e-laser-para-detetar-sinais-de-sismos\/#primaryimage","url":"https:\/\/portaltela.pt\/s.01k8rhncp4jt1\/2026\/03\/img_1280x721uu2020-04-29-12-10-52-939736.jpg","contentUrl":"https:\/\/portaltela.pt\/s.01k8rhncp4jt1\/2026\/03\/img_1280x721uu2020-04-29-12-10-52-939736.jpg","width":796,"height":448,"caption":"Sismo"},{"@type":"BreadcrumbList","@id":"https:\/\/portaltela.pt\/noticias\/2026\/03\/02\/pesquisadores-usam-fibra-otica-e-laser-para-detetar-sinais-de-sismos\/#breadcrumb","itemListElement":[{"@type":"ListItem","position":1,"name":"In\u00edcio","item":"https:\/\/portaltela.pt\/"},{"@type":"ListItem","position":2,"name":"Pesquisadores usam fibra \u00f3tica e laser para detetar sinais de sismos"}]},{"@type":"WebSite","@id":"https:\/\/portaltela.pt\/#website","url":"https:\/\/portaltela.pt\/","name":"Portal Tela Portugal","description":"","potentialAction":[{"@type":"SearchAction","target":{"@type":"EntryPoint","urlTemplate":"https:\/\/portaltela.pt\/?s={search_term_string}"},"query-input":{"@type":"PropertyValueSpecification","valueRequired":true,"valueName":"search_term_string"}}],"inLanguage":"pt-PT"},{"@type":"Person","@id":"https:\/\/portaltela.pt\/#\/schema\/person\/c4278d4a6028830caff9ee44b42d32ed","name":"Telinha","image":{"@type":"ImageObject","inLanguage":"pt-PT","@id":"https:\/\/portaltela.pt\/s.01k8rhncp4jt1\/2025\/11\/talking-bot-125x125.png","url":"https:\/\/portaltela.pt\/s.01k8rhncp4jt1\/2025\/11\/talking-bot-125x125.png","contentUrl":"https:\/\/portaltela.pt\/s.01k8rhncp4jt1\/2025\/11\/talking-bot-125x125.png","caption":"Telinha"},"sameAs":["https:\/\/portaltela.pt\/"],"url":"https:\/\/portaltela.pt\/por\/367410592786\/"}]}},"_links":{"self":[{"href":"https:\/\/portaltela.pt\/api\/wp\/v2\/posts\/395002","targetHints":{"allow":["GET"]}}],"collection":[{"href":"https:\/\/portaltela.pt\/api\/wp\/v2\/posts"}],"about":[{"href":"https:\/\/portaltela.pt\/api\/wp\/v2\/types\/post"}],"author":[{"embeddable":true,"href":"https:\/\/portaltela.pt\/api\/wp\/v2\/users\/2"}],"replies":[{"embeddable":true,"href":"https:\/\/portaltela.pt\/api\/wp\/v2\/comments?post=395002"}],"version-history":[{"count":0,"href":"https:\/\/portaltela.pt\/api\/wp\/v2\/posts\/395002\/revisions"}],"wp:featuredmedia":[{"embeddable":true,"href":"https:\/\/portaltela.pt\/api\/wp\/v2\/media\/395008"}],"wp:attachment":[{"href":"https:\/\/portaltela.pt\/api\/wp\/v2\/media?parent=395002"}],"wp:term":[{"taxonomy":"category","embeddable":true,"href":"https:\/\/portaltela.pt\/api\/wp\/v2\/categories?post=395002"},{"taxonomy":"post_tag","embeddable":true,"href":"https:\/\/portaltela.pt\/api\/wp\/v2\/tags?post=395002"}],"curies":[{"name":"wp","href":"https:\/\/api.w.org\/{rel}","templated":true}]}}