{"id":394985,"date":"2026-03-02T19:28:00","date_gmt":"2026-03-02T22:28:00","guid":{"rendered":"https:\/\/portaltela.pt\/noticias\/2026\/03\/02\/camara-de-almada-prolonga-alerta-por-risco-de-deslizamentos\/"},"modified":"2026-03-02T19:28:00","modified_gmt":"2026-03-02T22:28:00","slug":"camara-de-almada-prolonga-alerta-por-risco-de-deslizamentos","status":"publish","type":"post","link":"https:\/\/portaltela.pt\/noticias\/2026\/03\/02\/camara-de-almada-prolonga-alerta-por-risco-de-deslizamentos\/","title":{"rendered":"C\u00e2mara de Almada prolonga alerta por risco de deslizamentos"},"content":{"rendered":"<p>A C\u00e2mara Municipal de Almada decidiu manter a situa\u00e7\u00e3o de alerta activada no concelho, devido ao perigo de deslizamentos de terras. A medida foi prolongada nesta segunda-feira, ap\u00f3s ter sido decretada a 5 de fevereiro, em resposta \u00e0s condi\u00e7\u00f5es meteorol\u00f3gicas recentes.<\/p>\n<p>Entre as \u00e1reas mais afetadas est\u00e3o a Costa da Caparica e Porto Brand\u00e3o, onde v\u00e1rios deslizamentos t\u00eam ocorrido desde o in\u00edcio das tempestades. A autarquia indicou que o risco ainda persiste e que houve necessidade de evacua\u00e7\u00f5es em v\u00e1rias habita\u00e7\u00f5es.<\/p>\n<p>A decis\u00e3o foi tomada com base em pareceres do Laborat\u00f3rio Nacional de Engenharia Civil (LNEC). A presidente da C\u00e2mara, In\u00eas de Medeiros, reuniu-se com moradores de Porto Brand\u00e3o, Azinhaga dos Formozinhos e Costa de Caparica, que tiveram de abandonar as casas.<\/p>\n<p>A monitoriza\u00e7\u00e3o inclui tecnologia de sat\u00e9lite, drones e marcadores no terreno, com o apoio do programa Copernicus. Mesmo assim, In\u00eas de Medeiros sublinhou que n\u00e3o se pode desconsiderar o risco de novos desabamentos, mantendo as medidas preventivas.<\/p>\n<p>O LNEC recomenda inspe\u00e7\u00f5es di\u00e1rias ao topo da arriba da Costa da Caparica e valida\u00e7\u00f5es para eventual evacua\u00e7\u00e3o adicional. Tamb\u00e9m sugerem estudos sobre delimita\u00e7\u00e3o de zonas de constru\u00e7\u00e3o e solu\u00e7\u00f5es de estabiliza\u00e7\u00e3o da arriba f\u00f3ssil.<\/p>\n<p>Relat\u00f3rios da Faculdade de Ci\u00eancias e Tecnologia (FCT) da Universidade Nova de Lisboa, datados de 27 de fevereiro, refor\u00e7am a necessidade de monitoriza\u00e7\u00e3o cont\u00ednua, dada a perspetiva de movimentos de massa durante per\u00edodos de drenagem e secagem do solo.<\/p>\n<p>Ao todo, 502 pessoas continuam desalojadas no concelho: 359 na Azinhaga dos Formozinhos, 109 na Costa da Caparica e 34 em outras \u00e1reas. Cerca de 230 est\u00e3o alojadas em hot\u00e9is pela autarquia, com 147 ainda em alojamento, segundo os \u00faltimos dados oficiais.<\/p>\n<p>As persistentes condi\u00e7\u00f5es clim\u00e1ticas, associadas a epis\u00f3dios de precipita\u00e7\u00e3o intensos, mant\u00eam o risco de novos deslizamentos. Este cen\u00e1rio levou autoridades a manter medidas preventivas at\u00e9 que haja condi\u00e7\u00f5es est\u00e1veis e avalia\u00e7\u00e3o t\u00e9cnica cont\u00ednua.<\/p>\n","protected":false},"excerpt":{"rendered":"<ul>\n<li>A C\u00e2mara Municipal de Almada prolongou, at\u00e9 novo aviso, a situa\u00e7\u00e3o de alerta devido ao risco de deslizamentos de terras nas arribas da Costa da Caparica e de Porto Brand\u00e3o.<\/li>\n<li>A decis\u00e3o mant\u00e9m a monitoriza\u00e7\u00e3o permanente do territ\u00f3rio, com apoio do Laborat\u00f3rio Nacional de Engenharia Civil (LNEC) e da Faculdade de Ci\u00eancias e Tecnologia (FCT) da Universidade Nova de Lisboa.<\/li>\n<li>Medidas de mitiga\u00e7\u00e3o e vigil\u00e2ncia incluem uso de sat\u00e9lite (programa Copernicus), drones e coloca\u00e7\u00e3o de marcadores no terreno; o objetivo \u00e9 reduzir o risco e gerir evacua\u00e7\u00f5es adicionais.<\/li>\n<li>No concelho, 502 pessoas ficaram desalojadas, com 230 acolhidas em alojamentos hoteleiros; 147 ainda permanecem nesses espa\u00e7os.<\/li>\n<li>O LNEC recomenda inspe\u00e7\u00f5es di\u00e1rias no topo da arriba em Costa da Caparica, explora\u00e7\u00e3o de solu\u00e7\u00f5es de delimita\u00e7\u00e3o de zonas de interdi\u00e7\u00e3o e estudo de estabiliza\u00e7\u00e3o definitiva da arriba f\u00f3sil.<\/li>\n<\/ul>\n","protected":false},"author":2,"featured_media":394994,"comment_status":"closed","ping_status":"closed","sticky":false,"template":"","format":"standard","meta":{"footnotes":""},"categories":[1],"tags":[1373,5179,5442,6063,3735,4519],"class_list":["post-394985","post","type-post","status-publish","format-standard","has-post-thumbnail","hentry","category-noticias","tag-almada","tag-copernicus","tag-costa-da-caparica","tag-desastres","tag-deslizamentos","tag-evacuacoes"],"yoast_head":"<!-- This site is optimized with the Yoast SEO plugin v27.2 - https:\/\/yoast.com\/product\/yoast-seo-wordpress\/ -->\n<title>C\u00e2mara de Almada prolonga alerta por risco de deslizamentos - Portal Tela Portugal<\/title>\n<meta name=\"robots\" content=\"index, follow, max-snippet:-1, max-image-preview:large, max-video-preview:-1\" \/>\n<meta property=\"og:locale\" content=\"pt_PT\" \/>\n<meta property=\"og:type\" content=\"article\" \/>\n<meta property=\"og:title\" content=\"C\u00e2mara de Almada prolonga alerta por risco de deslizamentos - Portal Tela Portugal\" \/>\n<meta property=\"og:description\" content=\"A C\u00e2mara Municipal de Almada prolongou, at\u00e9 novo aviso, a situa\u00e7\u00e3o de alerta devido ao risco de deslizamentos de terras nas arribas da Costa da Caparica e de Porto Brand\u00e3o. A decis\u00e3o mant\u00e9m a monitoriza\u00e7\u00e3o permanente do territ\u00f3rio, com apoio do Laborat\u00f3rio Nacional de Engenharia Civil (LNEC) e da Faculdade de Ci\u00eancias e Tecnologia (FCT) da Universidade Nova de Lisboa. Medidas de mitiga\u00e7\u00e3o e vigil\u00e2ncia incluem uso de sat\u00e9lite (programa Copernicus), drones e coloca\u00e7\u00e3o de marcadores no terreno; o objetivo \u00e9 reduzir o risco e gerir evacua\u00e7\u00f5es adicionais. No concelho, 502 pessoas ficaram desalojadas, com 230 acolhidas em alojamentos hoteleiros; 147 ainda permanecem nesses espa\u00e7os. O LNEC recomenda inspe\u00e7\u00f5es di\u00e1rias no topo da arriba em Costa da Caparica, explora\u00e7\u00e3o de solu\u00e7\u00f5es de delimita\u00e7\u00e3o de zonas de interdi\u00e7\u00e3o e estudo de estabiliza\u00e7\u00e3o definitiva da arriba f\u00f3sil.\" \/>\n<meta property=\"og:url\" content=\"https:\/\/portaltela.pt\/noticias\/2026\/03\/02\/camara-de-almada-prolonga-alerta-por-risco-de-deslizamentos\/\" \/>\n<meta property=\"og:site_name\" content=\"Portal Tela Portugal\" \/>\n<meta property=\"article:published_time\" content=\"2026-03-02T22:28:00+00:00\" \/>\n<meta name=\"author\" content=\"Telinha\" \/>\n<meta name=\"twitter:card\" content=\"summary_large_image\" \/>\n<meta name=\"twitter:label1\" content=\"Escrito por\" \/>\n\t<meta name=\"twitter:data1\" content=\"Telinha\" \/>\n\t<meta name=\"twitter:label2\" content=\"Tempo estimado de leitura\" \/>\n\t<meta name=\"twitter:data2\" content=\"2 minutos\" \/>\n<script type=\"application\/ld+json\" class=\"yoast-schema-graph\">{\"@context\":\"https:\/\/schema.org\",\"@graph\":[{\"@type\":\"Article\",\"@id\":\"https:\/\/portaltela.pt\/noticias\/2026\/03\/02\/camara-de-almada-prolonga-alerta-por-risco-de-deslizamentos\/#article\",\"isPartOf\":{\"@id\":\"https:\/\/portaltela.pt\/noticias\/2026\/03\/02\/camara-de-almada-prolonga-alerta-por-risco-de-deslizamentos\/\"},\"author\":{\"name\":\"Telinha\",\"@id\":\"https:\/\/portaltela.pt\/#\/schema\/person\/c4278d4a6028830caff9ee44b42d32ed\"},\"headline\":\"C\u00e2mara de Almada prolonga alerta por risco de deslizamentos\",\"datePublished\":\"2026-03-02T22:28:00+00:00\",\"mainEntityOfPage\":{\"@id\":\"https:\/\/portaltela.pt\/noticias\/2026\/03\/02\/camara-de-almada-prolonga-alerta-por-risco-de-deslizamentos\/\"},\"wordCount\":361,\"image\":{\"@id\":\"https:\/\/portaltela.pt\/noticias\/2026\/03\/02\/camara-de-almada-prolonga-alerta-por-risco-de-deslizamentos\/#primaryimage\"},\"thumbnailUrl\":\"https:\/\/portaltela.pt\/s.01k8rhncp4jt1\/2026\/03\/img_1500x1000uu2026-02-07-12-00-07-2265403.jpg\",\"keywords\":[\"Almada\",\"Copernicus\",\"Costa da Caparica\",\"desastres\",\"deslizamentos\",\"evacua\u00e7\u00f5es\"],\"articleSection\":[\"Not\u00edcias\"],\"inLanguage\":\"pt-PT\"},{\"@type\":\"WebPage\",\"@id\":\"https:\/\/portaltela.pt\/noticias\/2026\/03\/02\/camara-de-almada-prolonga-alerta-por-risco-de-deslizamentos\/\",\"url\":\"https:\/\/portaltela.pt\/noticias\/2026\/03\/02\/camara-de-almada-prolonga-alerta-por-risco-de-deslizamentos\/\",\"name\":\"C\u00e2mara de Almada prolonga alerta por risco de deslizamentos - Portal Tela Portugal\",\"isPartOf\":{\"@id\":\"https:\/\/portaltela.pt\/#website\"},\"primaryImageOfPage\":{\"@id\":\"https:\/\/portaltela.pt\/noticias\/2026\/03\/02\/camara-de-almada-prolonga-alerta-por-risco-de-deslizamentos\/#primaryimage\"},\"image\":{\"@id\":\"https:\/\/portaltela.pt\/noticias\/2026\/03\/02\/camara-de-almada-prolonga-alerta-por-risco-de-deslizamentos\/#primaryimage\"},\"thumbnailUrl\":\"https:\/\/portaltela.pt\/s.01k8rhncp4jt1\/2026\/03\/img_1500x1000uu2026-02-07-12-00-07-2265403.jpg\",\"datePublished\":\"2026-03-02T22:28:00+00:00\",\"author\":{\"@id\":\"https:\/\/portaltela.pt\/#\/schema\/person\/c4278d4a6028830caff9ee44b42d32ed\"},\"breadcrumb\":{\"@id\":\"https:\/\/portaltela.pt\/noticias\/2026\/03\/02\/camara-de-almada-prolonga-alerta-por-risco-de-deslizamentos\/#breadcrumb\"},\"inLanguage\":\"pt-PT\",\"potentialAction\":[{\"@type\":\"ReadAction\",\"target\":[\"https:\/\/portaltela.pt\/noticias\/2026\/03\/02\/camara-de-almada-prolonga-alerta-por-risco-de-deslizamentos\/\"]}]},{\"@type\":\"ImageObject\",\"inLanguage\":\"pt-PT\",\"@id\":\"https:\/\/portaltela.pt\/noticias\/2026\/03\/02\/camara-de-almada-prolonga-alerta-por-risco-de-deslizamentos\/#primaryimage\",\"url\":\"https:\/\/portaltela.pt\/s.01k8rhncp4jt1\/2026\/03\/img_1500x1000uu2026-02-07-12-00-07-2265403.jpg\",\"contentUrl\":\"https:\/\/portaltela.pt\/s.01k8rhncp4jt1\/2026\/03\/img_1500x1000uu2026-02-07-12-00-07-2265403.jpg\",\"width\":796,\"height\":448,\"caption\":\"Derrocada na Costa da Caparica\"},{\"@type\":\"BreadcrumbList\",\"@id\":\"https:\/\/portaltela.pt\/noticias\/2026\/03\/02\/camara-de-almada-prolonga-alerta-por-risco-de-deslizamentos\/#breadcrumb\",\"itemListElement\":[{\"@type\":\"ListItem\",\"position\":1,\"name\":\"In\u00edcio\",\"item\":\"https:\/\/portaltela.pt\/\"},{\"@type\":\"ListItem\",\"position\":2,\"name\":\"C\u00e2mara de Almada prolonga alerta por risco de deslizamentos\"}]},{\"@type\":\"WebSite\",\"@id\":\"https:\/\/portaltela.pt\/#website\",\"url\":\"https:\/\/portaltela.pt\/\",\"name\":\"Portal Tela Portugal\",\"description\":\"\",\"potentialAction\":[{\"@type\":\"SearchAction\",\"target\":{\"@type\":\"EntryPoint\",\"urlTemplate\":\"https:\/\/portaltela.pt\/?s={search_term_string}\"},\"query-input\":{\"@type\":\"PropertyValueSpecification\",\"valueRequired\":true,\"valueName\":\"search_term_string\"}}],\"inLanguage\":\"pt-PT\"},{\"@type\":\"Person\",\"@id\":\"https:\/\/portaltela.pt\/#\/schema\/person\/c4278d4a6028830caff9ee44b42d32ed\",\"name\":\"Telinha\",\"image\":{\"@type\":\"ImageObject\",\"inLanguage\":\"pt-PT\",\"@id\":\"https:\/\/portaltela.pt\/s.01k8rhncp4jt1\/2025\/11\/talking-bot-125x125.png\",\"url\":\"https:\/\/portaltela.pt\/s.01k8rhncp4jt1\/2025\/11\/talking-bot-125x125.png\",\"contentUrl\":\"https:\/\/portaltela.pt\/s.01k8rhncp4jt1\/2025\/11\/talking-bot-125x125.png\",\"caption\":\"Telinha\"},\"sameAs\":[\"https:\/\/portaltela.pt\/\"],\"url\":\"https:\/\/portaltela.pt\/por\/367410592786\/\"}]}<\/script>\n<!-- \/ Yoast SEO plugin. -->","yoast_head_json":{"title":"C\u00e2mara de Almada prolonga alerta por risco de deslizamentos - Portal Tela Portugal","robots":{"index":"index","follow":"follow","max-snippet":"max-snippet:-1","max-image-preview":"max-image-preview:large","max-video-preview":"max-video-preview:-1"},"og_locale":"pt_PT","og_type":"article","og_title":"C\u00e2mara de Almada prolonga alerta por risco de deslizamentos - Portal Tela Portugal","og_description":"A C\u00e2mara Municipal de Almada prolongou, at\u00e9 novo aviso, a situa\u00e7\u00e3o de alerta devido ao risco de deslizamentos de terras nas arribas da Costa da Caparica e de Porto Brand\u00e3o. A decis\u00e3o mant\u00e9m a monitoriza\u00e7\u00e3o permanente do territ\u00f3rio, com apoio do Laborat\u00f3rio Nacional de Engenharia Civil (LNEC) e da Faculdade de Ci\u00eancias e Tecnologia (FCT) da Universidade Nova de Lisboa. Medidas de mitiga\u00e7\u00e3o e vigil\u00e2ncia incluem uso de sat\u00e9lite (programa Copernicus), drones e coloca\u00e7\u00e3o de marcadores no terreno; o objetivo \u00e9 reduzir o risco e gerir evacua\u00e7\u00f5es adicionais. No concelho, 502 pessoas ficaram desalojadas, com 230 acolhidas em alojamentos hoteleiros; 147 ainda permanecem nesses espa\u00e7os. O LNEC recomenda inspe\u00e7\u00f5es di\u00e1rias no topo da arriba em Costa da Caparica, explora\u00e7\u00e3o de solu\u00e7\u00f5es de delimita\u00e7\u00e3o de zonas de interdi\u00e7\u00e3o e estudo de estabiliza\u00e7\u00e3o definitiva da arriba f\u00f3sil.","og_url":"https:\/\/portaltela.pt\/noticias\/2026\/03\/02\/camara-de-almada-prolonga-alerta-por-risco-de-deslizamentos\/","og_site_name":"Portal Tela Portugal","article_published_time":"2026-03-02T22:28:00+00:00","author":"Telinha","twitter_card":"summary_large_image","twitter_misc":{"Escrito por":"Telinha","Tempo estimado de leitura":"2 minutos"},"schema":{"@context":"https:\/\/schema.org","@graph":[{"@type":"Article","@id":"https:\/\/portaltela.pt\/noticias\/2026\/03\/02\/camara-de-almada-prolonga-alerta-por-risco-de-deslizamentos\/#article","isPartOf":{"@id":"https:\/\/portaltela.pt\/noticias\/2026\/03\/02\/camara-de-almada-prolonga-alerta-por-risco-de-deslizamentos\/"},"author":{"name":"Telinha","@id":"https:\/\/portaltela.pt\/#\/schema\/person\/c4278d4a6028830caff9ee44b42d32ed"},"headline":"C\u00e2mara de Almada prolonga alerta por risco de deslizamentos","datePublished":"2026-03-02T22:28:00+00:00","mainEntityOfPage":{"@id":"https:\/\/portaltela.pt\/noticias\/2026\/03\/02\/camara-de-almada-prolonga-alerta-por-risco-de-deslizamentos\/"},"wordCount":361,"image":{"@id":"https:\/\/portaltela.pt\/noticias\/2026\/03\/02\/camara-de-almada-prolonga-alerta-por-risco-de-deslizamentos\/#primaryimage"},"thumbnailUrl":"https:\/\/portaltela.pt\/s.01k8rhncp4jt1\/2026\/03\/img_1500x1000uu2026-02-07-12-00-07-2265403.jpg","keywords":["Almada","Copernicus","Costa da Caparica","desastres","deslizamentos","evacua\u00e7\u00f5es"],"articleSection":["Not\u00edcias"],"inLanguage":"pt-PT"},{"@type":"WebPage","@id":"https:\/\/portaltela.pt\/noticias\/2026\/03\/02\/camara-de-almada-prolonga-alerta-por-risco-de-deslizamentos\/","url":"https:\/\/portaltela.pt\/noticias\/2026\/03\/02\/camara-de-almada-prolonga-alerta-por-risco-de-deslizamentos\/","name":"C\u00e2mara de Almada prolonga alerta por risco de deslizamentos - Portal Tela Portugal","isPartOf":{"@id":"https:\/\/portaltela.pt\/#website"},"primaryImageOfPage":{"@id":"https:\/\/portaltela.pt\/noticias\/2026\/03\/02\/camara-de-almada-prolonga-alerta-por-risco-de-deslizamentos\/#primaryimage"},"image":{"@id":"https:\/\/portaltela.pt\/noticias\/2026\/03\/02\/camara-de-almada-prolonga-alerta-por-risco-de-deslizamentos\/#primaryimage"},"thumbnailUrl":"https:\/\/portaltela.pt\/s.01k8rhncp4jt1\/2026\/03\/img_1500x1000uu2026-02-07-12-00-07-2265403.jpg","datePublished":"2026-03-02T22:28:00+00:00","author":{"@id":"https:\/\/portaltela.pt\/#\/schema\/person\/c4278d4a6028830caff9ee44b42d32ed"},"breadcrumb":{"@id":"https:\/\/portaltela.pt\/noticias\/2026\/03\/02\/camara-de-almada-prolonga-alerta-por-risco-de-deslizamentos\/#breadcrumb"},"inLanguage":"pt-PT","potentialAction":[{"@type":"ReadAction","target":["https:\/\/portaltela.pt\/noticias\/2026\/03\/02\/camara-de-almada-prolonga-alerta-por-risco-de-deslizamentos\/"]}]},{"@type":"ImageObject","inLanguage":"pt-PT","@id":"https:\/\/portaltela.pt\/noticias\/2026\/03\/02\/camara-de-almada-prolonga-alerta-por-risco-de-deslizamentos\/#primaryimage","url":"https:\/\/portaltela.pt\/s.01k8rhncp4jt1\/2026\/03\/img_1500x1000uu2026-02-07-12-00-07-2265403.jpg","contentUrl":"https:\/\/portaltela.pt\/s.01k8rhncp4jt1\/2026\/03\/img_1500x1000uu2026-02-07-12-00-07-2265403.jpg","width":796,"height":448,"caption":"Derrocada na Costa da Caparica"},{"@type":"BreadcrumbList","@id":"https:\/\/portaltela.pt\/noticias\/2026\/03\/02\/camara-de-almada-prolonga-alerta-por-risco-de-deslizamentos\/#breadcrumb","itemListElement":[{"@type":"ListItem","position":1,"name":"In\u00edcio","item":"https:\/\/portaltela.pt\/"},{"@type":"ListItem","position":2,"name":"C\u00e2mara de Almada prolonga alerta por risco de deslizamentos"}]},{"@type":"WebSite","@id":"https:\/\/portaltela.pt\/#website","url":"https:\/\/portaltela.pt\/","name":"Portal Tela Portugal","description":"","potentialAction":[{"@type":"SearchAction","target":{"@type":"EntryPoint","urlTemplate":"https:\/\/portaltela.pt\/?s={search_term_string}"},"query-input":{"@type":"PropertyValueSpecification","valueRequired":true,"valueName":"search_term_string"}}],"inLanguage":"pt-PT"},{"@type":"Person","@id":"https:\/\/portaltela.pt\/#\/schema\/person\/c4278d4a6028830caff9ee44b42d32ed","name":"Telinha","image":{"@type":"ImageObject","inLanguage":"pt-PT","@id":"https:\/\/portaltela.pt\/s.01k8rhncp4jt1\/2025\/11\/talking-bot-125x125.png","url":"https:\/\/portaltela.pt\/s.01k8rhncp4jt1\/2025\/11\/talking-bot-125x125.png","contentUrl":"https:\/\/portaltela.pt\/s.01k8rhncp4jt1\/2025\/11\/talking-bot-125x125.png","caption":"Telinha"},"sameAs":["https:\/\/portaltela.pt\/"],"url":"https:\/\/portaltela.pt\/por\/367410592786\/"}]}},"_links":{"self":[{"href":"https:\/\/portaltela.pt\/api\/wp\/v2\/posts\/394985","targetHints":{"allow":["GET"]}}],"collection":[{"href":"https:\/\/portaltela.pt\/api\/wp\/v2\/posts"}],"about":[{"href":"https:\/\/portaltela.pt\/api\/wp\/v2\/types\/post"}],"author":[{"embeddable":true,"href":"https:\/\/portaltela.pt\/api\/wp\/v2\/users\/2"}],"replies":[{"embeddable":true,"href":"https:\/\/portaltela.pt\/api\/wp\/v2\/comments?post=394985"}],"version-history":[{"count":0,"href":"https:\/\/portaltela.pt\/api\/wp\/v2\/posts\/394985\/revisions"}],"wp:featuredmedia":[{"embeddable":true,"href":"https:\/\/portaltela.pt\/api\/wp\/v2\/media\/394994"}],"wp:attachment":[{"href":"https:\/\/portaltela.pt\/api\/wp\/v2\/media?parent=394985"}],"wp:term":[{"taxonomy":"category","embeddable":true,"href":"https:\/\/portaltela.pt\/api\/wp\/v2\/categories?post=394985"},{"taxonomy":"post_tag","embeddable":true,"href":"https:\/\/portaltela.pt\/api\/wp\/v2\/tags?post=394985"}],"curies":[{"name":"wp","href":"https:\/\/api.w.org\/{rel}","templated":true}]}}