{"id":394944,"date":"2026-03-02T18:37:35","date_gmt":"2026-03-02T21:37:35","guid":{"rendered":"https:\/\/portaltela.pt\/noticias\/2026\/03\/02\/tribunal-rejeita-providencia-cautelar-da-podium-a-rescisao-do-contrato-da-volta\/"},"modified":"2026-03-02T18:37:35","modified_gmt":"2026-03-02T21:37:35","slug":"tribunal-rejeita-providencia-cautelar-da-podium-a-rescisao-do-contrato-da-volta","status":"publish","type":"post","link":"https:\/\/portaltela.pt\/desporto\/2026\/03\/02\/tribunal-rejeita-providencia-cautelar-da-podium-a-rescisao-do-contrato-da-volta\/","title":{"rendered":"Tribunal rejeita provid\u00eancia cautelar da Podium \u00e0 rescis\u00e3o do contrato da Volta"},"content":{"rendered":"<p>O Tribunal Judicial da Comarca de Lisboa rejeitou a provid\u00eancia cautelar apresentada pela Podium Events contra a decis\u00e3o da Federa\u00e7\u00e3o Portuguesa de Ciclismo (FPC) de rescindir o contrato de concess\u00e3o da Volta a Portugal. A informa\u00e7\u00e3o foi confirmada pela ag\u00eancia Lusa.<\/p>\n<p>A decis\u00e3o judicial considersou improcedente o procedimento, cuja finalidade era suspender a rescis\u00e3o contratual e garantir a organiza\u00e7\u00e3o da Volta deste ano. Em 10 de dezembro, a Podium pediu a provid\u00eancia cautelar para impedir atos considerados il\u00edcitos e assegurar a continuidade do contrato, que vigorava at\u00e9 2026.<\/p>\n<p>A FPC decidiu terminar a concess\u00e3o, alegando incumprimento reiterado por parte da Podium, nomeadamente d\u00edvidas acumuladas e falhas de pagamento ao longo de 2025, que quase equivaleram a uma anuidade. O incumprimento levou \u00e0 rescis\u00e3o unilateral do acordo, anunciada pela federa\u00e7\u00e3o.<\/p>\n<h3>Nova parceria entre FPC e Emesports<\/h3>\n<p>A Federa\u00e7\u00e3o Portuguesa de Ciclismo anunciou uma parceria estrat\u00e9gica com a espanhola Emesports, do ex-ciclista Ezequiel Mosquera. O acordo abrange a organiza\u00e7\u00e3o da 87.\u00aa Volta a Portugal, bem como da 52.\u00aa Volta ao Algarve e da 43.\u00aa Volta ao Alentejo.<\/p>\n<p>A Volta a Portugal 2026 est\u00e1 marcada para acontecer entre 5 e 16 de agosto. Entre as provas citadas, a Volta ao Algarve decorreu de 18 a 22 de fevereiro, sob a organiza\u00e7\u00e3o conjunta anunciada. A Volta ao Alentejo est\u00e1 prevista de 25 a 29 de mar\u00e7o.<\/p>\n","protected":false},"excerpt":{"rendered":"<ul>\n<li>O Tribunal Judicial da Comarca de Lisboa rejeitou a provid\u00eancia cautelar da Podium Events contra a rescis\u00e3o do contrato de concess\u00e3o da Volta a Portugal pela Federa\u00e7\u00e3o Portuguesa de Ciclismo.<\/li>\n<li>A decis\u00e3o considerou improcedente o procedimento cautelar que visava suspender atos e assegurar a continuidade do contrato at\u00e9 2026.<\/li>\n<li>A FPC rescindiu o contrato com a Podium por incumprimento reiterado das obriga\u00e7\u00f5es contratuais e de pagamento, com faturas vencidas e n\u00e3o pagas acumuladas.<\/li>\n<li>A federa\u00e7\u00e3o anunciou uma nova parceria com a empresa espanhola Emesports, de Ezequiel Mosquera, para organizar a Volta a Portugal, a Volta ao Algarve e a Volta ao Alentejo.<\/li>\n<li>A Volta 2026 est\u00e1 marcada entre 5 e 16 de agosto.<\/li>\n<\/ul>\n","protected":false},"author":2,"featured_media":394950,"comment_status":"closed","ping_status":"closed","sticky":false,"template":"","format":"standard","meta":{"footnotes":""},"categories":[21],"tags":[923,1125,399,6569,4375],"class_list":["post-394944","post","type-post","status-publish","format-standard","has-post-thumbnail","hentry","category-desporto","tag-ciclismo","tag-contratos","tag-organizacao-desportiva","tag-volta-ao-alentejo","tag-volta-ao-algarve"],"yoast_head":"<!-- This site is optimized with the Yoast SEO plugin v27.2 - https:\/\/yoast.com\/product\/yoast-seo-wordpress\/ -->\n<title>Tribunal rejeita provid\u00eancia cautelar da Podium \u00e0 rescis\u00e3o do contrato da Volta - Portal Tela Portugal<\/title>\n<meta name=\"robots\" content=\"index, follow, max-snippet:-1, max-image-preview:large, max-video-preview:-1\" \/>\n<meta property=\"og:locale\" content=\"pt_PT\" \/>\n<meta property=\"og:type\" content=\"article\" \/>\n<meta property=\"og:title\" content=\"Tribunal rejeita provid\u00eancia cautelar da Podium \u00e0 rescis\u00e3o do contrato da Volta - Portal Tela Portugal\" \/>\n<meta property=\"og:description\" content=\"O Tribunal Judicial da Comarca de Lisboa rejeitou a provid\u00eancia cautelar da Podium Events contra a rescis\u00e3o do contrato de concess\u00e3o da Volta a Portugal pela Federa\u00e7\u00e3o Portuguesa de Ciclismo. A decis\u00e3o considerou improcedente o procedimento cautelar que visava suspender atos e assegurar a continuidade do contrato at\u00e9 2026. A FPC rescindiu o contrato com a Podium por incumprimento reiterado das obriga\u00e7\u00f5es contratuais e de pagamento, com faturas vencidas e n\u00e3o pagas acumuladas. A federa\u00e7\u00e3o anunciou uma nova parceria com a empresa espanhola Emesports, de Ezequiel Mosquera, para organizar a Volta a Portugal, a Volta ao Algarve e a Volta ao Alentejo. A Volta 2026 est\u00e1 marcada entre 5 e 16 de agosto.\" \/>\n<meta property=\"og:url\" content=\"https:\/\/portaltela.pt\/noticias\/2026\/03\/02\/tribunal-rejeita-providencia-cautelar-da-podium-a-rescisao-do-contrato-da-volta\/\" \/>\n<meta property=\"og:site_name\" content=\"Portal Tela Portugal\" \/>\n<meta property=\"article:published_time\" content=\"2026-03-02T21:37:35+00:00\" \/>\n<meta name=\"author\" content=\"Telinha\" \/>\n<meta name=\"twitter:card\" content=\"summary_large_image\" \/>\n<meta name=\"twitter:label1\" content=\"Escrito por\" \/>\n\t<meta name=\"twitter:data1\" content=\"Telinha\" \/>\n\t<meta name=\"twitter:label2\" content=\"Tempo estimado de leitura\" \/>\n\t<meta name=\"twitter:data2\" content=\"1 minuto\" \/>\n<script type=\"application\/ld+json\" class=\"yoast-schema-graph\">{\"@context\":\"https:\/\/schema.org\",\"@graph\":[{\"@type\":\"Article\",\"@id\":\"https:\/\/portaltela.pt\/noticias\/2026\/03\/02\/tribunal-rejeita-providencia-cautelar-da-podium-a-rescisao-do-contrato-da-volta\/#article\",\"isPartOf\":{\"@id\":\"https:\/\/portaltela.pt\/noticias\/2026\/03\/02\/tribunal-rejeita-providencia-cautelar-da-podium-a-rescisao-do-contrato-da-volta\/\"},\"author\":{\"name\":\"Telinha\",\"@id\":\"https:\/\/portaltela.pt\/#\/schema\/person\/c4278d4a6028830caff9ee44b42d32ed\"},\"headline\":\"Tribunal rejeita provid\u00eancia cautelar da Podium \u00e0 rescis\u00e3o do contrato da Volta\",\"datePublished\":\"2026-03-02T21:37:35+00:00\",\"mainEntityOfPage\":{\"@id\":\"https:\/\/portaltela.pt\/noticias\/2026\/03\/02\/tribunal-rejeita-providencia-cautelar-da-podium-a-rescisao-do-contrato-da-volta\/\"},\"wordCount\":241,\"image\":{\"@id\":\"https:\/\/portaltela.pt\/noticias\/2026\/03\/02\/tribunal-rejeita-providencia-cautelar-da-podium-a-rescisao-do-contrato-da-volta\/#primaryimage\"},\"thumbnailUrl\":\"https:\/\/portaltela.pt\/s.01k8rhncp4jt1\/2026\/03\/img_920x518uu2026-03-02-21-36-39-2424558.jpg\",\"keywords\":[\"ciclismo\",\"contratos\",\"organiza\u00e7\u00e3o desportiva\",\"Volta ao Alentejo\",\"Volta ao Algarve\"],\"articleSection\":[\"Desporto\"],\"inLanguage\":\"pt-PT\"},{\"@type\":\"WebPage\",\"@id\":\"https:\/\/portaltela.pt\/noticias\/2026\/03\/02\/tribunal-rejeita-providencia-cautelar-da-podium-a-rescisao-do-contrato-da-volta\/\",\"url\":\"https:\/\/portaltela.pt\/noticias\/2026\/03\/02\/tribunal-rejeita-providencia-cautelar-da-podium-a-rescisao-do-contrato-da-volta\/\",\"name\":\"Tribunal rejeita provid\u00eancia cautelar da Podium \u00e0 rescis\u00e3o do contrato da Volta - Portal Tela Portugal\",\"isPartOf\":{\"@id\":\"https:\/\/portaltela.pt\/#website\"},\"primaryImageOfPage\":{\"@id\":\"https:\/\/portaltela.pt\/noticias\/2026\/03\/02\/tribunal-rejeita-providencia-cautelar-da-podium-a-rescisao-do-contrato-da-volta\/#primaryimage\"},\"image\":{\"@id\":\"https:\/\/portaltela.pt\/noticias\/2026\/03\/02\/tribunal-rejeita-providencia-cautelar-da-podium-a-rescisao-do-contrato-da-volta\/#primaryimage\"},\"thumbnailUrl\":\"https:\/\/portaltela.pt\/s.01k8rhncp4jt1\/2026\/03\/img_920x518uu2026-03-02-21-36-39-2424558.jpg\",\"datePublished\":\"2026-03-02T21:37:35+00:00\",\"author\":{\"@id\":\"https:\/\/portaltela.pt\/#\/schema\/person\/c4278d4a6028830caff9ee44b42d32ed\"},\"breadcrumb\":{\"@id\":\"https:\/\/portaltela.pt\/noticias\/2026\/03\/02\/tribunal-rejeita-providencia-cautelar-da-podium-a-rescisao-do-contrato-da-volta\/#breadcrumb\"},\"inLanguage\":\"pt-PT\",\"potentialAction\":[{\"@type\":\"ReadAction\",\"target\":[\"https:\/\/portaltela.pt\/noticias\/2026\/03\/02\/tribunal-rejeita-providencia-cautelar-da-podium-a-rescisao-do-contrato-da-volta\/\"]}]},{\"@type\":\"ImageObject\",\"inLanguage\":\"pt-PT\",\"@id\":\"https:\/\/portaltela.pt\/noticias\/2026\/03\/02\/tribunal-rejeita-providencia-cautelar-da-podium-a-rescisao-do-contrato-da-volta\/#primaryimage\",\"url\":\"https:\/\/portaltela.pt\/s.01k8rhncp4jt1\/2026\/03\/img_920x518uu2026-03-02-21-36-39-2424558.jpg\",\"contentUrl\":\"https:\/\/portaltela.pt\/s.01k8rhncp4jt1\/2026\/03\/img_920x518uu2026-03-02-21-36-39-2424558.jpg\",\"width\":796,\"height\":448,\"caption\":\"Volta a Portugal\"},{\"@type\":\"BreadcrumbList\",\"@id\":\"https:\/\/portaltela.pt\/noticias\/2026\/03\/02\/tribunal-rejeita-providencia-cautelar-da-podium-a-rescisao-do-contrato-da-volta\/#breadcrumb\",\"itemListElement\":[{\"@type\":\"ListItem\",\"position\":1,\"name\":\"In\u00edcio\",\"item\":\"https:\/\/portaltela.pt\/\"},{\"@type\":\"ListItem\",\"position\":2,\"name\":\"Tribunal rejeita provid\u00eancia cautelar da Podium \u00e0 rescis\u00e3o do contrato da Volta\"}]},{\"@type\":\"WebSite\",\"@id\":\"https:\/\/portaltela.pt\/#website\",\"url\":\"https:\/\/portaltela.pt\/\",\"name\":\"Portal Tela Portugal\",\"description\":\"\",\"potentialAction\":[{\"@type\":\"SearchAction\",\"target\":{\"@type\":\"EntryPoint\",\"urlTemplate\":\"https:\/\/portaltela.pt\/?s={search_term_string}\"},\"query-input\":{\"@type\":\"PropertyValueSpecification\",\"valueRequired\":true,\"valueName\":\"search_term_string\"}}],\"inLanguage\":\"pt-PT\"},{\"@type\":\"Person\",\"@id\":\"https:\/\/portaltela.pt\/#\/schema\/person\/c4278d4a6028830caff9ee44b42d32ed\",\"name\":\"Telinha\",\"image\":{\"@type\":\"ImageObject\",\"inLanguage\":\"pt-PT\",\"@id\":\"https:\/\/portaltela.pt\/s.01k8rhncp4jt1\/2025\/11\/talking-bot-125x125.png\",\"url\":\"https:\/\/portaltela.pt\/s.01k8rhncp4jt1\/2025\/11\/talking-bot-125x125.png\",\"contentUrl\":\"https:\/\/portaltela.pt\/s.01k8rhncp4jt1\/2025\/11\/talking-bot-125x125.png\",\"caption\":\"Telinha\"},\"sameAs\":[\"https:\/\/portaltela.pt\/\"],\"url\":\"https:\/\/portaltela.pt\/por\/367410592786\/\"}]}<\/script>\n<!-- \/ Yoast SEO plugin. -->","yoast_head_json":{"title":"Tribunal rejeita provid\u00eancia cautelar da Podium \u00e0 rescis\u00e3o do contrato da Volta - Portal Tela Portugal","robots":{"index":"index","follow":"follow","max-snippet":"max-snippet:-1","max-image-preview":"max-image-preview:large","max-video-preview":"max-video-preview:-1"},"og_locale":"pt_PT","og_type":"article","og_title":"Tribunal rejeita provid\u00eancia cautelar da Podium \u00e0 rescis\u00e3o do contrato da Volta - Portal Tela Portugal","og_description":"O Tribunal Judicial da Comarca de Lisboa rejeitou a provid\u00eancia cautelar da Podium Events contra a rescis\u00e3o do contrato de concess\u00e3o da Volta a Portugal pela Federa\u00e7\u00e3o Portuguesa de Ciclismo. A decis\u00e3o considerou improcedente o procedimento cautelar que visava suspender atos e assegurar a continuidade do contrato at\u00e9 2026. A FPC rescindiu o contrato com a Podium por incumprimento reiterado das obriga\u00e7\u00f5es contratuais e de pagamento, com faturas vencidas e n\u00e3o pagas acumuladas. A federa\u00e7\u00e3o anunciou uma nova parceria com a empresa espanhola Emesports, de Ezequiel Mosquera, para organizar a Volta a Portugal, a Volta ao Algarve e a Volta ao Alentejo. A Volta 2026 est\u00e1 marcada entre 5 e 16 de agosto.","og_url":"https:\/\/portaltela.pt\/noticias\/2026\/03\/02\/tribunal-rejeita-providencia-cautelar-da-podium-a-rescisao-do-contrato-da-volta\/","og_site_name":"Portal Tela Portugal","article_published_time":"2026-03-02T21:37:35+00:00","author":"Telinha","twitter_card":"summary_large_image","twitter_misc":{"Escrito por":"Telinha","Tempo estimado de leitura":"1 minuto"},"schema":{"@context":"https:\/\/schema.org","@graph":[{"@type":"Article","@id":"https:\/\/portaltela.pt\/noticias\/2026\/03\/02\/tribunal-rejeita-providencia-cautelar-da-podium-a-rescisao-do-contrato-da-volta\/#article","isPartOf":{"@id":"https:\/\/portaltela.pt\/noticias\/2026\/03\/02\/tribunal-rejeita-providencia-cautelar-da-podium-a-rescisao-do-contrato-da-volta\/"},"author":{"name":"Telinha","@id":"https:\/\/portaltela.pt\/#\/schema\/person\/c4278d4a6028830caff9ee44b42d32ed"},"headline":"Tribunal rejeita provid\u00eancia cautelar da Podium \u00e0 rescis\u00e3o do contrato da Volta","datePublished":"2026-03-02T21:37:35+00:00","mainEntityOfPage":{"@id":"https:\/\/portaltela.pt\/noticias\/2026\/03\/02\/tribunal-rejeita-providencia-cautelar-da-podium-a-rescisao-do-contrato-da-volta\/"},"wordCount":241,"image":{"@id":"https:\/\/portaltela.pt\/noticias\/2026\/03\/02\/tribunal-rejeita-providencia-cautelar-da-podium-a-rescisao-do-contrato-da-volta\/#primaryimage"},"thumbnailUrl":"https:\/\/portaltela.pt\/s.01k8rhncp4jt1\/2026\/03\/img_920x518uu2026-03-02-21-36-39-2424558.jpg","keywords":["ciclismo","contratos","organiza\u00e7\u00e3o desportiva","Volta ao Alentejo","Volta ao Algarve"],"articleSection":["Desporto"],"inLanguage":"pt-PT"},{"@type":"WebPage","@id":"https:\/\/portaltela.pt\/noticias\/2026\/03\/02\/tribunal-rejeita-providencia-cautelar-da-podium-a-rescisao-do-contrato-da-volta\/","url":"https:\/\/portaltela.pt\/noticias\/2026\/03\/02\/tribunal-rejeita-providencia-cautelar-da-podium-a-rescisao-do-contrato-da-volta\/","name":"Tribunal rejeita provid\u00eancia cautelar da Podium \u00e0 rescis\u00e3o do contrato da Volta - Portal Tela Portugal","isPartOf":{"@id":"https:\/\/portaltela.pt\/#website"},"primaryImageOfPage":{"@id":"https:\/\/portaltela.pt\/noticias\/2026\/03\/02\/tribunal-rejeita-providencia-cautelar-da-podium-a-rescisao-do-contrato-da-volta\/#primaryimage"},"image":{"@id":"https:\/\/portaltela.pt\/noticias\/2026\/03\/02\/tribunal-rejeita-providencia-cautelar-da-podium-a-rescisao-do-contrato-da-volta\/#primaryimage"},"thumbnailUrl":"https:\/\/portaltela.pt\/s.01k8rhncp4jt1\/2026\/03\/img_920x518uu2026-03-02-21-36-39-2424558.jpg","datePublished":"2026-03-02T21:37:35+00:00","author":{"@id":"https:\/\/portaltela.pt\/#\/schema\/person\/c4278d4a6028830caff9ee44b42d32ed"},"breadcrumb":{"@id":"https:\/\/portaltela.pt\/noticias\/2026\/03\/02\/tribunal-rejeita-providencia-cautelar-da-podium-a-rescisao-do-contrato-da-volta\/#breadcrumb"},"inLanguage":"pt-PT","potentialAction":[{"@type":"ReadAction","target":["https:\/\/portaltela.pt\/noticias\/2026\/03\/02\/tribunal-rejeita-providencia-cautelar-da-podium-a-rescisao-do-contrato-da-volta\/"]}]},{"@type":"ImageObject","inLanguage":"pt-PT","@id":"https:\/\/portaltela.pt\/noticias\/2026\/03\/02\/tribunal-rejeita-providencia-cautelar-da-podium-a-rescisao-do-contrato-da-volta\/#primaryimage","url":"https:\/\/portaltela.pt\/s.01k8rhncp4jt1\/2026\/03\/img_920x518uu2026-03-02-21-36-39-2424558.jpg","contentUrl":"https:\/\/portaltela.pt\/s.01k8rhncp4jt1\/2026\/03\/img_920x518uu2026-03-02-21-36-39-2424558.jpg","width":796,"height":448,"caption":"Volta a Portugal"},{"@type":"BreadcrumbList","@id":"https:\/\/portaltela.pt\/noticias\/2026\/03\/02\/tribunal-rejeita-providencia-cautelar-da-podium-a-rescisao-do-contrato-da-volta\/#breadcrumb","itemListElement":[{"@type":"ListItem","position":1,"name":"In\u00edcio","item":"https:\/\/portaltela.pt\/"},{"@type":"ListItem","position":2,"name":"Tribunal rejeita provid\u00eancia cautelar da Podium \u00e0 rescis\u00e3o do contrato da Volta"}]},{"@type":"WebSite","@id":"https:\/\/portaltela.pt\/#website","url":"https:\/\/portaltela.pt\/","name":"Portal Tela Portugal","description":"","potentialAction":[{"@type":"SearchAction","target":{"@type":"EntryPoint","urlTemplate":"https:\/\/portaltela.pt\/?s={search_term_string}"},"query-input":{"@type":"PropertyValueSpecification","valueRequired":true,"valueName":"search_term_string"}}],"inLanguage":"pt-PT"},{"@type":"Person","@id":"https:\/\/portaltela.pt\/#\/schema\/person\/c4278d4a6028830caff9ee44b42d32ed","name":"Telinha","image":{"@type":"ImageObject","inLanguage":"pt-PT","@id":"https:\/\/portaltela.pt\/s.01k8rhncp4jt1\/2025\/11\/talking-bot-125x125.png","url":"https:\/\/portaltela.pt\/s.01k8rhncp4jt1\/2025\/11\/talking-bot-125x125.png","contentUrl":"https:\/\/portaltela.pt\/s.01k8rhncp4jt1\/2025\/11\/talking-bot-125x125.png","caption":"Telinha"},"sameAs":["https:\/\/portaltela.pt\/"],"url":"https:\/\/portaltela.pt\/por\/367410592786\/"}]}},"_links":{"self":[{"href":"https:\/\/portaltela.pt\/api\/wp\/v2\/posts\/394944","targetHints":{"allow":["GET"]}}],"collection":[{"href":"https:\/\/portaltela.pt\/api\/wp\/v2\/posts"}],"about":[{"href":"https:\/\/portaltela.pt\/api\/wp\/v2\/types\/post"}],"author":[{"embeddable":true,"href":"https:\/\/portaltela.pt\/api\/wp\/v2\/users\/2"}],"replies":[{"embeddable":true,"href":"https:\/\/portaltela.pt\/api\/wp\/v2\/comments?post=394944"}],"version-history":[{"count":0,"href":"https:\/\/portaltela.pt\/api\/wp\/v2\/posts\/394944\/revisions"}],"wp:featuredmedia":[{"embeddable":true,"href":"https:\/\/portaltela.pt\/api\/wp\/v2\/media\/394950"}],"wp:attachment":[{"href":"https:\/\/portaltela.pt\/api\/wp\/v2\/media?parent=394944"}],"wp:term":[{"taxonomy":"category","embeddable":true,"href":"https:\/\/portaltela.pt\/api\/wp\/v2\/categories?post=394944"},{"taxonomy":"post_tag","embeddable":true,"href":"https:\/\/portaltela.pt\/api\/wp\/v2\/tags?post=394944"}],"curies":[{"name":"wp","href":"https:\/\/api.w.org\/{rel}","templated":true}]}}