{"id":394917,"date":"2026-03-02T17:31:00","date_gmt":"2026-03-02T20:31:00","guid":{"rendered":"https:\/\/portaltela.pt\/noticias\/2026\/03\/02\/acidente-do-elevador-da-gloria-indemnizacoes-por-apurar\/"},"modified":"2026-03-02T17:31:00","modified_gmt":"2026-03-02T20:31:00","slug":"acidente-do-elevador-da-gloria-indemnizacoes-por-apurar","status":"publish","type":"post","link":"https:\/\/portaltela.pt\/noticias\/2026\/03\/02\/acidente-do-elevador-da-gloria-indemnizacoes-por-apurar\/","title":{"rendered":"Acidente do elevador da Gl\u00f3ria: indemniza\u00e7\u00f5es por apurar"},"content":{"rendered":"<p>O acidente do Elevador da Gl\u00f3ria, em Lisboa, ocorrido a 3 de setembro, provocou 16 mortes e 24 feridos. O incidente envolve a Carris, a empresa municipal respons\u00e1vel pela opera\u00e7\u00e3o, e a fidelidade da seguradora Fidelidade, ligada \u00e0 Carris.<\/p>\n<p>At\u00e9 agora, as indemniza\u00e7\u00f5es ainda n\u00e3o est\u00e3o completamente apuradas. A Fidelidade indica que h\u00e1 casos em que depende da rece\u00e7\u00e3o de documenta\u00e7\u00e3o necess\u00e1ria para a formula\u00e7\u00e3o de propostas indemnizat\u00f3rias.<\/p>\n<p>Alguns acordos j\u00e1 foram celebrados, mas o processo continua a avan\u00e7ar na pr\u00e1tica m\u00e9dico-legal, com aguardar da estabiliza\u00e7\u00e3o cl\u00ednica para avalia\u00e7\u00e3o de incapacidades. Os montantes n\u00e3o foram detalhados pela seguradora.<\/p>\n<p>A Fidelidade acrescenta que tem assegurado encargos m\u00e9dicos, hospitalares, farmac\u00eauticos, desloca\u00e7\u00f5es, repatriamentos e servi\u00e7os f\u00fanebres. Tamb\u00e9m ser\u00e1 feito o reembolso de custos adiantados por outras seguradoras.<\/p>\n<p>Capital seguro e comiss\u00e3o t\u00e9cnica<\/p>\n<p>O seguro contratado com a Carris atinge 50 milh\u00f5es de euros. A regulariza\u00e7\u00e3o integral do sinistro ser\u00e1 conduzida nos termos legais, com rigor t\u00e9cnico e humano, independentemente do tempo de conclus\u00e3o de cada processo.<\/p>\n<p>Para assegurar transpar\u00eancia, foi constitu\u00edda uma comiss\u00e3o t\u00e9cnica independente, com vista \u00e0 avalia\u00e7\u00e3o dos danos pessoais e \u00e0 quantifica\u00e7\u00e3o indemnizat\u00f3ria.<\/p>\n<p>Inqu\u00e9ritos e reabertura<\/p>\n<p>Os inqu\u00e9ritos, interno e do Gabinete de Preven\u00e7\u00e3o e Investiga\u00e7\u00e3o de Acidentes com Aeronaves e de Acidentes Ferrovi\u00e1rios, continuam em curso. A Carris participa na comiss\u00e3o t\u00e9cnica independente para a reabertura dos elevadores da cidade.<\/p>\n<p>Prev\u00ea-se a reabertura do funicular da Gra\u00e7a em abril, ap\u00f3s confirma\u00e7\u00e3o de boas condi\u00e7\u00f5es estruturais e operacionais. Os ascensores da Bica e do Lavra permanecem sob avalia\u00e7\u00e3o.<\/p>\n","protected":false},"excerpt":{"rendered":"<ul>\n<li>Seis meses ap\u00f3s o acidente do Elevador da Gl\u00f3ria, que causou 16 mortos e 24 feridos, ainda h\u00e1 indemniza\u00e7\u00f5es por apurar.<\/li>\n<li>A Fidelidade \u2014 seguradora da Carris \u2014 j\u00e1 celebrou alguns acordos, mas h\u00e1 casos em que falta a documenta\u00e7\u00e3o para a formula\u00e7\u00e3o de proposta indemnizat\u00f3ria.<\/li>\n<li>Em v\u00edtimas com les\u00f5es corporais, o processo encontra-se em fase de consolida\u00e7\u00e3o m\u00e9dico-legal, sendo necess\u00e1rio aguardar a estabilidade cl\u00ednica para avalia\u00e7\u00e3o final de incapacidades.<\/li>\n<li>O capital seguro \u00e9 de 50 milh\u00f5es de euros; j\u00e1 foram assegurados e liquidados encargos com despesas m\u00e9dicas, hospitalares, farmac\u00eauticas, desloca\u00e7\u00f5es, repatriamentos e servi\u00e7os f\u00fanebres, com o reembolso de custos adiantados por outras seguradoras ainda em curso.<\/li>\n<li>Foi criada uma comiss\u00e3o t\u00e9cnica independente para a avalia\u00e7\u00e3o especializada dos danos pessoais e valida\u00e7\u00e3o da quantifica\u00e7\u00e3o indemnizat\u00f3ria; os inqu\u00e9ritos internos continuam, e h\u00e1 planos de reabertura dos elevadores da cidade, com o funicular da Gra\u00e7a previsto para abril, enquanto os ascensores da Bica e do Lavra est\u00e3o a ser avaliados.<\/li>\n<\/ul>\n","protected":false},"author":2,"featured_media":394923,"comment_status":"closed","ping_status":"closed","sticky":false,"template":"","format":"standard","meta":{"footnotes":""},"categories":[1],"tags":[5487,3127,2745,981,3416],"class_list":["post-394917","post","type-post","status-publish","format-standard","has-post-thumbnail","hentry","category-noticias","tag-acidente","tag-carris","tag-indenizacoes","tag-lisboa","tag-seguro"],"yoast_head":"<!-- This site is optimized with the Yoast SEO plugin v27.2 - https:\/\/yoast.com\/product\/yoast-seo-wordpress\/ -->\n<title>Acidente do elevador da Gl\u00f3ria: indemniza\u00e7\u00f5es por apurar - Portal Tela Portugal<\/title>\n<meta name=\"robots\" content=\"index, follow, max-snippet:-1, max-image-preview:large, max-video-preview:-1\" \/>\n<meta property=\"og:locale\" content=\"pt_PT\" \/>\n<meta property=\"og:type\" content=\"article\" \/>\n<meta property=\"og:title\" content=\"Acidente do elevador da Gl\u00f3ria: indemniza\u00e7\u00f5es por apurar - Portal Tela Portugal\" \/>\n<meta property=\"og:description\" content=\"Seis meses ap\u00f3s o acidente do Elevador da Gl\u00f3ria, que causou 16 mortos e 24 feridos, ainda h\u00e1 indemniza\u00e7\u00f5es por apurar. A Fidelidade \u2014 seguradora da Carris \u2014 j\u00e1 celebrou alguns acordos, mas h\u00e1 casos em que falta a documenta\u00e7\u00e3o para a formula\u00e7\u00e3o de proposta indemnizat\u00f3ria. Em v\u00edtimas com les\u00f5es corporais, o processo encontra-se em fase de consolida\u00e7\u00e3o m\u00e9dico-legal, sendo necess\u00e1rio aguardar a estabilidade cl\u00ednica para avalia\u00e7\u00e3o final de incapacidades. O capital seguro \u00e9 de 50 milh\u00f5es de euros; j\u00e1 foram assegurados e liquidados encargos com despesas m\u00e9dicas, hospitalares, farmac\u00eauticas, desloca\u00e7\u00f5es, repatriamentos e servi\u00e7os f\u00fanebres, com o reembolso de custos adiantados por outras seguradoras ainda em curso. Foi criada uma comiss\u00e3o t\u00e9cnica independente para a avalia\u00e7\u00e3o especializada dos danos pessoais e valida\u00e7\u00e3o da quantifica\u00e7\u00e3o indemnizat\u00f3ria; os inqu\u00e9ritos internos continuam, e h\u00e1 planos de reabertura dos elevadores da cidade, com o funicular da Gra\u00e7a previsto para abril, enquanto os ascensores da Bica e do Lavra est\u00e3o a ser avaliados.\" \/>\n<meta property=\"og:url\" content=\"https:\/\/portaltela.pt\/noticias\/2026\/03\/02\/acidente-do-elevador-da-gloria-indemnizacoes-por-apurar\/\" \/>\n<meta property=\"og:site_name\" content=\"Portal Tela Portugal\" \/>\n<meta property=\"article:published_time\" content=\"2026-03-02T20:31:00+00:00\" \/>\n<meta name=\"author\" content=\"Telinha\" \/>\n<meta name=\"twitter:card\" content=\"summary_large_image\" \/>\n<meta name=\"twitter:label1\" content=\"Escrito por\" \/>\n\t<meta name=\"twitter:data1\" content=\"Telinha\" \/>\n\t<meta name=\"twitter:label2\" content=\"Tempo estimado de leitura\" \/>\n\t<meta name=\"twitter:data2\" content=\"1 minuto\" \/>\n<script type=\"application\/ld+json\" class=\"yoast-schema-graph\">{\"@context\":\"https:\/\/schema.org\",\"@graph\":[{\"@type\":\"Article\",\"@id\":\"https:\/\/portaltela.pt\/noticias\/2026\/03\/02\/acidente-do-elevador-da-gloria-indemnizacoes-por-apurar\/#article\",\"isPartOf\":{\"@id\":\"https:\/\/portaltela.pt\/noticias\/2026\/03\/02\/acidente-do-elevador-da-gloria-indemnizacoes-por-apurar\/\"},\"author\":{\"name\":\"Telinha\",\"@id\":\"https:\/\/portaltela.pt\/#\/schema\/person\/c4278d4a6028830caff9ee44b42d32ed\"},\"headline\":\"Acidente do elevador da Gl\u00f3ria: indemniza\u00e7\u00f5es por apurar\",\"datePublished\":\"2026-03-02T20:31:00+00:00\",\"mainEntityOfPage\":{\"@id\":\"https:\/\/portaltela.pt\/noticias\/2026\/03\/02\/acidente-do-elevador-da-gloria-indemnizacoes-por-apurar\/\"},\"wordCount\":301,\"image\":{\"@id\":\"https:\/\/portaltela.pt\/noticias\/2026\/03\/02\/acidente-do-elevador-da-gloria-indemnizacoes-por-apurar\/#primaryimage\"},\"thumbnailUrl\":\"https:\/\/portaltela.pt\/s.01k8rhncp4jt1\/2026\/03\/image-109.jpg\",\"keywords\":[\"acidente\",\"Carris\",\"indeniza\u00e7\u00f5es\",\"Lisboa\",\"Seguro\"],\"articleSection\":[\"Not\u00edcias\"],\"inLanguage\":\"pt-PT\"},{\"@type\":\"WebPage\",\"@id\":\"https:\/\/portaltela.pt\/noticias\/2026\/03\/02\/acidente-do-elevador-da-gloria-indemnizacoes-por-apurar\/\",\"url\":\"https:\/\/portaltela.pt\/noticias\/2026\/03\/02\/acidente-do-elevador-da-gloria-indemnizacoes-por-apurar\/\",\"name\":\"Acidente do elevador da Gl\u00f3ria: indemniza\u00e7\u00f5es por apurar - Portal Tela Portugal\",\"isPartOf\":{\"@id\":\"https:\/\/portaltela.pt\/#website\"},\"primaryImageOfPage\":{\"@id\":\"https:\/\/portaltela.pt\/noticias\/2026\/03\/02\/acidente-do-elevador-da-gloria-indemnizacoes-por-apurar\/#primaryimage\"},\"image\":{\"@id\":\"https:\/\/portaltela.pt\/noticias\/2026\/03\/02\/acidente-do-elevador-da-gloria-indemnizacoes-por-apurar\/#primaryimage\"},\"thumbnailUrl\":\"https:\/\/portaltela.pt\/s.01k8rhncp4jt1\/2026\/03\/image-109.jpg\",\"datePublished\":\"2026-03-02T20:31:00+00:00\",\"author\":{\"@id\":\"https:\/\/portaltela.pt\/#\/schema\/person\/c4278d4a6028830caff9ee44b42d32ed\"},\"breadcrumb\":{\"@id\":\"https:\/\/portaltela.pt\/noticias\/2026\/03\/02\/acidente-do-elevador-da-gloria-indemnizacoes-por-apurar\/#breadcrumb\"},\"inLanguage\":\"pt-PT\",\"potentialAction\":[{\"@type\":\"ReadAction\",\"target\":[\"https:\/\/portaltela.pt\/noticias\/2026\/03\/02\/acidente-do-elevador-da-gloria-indemnizacoes-por-apurar\/\"]}]},{\"@type\":\"ImageObject\",\"inLanguage\":\"pt-PT\",\"@id\":\"https:\/\/portaltela.pt\/noticias\/2026\/03\/02\/acidente-do-elevador-da-gloria-indemnizacoes-por-apurar\/#primaryimage\",\"url\":\"https:\/\/portaltela.pt\/s.01k8rhncp4jt1\/2026\/03\/image-109.jpg\",\"contentUrl\":\"https:\/\/portaltela.pt\/s.01k8rhncp4jt1\/2026\/03\/image-109.jpg\",\"width\":796,\"height\":448,\"caption\":\"O acidente com o Elevador da Gl\u00f3ria foi no dia 3 de setembro\"},{\"@type\":\"BreadcrumbList\",\"@id\":\"https:\/\/portaltela.pt\/noticias\/2026\/03\/02\/acidente-do-elevador-da-gloria-indemnizacoes-por-apurar\/#breadcrumb\",\"itemListElement\":[{\"@type\":\"ListItem\",\"position\":1,\"name\":\"In\u00edcio\",\"item\":\"https:\/\/portaltela.pt\/\"},{\"@type\":\"ListItem\",\"position\":2,\"name\":\"Acidente do elevador da Gl\u00f3ria: indemniza\u00e7\u00f5es por apurar\"}]},{\"@type\":\"WebSite\",\"@id\":\"https:\/\/portaltela.pt\/#website\",\"url\":\"https:\/\/portaltela.pt\/\",\"name\":\"Portal Tela Portugal\",\"description\":\"\",\"potentialAction\":[{\"@type\":\"SearchAction\",\"target\":{\"@type\":\"EntryPoint\",\"urlTemplate\":\"https:\/\/portaltela.pt\/?s={search_term_string}\"},\"query-input\":{\"@type\":\"PropertyValueSpecification\",\"valueRequired\":true,\"valueName\":\"search_term_string\"}}],\"inLanguage\":\"pt-PT\"},{\"@type\":\"Person\",\"@id\":\"https:\/\/portaltela.pt\/#\/schema\/person\/c4278d4a6028830caff9ee44b42d32ed\",\"name\":\"Telinha\",\"image\":{\"@type\":\"ImageObject\",\"inLanguage\":\"pt-PT\",\"@id\":\"https:\/\/portaltela.pt\/s.01k8rhncp4jt1\/2025\/11\/talking-bot-125x125.png\",\"url\":\"https:\/\/portaltela.pt\/s.01k8rhncp4jt1\/2025\/11\/talking-bot-125x125.png\",\"contentUrl\":\"https:\/\/portaltela.pt\/s.01k8rhncp4jt1\/2025\/11\/talking-bot-125x125.png\",\"caption\":\"Telinha\"},\"sameAs\":[\"https:\/\/portaltela.pt\/\"],\"url\":\"https:\/\/portaltela.pt\/por\/367410592786\/\"}]}<\/script>\n<!-- \/ Yoast SEO plugin. -->","yoast_head_json":{"title":"Acidente do elevador da Gl\u00f3ria: indemniza\u00e7\u00f5es por apurar - Portal Tela Portugal","robots":{"index":"index","follow":"follow","max-snippet":"max-snippet:-1","max-image-preview":"max-image-preview:large","max-video-preview":"max-video-preview:-1"},"og_locale":"pt_PT","og_type":"article","og_title":"Acidente do elevador da Gl\u00f3ria: indemniza\u00e7\u00f5es por apurar - Portal Tela Portugal","og_description":"Seis meses ap\u00f3s o acidente do Elevador da Gl\u00f3ria, que causou 16 mortos e 24 feridos, ainda h\u00e1 indemniza\u00e7\u00f5es por apurar. A Fidelidade \u2014 seguradora da Carris \u2014 j\u00e1 celebrou alguns acordos, mas h\u00e1 casos em que falta a documenta\u00e7\u00e3o para a formula\u00e7\u00e3o de proposta indemnizat\u00f3ria. Em v\u00edtimas com les\u00f5es corporais, o processo encontra-se em fase de consolida\u00e7\u00e3o m\u00e9dico-legal, sendo necess\u00e1rio aguardar a estabilidade cl\u00ednica para avalia\u00e7\u00e3o final de incapacidades. O capital seguro \u00e9 de 50 milh\u00f5es de euros; j\u00e1 foram assegurados e liquidados encargos com despesas m\u00e9dicas, hospitalares, farmac\u00eauticas, desloca\u00e7\u00f5es, repatriamentos e servi\u00e7os f\u00fanebres, com o reembolso de custos adiantados por outras seguradoras ainda em curso. Foi criada uma comiss\u00e3o t\u00e9cnica independente para a avalia\u00e7\u00e3o especializada dos danos pessoais e valida\u00e7\u00e3o da quantifica\u00e7\u00e3o indemnizat\u00f3ria; os inqu\u00e9ritos internos continuam, e h\u00e1 planos de reabertura dos elevadores da cidade, com o funicular da Gra\u00e7a previsto para abril, enquanto os ascensores da Bica e do Lavra est\u00e3o a ser avaliados.","og_url":"https:\/\/portaltela.pt\/noticias\/2026\/03\/02\/acidente-do-elevador-da-gloria-indemnizacoes-por-apurar\/","og_site_name":"Portal Tela Portugal","article_published_time":"2026-03-02T20:31:00+00:00","author":"Telinha","twitter_card":"summary_large_image","twitter_misc":{"Escrito por":"Telinha","Tempo estimado de leitura":"1 minuto"},"schema":{"@context":"https:\/\/schema.org","@graph":[{"@type":"Article","@id":"https:\/\/portaltela.pt\/noticias\/2026\/03\/02\/acidente-do-elevador-da-gloria-indemnizacoes-por-apurar\/#article","isPartOf":{"@id":"https:\/\/portaltela.pt\/noticias\/2026\/03\/02\/acidente-do-elevador-da-gloria-indemnizacoes-por-apurar\/"},"author":{"name":"Telinha","@id":"https:\/\/portaltela.pt\/#\/schema\/person\/c4278d4a6028830caff9ee44b42d32ed"},"headline":"Acidente do elevador da Gl\u00f3ria: indemniza\u00e7\u00f5es por apurar","datePublished":"2026-03-02T20:31:00+00:00","mainEntityOfPage":{"@id":"https:\/\/portaltela.pt\/noticias\/2026\/03\/02\/acidente-do-elevador-da-gloria-indemnizacoes-por-apurar\/"},"wordCount":301,"image":{"@id":"https:\/\/portaltela.pt\/noticias\/2026\/03\/02\/acidente-do-elevador-da-gloria-indemnizacoes-por-apurar\/#primaryimage"},"thumbnailUrl":"https:\/\/portaltela.pt\/s.01k8rhncp4jt1\/2026\/03\/image-109.jpg","keywords":["acidente","Carris","indeniza\u00e7\u00f5es","Lisboa","Seguro"],"articleSection":["Not\u00edcias"],"inLanguage":"pt-PT"},{"@type":"WebPage","@id":"https:\/\/portaltela.pt\/noticias\/2026\/03\/02\/acidente-do-elevador-da-gloria-indemnizacoes-por-apurar\/","url":"https:\/\/portaltela.pt\/noticias\/2026\/03\/02\/acidente-do-elevador-da-gloria-indemnizacoes-por-apurar\/","name":"Acidente do elevador da Gl\u00f3ria: indemniza\u00e7\u00f5es por apurar - Portal Tela Portugal","isPartOf":{"@id":"https:\/\/portaltela.pt\/#website"},"primaryImageOfPage":{"@id":"https:\/\/portaltela.pt\/noticias\/2026\/03\/02\/acidente-do-elevador-da-gloria-indemnizacoes-por-apurar\/#primaryimage"},"image":{"@id":"https:\/\/portaltela.pt\/noticias\/2026\/03\/02\/acidente-do-elevador-da-gloria-indemnizacoes-por-apurar\/#primaryimage"},"thumbnailUrl":"https:\/\/portaltela.pt\/s.01k8rhncp4jt1\/2026\/03\/image-109.jpg","datePublished":"2026-03-02T20:31:00+00:00","author":{"@id":"https:\/\/portaltela.pt\/#\/schema\/person\/c4278d4a6028830caff9ee44b42d32ed"},"breadcrumb":{"@id":"https:\/\/portaltela.pt\/noticias\/2026\/03\/02\/acidente-do-elevador-da-gloria-indemnizacoes-por-apurar\/#breadcrumb"},"inLanguage":"pt-PT","potentialAction":[{"@type":"ReadAction","target":["https:\/\/portaltela.pt\/noticias\/2026\/03\/02\/acidente-do-elevador-da-gloria-indemnizacoes-por-apurar\/"]}]},{"@type":"ImageObject","inLanguage":"pt-PT","@id":"https:\/\/portaltela.pt\/noticias\/2026\/03\/02\/acidente-do-elevador-da-gloria-indemnizacoes-por-apurar\/#primaryimage","url":"https:\/\/portaltela.pt\/s.01k8rhncp4jt1\/2026\/03\/image-109.jpg","contentUrl":"https:\/\/portaltela.pt\/s.01k8rhncp4jt1\/2026\/03\/image-109.jpg","width":796,"height":448,"caption":"O acidente com o Elevador da Gl\u00f3ria foi no dia 3 de setembro"},{"@type":"BreadcrumbList","@id":"https:\/\/portaltela.pt\/noticias\/2026\/03\/02\/acidente-do-elevador-da-gloria-indemnizacoes-por-apurar\/#breadcrumb","itemListElement":[{"@type":"ListItem","position":1,"name":"In\u00edcio","item":"https:\/\/portaltela.pt\/"},{"@type":"ListItem","position":2,"name":"Acidente do elevador da Gl\u00f3ria: indemniza\u00e7\u00f5es por apurar"}]},{"@type":"WebSite","@id":"https:\/\/portaltela.pt\/#website","url":"https:\/\/portaltela.pt\/","name":"Portal Tela Portugal","description":"","potentialAction":[{"@type":"SearchAction","target":{"@type":"EntryPoint","urlTemplate":"https:\/\/portaltela.pt\/?s={search_term_string}"},"query-input":{"@type":"PropertyValueSpecification","valueRequired":true,"valueName":"search_term_string"}}],"inLanguage":"pt-PT"},{"@type":"Person","@id":"https:\/\/portaltela.pt\/#\/schema\/person\/c4278d4a6028830caff9ee44b42d32ed","name":"Telinha","image":{"@type":"ImageObject","inLanguage":"pt-PT","@id":"https:\/\/portaltela.pt\/s.01k8rhncp4jt1\/2025\/11\/talking-bot-125x125.png","url":"https:\/\/portaltela.pt\/s.01k8rhncp4jt1\/2025\/11\/talking-bot-125x125.png","contentUrl":"https:\/\/portaltela.pt\/s.01k8rhncp4jt1\/2025\/11\/talking-bot-125x125.png","caption":"Telinha"},"sameAs":["https:\/\/portaltela.pt\/"],"url":"https:\/\/portaltela.pt\/por\/367410592786\/"}]}},"_links":{"self":[{"href":"https:\/\/portaltela.pt\/api\/wp\/v2\/posts\/394917","targetHints":{"allow":["GET"]}}],"collection":[{"href":"https:\/\/portaltela.pt\/api\/wp\/v2\/posts"}],"about":[{"href":"https:\/\/portaltela.pt\/api\/wp\/v2\/types\/post"}],"author":[{"embeddable":true,"href":"https:\/\/portaltela.pt\/api\/wp\/v2\/users\/2"}],"replies":[{"embeddable":true,"href":"https:\/\/portaltela.pt\/api\/wp\/v2\/comments?post=394917"}],"version-history":[{"count":0,"href":"https:\/\/portaltela.pt\/api\/wp\/v2\/posts\/394917\/revisions"}],"wp:featuredmedia":[{"embeddable":true,"href":"https:\/\/portaltela.pt\/api\/wp\/v2\/media\/394923"}],"wp:attachment":[{"href":"https:\/\/portaltela.pt\/api\/wp\/v2\/media?parent=394917"}],"wp:term":[{"taxonomy":"category","embeddable":true,"href":"https:\/\/portaltela.pt\/api\/wp\/v2\/categories?post=394917"},{"taxonomy":"post_tag","embeddable":true,"href":"https:\/\/portaltela.pt\/api\/wp\/v2\/tags?post=394917"}],"curies":[{"name":"wp","href":"https:\/\/api.w.org\/{rel}","templated":true}]}}