{"id":394906,"date":"2026-03-02T17:30:00","date_gmt":"2026-03-02T20:30:00","guid":{"rendered":"https:\/\/portaltela.pt\/noticias\/2026\/03\/02\/sargo-pode-ser-pescado-na-costa-vicentina-apos-o-defeso\/"},"modified":"2026-03-02T17:30:00","modified_gmt":"2026-03-02T20:30:00","slug":"sargo-pode-ser-pescado-na-costa-vicentina-apos-o-defeso","status":"publish","type":"post","link":"https:\/\/portaltela.pt\/noticias\/2026\/03\/02\/sargo-pode-ser-pescado-na-costa-vicentina-apos-o-defeso\/","title":{"rendered":"Sargo pode ser pescado na Costa Vicentina ap\u00f3s o defeso"},"content":{"rendered":"<p>O per\u00edodo de defeso do sargo terminou no \u00faltimo domingo no Parque Natural do Sudoeste Alentejano e Costa Vicentina. O Governo encurtou o defeso em 15 dias este ano, fixando-o entre 1 e 28 de fevereiro. Apesar da mudan\u00e7a, os pescadores l\u00fadicos afirmam que \u00e9 insuficiente e pedem uma revis\u00e3o das regras.<\/p>\n<p>Segundo relatos, muitos pescadores l\u00fadicos deslocaram-se at\u00e9 ao topo das fal\u00e9sias da Costa Vicentina para pescar logo no regresso do defeso. Jo\u00e3o, que percorre 88 km at\u00e9 Aljezur aos fins de semana, n\u00e3o manteve o trajeto habitual no \u00faltimo m\u00eas devido ao per\u00edodo de defeso.<\/p>\n<p>O Governo descreve a retirada de 15 dias como um sinal positivo, mas os pescadores contestam a medida. Alegam que o sargo desovas fora da Costa Vicentina e questionam a efic\u00e1cia de apenas um m\u00eas de defeso naquela zona.<\/p>\n<h3>Rea\u00e7\u00f5es e perspetivas<\/h3>\n<p>Do lado dos pescadores, Lu\u00eds Pedro defende que o defeso n\u00e3o reflete a abund\u00e2ncia da esp\u00e9cie na regi\u00e3o e que a medida deveria abranger outras zonas. J\u00e1 David Rosa, porta-voz das Comiss\u00f5es de Pescadores da Costa Portuguesa, solicita evid\u00eancias cient\u00edficas que expliquem o impacto da pesca l\u00fadica e a relev\u00e2ncia de manter o defeso apenas na Costa Vicentina.<\/p>\n<p>As partes indicam a necessidade de estudos que justifiquem as regras atuais e o seu enquadramento geogr\u00e1fico, sem apontar conclus\u00f5es. Fontes citadas pelo CM destacam o pedido por uma avalia\u00e7\u00e3o mais ampla do impacto da pesca recreativa.<\/p>\n","protected":false},"excerpt":{"rendered":"<ul>\n<li>O per\u00edodo de defeso do sargo na Costa Vicentina terminou no domingo passado, no Parque Natural do Sudoeste Alentejano e Costa Vicentina.<\/li>\n<li>O Governo encurtou o defeso em quinze dias, fixando o per\u00edodo apenas entre 1 e 28 de fevereiro.<\/li>\n<li>Pescadores l\u00fadicos consideram a altera\u00e7\u00e3o insuficiente e pedem revis\u00e3o das regras, bem como evid\u00eancia do impacto da pesca l\u00fadica.<\/li>\n<li>Jo\u00e3o, pescador, percorre 88 km aos fins de semana para pescar em Aljezur, mas n\u00e3o viajou no \u00faltimo m\u00eas durante o defeso.<\/li>\n<li>O porta-voz das Comiss\u00f5es de Pescadores da Costa Portuguesa, David Rosa, diz que s\u00e3o necess\u00e1rios estudos cient\u00edficos para justificar o facto de o per\u00edodo de defeso ser aplicado apenas nesta zona.<\/li>\n<\/ul>\n","protected":false},"author":2,"featured_media":394911,"comment_status":"closed","ping_status":"closed","sticky":false,"template":"","format":"standard","meta":{"footnotes":""},"categories":[1],"tags":[883,6284,45,5093,1702,2804],"class_list":["post-394906","post","type-post","status-publish","format-standard","has-post-thumbnail","hentry","category-noticias","tag-alentejo","tag-costa-vicentina","tag-meio-ambiente","tag-pesca","tag-pesca-sustentavel","tag-pescadores"],"yoast_head":"<!-- This site is optimized with the Yoast SEO plugin v27.2 - https:\/\/yoast.com\/product\/yoast-seo-wordpress\/ -->\n<title>Sargo pode ser pescado na Costa Vicentina ap\u00f3s o defeso - Portal Tela Portugal<\/title>\n<meta name=\"robots\" content=\"index, follow, max-snippet:-1, max-image-preview:large, max-video-preview:-1\" \/>\n<meta property=\"og:locale\" content=\"pt_PT\" \/>\n<meta property=\"og:type\" content=\"article\" \/>\n<meta property=\"og:title\" content=\"Sargo pode ser pescado na Costa Vicentina ap\u00f3s o defeso - Portal Tela Portugal\" \/>\n<meta property=\"og:description\" content=\"O per\u00edodo de defeso do sargo na Costa Vicentina terminou no domingo passado, no Parque Natural do Sudoeste Alentejano e Costa Vicentina. O Governo encurtou o defeso em quinze dias, fixando o per\u00edodo apenas entre 1 e 28 de fevereiro. Pescadores l\u00fadicos consideram a altera\u00e7\u00e3o insuficiente e pedem revis\u00e3o das regras, bem como evid\u00eancia do impacto da pesca l\u00fadica. Jo\u00e3o, pescador, percorre 88 km aos fins de semana para pescar em Aljezur, mas n\u00e3o viajou no \u00faltimo m\u00eas durante o defeso. O porta-voz das Comiss\u00f5es de Pescadores da Costa Portuguesa, David Rosa, diz que s\u00e3o necess\u00e1rios estudos cient\u00edficos para justificar o facto de o per\u00edodo de defeso ser aplicado apenas nesta zona.\" \/>\n<meta property=\"og:url\" content=\"https:\/\/portaltela.pt\/noticias\/2026\/03\/02\/sargo-pode-ser-pescado-na-costa-vicentina-apos-o-defeso\/\" \/>\n<meta property=\"og:site_name\" content=\"Portal Tela Portugal\" \/>\n<meta property=\"article:published_time\" content=\"2026-03-02T20:30:00+00:00\" \/>\n<meta name=\"author\" content=\"Telinha\" \/>\n<meta name=\"twitter:card\" content=\"summary_large_image\" \/>\n<meta name=\"twitter:label1\" content=\"Escrito por\" \/>\n\t<meta name=\"twitter:data1\" content=\"Telinha\" \/>\n\t<meta name=\"twitter:label2\" content=\"Tempo estimado de leitura\" \/>\n\t<meta name=\"twitter:data2\" content=\"1 minuto\" \/>\n<script type=\"application\/ld+json\" class=\"yoast-schema-graph\">{\"@context\":\"https:\/\/schema.org\",\"@graph\":[{\"@type\":\"Article\",\"@id\":\"https:\/\/portaltela.pt\/noticias\/2026\/03\/02\/sargo-pode-ser-pescado-na-costa-vicentina-apos-o-defeso\/#article\",\"isPartOf\":{\"@id\":\"https:\/\/portaltela.pt\/noticias\/2026\/03\/02\/sargo-pode-ser-pescado-na-costa-vicentina-apos-o-defeso\/\"},\"author\":{\"name\":\"Telinha\",\"@id\":\"https:\/\/portaltela.pt\/#\/schema\/person\/c4278d4a6028830caff9ee44b42d32ed\"},\"headline\":\"Sargo pode ser pescado na Costa Vicentina ap\u00f3s o defeso\",\"datePublished\":\"2026-03-02T20:30:00+00:00\",\"mainEntityOfPage\":{\"@id\":\"https:\/\/portaltela.pt\/noticias\/2026\/03\/02\/sargo-pode-ser-pescado-na-costa-vicentina-apos-o-defeso\/\"},\"wordCount\":265,\"image\":{\"@id\":\"https:\/\/portaltela.pt\/noticias\/2026\/03\/02\/sargo-pode-ser-pescado-na-costa-vicentina-apos-o-defeso\/#primaryimage\"},\"thumbnailUrl\":\"https:\/\/portaltela.pt\/s.01k8rhncp4jt1\/2026\/03\/img_1500x1000uu2017-07-13-00-36-00-647809.jpg\",\"keywords\":[\"Alentejo\",\"Costa Vicentina\",\"meio-ambiente\",\"pesca\",\"pesca sustent\u00e1vel\",\"Pescadores\"],\"articleSection\":[\"Not\u00edcias\"],\"inLanguage\":\"pt-PT\"},{\"@type\":\"WebPage\",\"@id\":\"https:\/\/portaltela.pt\/noticias\/2026\/03\/02\/sargo-pode-ser-pescado-na-costa-vicentina-apos-o-defeso\/\",\"url\":\"https:\/\/portaltela.pt\/noticias\/2026\/03\/02\/sargo-pode-ser-pescado-na-costa-vicentina-apos-o-defeso\/\",\"name\":\"Sargo pode ser pescado na Costa Vicentina ap\u00f3s o defeso - Portal Tela Portugal\",\"isPartOf\":{\"@id\":\"https:\/\/portaltela.pt\/#website\"},\"primaryImageOfPage\":{\"@id\":\"https:\/\/portaltela.pt\/noticias\/2026\/03\/02\/sargo-pode-ser-pescado-na-costa-vicentina-apos-o-defeso\/#primaryimage\"},\"image\":{\"@id\":\"https:\/\/portaltela.pt\/noticias\/2026\/03\/02\/sargo-pode-ser-pescado-na-costa-vicentina-apos-o-defeso\/#primaryimage\"},\"thumbnailUrl\":\"https:\/\/portaltela.pt\/s.01k8rhncp4jt1\/2026\/03\/img_1500x1000uu2017-07-13-00-36-00-647809.jpg\",\"datePublished\":\"2026-03-02T20:30:00+00:00\",\"author\":{\"@id\":\"https:\/\/portaltela.pt\/#\/schema\/person\/c4278d4a6028830caff9ee44b42d32ed\"},\"breadcrumb\":{\"@id\":\"https:\/\/portaltela.pt\/noticias\/2026\/03\/02\/sargo-pode-ser-pescado-na-costa-vicentina-apos-o-defeso\/#breadcrumb\"},\"inLanguage\":\"pt-PT\",\"potentialAction\":[{\"@type\":\"ReadAction\",\"target\":[\"https:\/\/portaltela.pt\/noticias\/2026\/03\/02\/sargo-pode-ser-pescado-na-costa-vicentina-apos-o-defeso\/\"]}]},{\"@type\":\"ImageObject\",\"inLanguage\":\"pt-PT\",\"@id\":\"https:\/\/portaltela.pt\/noticias\/2026\/03\/02\/sargo-pode-ser-pescado-na-costa-vicentina-apos-o-defeso\/#primaryimage\",\"url\":\"https:\/\/portaltela.pt\/s.01k8rhncp4jt1\/2026\/03\/img_1500x1000uu2017-07-13-00-36-00-647809.jpg\",\"contentUrl\":\"https:\/\/portaltela.pt\/s.01k8rhncp4jt1\/2026\/03\/img_1500x1000uu2017-07-13-00-36-00-647809.jpg\",\"width\":796,\"height\":448,\"caption\":\"J\u00e1 se pode pescar sargo na Costa Vicentina depois do defeso\"},{\"@type\":\"BreadcrumbList\",\"@id\":\"https:\/\/portaltela.pt\/noticias\/2026\/03\/02\/sargo-pode-ser-pescado-na-costa-vicentina-apos-o-defeso\/#breadcrumb\",\"itemListElement\":[{\"@type\":\"ListItem\",\"position\":1,\"name\":\"In\u00edcio\",\"item\":\"https:\/\/portaltela.pt\/\"},{\"@type\":\"ListItem\",\"position\":2,\"name\":\"Sargo pode ser pescado na Costa Vicentina ap\u00f3s o defeso\"}]},{\"@type\":\"WebSite\",\"@id\":\"https:\/\/portaltela.pt\/#website\",\"url\":\"https:\/\/portaltela.pt\/\",\"name\":\"Portal Tela Portugal\",\"description\":\"\",\"potentialAction\":[{\"@type\":\"SearchAction\",\"target\":{\"@type\":\"EntryPoint\",\"urlTemplate\":\"https:\/\/portaltela.pt\/?s={search_term_string}\"},\"query-input\":{\"@type\":\"PropertyValueSpecification\",\"valueRequired\":true,\"valueName\":\"search_term_string\"}}],\"inLanguage\":\"pt-PT\"},{\"@type\":\"Person\",\"@id\":\"https:\/\/portaltela.pt\/#\/schema\/person\/c4278d4a6028830caff9ee44b42d32ed\",\"name\":\"Telinha\",\"image\":{\"@type\":\"ImageObject\",\"inLanguage\":\"pt-PT\",\"@id\":\"https:\/\/portaltela.pt\/s.01k8rhncp4jt1\/2025\/11\/talking-bot-125x125.png\",\"url\":\"https:\/\/portaltela.pt\/s.01k8rhncp4jt1\/2025\/11\/talking-bot-125x125.png\",\"contentUrl\":\"https:\/\/portaltela.pt\/s.01k8rhncp4jt1\/2025\/11\/talking-bot-125x125.png\",\"caption\":\"Telinha\"},\"sameAs\":[\"https:\/\/portaltela.pt\/\"],\"url\":\"https:\/\/portaltela.pt\/por\/367410592786\/\"}]}<\/script>\n<!-- \/ Yoast SEO plugin. -->","yoast_head_json":{"title":"Sargo pode ser pescado na Costa Vicentina ap\u00f3s o defeso - Portal Tela Portugal","robots":{"index":"index","follow":"follow","max-snippet":"max-snippet:-1","max-image-preview":"max-image-preview:large","max-video-preview":"max-video-preview:-1"},"og_locale":"pt_PT","og_type":"article","og_title":"Sargo pode ser pescado na Costa Vicentina ap\u00f3s o defeso - Portal Tela Portugal","og_description":"O per\u00edodo de defeso do sargo na Costa Vicentina terminou no domingo passado, no Parque Natural do Sudoeste Alentejano e Costa Vicentina. O Governo encurtou o defeso em quinze dias, fixando o per\u00edodo apenas entre 1 e 28 de fevereiro. Pescadores l\u00fadicos consideram a altera\u00e7\u00e3o insuficiente e pedem revis\u00e3o das regras, bem como evid\u00eancia do impacto da pesca l\u00fadica. Jo\u00e3o, pescador, percorre 88 km aos fins de semana para pescar em Aljezur, mas n\u00e3o viajou no \u00faltimo m\u00eas durante o defeso. O porta-voz das Comiss\u00f5es de Pescadores da Costa Portuguesa, David Rosa, diz que s\u00e3o necess\u00e1rios estudos cient\u00edficos para justificar o facto de o per\u00edodo de defeso ser aplicado apenas nesta zona.","og_url":"https:\/\/portaltela.pt\/noticias\/2026\/03\/02\/sargo-pode-ser-pescado-na-costa-vicentina-apos-o-defeso\/","og_site_name":"Portal Tela Portugal","article_published_time":"2026-03-02T20:30:00+00:00","author":"Telinha","twitter_card":"summary_large_image","twitter_misc":{"Escrito por":"Telinha","Tempo estimado de leitura":"1 minuto"},"schema":{"@context":"https:\/\/schema.org","@graph":[{"@type":"Article","@id":"https:\/\/portaltela.pt\/noticias\/2026\/03\/02\/sargo-pode-ser-pescado-na-costa-vicentina-apos-o-defeso\/#article","isPartOf":{"@id":"https:\/\/portaltela.pt\/noticias\/2026\/03\/02\/sargo-pode-ser-pescado-na-costa-vicentina-apos-o-defeso\/"},"author":{"name":"Telinha","@id":"https:\/\/portaltela.pt\/#\/schema\/person\/c4278d4a6028830caff9ee44b42d32ed"},"headline":"Sargo pode ser pescado na Costa Vicentina ap\u00f3s o defeso","datePublished":"2026-03-02T20:30:00+00:00","mainEntityOfPage":{"@id":"https:\/\/portaltela.pt\/noticias\/2026\/03\/02\/sargo-pode-ser-pescado-na-costa-vicentina-apos-o-defeso\/"},"wordCount":265,"image":{"@id":"https:\/\/portaltela.pt\/noticias\/2026\/03\/02\/sargo-pode-ser-pescado-na-costa-vicentina-apos-o-defeso\/#primaryimage"},"thumbnailUrl":"https:\/\/portaltela.pt\/s.01k8rhncp4jt1\/2026\/03\/img_1500x1000uu2017-07-13-00-36-00-647809.jpg","keywords":["Alentejo","Costa Vicentina","meio-ambiente","pesca","pesca sustent\u00e1vel","Pescadores"],"articleSection":["Not\u00edcias"],"inLanguage":"pt-PT"},{"@type":"WebPage","@id":"https:\/\/portaltela.pt\/noticias\/2026\/03\/02\/sargo-pode-ser-pescado-na-costa-vicentina-apos-o-defeso\/","url":"https:\/\/portaltela.pt\/noticias\/2026\/03\/02\/sargo-pode-ser-pescado-na-costa-vicentina-apos-o-defeso\/","name":"Sargo pode ser pescado na Costa Vicentina ap\u00f3s o defeso - Portal Tela Portugal","isPartOf":{"@id":"https:\/\/portaltela.pt\/#website"},"primaryImageOfPage":{"@id":"https:\/\/portaltela.pt\/noticias\/2026\/03\/02\/sargo-pode-ser-pescado-na-costa-vicentina-apos-o-defeso\/#primaryimage"},"image":{"@id":"https:\/\/portaltela.pt\/noticias\/2026\/03\/02\/sargo-pode-ser-pescado-na-costa-vicentina-apos-o-defeso\/#primaryimage"},"thumbnailUrl":"https:\/\/portaltela.pt\/s.01k8rhncp4jt1\/2026\/03\/img_1500x1000uu2017-07-13-00-36-00-647809.jpg","datePublished":"2026-03-02T20:30:00+00:00","author":{"@id":"https:\/\/portaltela.pt\/#\/schema\/person\/c4278d4a6028830caff9ee44b42d32ed"},"breadcrumb":{"@id":"https:\/\/portaltela.pt\/noticias\/2026\/03\/02\/sargo-pode-ser-pescado-na-costa-vicentina-apos-o-defeso\/#breadcrumb"},"inLanguage":"pt-PT","potentialAction":[{"@type":"ReadAction","target":["https:\/\/portaltela.pt\/noticias\/2026\/03\/02\/sargo-pode-ser-pescado-na-costa-vicentina-apos-o-defeso\/"]}]},{"@type":"ImageObject","inLanguage":"pt-PT","@id":"https:\/\/portaltela.pt\/noticias\/2026\/03\/02\/sargo-pode-ser-pescado-na-costa-vicentina-apos-o-defeso\/#primaryimage","url":"https:\/\/portaltela.pt\/s.01k8rhncp4jt1\/2026\/03\/img_1500x1000uu2017-07-13-00-36-00-647809.jpg","contentUrl":"https:\/\/portaltela.pt\/s.01k8rhncp4jt1\/2026\/03\/img_1500x1000uu2017-07-13-00-36-00-647809.jpg","width":796,"height":448,"caption":"J\u00e1 se pode pescar sargo na Costa Vicentina depois do defeso"},{"@type":"BreadcrumbList","@id":"https:\/\/portaltela.pt\/noticias\/2026\/03\/02\/sargo-pode-ser-pescado-na-costa-vicentina-apos-o-defeso\/#breadcrumb","itemListElement":[{"@type":"ListItem","position":1,"name":"In\u00edcio","item":"https:\/\/portaltela.pt\/"},{"@type":"ListItem","position":2,"name":"Sargo pode ser pescado na Costa Vicentina ap\u00f3s o defeso"}]},{"@type":"WebSite","@id":"https:\/\/portaltela.pt\/#website","url":"https:\/\/portaltela.pt\/","name":"Portal Tela Portugal","description":"","potentialAction":[{"@type":"SearchAction","target":{"@type":"EntryPoint","urlTemplate":"https:\/\/portaltela.pt\/?s={search_term_string}"},"query-input":{"@type":"PropertyValueSpecification","valueRequired":true,"valueName":"search_term_string"}}],"inLanguage":"pt-PT"},{"@type":"Person","@id":"https:\/\/portaltela.pt\/#\/schema\/person\/c4278d4a6028830caff9ee44b42d32ed","name":"Telinha","image":{"@type":"ImageObject","inLanguage":"pt-PT","@id":"https:\/\/portaltela.pt\/s.01k8rhncp4jt1\/2025\/11\/talking-bot-125x125.png","url":"https:\/\/portaltela.pt\/s.01k8rhncp4jt1\/2025\/11\/talking-bot-125x125.png","contentUrl":"https:\/\/portaltela.pt\/s.01k8rhncp4jt1\/2025\/11\/talking-bot-125x125.png","caption":"Telinha"},"sameAs":["https:\/\/portaltela.pt\/"],"url":"https:\/\/portaltela.pt\/por\/367410592786\/"}]}},"_links":{"self":[{"href":"https:\/\/portaltela.pt\/api\/wp\/v2\/posts\/394906","targetHints":{"allow":["GET"]}}],"collection":[{"href":"https:\/\/portaltela.pt\/api\/wp\/v2\/posts"}],"about":[{"href":"https:\/\/portaltela.pt\/api\/wp\/v2\/types\/post"}],"author":[{"embeddable":true,"href":"https:\/\/portaltela.pt\/api\/wp\/v2\/users\/2"}],"replies":[{"embeddable":true,"href":"https:\/\/portaltela.pt\/api\/wp\/v2\/comments?post=394906"}],"version-history":[{"count":0,"href":"https:\/\/portaltela.pt\/api\/wp\/v2\/posts\/394906\/revisions"}],"wp:featuredmedia":[{"embeddable":true,"href":"https:\/\/portaltela.pt\/api\/wp\/v2\/media\/394911"}],"wp:attachment":[{"href":"https:\/\/portaltela.pt\/api\/wp\/v2\/media?parent=394906"}],"wp:term":[{"taxonomy":"category","embeddable":true,"href":"https:\/\/portaltela.pt\/api\/wp\/v2\/categories?post=394906"},{"taxonomy":"post_tag","embeddable":true,"href":"https:\/\/portaltela.pt\/api\/wp\/v2\/tags?post=394906"}],"curies":[{"name":"wp","href":"https:\/\/api.w.org\/{rel}","templated":true}]}}