{"id":394888,"date":"2026-03-02T17:26:00","date_gmt":"2026-03-02T20:26:00","guid":{"rendered":"https:\/\/portaltela.pt\/noticias\/2026\/03\/02\/sporting-tondela-pode-disputar-o-jogo-entre-fim-de-abril-e-maio\/"},"modified":"2026-03-02T17:26:00","modified_gmt":"2026-03-02T20:26:00","slug":"sporting-tondela-pode-disputar-o-jogo-entre-fim-de-abril-e-maio","status":"publish","type":"post","link":"https:\/\/portaltela.pt\/desporto\/futebol\/2026\/03\/02\/sporting-tondela-pode-disputar-o-jogo-entre-fim-de-abril-e-maio\/","title":{"rendered":"Sporting-Tondela pode disputar o jogo entre fim de abril e maio"},"content":{"rendered":"<p>O encontro Sporting CP vs. CD Tondela fica com data por definir devido \u00e0 participa\u00e7\u00e3o do Sporting na UEFA Champions League. A Liga informou que o jogo n\u00e3o ter\u00e1 data marcada enquanto o clube leonino estiver envolvido na competi\u00e7\u00e3o europeia.<\/p>\n<p>Segundo o jornal Record, j\u00e1 est\u00e1 assegurado que o jogo n\u00e3o se disputar\u00e1 no fim de semana de 14 e 15 de mar\u00e7o. O cen\u00e1rio pode avan\u00e7ar para abril ou maio, dependendo do percurso do Sporting na Champions.<\/p>\n<p>Caso o Sporting seja eliminado pelo Bodo\/Glimt e saia da Liga dos Campe\u00f5es precocemente, o calend\u00e1rio poder\u00e1 manter-se mais pr\u00f3ximo de mar\u00e7o. Contudo, se o Sporting chegar aos quartos de final, h\u00e1 a possibilidade de adiar o encontro para fases posteriores da \u00e9poca.<\/p>\n<p>O local do jogo ainda n\u00e3o foi definido pelo clube. O Est\u00e1dio de Alvalade \u00e9 o palco habitual para os encontros do Sporting, incluindo partidas com o Tondela, mas a confirma\u00e7\u00e3o depende da agenda da Liga e da progression na Champions.<\/p>\n<p>A not\u00edcia aponta para uma gest\u00e3o de datas sens\u00edvel ao desempenho do Sporting na Liga dos Campe\u00f5es. O objetivo \u00e9 manter a integridade do calend\u00e1rio da Liga e evitar sobreposi\u00e7\u00f5es com outras jornadas importantes.<\/p>\n","protected":false},"excerpt":{"rendered":"<ul>\n<li>A Liga adiou a data do Sporting CP vs Tondela devido \u00e0 participa\u00e7\u00e3o do Sporting na UEFA Champions League.<\/li>\n<li>A divulga\u00e7\u00e3o informa que o encontro fica com data a definir enquanto os le\u00f5es estiverem na competi\u00e7\u00e3o europeia.<\/li>\n<li>O jogo pode vir a realizar-se no fim de abril ou em maio, dependendo dos resultados do Sporting na Champions.<\/li>\n<li>Mesmo assim, j\u00e1 se sabe que n\u00e3o ter\u00e1 lugar no fim-de-semana de 14 e 15 de mar\u00e7o.<\/li>\n<li>A possibilidade de abril ou maio depende da passagem do Sporting aos quartos-de-final, caso elimine o Bodo\/Glimt.<\/li>\n<\/ul>\n","protected":false},"author":2,"featured_media":394890,"comment_status":"closed","ping_status":"closed","sticky":false,"template":"","format":"standard","meta":{"footnotes":""},"categories":[21,24],"tags":[1588,5827,3577,32,1786,1652],"class_list":["post-394888","post","type-post","status-publish","format-standard","has-post-thumbnail","hentry","category-desporto","category-futebol","tag-alvalade","tag-cd-tondela","tag-champions-league","tag-futebol","tag-liga","tag-sporting"],"yoast_head":"<!-- This site is optimized with the Yoast SEO plugin v27.2 - https:\/\/yoast.com\/product\/yoast-seo-wordpress\/ -->\n<title>Sporting-Tondela pode disputar o jogo entre fim de abril e maio - Portal Tela Portugal<\/title>\n<meta name=\"robots\" content=\"index, follow, max-snippet:-1, max-image-preview:large, max-video-preview:-1\" \/>\n<meta property=\"og:locale\" content=\"pt_PT\" \/>\n<meta property=\"og:type\" content=\"article\" \/>\n<meta property=\"og:title\" content=\"Sporting-Tondela pode disputar o jogo entre fim de abril e maio - Portal Tela Portugal\" \/>\n<meta property=\"og:description\" content=\"A Liga adiou a data do Sporting CP vs Tondela devido \u00e0 participa\u00e7\u00e3o do Sporting na UEFA Champions League. A divulga\u00e7\u00e3o informa que o encontro fica com data a definir enquanto os le\u00f5es estiverem na competi\u00e7\u00e3o europeia. O jogo pode vir a realizar-se no fim de abril ou em maio, dependendo dos resultados do Sporting na Champions. Mesmo assim, j\u00e1 se sabe que n\u00e3o ter\u00e1 lugar no fim-de-semana de 14 e 15 de mar\u00e7o. A possibilidade de abril ou maio depende da passagem do Sporting aos quartos-de-final, caso elimine o Bodo\/Glimt.\" \/>\n<meta property=\"og:url\" content=\"https:\/\/portaltela.pt\/noticias\/2026\/03\/02\/sporting-tondela-pode-disputar-o-jogo-entre-fim-de-abril-e-maio\/\" \/>\n<meta property=\"og:site_name\" content=\"Portal Tela Portugal\" \/>\n<meta property=\"article:published_time\" content=\"2026-03-02T20:26:00+00:00\" \/>\n<meta name=\"author\" content=\"Telinha\" \/>\n<meta name=\"twitter:card\" content=\"summary_large_image\" \/>\n<meta name=\"twitter:label1\" content=\"Escrito por\" \/>\n\t<meta name=\"twitter:data1\" content=\"Telinha\" \/>\n\t<meta name=\"twitter:label2\" content=\"Tempo estimado de leitura\" \/>\n\t<meta name=\"twitter:data2\" content=\"1 minuto\" \/>\n<script type=\"application\/ld+json\" class=\"yoast-schema-graph\">{\"@context\":\"https:\/\/schema.org\",\"@graph\":[{\"@type\":\"Article\",\"@id\":\"https:\/\/portaltela.pt\/noticias\/2026\/03\/02\/sporting-tondela-pode-disputar-o-jogo-entre-fim-de-abril-e-maio\/#article\",\"isPartOf\":{\"@id\":\"https:\/\/portaltela.pt\/noticias\/2026\/03\/02\/sporting-tondela-pode-disputar-o-jogo-entre-fim-de-abril-e-maio\/\"},\"author\":{\"name\":\"Telinha\",\"@id\":\"https:\/\/portaltela.pt\/#\/schema\/person\/c4278d4a6028830caff9ee44b42d32ed\"},\"headline\":\"Sporting-Tondela pode disputar o jogo entre fim de abril e maio\",\"datePublished\":\"2026-03-02T20:26:00+00:00\",\"mainEntityOfPage\":{\"@id\":\"https:\/\/portaltela.pt\/noticias\/2026\/03\/02\/sporting-tondela-pode-disputar-o-jogo-entre-fim-de-abril-e-maio\/\"},\"wordCount\":223,\"image\":{\"@id\":\"https:\/\/portaltela.pt\/noticias\/2026\/03\/02\/sporting-tondela-pode-disputar-o-jogo-entre-fim-de-abril-e-maio\/#primaryimage\"},\"thumbnailUrl\":\"https:\/\/portaltela.pt\/s.01k8rhncp4jt1\/2026\/03\/img_920x518uu2025-12-28-12-07-20-2411590.jpg\",\"keywords\":[\"Alvalade\",\"CD Tondela\",\"Champions League\",\"futebol\",\"Liga\",\"Sporting\"],\"articleSection\":[\"Desporto\",\"Futebol\"],\"inLanguage\":\"pt-PT\"},{\"@type\":\"WebPage\",\"@id\":\"https:\/\/portaltela.pt\/noticias\/2026\/03\/02\/sporting-tondela-pode-disputar-o-jogo-entre-fim-de-abril-e-maio\/\",\"url\":\"https:\/\/portaltela.pt\/noticias\/2026\/03\/02\/sporting-tondela-pode-disputar-o-jogo-entre-fim-de-abril-e-maio\/\",\"name\":\"Sporting-Tondela pode disputar o jogo entre fim de abril e maio - Portal Tela Portugal\",\"isPartOf\":{\"@id\":\"https:\/\/portaltela.pt\/#website\"},\"primaryImageOfPage\":{\"@id\":\"https:\/\/portaltela.pt\/noticias\/2026\/03\/02\/sporting-tondela-pode-disputar-o-jogo-entre-fim-de-abril-e-maio\/#primaryimage\"},\"image\":{\"@id\":\"https:\/\/portaltela.pt\/noticias\/2026\/03\/02\/sporting-tondela-pode-disputar-o-jogo-entre-fim-de-abril-e-maio\/#primaryimage\"},\"thumbnailUrl\":\"https:\/\/portaltela.pt\/s.01k8rhncp4jt1\/2026\/03\/img_920x518uu2025-12-28-12-07-20-2411590.jpg\",\"datePublished\":\"2026-03-02T20:26:00+00:00\",\"author\":{\"@id\":\"https:\/\/portaltela.pt\/#\/schema\/person\/c4278d4a6028830caff9ee44b42d32ed\"},\"breadcrumb\":{\"@id\":\"https:\/\/portaltela.pt\/noticias\/2026\/03\/02\/sporting-tondela-pode-disputar-o-jogo-entre-fim-de-abril-e-maio\/#breadcrumb\"},\"inLanguage\":\"pt-PT\",\"potentialAction\":[{\"@type\":\"ReadAction\",\"target\":[\"https:\/\/portaltela.pt\/noticias\/2026\/03\/02\/sporting-tondela-pode-disputar-o-jogo-entre-fim-de-abril-e-maio\/\"]}]},{\"@type\":\"ImageObject\",\"inLanguage\":\"pt-PT\",\"@id\":\"https:\/\/portaltela.pt\/noticias\/2026\/03\/02\/sporting-tondela-pode-disputar-o-jogo-entre-fim-de-abril-e-maio\/#primaryimage\",\"url\":\"https:\/\/portaltela.pt\/s.01k8rhncp4jt1\/2026\/03\/img_920x518uu2025-12-28-12-07-20-2411590.jpg\",\"contentUrl\":\"https:\/\/portaltela.pt\/s.01k8rhncp4jt1\/2026\/03\/img_920x518uu2025-12-28-12-07-20-2411590.jpg\",\"width\":796,\"height\":448,\"caption\":\"Alvalade vai ser palco do Sporting-Tondela, em data ainda por definir\"},{\"@type\":\"BreadcrumbList\",\"@id\":\"https:\/\/portaltela.pt\/noticias\/2026\/03\/02\/sporting-tondela-pode-disputar-o-jogo-entre-fim-de-abril-e-maio\/#breadcrumb\",\"itemListElement\":[{\"@type\":\"ListItem\",\"position\":1,\"name\":\"In\u00edcio\",\"item\":\"https:\/\/portaltela.pt\/\"},{\"@type\":\"ListItem\",\"position\":2,\"name\":\"Sporting-Tondela pode disputar o jogo entre fim de abril e maio\"}]},{\"@type\":\"WebSite\",\"@id\":\"https:\/\/portaltela.pt\/#website\",\"url\":\"https:\/\/portaltela.pt\/\",\"name\":\"Portal Tela Portugal\",\"description\":\"\",\"potentialAction\":[{\"@type\":\"SearchAction\",\"target\":{\"@type\":\"EntryPoint\",\"urlTemplate\":\"https:\/\/portaltela.pt\/?s={search_term_string}\"},\"query-input\":{\"@type\":\"PropertyValueSpecification\",\"valueRequired\":true,\"valueName\":\"search_term_string\"}}],\"inLanguage\":\"pt-PT\"},{\"@type\":\"Person\",\"@id\":\"https:\/\/portaltela.pt\/#\/schema\/person\/c4278d4a6028830caff9ee44b42d32ed\",\"name\":\"Telinha\",\"image\":{\"@type\":\"ImageObject\",\"inLanguage\":\"pt-PT\",\"@id\":\"https:\/\/portaltela.pt\/s.01k8rhncp4jt1\/2025\/11\/talking-bot-125x125.png\",\"url\":\"https:\/\/portaltela.pt\/s.01k8rhncp4jt1\/2025\/11\/talking-bot-125x125.png\",\"contentUrl\":\"https:\/\/portaltela.pt\/s.01k8rhncp4jt1\/2025\/11\/talking-bot-125x125.png\",\"caption\":\"Telinha\"},\"sameAs\":[\"https:\/\/portaltela.pt\/\"],\"url\":\"https:\/\/portaltela.pt\/por\/367410592786\/\"}]}<\/script>\n<!-- \/ Yoast SEO plugin. -->","yoast_head_json":{"title":"Sporting-Tondela pode disputar o jogo entre fim de abril e maio - Portal Tela Portugal","robots":{"index":"index","follow":"follow","max-snippet":"max-snippet:-1","max-image-preview":"max-image-preview:large","max-video-preview":"max-video-preview:-1"},"og_locale":"pt_PT","og_type":"article","og_title":"Sporting-Tondela pode disputar o jogo entre fim de abril e maio - Portal Tela Portugal","og_description":"A Liga adiou a data do Sporting CP vs Tondela devido \u00e0 participa\u00e7\u00e3o do Sporting na UEFA Champions League. A divulga\u00e7\u00e3o informa que o encontro fica com data a definir enquanto os le\u00f5es estiverem na competi\u00e7\u00e3o europeia. O jogo pode vir a realizar-se no fim de abril ou em maio, dependendo dos resultados do Sporting na Champions. Mesmo assim, j\u00e1 se sabe que n\u00e3o ter\u00e1 lugar no fim-de-semana de 14 e 15 de mar\u00e7o. A possibilidade de abril ou maio depende da passagem do Sporting aos quartos-de-final, caso elimine o Bodo\/Glimt.","og_url":"https:\/\/portaltela.pt\/noticias\/2026\/03\/02\/sporting-tondela-pode-disputar-o-jogo-entre-fim-de-abril-e-maio\/","og_site_name":"Portal Tela Portugal","article_published_time":"2026-03-02T20:26:00+00:00","author":"Telinha","twitter_card":"summary_large_image","twitter_misc":{"Escrito por":"Telinha","Tempo estimado de leitura":"1 minuto"},"schema":{"@context":"https:\/\/schema.org","@graph":[{"@type":"Article","@id":"https:\/\/portaltela.pt\/noticias\/2026\/03\/02\/sporting-tondela-pode-disputar-o-jogo-entre-fim-de-abril-e-maio\/#article","isPartOf":{"@id":"https:\/\/portaltela.pt\/noticias\/2026\/03\/02\/sporting-tondela-pode-disputar-o-jogo-entre-fim-de-abril-e-maio\/"},"author":{"name":"Telinha","@id":"https:\/\/portaltela.pt\/#\/schema\/person\/c4278d4a6028830caff9ee44b42d32ed"},"headline":"Sporting-Tondela pode disputar o jogo entre fim de abril e maio","datePublished":"2026-03-02T20:26:00+00:00","mainEntityOfPage":{"@id":"https:\/\/portaltela.pt\/noticias\/2026\/03\/02\/sporting-tondela-pode-disputar-o-jogo-entre-fim-de-abril-e-maio\/"},"wordCount":223,"image":{"@id":"https:\/\/portaltela.pt\/noticias\/2026\/03\/02\/sporting-tondela-pode-disputar-o-jogo-entre-fim-de-abril-e-maio\/#primaryimage"},"thumbnailUrl":"https:\/\/portaltela.pt\/s.01k8rhncp4jt1\/2026\/03\/img_920x518uu2025-12-28-12-07-20-2411590.jpg","keywords":["Alvalade","CD Tondela","Champions League","futebol","Liga","Sporting"],"articleSection":["Desporto","Futebol"],"inLanguage":"pt-PT"},{"@type":"WebPage","@id":"https:\/\/portaltela.pt\/noticias\/2026\/03\/02\/sporting-tondela-pode-disputar-o-jogo-entre-fim-de-abril-e-maio\/","url":"https:\/\/portaltela.pt\/noticias\/2026\/03\/02\/sporting-tondela-pode-disputar-o-jogo-entre-fim-de-abril-e-maio\/","name":"Sporting-Tondela pode disputar o jogo entre fim de abril e maio - Portal Tela Portugal","isPartOf":{"@id":"https:\/\/portaltela.pt\/#website"},"primaryImageOfPage":{"@id":"https:\/\/portaltela.pt\/noticias\/2026\/03\/02\/sporting-tondela-pode-disputar-o-jogo-entre-fim-de-abril-e-maio\/#primaryimage"},"image":{"@id":"https:\/\/portaltela.pt\/noticias\/2026\/03\/02\/sporting-tondela-pode-disputar-o-jogo-entre-fim-de-abril-e-maio\/#primaryimage"},"thumbnailUrl":"https:\/\/portaltela.pt\/s.01k8rhncp4jt1\/2026\/03\/img_920x518uu2025-12-28-12-07-20-2411590.jpg","datePublished":"2026-03-02T20:26:00+00:00","author":{"@id":"https:\/\/portaltela.pt\/#\/schema\/person\/c4278d4a6028830caff9ee44b42d32ed"},"breadcrumb":{"@id":"https:\/\/portaltela.pt\/noticias\/2026\/03\/02\/sporting-tondela-pode-disputar-o-jogo-entre-fim-de-abril-e-maio\/#breadcrumb"},"inLanguage":"pt-PT","potentialAction":[{"@type":"ReadAction","target":["https:\/\/portaltela.pt\/noticias\/2026\/03\/02\/sporting-tondela-pode-disputar-o-jogo-entre-fim-de-abril-e-maio\/"]}]},{"@type":"ImageObject","inLanguage":"pt-PT","@id":"https:\/\/portaltela.pt\/noticias\/2026\/03\/02\/sporting-tondela-pode-disputar-o-jogo-entre-fim-de-abril-e-maio\/#primaryimage","url":"https:\/\/portaltela.pt\/s.01k8rhncp4jt1\/2026\/03\/img_920x518uu2025-12-28-12-07-20-2411590.jpg","contentUrl":"https:\/\/portaltela.pt\/s.01k8rhncp4jt1\/2026\/03\/img_920x518uu2025-12-28-12-07-20-2411590.jpg","width":796,"height":448,"caption":"Alvalade vai ser palco do Sporting-Tondela, em data ainda por definir"},{"@type":"BreadcrumbList","@id":"https:\/\/portaltela.pt\/noticias\/2026\/03\/02\/sporting-tondela-pode-disputar-o-jogo-entre-fim-de-abril-e-maio\/#breadcrumb","itemListElement":[{"@type":"ListItem","position":1,"name":"In\u00edcio","item":"https:\/\/portaltela.pt\/"},{"@type":"ListItem","position":2,"name":"Sporting-Tondela pode disputar o jogo entre fim de abril e maio"}]},{"@type":"WebSite","@id":"https:\/\/portaltela.pt\/#website","url":"https:\/\/portaltela.pt\/","name":"Portal Tela Portugal","description":"","potentialAction":[{"@type":"SearchAction","target":{"@type":"EntryPoint","urlTemplate":"https:\/\/portaltela.pt\/?s={search_term_string}"},"query-input":{"@type":"PropertyValueSpecification","valueRequired":true,"valueName":"search_term_string"}}],"inLanguage":"pt-PT"},{"@type":"Person","@id":"https:\/\/portaltela.pt\/#\/schema\/person\/c4278d4a6028830caff9ee44b42d32ed","name":"Telinha","image":{"@type":"ImageObject","inLanguage":"pt-PT","@id":"https:\/\/portaltela.pt\/s.01k8rhncp4jt1\/2025\/11\/talking-bot-125x125.png","url":"https:\/\/portaltela.pt\/s.01k8rhncp4jt1\/2025\/11\/talking-bot-125x125.png","contentUrl":"https:\/\/portaltela.pt\/s.01k8rhncp4jt1\/2025\/11\/talking-bot-125x125.png","caption":"Telinha"},"sameAs":["https:\/\/portaltela.pt\/"],"url":"https:\/\/portaltela.pt\/por\/367410592786\/"}]}},"_links":{"self":[{"href":"https:\/\/portaltela.pt\/api\/wp\/v2\/posts\/394888","targetHints":{"allow":["GET"]}}],"collection":[{"href":"https:\/\/portaltela.pt\/api\/wp\/v2\/posts"}],"about":[{"href":"https:\/\/portaltela.pt\/api\/wp\/v2\/types\/post"}],"author":[{"embeddable":true,"href":"https:\/\/portaltela.pt\/api\/wp\/v2\/users\/2"}],"replies":[{"embeddable":true,"href":"https:\/\/portaltela.pt\/api\/wp\/v2\/comments?post=394888"}],"version-history":[{"count":0,"href":"https:\/\/portaltela.pt\/api\/wp\/v2\/posts\/394888\/revisions"}],"wp:featuredmedia":[{"embeddable":true,"href":"https:\/\/portaltela.pt\/api\/wp\/v2\/media\/394890"}],"wp:attachment":[{"href":"https:\/\/portaltela.pt\/api\/wp\/v2\/media?parent=394888"}],"wp:term":[{"taxonomy":"category","embeddable":true,"href":"https:\/\/portaltela.pt\/api\/wp\/v2\/categories?post=394888"},{"taxonomy":"post_tag","embeddable":true,"href":"https:\/\/portaltela.pt\/api\/wp\/v2\/tags?post=394888"}],"curies":[{"name":"wp","href":"https:\/\/api.w.org\/{rel}","templated":true}]}}