{"id":394871,"date":"2026-03-02T16:59:00","date_gmt":"2026-03-02T19:59:00","guid":{"rendered":"https:\/\/portaltela.pt\/noticias\/2026\/03\/02\/seis-meses-apos-acidente-no-elevador-da-gloria-apoio-as-vitimas-continua\/"},"modified":"2026-03-02T16:59:00","modified_gmt":"2026-03-02T19:59:00","slug":"seis-meses-apos-acidente-no-elevador-da-gloria-apoio-as-vitimas-continua","status":"publish","type":"post","link":"https:\/\/portaltela.pt\/noticias\/2026\/03\/02\/seis-meses-apos-acidente-no-elevador-da-gloria-apoio-as-vitimas-continua\/","title":{"rendered":"Seis meses ap\u00f3s acidente no elevador da Gl\u00f3ria, apoio \u00e0s v\u00edtimas continua"},"content":{"rendered":"<p>O acidente do elevador da Gl\u00f3ria, em Lisboa, continua a ter impactos. Seis meses depois, os processos de apoio \u00e0s v\u00edtimas est\u00e3o em diferentes fases de regulariza\u00e7\u00e3o, segundo a seguradora Fidelidade, que assegura a gest\u00e3o do sinistro ligado \u00e0 Carris.<\/p>\n<p>Entre as v\u00edtimas reconhecidas pela seguradora, somam-se 16 mortos e 24 feridos, com um acompanhamento ativo \u00e0s fam\u00edlias. Em casos de les\u00f5es corporais, o processo permanece em fase de consolida\u00e7\u00e3o m\u00e9dico\u2011legal at\u00e9 \u00e0 estabiliza\u00e7\u00e3o cl\u00ednica e avalia\u00e7\u00e3o de eventuais incapacidades.<\/p>\n<p>A Fidelidade refere que j\u00e1 foram assegurados e pagos custos comprovados, como despesas m\u00e9dicas, hospitalares, farmac\u00eauticas, desloca\u00e7\u00f5es, repatriamentos e servi\u00e7os f\u00fanebres. Tamb\u00e9m ser\u00e1 feito o reembolso de custos de outras seguradoras, ainda em avalia\u00e7\u00e3o.<\/p>\n<p>Comiss\u00e3o t\u00e9cnica independente<\/p>\n<p>Para refor\u00e7ar a avalia\u00e7\u00e3o dos danos pessoais e a quantifica\u00e7\u00e3o indemnizat\u00f3ria, foi criada uma comiss\u00e3o t\u00e9cnica independente pela Fidelidade. O objetivo \u00e9 assegurar transpar\u00eancia, equidade e confian\u00e7a no processo de indemniza\u00e7\u00e3o.<\/p>\n<p>Estado do processo e contexto institucional<\/p>\n<p>A Carris, empresa municipal de Lisboa, mant\u00e9m contactos com as v\u00edtimas e familiares, em paralelo com o trabalho da Fidelidade. O inqu\u00e9rito interno e as auditorias externas prosseguem, com colabora\u00e7\u00e3o no inqu\u00e9rito do GPIAAF.<\/p>\n<p>O que aconteceu, quando, onde, quem e porqu\u00ea<\/p>\n<p>O descarrilamento ocorreu a 3 de setembro, no centro de Lisboa, envolvendo uma das duas cabinas do elevador da Gl\u00f3ria que embateu num edif\u00edcio. O acidente resultou em 16 mortes e mais de 20 feridos, entre nacionais e estrangeiros. A investiga\u00e7\u00e3o envolve a Carris, a MNTC e a AMT, com v\u00e1rias entidades a acompanhar o caso.<\/p>\n<p>Situa\u00e7\u00e3o legal e manuten\u00e7\u00e3o<\/p>\n<p>O cabo que ligava as cabinas n\u00e3o respeitava normas nem estava certificado para transporte de pessoas, conforme concluiu o GPIAAF. O ent\u00e3o Presidente da Carris e v\u00e1rias entidades foram alvo de aprecia\u00e7\u00e3o p\u00fablica, com a demiss\u00e3o de um presidente anterior. O processo tem ainda fases de inqu\u00e9rito em curso pela Procuradoria.<\/p>\n","protected":false},"excerpt":{"rendered":"<ul>\n<li>Seis meses ap\u00f3s o acidente do elevador da Gl\u00f3ria, a Fidelidade indica 40 v\u00edtimas no total: 16 mortes e 24 feridos, com acompanhamento ativo \u00e0s v\u00edtimas e \u00e0s respetivas fam\u00edlias.<\/li>\n<li>Os processos de apoio est\u00e3o em diversas fases de regulariza\u00e7\u00e3o, com consolida\u00e7\u00e3o m\u00e9dico-legal para avalia\u00e7\u00e3o de incapacidades e subsequente c\u00e1lculo de indemniza\u00e7\u00f5es.<\/li>\n<li>At\u00e9 agora t\u00eam sido assegurados encargos comprovados nas coberturas aplic\u00e1veis, incluindo despesas m\u00e9dicas, hospitalares, farmac\u00eauticas, desloca\u00e7\u00f5es, repatriamentos e servi\u00e7os f\u00fanebres; o reembolso de custos a outras seguradoras est\u00e1 em curso.<\/li>\n<li>A Fidelidade criou uma comiss\u00e3o t\u00e9cnica independente para avaliar danos pessoais e validar a quantifica\u00e7\u00e3o indemnizat\u00f3ria, assegurando transpar\u00eancia e equidade no processo.<\/li>\n<li>A Carris, em colabora\u00e7\u00e3o com a Fidelidade, mant\u00e9m inqu\u00e9ritos em curso e prev\u00ea a reabertura de elevadores em Lisboa, com o funicular da Gra\u00e7a apontado para abril e os ascensores da Bica e do Lavra sob avalia\u00e7\u00e3o.<\/li>\n<\/ul>\n","protected":false},"author":2,"featured_media":394877,"comment_status":"closed","ping_status":"closed","sticky":false,"template":"","format":"standard","meta":{"footnotes":""},"categories":[1],"tags":[5487,3127,2745,215,981,250],"class_list":["post-394871","post","type-post","status-publish","format-standard","has-post-thumbnail","hentry","category-noticias","tag-acidente","tag-carris","tag-indenizacoes","tag-investigacao","tag-lisboa","tag-seguranca-publica"],"yoast_head":"<!-- This site is optimized with the Yoast SEO plugin v27.2 - https:\/\/yoast.com\/product\/yoast-seo-wordpress\/ -->\n<title>Seis meses ap\u00f3s acidente no elevador da Gl\u00f3ria, apoio \u00e0s v\u00edtimas continua - Portal Tela Portugal<\/title>\n<meta name=\"robots\" content=\"index, follow, max-snippet:-1, max-image-preview:large, max-video-preview:-1\" \/>\n<meta property=\"og:locale\" content=\"pt_PT\" \/>\n<meta property=\"og:type\" content=\"article\" \/>\n<meta property=\"og:title\" content=\"Seis meses ap\u00f3s acidente no elevador da Gl\u00f3ria, apoio \u00e0s v\u00edtimas continua - Portal Tela Portugal\" \/>\n<meta property=\"og:description\" content=\"Seis meses ap\u00f3s o acidente do elevador da Gl\u00f3ria, a Fidelidade indica 40 v\u00edtimas no total: 16 mortes e 24 feridos, com acompanhamento ativo \u00e0s v\u00edtimas e \u00e0s respetivas fam\u00edlias. Os processos de apoio est\u00e3o em diversas fases de regulariza\u00e7\u00e3o, com consolida\u00e7\u00e3o m\u00e9dico-legal para avalia\u00e7\u00e3o de incapacidades e subsequente c\u00e1lculo de indemniza\u00e7\u00f5es. At\u00e9 agora t\u00eam sido assegurados encargos comprovados nas coberturas aplic\u00e1veis, incluindo despesas m\u00e9dicas, hospitalares, farmac\u00eauticas, desloca\u00e7\u00f5es, repatriamentos e servi\u00e7os f\u00fanebres; o reembolso de custos a outras seguradoras est\u00e1 em curso. A Fidelidade criou uma comiss\u00e3o t\u00e9cnica independente para avaliar danos pessoais e validar a quantifica\u00e7\u00e3o indemnizat\u00f3ria, assegurando transpar\u00eancia e equidade no processo. A Carris, em colabora\u00e7\u00e3o com a Fidelidade, mant\u00e9m inqu\u00e9ritos em curso e prev\u00ea a reabertura de elevadores em Lisboa, com o funicular da Gra\u00e7a apontado para abril e os ascensores da Bica e do Lavra sob avalia\u00e7\u00e3o.\" \/>\n<meta property=\"og:url\" content=\"https:\/\/portaltela.pt\/noticias\/2026\/03\/02\/seis-meses-apos-acidente-no-elevador-da-gloria-apoio-as-vitimas-continua\/\" \/>\n<meta property=\"og:site_name\" content=\"Portal Tela Portugal\" \/>\n<meta property=\"article:published_time\" content=\"2026-03-02T19:59:00+00:00\" \/>\n<meta name=\"author\" content=\"Telinha\" \/>\n<meta name=\"twitter:card\" content=\"summary_large_image\" \/>\n<meta name=\"twitter:label1\" content=\"Escrito por\" \/>\n\t<meta name=\"twitter:data1\" content=\"Telinha\" \/>\n\t<meta name=\"twitter:label2\" content=\"Tempo estimado de leitura\" \/>\n\t<meta name=\"twitter:data2\" content=\"2 minutos\" \/>\n<script type=\"application\/ld+json\" class=\"yoast-schema-graph\">{\"@context\":\"https:\/\/schema.org\",\"@graph\":[{\"@type\":\"Article\",\"@id\":\"https:\/\/portaltela.pt\/noticias\/2026\/03\/02\/seis-meses-apos-acidente-no-elevador-da-gloria-apoio-as-vitimas-continua\/#article\",\"isPartOf\":{\"@id\":\"https:\/\/portaltela.pt\/noticias\/2026\/03\/02\/seis-meses-apos-acidente-no-elevador-da-gloria-apoio-as-vitimas-continua\/\"},\"author\":{\"name\":\"Telinha\",\"@id\":\"https:\/\/portaltela.pt\/#\/schema\/person\/c4278d4a6028830caff9ee44b42d32ed\"},\"headline\":\"Seis meses ap\u00f3s acidente no elevador da Gl\u00f3ria, apoio \u00e0s v\u00edtimas continua\",\"datePublished\":\"2026-03-02T19:59:00+00:00\",\"mainEntityOfPage\":{\"@id\":\"https:\/\/portaltela.pt\/noticias\/2026\/03\/02\/seis-meses-apos-acidente-no-elevador-da-gloria-apoio-as-vitimas-continua\/\"},\"wordCount\":364,\"image\":{\"@id\":\"https:\/\/portaltela.pt\/noticias\/2026\/03\/02\/seis-meses-apos-acidente-no-elevador-da-gloria-apoio-as-vitimas-continua\/#primaryimage\"},\"thumbnailUrl\":\"https:\/\/portaltela.pt\/s.01k8rhncp4jt1\/2026\/03\/img_1500x1000uu2026-03-02-19-59-48-2235928.jpg\",\"keywords\":[\"acidente\",\"Carris\",\"indeniza\u00e7\u00f5es\",\"investiga\u00e7\u00e3o\",\"Lisboa\",\"seguran\u00e7a p\u00fablica\"],\"articleSection\":[\"Not\u00edcias\"],\"inLanguage\":\"pt-PT\"},{\"@type\":\"WebPage\",\"@id\":\"https:\/\/portaltela.pt\/noticias\/2026\/03\/02\/seis-meses-apos-acidente-no-elevador-da-gloria-apoio-as-vitimas-continua\/\",\"url\":\"https:\/\/portaltela.pt\/noticias\/2026\/03\/02\/seis-meses-apos-acidente-no-elevador-da-gloria-apoio-as-vitimas-continua\/\",\"name\":\"Seis meses ap\u00f3s acidente no elevador da Gl\u00f3ria, apoio \u00e0s v\u00edtimas continua - Portal Tela Portugal\",\"isPartOf\":{\"@id\":\"https:\/\/portaltela.pt\/#website\"},\"primaryImageOfPage\":{\"@id\":\"https:\/\/portaltela.pt\/noticias\/2026\/03\/02\/seis-meses-apos-acidente-no-elevador-da-gloria-apoio-as-vitimas-continua\/#primaryimage\"},\"image\":{\"@id\":\"https:\/\/portaltela.pt\/noticias\/2026\/03\/02\/seis-meses-apos-acidente-no-elevador-da-gloria-apoio-as-vitimas-continua\/#primaryimage\"},\"thumbnailUrl\":\"https:\/\/portaltela.pt\/s.01k8rhncp4jt1\/2026\/03\/img_1500x1000uu2026-03-02-19-59-48-2235928.jpg\",\"datePublished\":\"2026-03-02T19:59:00+00:00\",\"author\":{\"@id\":\"https:\/\/portaltela.pt\/#\/schema\/person\/c4278d4a6028830caff9ee44b42d32ed\"},\"breadcrumb\":{\"@id\":\"https:\/\/portaltela.pt\/noticias\/2026\/03\/02\/seis-meses-apos-acidente-no-elevador-da-gloria-apoio-as-vitimas-continua\/#breadcrumb\"},\"inLanguage\":\"pt-PT\",\"potentialAction\":[{\"@type\":\"ReadAction\",\"target\":[\"https:\/\/portaltela.pt\/noticias\/2026\/03\/02\/seis-meses-apos-acidente-no-elevador-da-gloria-apoio-as-vitimas-continua\/\"]}]},{\"@type\":\"ImageObject\",\"inLanguage\":\"pt-PT\",\"@id\":\"https:\/\/portaltela.pt\/noticias\/2026\/03\/02\/seis-meses-apos-acidente-no-elevador-da-gloria-apoio-as-vitimas-continua\/#primaryimage\",\"url\":\"https:\/\/portaltela.pt\/s.01k8rhncp4jt1\/2026\/03\/img_1500x1000uu2026-03-02-19-59-48-2235928.jpg\",\"contentUrl\":\"https:\/\/portaltela.pt\/s.01k8rhncp4jt1\/2026\/03\/img_1500x1000uu2026-03-02-19-59-48-2235928.jpg\",\"width\":796,\"height\":448,\"caption\":\"Elevador da Gl\u00f3ria, em Lisboa, ap\u00f3s per\u00edcia da PJ\"},{\"@type\":\"BreadcrumbList\",\"@id\":\"https:\/\/portaltela.pt\/noticias\/2026\/03\/02\/seis-meses-apos-acidente-no-elevador-da-gloria-apoio-as-vitimas-continua\/#breadcrumb\",\"itemListElement\":[{\"@type\":\"ListItem\",\"position\":1,\"name\":\"In\u00edcio\",\"item\":\"https:\/\/portaltela.pt\/\"},{\"@type\":\"ListItem\",\"position\":2,\"name\":\"Seis meses ap\u00f3s acidente no elevador da Gl\u00f3ria, apoio \u00e0s v\u00edtimas continua\"}]},{\"@type\":\"WebSite\",\"@id\":\"https:\/\/portaltela.pt\/#website\",\"url\":\"https:\/\/portaltela.pt\/\",\"name\":\"Portal Tela Portugal\",\"description\":\"\",\"potentialAction\":[{\"@type\":\"SearchAction\",\"target\":{\"@type\":\"EntryPoint\",\"urlTemplate\":\"https:\/\/portaltela.pt\/?s={search_term_string}\"},\"query-input\":{\"@type\":\"PropertyValueSpecification\",\"valueRequired\":true,\"valueName\":\"search_term_string\"}}],\"inLanguage\":\"pt-PT\"},{\"@type\":\"Person\",\"@id\":\"https:\/\/portaltela.pt\/#\/schema\/person\/c4278d4a6028830caff9ee44b42d32ed\",\"name\":\"Telinha\",\"image\":{\"@type\":\"ImageObject\",\"inLanguage\":\"pt-PT\",\"@id\":\"https:\/\/portaltela.pt\/s.01k8rhncp4jt1\/2025\/11\/talking-bot-125x125.png\",\"url\":\"https:\/\/portaltela.pt\/s.01k8rhncp4jt1\/2025\/11\/talking-bot-125x125.png\",\"contentUrl\":\"https:\/\/portaltela.pt\/s.01k8rhncp4jt1\/2025\/11\/talking-bot-125x125.png\",\"caption\":\"Telinha\"},\"sameAs\":[\"https:\/\/portaltela.pt\/\"],\"url\":\"https:\/\/portaltela.pt\/por\/367410592786\/\"}]}<\/script>\n<!-- \/ Yoast SEO plugin. -->","yoast_head_json":{"title":"Seis meses ap\u00f3s acidente no elevador da Gl\u00f3ria, apoio \u00e0s v\u00edtimas continua - Portal Tela Portugal","robots":{"index":"index","follow":"follow","max-snippet":"max-snippet:-1","max-image-preview":"max-image-preview:large","max-video-preview":"max-video-preview:-1"},"og_locale":"pt_PT","og_type":"article","og_title":"Seis meses ap\u00f3s acidente no elevador da Gl\u00f3ria, apoio \u00e0s v\u00edtimas continua - Portal Tela Portugal","og_description":"Seis meses ap\u00f3s o acidente do elevador da Gl\u00f3ria, a Fidelidade indica 40 v\u00edtimas no total: 16 mortes e 24 feridos, com acompanhamento ativo \u00e0s v\u00edtimas e \u00e0s respetivas fam\u00edlias. Os processos de apoio est\u00e3o em diversas fases de regulariza\u00e7\u00e3o, com consolida\u00e7\u00e3o m\u00e9dico-legal para avalia\u00e7\u00e3o de incapacidades e subsequente c\u00e1lculo de indemniza\u00e7\u00f5es. At\u00e9 agora t\u00eam sido assegurados encargos comprovados nas coberturas aplic\u00e1veis, incluindo despesas m\u00e9dicas, hospitalares, farmac\u00eauticas, desloca\u00e7\u00f5es, repatriamentos e servi\u00e7os f\u00fanebres; o reembolso de custos a outras seguradoras est\u00e1 em curso. A Fidelidade criou uma comiss\u00e3o t\u00e9cnica independente para avaliar danos pessoais e validar a quantifica\u00e7\u00e3o indemnizat\u00f3ria, assegurando transpar\u00eancia e equidade no processo. A Carris, em colabora\u00e7\u00e3o com a Fidelidade, mant\u00e9m inqu\u00e9ritos em curso e prev\u00ea a reabertura de elevadores em Lisboa, com o funicular da Gra\u00e7a apontado para abril e os ascensores da Bica e do Lavra sob avalia\u00e7\u00e3o.","og_url":"https:\/\/portaltela.pt\/noticias\/2026\/03\/02\/seis-meses-apos-acidente-no-elevador-da-gloria-apoio-as-vitimas-continua\/","og_site_name":"Portal Tela Portugal","article_published_time":"2026-03-02T19:59:00+00:00","author":"Telinha","twitter_card":"summary_large_image","twitter_misc":{"Escrito por":"Telinha","Tempo estimado de leitura":"2 minutos"},"schema":{"@context":"https:\/\/schema.org","@graph":[{"@type":"Article","@id":"https:\/\/portaltela.pt\/noticias\/2026\/03\/02\/seis-meses-apos-acidente-no-elevador-da-gloria-apoio-as-vitimas-continua\/#article","isPartOf":{"@id":"https:\/\/portaltela.pt\/noticias\/2026\/03\/02\/seis-meses-apos-acidente-no-elevador-da-gloria-apoio-as-vitimas-continua\/"},"author":{"name":"Telinha","@id":"https:\/\/portaltela.pt\/#\/schema\/person\/c4278d4a6028830caff9ee44b42d32ed"},"headline":"Seis meses ap\u00f3s acidente no elevador da Gl\u00f3ria, apoio \u00e0s v\u00edtimas continua","datePublished":"2026-03-02T19:59:00+00:00","mainEntityOfPage":{"@id":"https:\/\/portaltela.pt\/noticias\/2026\/03\/02\/seis-meses-apos-acidente-no-elevador-da-gloria-apoio-as-vitimas-continua\/"},"wordCount":364,"image":{"@id":"https:\/\/portaltela.pt\/noticias\/2026\/03\/02\/seis-meses-apos-acidente-no-elevador-da-gloria-apoio-as-vitimas-continua\/#primaryimage"},"thumbnailUrl":"https:\/\/portaltela.pt\/s.01k8rhncp4jt1\/2026\/03\/img_1500x1000uu2026-03-02-19-59-48-2235928.jpg","keywords":["acidente","Carris","indeniza\u00e7\u00f5es","investiga\u00e7\u00e3o","Lisboa","seguran\u00e7a p\u00fablica"],"articleSection":["Not\u00edcias"],"inLanguage":"pt-PT"},{"@type":"WebPage","@id":"https:\/\/portaltela.pt\/noticias\/2026\/03\/02\/seis-meses-apos-acidente-no-elevador-da-gloria-apoio-as-vitimas-continua\/","url":"https:\/\/portaltela.pt\/noticias\/2026\/03\/02\/seis-meses-apos-acidente-no-elevador-da-gloria-apoio-as-vitimas-continua\/","name":"Seis meses ap\u00f3s acidente no elevador da Gl\u00f3ria, apoio \u00e0s v\u00edtimas continua - Portal Tela Portugal","isPartOf":{"@id":"https:\/\/portaltela.pt\/#website"},"primaryImageOfPage":{"@id":"https:\/\/portaltela.pt\/noticias\/2026\/03\/02\/seis-meses-apos-acidente-no-elevador-da-gloria-apoio-as-vitimas-continua\/#primaryimage"},"image":{"@id":"https:\/\/portaltela.pt\/noticias\/2026\/03\/02\/seis-meses-apos-acidente-no-elevador-da-gloria-apoio-as-vitimas-continua\/#primaryimage"},"thumbnailUrl":"https:\/\/portaltela.pt\/s.01k8rhncp4jt1\/2026\/03\/img_1500x1000uu2026-03-02-19-59-48-2235928.jpg","datePublished":"2026-03-02T19:59:00+00:00","author":{"@id":"https:\/\/portaltela.pt\/#\/schema\/person\/c4278d4a6028830caff9ee44b42d32ed"},"breadcrumb":{"@id":"https:\/\/portaltela.pt\/noticias\/2026\/03\/02\/seis-meses-apos-acidente-no-elevador-da-gloria-apoio-as-vitimas-continua\/#breadcrumb"},"inLanguage":"pt-PT","potentialAction":[{"@type":"ReadAction","target":["https:\/\/portaltela.pt\/noticias\/2026\/03\/02\/seis-meses-apos-acidente-no-elevador-da-gloria-apoio-as-vitimas-continua\/"]}]},{"@type":"ImageObject","inLanguage":"pt-PT","@id":"https:\/\/portaltela.pt\/noticias\/2026\/03\/02\/seis-meses-apos-acidente-no-elevador-da-gloria-apoio-as-vitimas-continua\/#primaryimage","url":"https:\/\/portaltela.pt\/s.01k8rhncp4jt1\/2026\/03\/img_1500x1000uu2026-03-02-19-59-48-2235928.jpg","contentUrl":"https:\/\/portaltela.pt\/s.01k8rhncp4jt1\/2026\/03\/img_1500x1000uu2026-03-02-19-59-48-2235928.jpg","width":796,"height":448,"caption":"Elevador da Gl\u00f3ria, em Lisboa, ap\u00f3s per\u00edcia da PJ"},{"@type":"BreadcrumbList","@id":"https:\/\/portaltela.pt\/noticias\/2026\/03\/02\/seis-meses-apos-acidente-no-elevador-da-gloria-apoio-as-vitimas-continua\/#breadcrumb","itemListElement":[{"@type":"ListItem","position":1,"name":"In\u00edcio","item":"https:\/\/portaltela.pt\/"},{"@type":"ListItem","position":2,"name":"Seis meses ap\u00f3s acidente no elevador da Gl\u00f3ria, apoio \u00e0s v\u00edtimas continua"}]},{"@type":"WebSite","@id":"https:\/\/portaltela.pt\/#website","url":"https:\/\/portaltela.pt\/","name":"Portal Tela Portugal","description":"","potentialAction":[{"@type":"SearchAction","target":{"@type":"EntryPoint","urlTemplate":"https:\/\/portaltela.pt\/?s={search_term_string}"},"query-input":{"@type":"PropertyValueSpecification","valueRequired":true,"valueName":"search_term_string"}}],"inLanguage":"pt-PT"},{"@type":"Person","@id":"https:\/\/portaltela.pt\/#\/schema\/person\/c4278d4a6028830caff9ee44b42d32ed","name":"Telinha","image":{"@type":"ImageObject","inLanguage":"pt-PT","@id":"https:\/\/portaltela.pt\/s.01k8rhncp4jt1\/2025\/11\/talking-bot-125x125.png","url":"https:\/\/portaltela.pt\/s.01k8rhncp4jt1\/2025\/11\/talking-bot-125x125.png","contentUrl":"https:\/\/portaltela.pt\/s.01k8rhncp4jt1\/2025\/11\/talking-bot-125x125.png","caption":"Telinha"},"sameAs":["https:\/\/portaltela.pt\/"],"url":"https:\/\/portaltela.pt\/por\/367410592786\/"}]}},"_links":{"self":[{"href":"https:\/\/portaltela.pt\/api\/wp\/v2\/posts\/394871","targetHints":{"allow":["GET"]}}],"collection":[{"href":"https:\/\/portaltela.pt\/api\/wp\/v2\/posts"}],"about":[{"href":"https:\/\/portaltela.pt\/api\/wp\/v2\/types\/post"}],"author":[{"embeddable":true,"href":"https:\/\/portaltela.pt\/api\/wp\/v2\/users\/2"}],"replies":[{"embeddable":true,"href":"https:\/\/portaltela.pt\/api\/wp\/v2\/comments?post=394871"}],"version-history":[{"count":0,"href":"https:\/\/portaltela.pt\/api\/wp\/v2\/posts\/394871\/revisions"}],"wp:featuredmedia":[{"embeddable":true,"href":"https:\/\/portaltela.pt\/api\/wp\/v2\/media\/394877"}],"wp:attachment":[{"href":"https:\/\/portaltela.pt\/api\/wp\/v2\/media?parent=394871"}],"wp:term":[{"taxonomy":"category","embeddable":true,"href":"https:\/\/portaltela.pt\/api\/wp\/v2\/categories?post=394871"},{"taxonomy":"post_tag","embeddable":true,"href":"https:\/\/portaltela.pt\/api\/wp\/v2\/tags?post=394871"}],"curies":[{"name":"wp","href":"https:\/\/api.w.org\/{rel}","templated":true}]}}