{"id":394863,"date":"2026-03-02T17:00:20","date_gmt":"2026-03-02T20:00:20","guid":{"rendered":"https:\/\/portaltela.pt\/noticias\/2026\/03\/02\/carneiro-desafia-montenegro-a-informar-o-pais-sobre-uso-da-base-das-lajes\/"},"modified":"2026-03-02T17:00:20","modified_gmt":"2026-03-02T20:00:20","slug":"carneiro-desafia-montenegro-a-informar-o-pais-sobre-uso-da-base-das-lajes","status":"publish","type":"post","link":"https:\/\/portaltela.pt\/noticias\/internacional\/2026\/03\/02\/carneiro-desafia-montenegro-a-informar-o-pais-sobre-uso-da-base-das-lajes\/","title":{"rendered":"Carneiro desafia Montenegro a informar o pa\u00eds sobre uso da base das Lajes"},"content":{"rendered":"<p>O secret\u00e1rio-geral do PS pediu hoje ao Primeiro-Ministro para informar o pa\u00eds sobre os termos da autoriza\u00e7\u00e3o \u00e0 utiliza\u00e7\u00e3o da base das Lajes, nos A\u00e7ores, para o ataque aos alvos no Ir\u00e3o. A revela\u00e7\u00e3o ter\u00e1 vindo a p\u00fablico no debate sobre a interven\u00e7\u00e3o de Estados Unidos e aliados na regi\u00e3o.<\/p>\n<p>Carneiro tamb\u00e9m solicitou ao Governo que explique como os portugueses no M\u00e9dio Oriente ficar\u00e3o protegidos e de que forma poder\u00e3o ser repatriados, caso o conflito escale. O apelo foi feito em Braga, durante um ato de recandidatura a secret\u00e1rio-geral do PS.<\/p>\n<h3>Contexto pol\u00edtico e institucional<\/h3>\n<p>O l\u00edder socialista disse que o parlamento precisa de escrut\u00ednio adequado, e que a informa\u00e7\u00e3o p\u00fablica deve estar dispon\u00edvel para clarificar o n\u00facleo do acordo com os EUA que permite a utiliza\u00e7\u00e3o da base. Em paralelo, o debate quinzenal com o Primeiro-Ministro est\u00e1 marcado para quarta-feira.<\/p>\n<h3>Contexto internacional e seguran\u00e7a<\/h3>\n<p>Israel e EUA lan\u00e7aram ataques contra o Ir\u00e3o, sob pretexto de neutralizar amea\u00e7as. Teer\u00e3o respondeu com m\u00edsseis e drones a bases norte-americanas e a alvos israelitas. Analistas observam que a interven\u00e7\u00e3o deve respeitar o mandato das Na\u00e7\u00f5es Unidas para evitar escalada.<\/p>\n<h3>Prote\u00e7\u00e3o de cidad\u00e3os portugueses<\/h3>\n<p>Carneiro destacou a necessidade de o Governo detalhar as medidas de prote\u00e7\u00e3o de nacionais no estrangeiro, nomeadamente no Dubai, onde h\u00e1 registo de instabilidade. O PS pede esclarecimentos \u00e0 Assembleia da Rep\u00fablica sobre o apoio ao regresso seguro.<\/p>\n<h3>Situa\u00e7\u00e3o no terreno<\/h3>\n<p>At\u00e9 ao momento, o Ir\u00e3o registou baixas significativas desde o in\u00edcio dos ataques, segundo organiza\u00e7\u00f5es internacionais. O Ir\u00e3o confirmou a morte de figuras relevantes e decretou luto. Os pa\u00edses ocidentais reiteraram a condena\u00e7\u00e3o dos ataques iranianos contra vizinhos.<\/p>\n","protected":false},"excerpt":{"rendered":"<ul>\n<li>O secret\u00e1rio-geral do Partido Socialista, Jos\u00e9 Lu\u00eds Carneiro, pediu ao primeiro-ministro que explique em que termos foi autorizada a utiliza\u00e7\u00e3o da base das Lajes, nos A\u00e7ores, pelos Estados Unidos para atacar o Ir\u00e3o.<\/li>\n<li>Carneiro pediu ainda que Lu\u00eds Montenegro explique, ao Parlamento, como os portugueses est\u00e3o a ser protegidos e ser\u00e3o repatriados se o conflito aumentar.<\/li>\n<li>Diz que a autoriza\u00e7\u00e3o foi concedida ao abrigo do acordo entre Portugal e os Estados Unidos e que haver\u00e1 um debate quinzenal no Parlamento para esclarecer os termos da autoriza\u00e7\u00e3o.<\/li>\n<li>O l\u00edder socialista defende que qualquer interven\u00e7\u00e3o deve ocorrer ao abrigo do mandato das Na\u00e7\u00f5es Unidas e exigir que as partes procurem retomar a via diplom\u00e1tica, evitando a escalada.<\/li>\n<li>O texto tamb\u00e9m refere ataques entre Israel e Estados Unidos contra o Ir\u00e3o, a resposta iraniana com m\u00edsseis e drones, e menciona mortos no Ir\u00e3o, a morte de tr\u00eas militares norte-americanos e condena\u00e7\u00f5es de Portugal, Fran\u00e7a, Alemanha e Reino Unido.<\/li>\n<\/ul>\n","protected":false},"author":2,"featured_media":394874,"comment_status":"closed","ping_status":"closed","sticky":false,"template":"","format":"standard","meta":{"footnotes":""},"categories":[4,1],"tags":[3718,34,2832,5698,1014,4222],"class_list":["post-394863","post","type-post","status-publish","format-standard","has-post-thumbnail","hentry","category-internacional","category-noticias","tag-coordenacao-internacional","tag-governo","tag-politica","tag-politica-internacional","tag-portugal","tag-seguranca-internacional"],"yoast_head":"<!-- This site is optimized with the Yoast SEO plugin v27.2 - https:\/\/yoast.com\/product\/yoast-seo-wordpress\/ -->\n<title>Carneiro desafia Montenegro a informar o pa\u00eds sobre uso da base das Lajes - Portal Tela Portugal<\/title>\n<meta name=\"robots\" content=\"index, follow, max-snippet:-1, max-image-preview:large, max-video-preview:-1\" \/>\n<meta property=\"og:locale\" content=\"pt_PT\" \/>\n<meta property=\"og:type\" content=\"article\" \/>\n<meta property=\"og:title\" content=\"Carneiro desafia Montenegro a informar o pa\u00eds sobre uso da base das Lajes - Portal Tela Portugal\" \/>\n<meta property=\"og:description\" content=\"O secret\u00e1rio-geral do Partido Socialista, Jos\u00e9 Lu\u00eds Carneiro, pediu ao primeiro-ministro que explique em que termos foi autorizada a utiliza\u00e7\u00e3o da base das Lajes, nos A\u00e7ores, pelos Estados Unidos para atacar o Ir\u00e3o. Carneiro pediu ainda que Lu\u00eds Montenegro explique, ao Parlamento, como os portugueses est\u00e3o a ser protegidos e ser\u00e3o repatriados se o conflito aumentar. Diz que a autoriza\u00e7\u00e3o foi concedida ao abrigo do acordo entre Portugal e os Estados Unidos e que haver\u00e1 um debate quinzenal no Parlamento para esclarecer os termos da autoriza\u00e7\u00e3o. O l\u00edder socialista defende que qualquer interven\u00e7\u00e3o deve ocorrer ao abrigo do mandato das Na\u00e7\u00f5es Unidas e exigir que as partes procurem retomar a via diplom\u00e1tica, evitando a escalada. O texto tamb\u00e9m refere ataques entre Israel e Estados Unidos contra o Ir\u00e3o, a resposta iraniana com m\u00edsseis e drones, e menciona mortos no Ir\u00e3o, a morte de tr\u00eas militares norte-americanos e condena\u00e7\u00f5es de Portugal, Fran\u00e7a, Alemanha e Reino Unido.\" \/>\n<meta property=\"og:url\" content=\"https:\/\/portaltela.pt\/noticias\/2026\/03\/02\/carneiro-desafia-montenegro-a-informar-o-pais-sobre-uso-da-base-das-lajes\/\" \/>\n<meta property=\"og:site_name\" content=\"Portal Tela Portugal\" \/>\n<meta property=\"article:published_time\" content=\"2026-03-02T20:00:20+00:00\" \/>\n<meta name=\"author\" content=\"Telinha\" \/>\n<meta name=\"twitter:card\" content=\"summary_large_image\" \/>\n<meta name=\"twitter:label1\" content=\"Escrito por\" \/>\n\t<meta name=\"twitter:data1\" content=\"Telinha\" \/>\n\t<meta name=\"twitter:label2\" content=\"Tempo estimado de leitura\" \/>\n\t<meta name=\"twitter:data2\" content=\"2 minutos\" \/>\n<script type=\"application\/ld+json\" class=\"yoast-schema-graph\">{\"@context\":\"https:\/\/schema.org\",\"@graph\":[{\"@type\":\"Article\",\"@id\":\"https:\/\/portaltela.pt\/noticias\/2026\/03\/02\/carneiro-desafia-montenegro-a-informar-o-pais-sobre-uso-da-base-das-lajes\/#article\",\"isPartOf\":{\"@id\":\"https:\/\/portaltela.pt\/noticias\/2026\/03\/02\/carneiro-desafia-montenegro-a-informar-o-pais-sobre-uso-da-base-das-lajes\/\"},\"author\":{\"name\":\"Telinha\",\"@id\":\"https:\/\/portaltela.pt\/#\/schema\/person\/c4278d4a6028830caff9ee44b42d32ed\"},\"headline\":\"Carneiro desafia Montenegro a informar o pa\u00eds sobre uso da base das Lajes\",\"datePublished\":\"2026-03-02T20:00:20+00:00\",\"mainEntityOfPage\":{\"@id\":\"https:\/\/portaltela.pt\/noticias\/2026\/03\/02\/carneiro-desafia-montenegro-a-informar-o-pais-sobre-uso-da-base-das-lajes\/\"},\"wordCount\":323,\"image\":{\"@id\":\"https:\/\/portaltela.pt\/noticias\/2026\/03\/02\/carneiro-desafia-montenegro-a-informar-o-pais-sobre-uso-da-base-das-lajes\/#primaryimage\"},\"thumbnailUrl\":\"https:\/\/portaltela.pt\/s.01k8rhncp4jt1\/2026\/03\/img_1500x1000uu2026-02-26-11-01-55-2269103.jpg\",\"keywords\":[\"coordena\u00e7\u00e3o internacional\",\"governo\",\"pol\u00edtica\",\"pol\u00edtica internacional\",\"Portugal\",\"seguran\u00e7a internacional\"],\"articleSection\":[\"Internacional\",\"Not\u00edcias\"],\"inLanguage\":\"pt-PT\"},{\"@type\":\"WebPage\",\"@id\":\"https:\/\/portaltela.pt\/noticias\/2026\/03\/02\/carneiro-desafia-montenegro-a-informar-o-pais-sobre-uso-da-base-das-lajes\/\",\"url\":\"https:\/\/portaltela.pt\/noticias\/2026\/03\/02\/carneiro-desafia-montenegro-a-informar-o-pais-sobre-uso-da-base-das-lajes\/\",\"name\":\"Carneiro desafia Montenegro a informar o pa\u00eds sobre uso da base das Lajes - Portal Tela Portugal\",\"isPartOf\":{\"@id\":\"https:\/\/portaltela.pt\/#website\"},\"primaryImageOfPage\":{\"@id\":\"https:\/\/portaltela.pt\/noticias\/2026\/03\/02\/carneiro-desafia-montenegro-a-informar-o-pais-sobre-uso-da-base-das-lajes\/#primaryimage\"},\"image\":{\"@id\":\"https:\/\/portaltela.pt\/noticias\/2026\/03\/02\/carneiro-desafia-montenegro-a-informar-o-pais-sobre-uso-da-base-das-lajes\/#primaryimage\"},\"thumbnailUrl\":\"https:\/\/portaltela.pt\/s.01k8rhncp4jt1\/2026\/03\/img_1500x1000uu2026-02-26-11-01-55-2269103.jpg\",\"datePublished\":\"2026-03-02T20:00:20+00:00\",\"author\":{\"@id\":\"https:\/\/portaltela.pt\/#\/schema\/person\/c4278d4a6028830caff9ee44b42d32ed\"},\"breadcrumb\":{\"@id\":\"https:\/\/portaltela.pt\/noticias\/2026\/03\/02\/carneiro-desafia-montenegro-a-informar-o-pais-sobre-uso-da-base-das-lajes\/#breadcrumb\"},\"inLanguage\":\"pt-PT\",\"potentialAction\":[{\"@type\":\"ReadAction\",\"target\":[\"https:\/\/portaltela.pt\/noticias\/2026\/03\/02\/carneiro-desafia-montenegro-a-informar-o-pais-sobre-uso-da-base-das-lajes\/\"]}]},{\"@type\":\"ImageObject\",\"inLanguage\":\"pt-PT\",\"@id\":\"https:\/\/portaltela.pt\/noticias\/2026\/03\/02\/carneiro-desafia-montenegro-a-informar-o-pais-sobre-uso-da-base-das-lajes\/#primaryimage\",\"url\":\"https:\/\/portaltela.pt\/s.01k8rhncp4jt1\/2026\/03\/img_1500x1000uu2026-02-26-11-01-55-2269103.jpg\",\"contentUrl\":\"https:\/\/portaltela.pt\/s.01k8rhncp4jt1\/2026\/03\/img_1500x1000uu2026-02-26-11-01-55-2269103.jpg\",\"width\":796,\"height\":448,\"caption\":\"Jos\u00e9 Lu\u00eds Carneiro\"},{\"@type\":\"BreadcrumbList\",\"@id\":\"https:\/\/portaltela.pt\/noticias\/2026\/03\/02\/carneiro-desafia-montenegro-a-informar-o-pais-sobre-uso-da-base-das-lajes\/#breadcrumb\",\"itemListElement\":[{\"@type\":\"ListItem\",\"position\":1,\"name\":\"In\u00edcio\",\"item\":\"https:\/\/portaltela.pt\/\"},{\"@type\":\"ListItem\",\"position\":2,\"name\":\"Carneiro desafia Montenegro a informar o pa\u00eds sobre uso da base das Lajes\"}]},{\"@type\":\"WebSite\",\"@id\":\"https:\/\/portaltela.pt\/#website\",\"url\":\"https:\/\/portaltela.pt\/\",\"name\":\"Portal Tela Portugal\",\"description\":\"\",\"potentialAction\":[{\"@type\":\"SearchAction\",\"target\":{\"@type\":\"EntryPoint\",\"urlTemplate\":\"https:\/\/portaltela.pt\/?s={search_term_string}\"},\"query-input\":{\"@type\":\"PropertyValueSpecification\",\"valueRequired\":true,\"valueName\":\"search_term_string\"}}],\"inLanguage\":\"pt-PT\"},{\"@type\":\"Person\",\"@id\":\"https:\/\/portaltela.pt\/#\/schema\/person\/c4278d4a6028830caff9ee44b42d32ed\",\"name\":\"Telinha\",\"image\":{\"@type\":\"ImageObject\",\"inLanguage\":\"pt-PT\",\"@id\":\"https:\/\/portaltela.pt\/s.01k8rhncp4jt1\/2025\/11\/talking-bot-125x125.png\",\"url\":\"https:\/\/portaltela.pt\/s.01k8rhncp4jt1\/2025\/11\/talking-bot-125x125.png\",\"contentUrl\":\"https:\/\/portaltela.pt\/s.01k8rhncp4jt1\/2025\/11\/talking-bot-125x125.png\",\"caption\":\"Telinha\"},\"sameAs\":[\"https:\/\/portaltela.pt\/\"],\"url\":\"https:\/\/portaltela.pt\/por\/367410592786\/\"}]}<\/script>\n<!-- \/ Yoast SEO plugin. -->","yoast_head_json":{"title":"Carneiro desafia Montenegro a informar o pa\u00eds sobre uso da base das Lajes - Portal Tela Portugal","robots":{"index":"index","follow":"follow","max-snippet":"max-snippet:-1","max-image-preview":"max-image-preview:large","max-video-preview":"max-video-preview:-1"},"og_locale":"pt_PT","og_type":"article","og_title":"Carneiro desafia Montenegro a informar o pa\u00eds sobre uso da base das Lajes - Portal Tela Portugal","og_description":"O secret\u00e1rio-geral do Partido Socialista, Jos\u00e9 Lu\u00eds Carneiro, pediu ao primeiro-ministro que explique em que termos foi autorizada a utiliza\u00e7\u00e3o da base das Lajes, nos A\u00e7ores, pelos Estados Unidos para atacar o Ir\u00e3o. Carneiro pediu ainda que Lu\u00eds Montenegro explique, ao Parlamento, como os portugueses est\u00e3o a ser protegidos e ser\u00e3o repatriados se o conflito aumentar. Diz que a autoriza\u00e7\u00e3o foi concedida ao abrigo do acordo entre Portugal e os Estados Unidos e que haver\u00e1 um debate quinzenal no Parlamento para esclarecer os termos da autoriza\u00e7\u00e3o. O l\u00edder socialista defende que qualquer interven\u00e7\u00e3o deve ocorrer ao abrigo do mandato das Na\u00e7\u00f5es Unidas e exigir que as partes procurem retomar a via diplom\u00e1tica, evitando a escalada. O texto tamb\u00e9m refere ataques entre Israel e Estados Unidos contra o Ir\u00e3o, a resposta iraniana com m\u00edsseis e drones, e menciona mortos no Ir\u00e3o, a morte de tr\u00eas militares norte-americanos e condena\u00e7\u00f5es de Portugal, Fran\u00e7a, Alemanha e Reino Unido.","og_url":"https:\/\/portaltela.pt\/noticias\/2026\/03\/02\/carneiro-desafia-montenegro-a-informar-o-pais-sobre-uso-da-base-das-lajes\/","og_site_name":"Portal Tela Portugal","article_published_time":"2026-03-02T20:00:20+00:00","author":"Telinha","twitter_card":"summary_large_image","twitter_misc":{"Escrito por":"Telinha","Tempo estimado de leitura":"2 minutos"},"schema":{"@context":"https:\/\/schema.org","@graph":[{"@type":"Article","@id":"https:\/\/portaltela.pt\/noticias\/2026\/03\/02\/carneiro-desafia-montenegro-a-informar-o-pais-sobre-uso-da-base-das-lajes\/#article","isPartOf":{"@id":"https:\/\/portaltela.pt\/noticias\/2026\/03\/02\/carneiro-desafia-montenegro-a-informar-o-pais-sobre-uso-da-base-das-lajes\/"},"author":{"name":"Telinha","@id":"https:\/\/portaltela.pt\/#\/schema\/person\/c4278d4a6028830caff9ee44b42d32ed"},"headline":"Carneiro desafia Montenegro a informar o pa\u00eds sobre uso da base das Lajes","datePublished":"2026-03-02T20:00:20+00:00","mainEntityOfPage":{"@id":"https:\/\/portaltela.pt\/noticias\/2026\/03\/02\/carneiro-desafia-montenegro-a-informar-o-pais-sobre-uso-da-base-das-lajes\/"},"wordCount":323,"image":{"@id":"https:\/\/portaltela.pt\/noticias\/2026\/03\/02\/carneiro-desafia-montenegro-a-informar-o-pais-sobre-uso-da-base-das-lajes\/#primaryimage"},"thumbnailUrl":"https:\/\/portaltela.pt\/s.01k8rhncp4jt1\/2026\/03\/img_1500x1000uu2026-02-26-11-01-55-2269103.jpg","keywords":["coordena\u00e7\u00e3o internacional","governo","pol\u00edtica","pol\u00edtica internacional","Portugal","seguran\u00e7a internacional"],"articleSection":["Internacional","Not\u00edcias"],"inLanguage":"pt-PT"},{"@type":"WebPage","@id":"https:\/\/portaltela.pt\/noticias\/2026\/03\/02\/carneiro-desafia-montenegro-a-informar-o-pais-sobre-uso-da-base-das-lajes\/","url":"https:\/\/portaltela.pt\/noticias\/2026\/03\/02\/carneiro-desafia-montenegro-a-informar-o-pais-sobre-uso-da-base-das-lajes\/","name":"Carneiro desafia Montenegro a informar o pa\u00eds sobre uso da base das Lajes - Portal Tela Portugal","isPartOf":{"@id":"https:\/\/portaltela.pt\/#website"},"primaryImageOfPage":{"@id":"https:\/\/portaltela.pt\/noticias\/2026\/03\/02\/carneiro-desafia-montenegro-a-informar-o-pais-sobre-uso-da-base-das-lajes\/#primaryimage"},"image":{"@id":"https:\/\/portaltela.pt\/noticias\/2026\/03\/02\/carneiro-desafia-montenegro-a-informar-o-pais-sobre-uso-da-base-das-lajes\/#primaryimage"},"thumbnailUrl":"https:\/\/portaltela.pt\/s.01k8rhncp4jt1\/2026\/03\/img_1500x1000uu2026-02-26-11-01-55-2269103.jpg","datePublished":"2026-03-02T20:00:20+00:00","author":{"@id":"https:\/\/portaltela.pt\/#\/schema\/person\/c4278d4a6028830caff9ee44b42d32ed"},"breadcrumb":{"@id":"https:\/\/portaltela.pt\/noticias\/2026\/03\/02\/carneiro-desafia-montenegro-a-informar-o-pais-sobre-uso-da-base-das-lajes\/#breadcrumb"},"inLanguage":"pt-PT","potentialAction":[{"@type":"ReadAction","target":["https:\/\/portaltela.pt\/noticias\/2026\/03\/02\/carneiro-desafia-montenegro-a-informar-o-pais-sobre-uso-da-base-das-lajes\/"]}]},{"@type":"ImageObject","inLanguage":"pt-PT","@id":"https:\/\/portaltela.pt\/noticias\/2026\/03\/02\/carneiro-desafia-montenegro-a-informar-o-pais-sobre-uso-da-base-das-lajes\/#primaryimage","url":"https:\/\/portaltela.pt\/s.01k8rhncp4jt1\/2026\/03\/img_1500x1000uu2026-02-26-11-01-55-2269103.jpg","contentUrl":"https:\/\/portaltela.pt\/s.01k8rhncp4jt1\/2026\/03\/img_1500x1000uu2026-02-26-11-01-55-2269103.jpg","width":796,"height":448,"caption":"Jos\u00e9 Lu\u00eds Carneiro"},{"@type":"BreadcrumbList","@id":"https:\/\/portaltela.pt\/noticias\/2026\/03\/02\/carneiro-desafia-montenegro-a-informar-o-pais-sobre-uso-da-base-das-lajes\/#breadcrumb","itemListElement":[{"@type":"ListItem","position":1,"name":"In\u00edcio","item":"https:\/\/portaltela.pt\/"},{"@type":"ListItem","position":2,"name":"Carneiro desafia Montenegro a informar o pa\u00eds sobre uso da base das Lajes"}]},{"@type":"WebSite","@id":"https:\/\/portaltela.pt\/#website","url":"https:\/\/portaltela.pt\/","name":"Portal Tela Portugal","description":"","potentialAction":[{"@type":"SearchAction","target":{"@type":"EntryPoint","urlTemplate":"https:\/\/portaltela.pt\/?s={search_term_string}"},"query-input":{"@type":"PropertyValueSpecification","valueRequired":true,"valueName":"search_term_string"}}],"inLanguage":"pt-PT"},{"@type":"Person","@id":"https:\/\/portaltela.pt\/#\/schema\/person\/c4278d4a6028830caff9ee44b42d32ed","name":"Telinha","image":{"@type":"ImageObject","inLanguage":"pt-PT","@id":"https:\/\/portaltela.pt\/s.01k8rhncp4jt1\/2025\/11\/talking-bot-125x125.png","url":"https:\/\/portaltela.pt\/s.01k8rhncp4jt1\/2025\/11\/talking-bot-125x125.png","contentUrl":"https:\/\/portaltela.pt\/s.01k8rhncp4jt1\/2025\/11\/talking-bot-125x125.png","caption":"Telinha"},"sameAs":["https:\/\/portaltela.pt\/"],"url":"https:\/\/portaltela.pt\/por\/367410592786\/"}]}},"_links":{"self":[{"href":"https:\/\/portaltela.pt\/api\/wp\/v2\/posts\/394863","targetHints":{"allow":["GET"]}}],"collection":[{"href":"https:\/\/portaltela.pt\/api\/wp\/v2\/posts"}],"about":[{"href":"https:\/\/portaltela.pt\/api\/wp\/v2\/types\/post"}],"author":[{"embeddable":true,"href":"https:\/\/portaltela.pt\/api\/wp\/v2\/users\/2"}],"replies":[{"embeddable":true,"href":"https:\/\/portaltela.pt\/api\/wp\/v2\/comments?post=394863"}],"version-history":[{"count":0,"href":"https:\/\/portaltela.pt\/api\/wp\/v2\/posts\/394863\/revisions"}],"wp:featuredmedia":[{"embeddable":true,"href":"https:\/\/portaltela.pt\/api\/wp\/v2\/media\/394874"}],"wp:attachment":[{"href":"https:\/\/portaltela.pt\/api\/wp\/v2\/media?parent=394863"}],"wp:term":[{"taxonomy":"category","embeddable":true,"href":"https:\/\/portaltela.pt\/api\/wp\/v2\/categories?post=394863"},{"taxonomy":"post_tag","embeddable":true,"href":"https:\/\/portaltela.pt\/api\/wp\/v2\/tags?post=394863"}],"curies":[{"name":"wp","href":"https:\/\/api.w.org\/{rel}","templated":true}]}}