{"id":394859,"date":"2026-03-02T16:35:00","date_gmt":"2026-03-02T19:35:00","guid":{"rendered":"https:\/\/portaltela.pt\/noticias\/2026\/03\/02\/general-cartaxo-alves-e-o-novo-chefe-do-estado-maior-das-forcas-armadas\/"},"modified":"2026-03-02T16:35:00","modified_gmt":"2026-03-02T19:35:00","slug":"general-cartaxo-alves-e-o-novo-chefe-do-estado-maior-das-forcas-armadas","status":"publish","type":"post","link":"https:\/\/portaltela.pt\/noticias\/2026\/03\/02\/general-cartaxo-alves-e-o-novo-chefe-do-estado-maior-das-forcas-armadas\/","title":{"rendered":"General Cartaxo Alves \u00e9 o novo chefe do Estado-Maior das For\u00e7as Armadas"},"content":{"rendered":"<p>O general Jo\u00e3o Cartaxo Alves foi nomeado chefe do Estado-Maior-General das For\u00e7as Armadas (CEMGFA), sucedendo ao general Jos\u00e9 Nunes da Fonseca. O mandato deste \u00faltimo terminou a 1 de Mar\u00e7o. A nomea\u00e7\u00e3o foi anunciada pela Presid\u00eancia da Rep\u00fablica, ap\u00f3s proposta do Governo. A cerim\u00f3nia de posse ocorreu esta segunda-feira, \u00e0s 19h, no Pal\u00e1cio de Bel\u00e9m, em cerim\u00f3nia fechada \u00e0 comunica\u00e7\u00e3o social.<\/p>\n<p>A Presid\u00eancia indicou ainda que o tenente-general S\u00e9rgio Costa Pereira vai chefiar a For\u00e7a A\u00e9rea, sucedendo a Cartaxo Alves no comando da FAP. O Presidente Marcelo Rebelo de Sousa enviou as propostas aprovadas pelo Governo para o chefe de Estado, que aceitou as recondu\u00e7\u00f5es e nomea\u00e7\u00f5es.<\/p>\n<h3>Contexto institucional<\/h3>\n<p>A LOBOFA estabelece que o CEMGFA e os chefes dos ramos s\u00e3o nomeados pelo Presidente, sob proposta do Governo, ap\u00f3s consulta dos conselhos superiores militares. O an\u00fancio coincidiu com a recondu\u00e7\u00e3o, por mais dois anos, do general Eduardo Mendes Ferr\u00e3o ao cargo de chefe do Estado-Maior do Ex\u00e9rcito.<\/p>\n<h3>Perfis dos nomeados<\/h3>\n<p>Jo\u00e3o Guilherme Rosado Cartaxo Alves nasceu em 1962, em Almada, ingressou na Academia Militar em 1980 e \u00e9 piloto-aviador. Foi Chefe do Estado-Maior do Comando Operacional da FAP (2007) e Comandante da Base A\u00e9rea n.\u00ba 6 (2008). Assumiu a lideran\u00e7a da FAP em 2022 e renovou o mandato em 2025.<\/p>\n<p>S\u00e9rgio Costa Pereira, natural de Braga, entrou na FAP em 1984. Em 2001 liderou o destacamento de helic\u00f3pteros da ONU em Timor-Leste e, entre 2005 e 2009, foi assessor militar de Jos\u00e9 S\u00f3crates. Era, desde 2025, Comandante A\u00e9reo da FAP.<\/p>\n<p>Eduardo Mendes Ferr\u00e3o nasceu em Lisboa (1962) e ingressou na Academia Militar em 1979. O seu percurso inclui fun\u00e7\u00f5es nacionais e no estrangeiro, com participa\u00e7\u00e3o em miss\u00f5es da NATO e da ONU, tendo tomado posse como Chefe do Estado-Maior do Ex\u00e9rcito em 2023.<\/p>\n","protected":false},"excerpt":{"rendered":"<ul>\n<li>O general Jo\u00e3o Cartaxo Alves foi nomeado chefe do Estado-Maior-General das For\u00e7as Armadas (CEMGFA), sucedendo ao general Jos\u00e9 Nunes da Fonseca.<\/li>\n<li>O mandato de Nunes da Fonseca, do Ex\u00e9rcito, terminou no dia 1 de mar\u00e7o.<\/li>\n<li>O tenente-general S\u00e9rgio Costa Pereira substituir\u00e1 Cartaxo Alves na chefia da For\u00e7a A\u00e9rea.<\/li>\n<li>O general Eduardo Mendes Ferr\u00e3o mant\u00e9m-se no cargo de chefe do Estado-Mor do Ex\u00e9rcito, por mais dois anos.<\/li>\n<li>A nomea\u00e7\u00e3o foi aprovada pelo Governo e comunicada pela Presid\u00eancia, com a posse prevista para as 19h de segunda-feira, no Pal\u00e1cio de Bel\u00e9m.<\/li>\n<\/ul>\n","protected":false},"author":2,"featured_media":394868,"comment_status":"closed","ping_status":"closed","sticky":false,"template":"","format":"standard","meta":{"footnotes":""},"categories":[1],"tags":[168,2327,2336,4299,1779,2832],"class_list":["post-394859","post","type-post","status-publish","format-standard","has-post-thumbnail","hentry","category-noticias","tag-administracao-publica","tag-comando","tag-defesa-nacional","tag-forca-aerea","tag-forcas-armadas","tag-politica"],"yoast_head":"<!-- This site is optimized with the Yoast SEO plugin v27.2 - https:\/\/yoast.com\/product\/yoast-seo-wordpress\/ -->\n<title>General Cartaxo Alves \u00e9 o novo chefe do Estado-Maior das For\u00e7as Armadas - Portal Tela Portugal<\/title>\n<meta name=\"robots\" content=\"index, follow, max-snippet:-1, max-image-preview:large, max-video-preview:-1\" \/>\n<meta property=\"og:locale\" content=\"pt_PT\" \/>\n<meta property=\"og:type\" content=\"article\" \/>\n<meta property=\"og:title\" content=\"General Cartaxo Alves \u00e9 o novo chefe do Estado-Maior das For\u00e7as Armadas - Portal Tela Portugal\" \/>\n<meta property=\"og:description\" content=\"O general Jo\u00e3o Cartaxo Alves foi nomeado chefe do Estado-Maior-General das For\u00e7as Armadas (CEMGFA), sucedendo ao general Jos\u00e9 Nunes da Fonseca. O mandato de Nunes da Fonseca, do Ex\u00e9rcito, terminou no dia 1 de mar\u00e7o. O tenente-general S\u00e9rgio Costa Pereira substituir\u00e1 Cartaxo Alves na chefia da For\u00e7a A\u00e9rea. O general Eduardo Mendes Ferr\u00e3o mant\u00e9m-se no cargo de chefe do Estado-Mor do Ex\u00e9rcito, por mais dois anos. A nomea\u00e7\u00e3o foi aprovada pelo Governo e comunicada pela Presid\u00eancia, com a posse prevista para as 19h de segunda-feira, no Pal\u00e1cio de Bel\u00e9m.\" \/>\n<meta property=\"og:url\" content=\"https:\/\/portaltela.pt\/noticias\/2026\/03\/02\/general-cartaxo-alves-e-o-novo-chefe-do-estado-maior-das-forcas-armadas\/\" \/>\n<meta property=\"og:site_name\" content=\"Portal Tela Portugal\" \/>\n<meta property=\"article:published_time\" content=\"2026-03-02T19:35:00+00:00\" \/>\n<meta name=\"author\" content=\"Telinha\" \/>\n<meta name=\"twitter:card\" content=\"summary_large_image\" \/>\n<meta name=\"twitter:label1\" content=\"Escrito por\" \/>\n\t<meta name=\"twitter:data1\" content=\"Telinha\" \/>\n\t<meta name=\"twitter:label2\" content=\"Tempo estimado de leitura\" \/>\n\t<meta name=\"twitter:data2\" content=\"2 minutos\" \/>\n<script type=\"application\/ld+json\" class=\"yoast-schema-graph\">{\"@context\":\"https:\/\/schema.org\",\"@graph\":[{\"@type\":\"Article\",\"@id\":\"https:\/\/portaltela.pt\/noticias\/2026\/03\/02\/general-cartaxo-alves-e-o-novo-chefe-do-estado-maior-das-forcas-armadas\/#article\",\"isPartOf\":{\"@id\":\"https:\/\/portaltela.pt\/noticias\/2026\/03\/02\/general-cartaxo-alves-e-o-novo-chefe-do-estado-maior-das-forcas-armadas\/\"},\"author\":{\"name\":\"Telinha\",\"@id\":\"https:\/\/portaltela.pt\/#\/schema\/person\/c4278d4a6028830caff9ee44b42d32ed\"},\"headline\":\"General Cartaxo Alves \u00e9 o novo chefe do Estado-Maior das For\u00e7as Armadas\",\"datePublished\":\"2026-03-02T19:35:00+00:00\",\"mainEntityOfPage\":{\"@id\":\"https:\/\/portaltela.pt\/noticias\/2026\/03\/02\/general-cartaxo-alves-e-o-novo-chefe-do-estado-maior-das-forcas-armadas\/\"},\"wordCount\":323,\"image\":{\"@id\":\"https:\/\/portaltela.pt\/noticias\/2026\/03\/02\/general-cartaxo-alves-e-o-novo-chefe-do-estado-maior-das-forcas-armadas\/#primaryimage\"},\"thumbnailUrl\":\"https:\/\/portaltela.pt\/s.01k8rhncp4jt1\/2026\/03\/2071162.jpg\",\"keywords\":[\"administra\u00e7\u00e3o p\u00fablica\",\"comando\",\"Defesa Nacional\",\"For\u00e7a A\u00e9rea\",\"For\u00e7as Armadas\",\"pol\u00edtica\"],\"articleSection\":[\"Not\u00edcias\"],\"inLanguage\":\"pt-PT\"},{\"@type\":\"WebPage\",\"@id\":\"https:\/\/portaltela.pt\/noticias\/2026\/03\/02\/general-cartaxo-alves-e-o-novo-chefe-do-estado-maior-das-forcas-armadas\/\",\"url\":\"https:\/\/portaltela.pt\/noticias\/2026\/03\/02\/general-cartaxo-alves-e-o-novo-chefe-do-estado-maior-das-forcas-armadas\/\",\"name\":\"General Cartaxo Alves \u00e9 o novo chefe do Estado-Maior das For\u00e7as Armadas - Portal Tela Portugal\",\"isPartOf\":{\"@id\":\"https:\/\/portaltela.pt\/#website\"},\"primaryImageOfPage\":{\"@id\":\"https:\/\/portaltela.pt\/noticias\/2026\/03\/02\/general-cartaxo-alves-e-o-novo-chefe-do-estado-maior-das-forcas-armadas\/#primaryimage\"},\"image\":{\"@id\":\"https:\/\/portaltela.pt\/noticias\/2026\/03\/02\/general-cartaxo-alves-e-o-novo-chefe-do-estado-maior-das-forcas-armadas\/#primaryimage\"},\"thumbnailUrl\":\"https:\/\/portaltela.pt\/s.01k8rhncp4jt1\/2026\/03\/2071162.jpg\",\"datePublished\":\"2026-03-02T19:35:00+00:00\",\"author\":{\"@id\":\"https:\/\/portaltela.pt\/#\/schema\/person\/c4278d4a6028830caff9ee44b42d32ed\"},\"breadcrumb\":{\"@id\":\"https:\/\/portaltela.pt\/noticias\/2026\/03\/02\/general-cartaxo-alves-e-o-novo-chefe-do-estado-maior-das-forcas-armadas\/#breadcrumb\"},\"inLanguage\":\"pt-PT\",\"potentialAction\":[{\"@type\":\"ReadAction\",\"target\":[\"https:\/\/portaltela.pt\/noticias\/2026\/03\/02\/general-cartaxo-alves-e-o-novo-chefe-do-estado-maior-das-forcas-armadas\/\"]}]},{\"@type\":\"ImageObject\",\"inLanguage\":\"pt-PT\",\"@id\":\"https:\/\/portaltela.pt\/noticias\/2026\/03\/02\/general-cartaxo-alves-e-o-novo-chefe-do-estado-maior-das-forcas-armadas\/#primaryimage\",\"url\":\"https:\/\/portaltela.pt\/s.01k8rhncp4jt1\/2026\/03\/2071162.jpg\",\"contentUrl\":\"https:\/\/portaltela.pt\/s.01k8rhncp4jt1\/2026\/03\/2071162.jpg\",\"width\":796,\"height\":448,\"caption\":\"Jo\u00e3o Cartaxo Alves tomou posse nesta segunda-feira como chefe do Estado-Maior-General das For\u00e7as Armadas\"},{\"@type\":\"BreadcrumbList\",\"@id\":\"https:\/\/portaltela.pt\/noticias\/2026\/03\/02\/general-cartaxo-alves-e-o-novo-chefe-do-estado-maior-das-forcas-armadas\/#breadcrumb\",\"itemListElement\":[{\"@type\":\"ListItem\",\"position\":1,\"name\":\"In\u00edcio\",\"item\":\"https:\/\/portaltela.pt\/\"},{\"@type\":\"ListItem\",\"position\":2,\"name\":\"General Cartaxo Alves \u00e9 o novo chefe do Estado-Maior das For\u00e7as Armadas\"}]},{\"@type\":\"WebSite\",\"@id\":\"https:\/\/portaltela.pt\/#website\",\"url\":\"https:\/\/portaltela.pt\/\",\"name\":\"Portal Tela Portugal\",\"description\":\"\",\"potentialAction\":[{\"@type\":\"SearchAction\",\"target\":{\"@type\":\"EntryPoint\",\"urlTemplate\":\"https:\/\/portaltela.pt\/?s={search_term_string}\"},\"query-input\":{\"@type\":\"PropertyValueSpecification\",\"valueRequired\":true,\"valueName\":\"search_term_string\"}}],\"inLanguage\":\"pt-PT\"},{\"@type\":\"Person\",\"@id\":\"https:\/\/portaltela.pt\/#\/schema\/person\/c4278d4a6028830caff9ee44b42d32ed\",\"name\":\"Telinha\",\"image\":{\"@type\":\"ImageObject\",\"inLanguage\":\"pt-PT\",\"@id\":\"https:\/\/portaltela.pt\/s.01k8rhncp4jt1\/2025\/11\/talking-bot-125x125.png\",\"url\":\"https:\/\/portaltela.pt\/s.01k8rhncp4jt1\/2025\/11\/talking-bot-125x125.png\",\"contentUrl\":\"https:\/\/portaltela.pt\/s.01k8rhncp4jt1\/2025\/11\/talking-bot-125x125.png\",\"caption\":\"Telinha\"},\"sameAs\":[\"https:\/\/portaltela.pt\/\"],\"url\":\"https:\/\/portaltela.pt\/por\/367410592786\/\"}]}<\/script>\n<!-- \/ Yoast SEO plugin. -->","yoast_head_json":{"title":"General Cartaxo Alves \u00e9 o novo chefe do Estado-Maior das For\u00e7as Armadas - Portal Tela Portugal","robots":{"index":"index","follow":"follow","max-snippet":"max-snippet:-1","max-image-preview":"max-image-preview:large","max-video-preview":"max-video-preview:-1"},"og_locale":"pt_PT","og_type":"article","og_title":"General Cartaxo Alves \u00e9 o novo chefe do Estado-Maior das For\u00e7as Armadas - Portal Tela Portugal","og_description":"O general Jo\u00e3o Cartaxo Alves foi nomeado chefe do Estado-Maior-General das For\u00e7as Armadas (CEMGFA), sucedendo ao general Jos\u00e9 Nunes da Fonseca. O mandato de Nunes da Fonseca, do Ex\u00e9rcito, terminou no dia 1 de mar\u00e7o. O tenente-general S\u00e9rgio Costa Pereira substituir\u00e1 Cartaxo Alves na chefia da For\u00e7a A\u00e9rea. O general Eduardo Mendes Ferr\u00e3o mant\u00e9m-se no cargo de chefe do Estado-Mor do Ex\u00e9rcito, por mais dois anos. A nomea\u00e7\u00e3o foi aprovada pelo Governo e comunicada pela Presid\u00eancia, com a posse prevista para as 19h de segunda-feira, no Pal\u00e1cio de Bel\u00e9m.","og_url":"https:\/\/portaltela.pt\/noticias\/2026\/03\/02\/general-cartaxo-alves-e-o-novo-chefe-do-estado-maior-das-forcas-armadas\/","og_site_name":"Portal Tela Portugal","article_published_time":"2026-03-02T19:35:00+00:00","author":"Telinha","twitter_card":"summary_large_image","twitter_misc":{"Escrito por":"Telinha","Tempo estimado de leitura":"2 minutos"},"schema":{"@context":"https:\/\/schema.org","@graph":[{"@type":"Article","@id":"https:\/\/portaltela.pt\/noticias\/2026\/03\/02\/general-cartaxo-alves-e-o-novo-chefe-do-estado-maior-das-forcas-armadas\/#article","isPartOf":{"@id":"https:\/\/portaltela.pt\/noticias\/2026\/03\/02\/general-cartaxo-alves-e-o-novo-chefe-do-estado-maior-das-forcas-armadas\/"},"author":{"name":"Telinha","@id":"https:\/\/portaltela.pt\/#\/schema\/person\/c4278d4a6028830caff9ee44b42d32ed"},"headline":"General Cartaxo Alves \u00e9 o novo chefe do Estado-Maior das For\u00e7as Armadas","datePublished":"2026-03-02T19:35:00+00:00","mainEntityOfPage":{"@id":"https:\/\/portaltela.pt\/noticias\/2026\/03\/02\/general-cartaxo-alves-e-o-novo-chefe-do-estado-maior-das-forcas-armadas\/"},"wordCount":323,"image":{"@id":"https:\/\/portaltela.pt\/noticias\/2026\/03\/02\/general-cartaxo-alves-e-o-novo-chefe-do-estado-maior-das-forcas-armadas\/#primaryimage"},"thumbnailUrl":"https:\/\/portaltela.pt\/s.01k8rhncp4jt1\/2026\/03\/2071162.jpg","keywords":["administra\u00e7\u00e3o p\u00fablica","comando","Defesa Nacional","For\u00e7a A\u00e9rea","For\u00e7as Armadas","pol\u00edtica"],"articleSection":["Not\u00edcias"],"inLanguage":"pt-PT"},{"@type":"WebPage","@id":"https:\/\/portaltela.pt\/noticias\/2026\/03\/02\/general-cartaxo-alves-e-o-novo-chefe-do-estado-maior-das-forcas-armadas\/","url":"https:\/\/portaltela.pt\/noticias\/2026\/03\/02\/general-cartaxo-alves-e-o-novo-chefe-do-estado-maior-das-forcas-armadas\/","name":"General Cartaxo Alves \u00e9 o novo chefe do Estado-Maior das For\u00e7as Armadas - Portal Tela Portugal","isPartOf":{"@id":"https:\/\/portaltela.pt\/#website"},"primaryImageOfPage":{"@id":"https:\/\/portaltela.pt\/noticias\/2026\/03\/02\/general-cartaxo-alves-e-o-novo-chefe-do-estado-maior-das-forcas-armadas\/#primaryimage"},"image":{"@id":"https:\/\/portaltela.pt\/noticias\/2026\/03\/02\/general-cartaxo-alves-e-o-novo-chefe-do-estado-maior-das-forcas-armadas\/#primaryimage"},"thumbnailUrl":"https:\/\/portaltela.pt\/s.01k8rhncp4jt1\/2026\/03\/2071162.jpg","datePublished":"2026-03-02T19:35:00+00:00","author":{"@id":"https:\/\/portaltela.pt\/#\/schema\/person\/c4278d4a6028830caff9ee44b42d32ed"},"breadcrumb":{"@id":"https:\/\/portaltela.pt\/noticias\/2026\/03\/02\/general-cartaxo-alves-e-o-novo-chefe-do-estado-maior-das-forcas-armadas\/#breadcrumb"},"inLanguage":"pt-PT","potentialAction":[{"@type":"ReadAction","target":["https:\/\/portaltela.pt\/noticias\/2026\/03\/02\/general-cartaxo-alves-e-o-novo-chefe-do-estado-maior-das-forcas-armadas\/"]}]},{"@type":"ImageObject","inLanguage":"pt-PT","@id":"https:\/\/portaltela.pt\/noticias\/2026\/03\/02\/general-cartaxo-alves-e-o-novo-chefe-do-estado-maior-das-forcas-armadas\/#primaryimage","url":"https:\/\/portaltela.pt\/s.01k8rhncp4jt1\/2026\/03\/2071162.jpg","contentUrl":"https:\/\/portaltela.pt\/s.01k8rhncp4jt1\/2026\/03\/2071162.jpg","width":796,"height":448,"caption":"Jo\u00e3o Cartaxo Alves tomou posse nesta segunda-feira como chefe do Estado-Maior-General das For\u00e7as Armadas"},{"@type":"BreadcrumbList","@id":"https:\/\/portaltela.pt\/noticias\/2026\/03\/02\/general-cartaxo-alves-e-o-novo-chefe-do-estado-maior-das-forcas-armadas\/#breadcrumb","itemListElement":[{"@type":"ListItem","position":1,"name":"In\u00edcio","item":"https:\/\/portaltela.pt\/"},{"@type":"ListItem","position":2,"name":"General Cartaxo Alves \u00e9 o novo chefe do Estado-Maior das For\u00e7as Armadas"}]},{"@type":"WebSite","@id":"https:\/\/portaltela.pt\/#website","url":"https:\/\/portaltela.pt\/","name":"Portal Tela Portugal","description":"","potentialAction":[{"@type":"SearchAction","target":{"@type":"EntryPoint","urlTemplate":"https:\/\/portaltela.pt\/?s={search_term_string}"},"query-input":{"@type":"PropertyValueSpecification","valueRequired":true,"valueName":"search_term_string"}}],"inLanguage":"pt-PT"},{"@type":"Person","@id":"https:\/\/portaltela.pt\/#\/schema\/person\/c4278d4a6028830caff9ee44b42d32ed","name":"Telinha","image":{"@type":"ImageObject","inLanguage":"pt-PT","@id":"https:\/\/portaltela.pt\/s.01k8rhncp4jt1\/2025\/11\/talking-bot-125x125.png","url":"https:\/\/portaltela.pt\/s.01k8rhncp4jt1\/2025\/11\/talking-bot-125x125.png","contentUrl":"https:\/\/portaltela.pt\/s.01k8rhncp4jt1\/2025\/11\/talking-bot-125x125.png","caption":"Telinha"},"sameAs":["https:\/\/portaltela.pt\/"],"url":"https:\/\/portaltela.pt\/por\/367410592786\/"}]}},"_links":{"self":[{"href":"https:\/\/portaltela.pt\/api\/wp\/v2\/posts\/394859","targetHints":{"allow":["GET"]}}],"collection":[{"href":"https:\/\/portaltela.pt\/api\/wp\/v2\/posts"}],"about":[{"href":"https:\/\/portaltela.pt\/api\/wp\/v2\/types\/post"}],"author":[{"embeddable":true,"href":"https:\/\/portaltela.pt\/api\/wp\/v2\/users\/2"}],"replies":[{"embeddable":true,"href":"https:\/\/portaltela.pt\/api\/wp\/v2\/comments?post=394859"}],"version-history":[{"count":0,"href":"https:\/\/portaltela.pt\/api\/wp\/v2\/posts\/394859\/revisions"}],"wp:featuredmedia":[{"embeddable":true,"href":"https:\/\/portaltela.pt\/api\/wp\/v2\/media\/394868"}],"wp:attachment":[{"href":"https:\/\/portaltela.pt\/api\/wp\/v2\/media?parent=394859"}],"wp:term":[{"taxonomy":"category","embeddable":true,"href":"https:\/\/portaltela.pt\/api\/wp\/v2\/categories?post=394859"},{"taxonomy":"post_tag","embeddable":true,"href":"https:\/\/portaltela.pt\/api\/wp\/v2\/tags?post=394859"}],"curies":[{"name":"wp","href":"https:\/\/api.w.org\/{rel}","templated":true}]}}