{"id":394855,"date":"2026-03-02T16:27:00","date_gmt":"2026-03-02T19:27:00","guid":{"rendered":"https:\/\/portaltela.pt\/noticias\/2026\/03\/02\/cronica-escolha-branco-2022-analisa-os-principais-temas-e-resultados\/"},"modified":"2026-03-02T16:27:00","modified_gmt":"2026-03-02T19:27:00","slug":"cronica-escolha-branco-2022-analisa-os-principais-temas-e-resultados","status":"publish","type":"post","link":"https:\/\/portaltela.pt\/noticias\/2026\/03\/02\/cronica-escolha-branco-2022-analisa-os-principais-temas-e-resultados\/","title":{"rendered":"Cr\u00f3nica Escolha Branco 2022 analisa os principais temas e resultados"},"content":{"rendered":"<p>Daniel Gomes apresenta em 2022 uma cr\u00f3nica sobre Terras de Basto, integrada no universo dos Vinhos Verdes. Trata-se de um branco limitado, com apenas 226 garrafas, descrito como fora da caixa, de grande personalidade, fresca e equilibrado.<\/p>\n<p>O vinho privilegia a casta Azal, que representa 80% da composi\u00e7\u00e3o, proveniente de vinhas antigas. A prova aponta fruta madura, acidez firme, notas silvestres e salinas, com envolv\u00eancia cremosa que refor\u00e7a o paladar.<\/p>\n<p>O relato insere-se em Terras de Basto, dentro do conjunto dos Vinhos Verdes, e ressalta a diversidade da regi\u00e3o para al\u00e9m da imagem costeira associada ao Atl\u00e2ntico. A apresenta\u00e7\u00e3o destaca patrim\u00f3nio e riqueza v\u00ednica locais.<\/p>\n<p>A proposta de produ\u00e7\u00e3o reduzida sublinha o objetivo de demonstrar terroir e estilo pr\u00f3prios. A cr\u00f3nica evidencia que os Vinhos Verdes cont\u00eam variabilidade entre regi\u00f5es e estilos, indo al\u00e9m de estere\u00f3tipos comuns.<\/p>\n","protected":false},"excerpt":{"rendered":"<ul>\n<li>Cr\u00f3nica Escolha Branco 2022 de Daniel Gomes analisa Terras de Basto, em territ\u00f3rio dos Vinhos Verdes.<\/li>\n<li>Pequeno lote de 226 garrafas de um branco fora da caixa, com personalidade e equil\u00edbrio.<\/li>\n<li>Predomina a casta Azal (80%), proveniente de vinhas antigas, com fruta madura e acidez.<\/li>\n<li>Notas silvestres e salinas complementam a envolv\u00eancia cremosa e saborosa.<\/li>\n<li>A prova evidencia a diversidade dos Verdes e o patrim\u00f3nio al\u00e9m das brisas do Atl\u00e2ntico.<\/li>\n<\/ul>\n","protected":false},"author":2,"featured_media":394862,"comment_status":"closed","ping_status":"closed","sticky":false,"template":"","format":"standard","meta":{"footnotes":""},"categories":[1],"tags":[145,2540,5542,5586,779,4103],"class_list":["post-394855","post","type-post","status-publish","format-standard","has-post-thumbnail","hentry","category-noticias","tag-cultura","tag-territorio","tag-territorios","tag-vinho","tag-vinhos","tag-viticultura"],"yoast_head":"<!-- This site is optimized with the Yoast SEO plugin v27.2 - https:\/\/yoast.com\/product\/yoast-seo-wordpress\/ -->\n<title>Cr\u00f3nica Escolha Branco 2022 analisa os principais temas e resultados - Portal Tela Portugal<\/title>\n<meta name=\"robots\" content=\"index, follow, max-snippet:-1, max-image-preview:large, max-video-preview:-1\" \/>\n<meta property=\"og:locale\" content=\"pt_PT\" \/>\n<meta property=\"og:type\" content=\"article\" \/>\n<meta property=\"og:title\" content=\"Cr\u00f3nica Escolha Branco 2022 analisa os principais temas e resultados - Portal Tela Portugal\" \/>\n<meta property=\"og:description\" content=\"Cr\u00f3nica Escolha Branco 2022 de Daniel Gomes analisa Terras de Basto, em territ\u00f3rio dos Vinhos Verdes. Pequeno lote de 226 garrafas de um branco fora da caixa, com personalidade e equil\u00edbrio. Predomina a casta Azal (80%), proveniente de vinhas antigas, com fruta madura e acidez. Notas silvestres e salinas complementam a envolv\u00eancia cremosa e saborosa. A prova evidencia a diversidade dos Verdes e o patrim\u00f3nio al\u00e9m das brisas do Atl\u00e2ntico.\" \/>\n<meta property=\"og:url\" content=\"https:\/\/portaltela.pt\/noticias\/2026\/03\/02\/cronica-escolha-branco-2022-analisa-os-principais-temas-e-resultados\/\" \/>\n<meta property=\"og:site_name\" content=\"Portal Tela Portugal\" \/>\n<meta property=\"article:published_time\" content=\"2026-03-02T19:27:00+00:00\" \/>\n<meta name=\"author\" content=\"Telinha\" \/>\n<meta name=\"twitter:card\" content=\"summary_large_image\" \/>\n<meta name=\"twitter:label1\" content=\"Escrito por\" \/>\n\t<meta name=\"twitter:data1\" content=\"Telinha\" \/>\n\t<meta name=\"twitter:label2\" content=\"Tempo estimado de leitura\" \/>\n\t<meta name=\"twitter:data2\" content=\"1 minuto\" \/>\n<script type=\"application\/ld+json\" class=\"yoast-schema-graph\">{\"@context\":\"https:\/\/schema.org\",\"@graph\":[{\"@type\":\"Article\",\"@id\":\"https:\/\/portaltela.pt\/noticias\/2026\/03\/02\/cronica-escolha-branco-2022-analisa-os-principais-temas-e-resultados\/#article\",\"isPartOf\":{\"@id\":\"https:\/\/portaltela.pt\/noticias\/2026\/03\/02\/cronica-escolha-branco-2022-analisa-os-principais-temas-e-resultados\/\"},\"author\":{\"name\":\"Telinha\",\"@id\":\"https:\/\/portaltela.pt\/#\/schema\/person\/c4278d4a6028830caff9ee44b42d32ed\"},\"headline\":\"Cr\u00f3nica Escolha Branco 2022 analisa os principais temas e resultados\",\"datePublished\":\"2026-03-02T19:27:00+00:00\",\"mainEntityOfPage\":{\"@id\":\"https:\/\/portaltela.pt\/noticias\/2026\/03\/02\/cronica-escolha-branco-2022-analisa-os-principais-temas-e-resultados\/\"},\"wordCount\":161,\"image\":{\"@id\":\"https:\/\/portaltela.pt\/noticias\/2026\/03\/02\/cronica-escolha-branco-2022-analisa-os-principais-temas-e-resultados\/#primaryimage\"},\"thumbnailUrl\":\"https:\/\/portaltela.pt\/s.01k8rhncp4jt1\/2026\/03\/2069674.jpg\",\"keywords\":[\"cultura\",\"Territ\u00f3rio\",\"Territ\u00f3rios\",\"vinho\",\"vinhos\",\"viticultura\"],\"articleSection\":[\"Not\u00edcias\"],\"inLanguage\":\"pt-PT\"},{\"@type\":\"WebPage\",\"@id\":\"https:\/\/portaltela.pt\/noticias\/2026\/03\/02\/cronica-escolha-branco-2022-analisa-os-principais-temas-e-resultados\/\",\"url\":\"https:\/\/portaltela.pt\/noticias\/2026\/03\/02\/cronica-escolha-branco-2022-analisa-os-principais-temas-e-resultados\/\",\"name\":\"Cr\u00f3nica Escolha Branco 2022 analisa os principais temas e resultados - Portal Tela Portugal\",\"isPartOf\":{\"@id\":\"https:\/\/portaltela.pt\/#website\"},\"primaryImageOfPage\":{\"@id\":\"https:\/\/portaltela.pt\/noticias\/2026\/03\/02\/cronica-escolha-branco-2022-analisa-os-principais-temas-e-resultados\/#primaryimage\"},\"image\":{\"@id\":\"https:\/\/portaltela.pt\/noticias\/2026\/03\/02\/cronica-escolha-branco-2022-analisa-os-principais-temas-e-resultados\/#primaryimage\"},\"thumbnailUrl\":\"https:\/\/portaltela.pt\/s.01k8rhncp4jt1\/2026\/03\/2069674.jpg\",\"datePublished\":\"2026-03-02T19:27:00+00:00\",\"author\":{\"@id\":\"https:\/\/portaltela.pt\/#\/schema\/person\/c4278d4a6028830caff9ee44b42d32ed\"},\"breadcrumb\":{\"@id\":\"https:\/\/portaltela.pt\/noticias\/2026\/03\/02\/cronica-escolha-branco-2022-analisa-os-principais-temas-e-resultados\/#breadcrumb\"},\"inLanguage\":\"pt-PT\",\"potentialAction\":[{\"@type\":\"ReadAction\",\"target\":[\"https:\/\/portaltela.pt\/noticias\/2026\/03\/02\/cronica-escolha-branco-2022-analisa-os-principais-temas-e-resultados\/\"]}]},{\"@type\":\"ImageObject\",\"inLanguage\":\"pt-PT\",\"@id\":\"https:\/\/portaltela.pt\/noticias\/2026\/03\/02\/cronica-escolha-branco-2022-analisa-os-principais-temas-e-resultados\/#primaryimage\",\"url\":\"https:\/\/portaltela.pt\/s.01k8rhncp4jt1\/2026\/03\/2069674.jpg\",\"contentUrl\":\"https:\/\/portaltela.pt\/s.01k8rhncp4jt1\/2026\/03\/2069674.jpg\",\"width\":796,\"height\":448,\"caption\":\"Photo\"},{\"@type\":\"BreadcrumbList\",\"@id\":\"https:\/\/portaltela.pt\/noticias\/2026\/03\/02\/cronica-escolha-branco-2022-analisa-os-principais-temas-e-resultados\/#breadcrumb\",\"itemListElement\":[{\"@type\":\"ListItem\",\"position\":1,\"name\":\"In\u00edcio\",\"item\":\"https:\/\/portaltela.pt\/\"},{\"@type\":\"ListItem\",\"position\":2,\"name\":\"Cr\u00f3nica Escolha Branco 2022 analisa os principais temas e resultados\"}]},{\"@type\":\"WebSite\",\"@id\":\"https:\/\/portaltela.pt\/#website\",\"url\":\"https:\/\/portaltela.pt\/\",\"name\":\"Portal Tela Portugal\",\"description\":\"\",\"potentialAction\":[{\"@type\":\"SearchAction\",\"target\":{\"@type\":\"EntryPoint\",\"urlTemplate\":\"https:\/\/portaltela.pt\/?s={search_term_string}\"},\"query-input\":{\"@type\":\"PropertyValueSpecification\",\"valueRequired\":true,\"valueName\":\"search_term_string\"}}],\"inLanguage\":\"pt-PT\"},{\"@type\":\"Person\",\"@id\":\"https:\/\/portaltela.pt\/#\/schema\/person\/c4278d4a6028830caff9ee44b42d32ed\",\"name\":\"Telinha\",\"image\":{\"@type\":\"ImageObject\",\"inLanguage\":\"pt-PT\",\"@id\":\"https:\/\/portaltela.pt\/s.01k8rhncp4jt1\/2025\/11\/talking-bot-125x125.png\",\"url\":\"https:\/\/portaltela.pt\/s.01k8rhncp4jt1\/2025\/11\/talking-bot-125x125.png\",\"contentUrl\":\"https:\/\/portaltela.pt\/s.01k8rhncp4jt1\/2025\/11\/talking-bot-125x125.png\",\"caption\":\"Telinha\"},\"sameAs\":[\"https:\/\/portaltela.pt\/\"],\"url\":\"https:\/\/portaltela.pt\/por\/367410592786\/\"}]}<\/script>\n<!-- \/ Yoast SEO plugin. -->","yoast_head_json":{"title":"Cr\u00f3nica Escolha Branco 2022 analisa os principais temas e resultados - Portal Tela Portugal","robots":{"index":"index","follow":"follow","max-snippet":"max-snippet:-1","max-image-preview":"max-image-preview:large","max-video-preview":"max-video-preview:-1"},"og_locale":"pt_PT","og_type":"article","og_title":"Cr\u00f3nica Escolha Branco 2022 analisa os principais temas e resultados - Portal Tela Portugal","og_description":"Cr\u00f3nica Escolha Branco 2022 de Daniel Gomes analisa Terras de Basto, em territ\u00f3rio dos Vinhos Verdes. Pequeno lote de 226 garrafas de um branco fora da caixa, com personalidade e equil\u00edbrio. Predomina a casta Azal (80%), proveniente de vinhas antigas, com fruta madura e acidez. Notas silvestres e salinas complementam a envolv\u00eancia cremosa e saborosa. A prova evidencia a diversidade dos Verdes e o patrim\u00f3nio al\u00e9m das brisas do Atl\u00e2ntico.","og_url":"https:\/\/portaltela.pt\/noticias\/2026\/03\/02\/cronica-escolha-branco-2022-analisa-os-principais-temas-e-resultados\/","og_site_name":"Portal Tela Portugal","article_published_time":"2026-03-02T19:27:00+00:00","author":"Telinha","twitter_card":"summary_large_image","twitter_misc":{"Escrito por":"Telinha","Tempo estimado de leitura":"1 minuto"},"schema":{"@context":"https:\/\/schema.org","@graph":[{"@type":"Article","@id":"https:\/\/portaltela.pt\/noticias\/2026\/03\/02\/cronica-escolha-branco-2022-analisa-os-principais-temas-e-resultados\/#article","isPartOf":{"@id":"https:\/\/portaltela.pt\/noticias\/2026\/03\/02\/cronica-escolha-branco-2022-analisa-os-principais-temas-e-resultados\/"},"author":{"name":"Telinha","@id":"https:\/\/portaltela.pt\/#\/schema\/person\/c4278d4a6028830caff9ee44b42d32ed"},"headline":"Cr\u00f3nica Escolha Branco 2022 analisa os principais temas e resultados","datePublished":"2026-03-02T19:27:00+00:00","mainEntityOfPage":{"@id":"https:\/\/portaltela.pt\/noticias\/2026\/03\/02\/cronica-escolha-branco-2022-analisa-os-principais-temas-e-resultados\/"},"wordCount":161,"image":{"@id":"https:\/\/portaltela.pt\/noticias\/2026\/03\/02\/cronica-escolha-branco-2022-analisa-os-principais-temas-e-resultados\/#primaryimage"},"thumbnailUrl":"https:\/\/portaltela.pt\/s.01k8rhncp4jt1\/2026\/03\/2069674.jpg","keywords":["cultura","Territ\u00f3rio","Territ\u00f3rios","vinho","vinhos","viticultura"],"articleSection":["Not\u00edcias"],"inLanguage":"pt-PT"},{"@type":"WebPage","@id":"https:\/\/portaltela.pt\/noticias\/2026\/03\/02\/cronica-escolha-branco-2022-analisa-os-principais-temas-e-resultados\/","url":"https:\/\/portaltela.pt\/noticias\/2026\/03\/02\/cronica-escolha-branco-2022-analisa-os-principais-temas-e-resultados\/","name":"Cr\u00f3nica Escolha Branco 2022 analisa os principais temas e resultados - Portal Tela Portugal","isPartOf":{"@id":"https:\/\/portaltela.pt\/#website"},"primaryImageOfPage":{"@id":"https:\/\/portaltela.pt\/noticias\/2026\/03\/02\/cronica-escolha-branco-2022-analisa-os-principais-temas-e-resultados\/#primaryimage"},"image":{"@id":"https:\/\/portaltela.pt\/noticias\/2026\/03\/02\/cronica-escolha-branco-2022-analisa-os-principais-temas-e-resultados\/#primaryimage"},"thumbnailUrl":"https:\/\/portaltela.pt\/s.01k8rhncp4jt1\/2026\/03\/2069674.jpg","datePublished":"2026-03-02T19:27:00+00:00","author":{"@id":"https:\/\/portaltela.pt\/#\/schema\/person\/c4278d4a6028830caff9ee44b42d32ed"},"breadcrumb":{"@id":"https:\/\/portaltela.pt\/noticias\/2026\/03\/02\/cronica-escolha-branco-2022-analisa-os-principais-temas-e-resultados\/#breadcrumb"},"inLanguage":"pt-PT","potentialAction":[{"@type":"ReadAction","target":["https:\/\/portaltela.pt\/noticias\/2026\/03\/02\/cronica-escolha-branco-2022-analisa-os-principais-temas-e-resultados\/"]}]},{"@type":"ImageObject","inLanguage":"pt-PT","@id":"https:\/\/portaltela.pt\/noticias\/2026\/03\/02\/cronica-escolha-branco-2022-analisa-os-principais-temas-e-resultados\/#primaryimage","url":"https:\/\/portaltela.pt\/s.01k8rhncp4jt1\/2026\/03\/2069674.jpg","contentUrl":"https:\/\/portaltela.pt\/s.01k8rhncp4jt1\/2026\/03\/2069674.jpg","width":796,"height":448,"caption":"Photo"},{"@type":"BreadcrumbList","@id":"https:\/\/portaltela.pt\/noticias\/2026\/03\/02\/cronica-escolha-branco-2022-analisa-os-principais-temas-e-resultados\/#breadcrumb","itemListElement":[{"@type":"ListItem","position":1,"name":"In\u00edcio","item":"https:\/\/portaltela.pt\/"},{"@type":"ListItem","position":2,"name":"Cr\u00f3nica Escolha Branco 2022 analisa os principais temas e resultados"}]},{"@type":"WebSite","@id":"https:\/\/portaltela.pt\/#website","url":"https:\/\/portaltela.pt\/","name":"Portal Tela Portugal","description":"","potentialAction":[{"@type":"SearchAction","target":{"@type":"EntryPoint","urlTemplate":"https:\/\/portaltela.pt\/?s={search_term_string}"},"query-input":{"@type":"PropertyValueSpecification","valueRequired":true,"valueName":"search_term_string"}}],"inLanguage":"pt-PT"},{"@type":"Person","@id":"https:\/\/portaltela.pt\/#\/schema\/person\/c4278d4a6028830caff9ee44b42d32ed","name":"Telinha","image":{"@type":"ImageObject","inLanguage":"pt-PT","@id":"https:\/\/portaltela.pt\/s.01k8rhncp4jt1\/2025\/11\/talking-bot-125x125.png","url":"https:\/\/portaltela.pt\/s.01k8rhncp4jt1\/2025\/11\/talking-bot-125x125.png","contentUrl":"https:\/\/portaltela.pt\/s.01k8rhncp4jt1\/2025\/11\/talking-bot-125x125.png","caption":"Telinha"},"sameAs":["https:\/\/portaltela.pt\/"],"url":"https:\/\/portaltela.pt\/por\/367410592786\/"}]}},"_links":{"self":[{"href":"https:\/\/portaltela.pt\/api\/wp\/v2\/posts\/394855","targetHints":{"allow":["GET"]}}],"collection":[{"href":"https:\/\/portaltela.pt\/api\/wp\/v2\/posts"}],"about":[{"href":"https:\/\/portaltela.pt\/api\/wp\/v2\/types\/post"}],"author":[{"embeddable":true,"href":"https:\/\/portaltela.pt\/api\/wp\/v2\/users\/2"}],"replies":[{"embeddable":true,"href":"https:\/\/portaltela.pt\/api\/wp\/v2\/comments?post=394855"}],"version-history":[{"count":0,"href":"https:\/\/portaltela.pt\/api\/wp\/v2\/posts\/394855\/revisions"}],"wp:featuredmedia":[{"embeddable":true,"href":"https:\/\/portaltela.pt\/api\/wp\/v2\/media\/394862"}],"wp:attachment":[{"href":"https:\/\/portaltela.pt\/api\/wp\/v2\/media?parent=394855"}],"wp:term":[{"taxonomy":"category","embeddable":true,"href":"https:\/\/portaltela.pt\/api\/wp\/v2\/categories?post=394855"},{"taxonomy":"post_tag","embeddable":true,"href":"https:\/\/portaltela.pt\/api\/wp\/v2\/tags?post=394855"}],"curies":[{"name":"wp","href":"https:\/\/api.w.org\/{rel}","templated":true}]}}