{"id":394829,"date":"2026-03-02T16:18:33","date_gmt":"2026-03-02T19:18:33","guid":{"rendered":"https:\/\/portaltela.pt\/noticias\/2026\/03\/02\/sabit-abdulai-ja-foi-operado-ao-joelho-esquerdo\/"},"modified":"2026-03-02T16:18:33","modified_gmt":"2026-03-02T19:18:33","slug":"sabit-abdulai-ja-foi-operado-ao-joelho-esquerdo","status":"publish","type":"post","link":"https:\/\/portaltela.pt\/desporto\/futebol\/2026\/03\/02\/sabit-abdulai-ja-foi-operado-ao-joelho-esquerdo\/","title":{"rendered":"Sabit Abdulai j\u00e1 foi operado ao joelho esquerdo"},"content":{"rendered":"<p>Sabit Abdulai j\u00e1 foi operado ao joelho esquerdo e tem uma recupera\u00e7\u00e3o prevista entre seis e sete meses. O m\u00e9dio gan\u00eas, de 26 anos, chegou ao Alverca no \u00faltimo ver\u00e3o e ficou lesionado aos 18 minutos do duelo com o E. Amadora, a 31 de janeiro.<\/p>\n<p>Desde ent\u00e3o, o jogador tem realizado apenas tratamento. Segundo o Record, Abdulai n\u00e3o dever\u00e1 jogar mais nesta temporada.<\/p>\n<p>O atleta transferiu-se para o Ribatejo na janela anterior, vindo do Botafogo, de S\u00e3o Paulo. Em termos de competi\u00e7\u00e3o, somou 19 jogos pela equipa orientada por Cust\u00f3dio Castro.<\/p>\n","protected":false},"excerpt":{"rendered":"<ul>\n<li>Sabit Abdulai foi operado ao joelho esquerdo e inicia uma recupera\u00e7\u00e3o que pode durar entre seis e sete meses.<\/li>\n<li>O m\u00e9dio gan\u00eas, de 26 anos, saiu lesionado aos 18 minutos do jogo frente ao E. Amadora, em 31 de janeiro.<\/li>\n<li>Desde essa data tem realizado apenas tratamento \u00e0 les\u00e3o.<\/li>\n<li>Segundo o Record, Abdulai n\u00e3o volta a jogar nesta temporada.<\/li>\n<li>O jogador chegou no ver\u00e3o passado ao Alverca, vindo do Botafogo de S\u00e3o Paulo, e soma 19 jogos pela equipa de Cust\u00f3dio Castro.<\/li>\n<\/ul>\n","protected":false},"author":2,"featured_media":394835,"comment_status":"closed","ping_status":"closed","sticky":false,"template":"","format":"standard","meta":{"footnotes":""},"categories":[21,24],"tags":[1230,2594,152,32,2799,2538],"class_list":["post-394829","post","type-post","status-publish","format-standard","has-post-thumbnail","hentry","category-desporto","category-futebol","tag-alverca","tag-cirurgia","tag-desporto","tag-futebol","tag-joelhos","tag-lesoes"],"yoast_head":"<!-- This site is optimized with the Yoast SEO plugin v27.2 - https:\/\/yoast.com\/product\/yoast-seo-wordpress\/ -->\n<title>Sabit Abdulai j\u00e1 foi operado ao joelho esquerdo - Portal Tela Portugal<\/title>\n<meta name=\"robots\" content=\"index, follow, max-snippet:-1, max-image-preview:large, max-video-preview:-1\" \/>\n<meta property=\"og:locale\" content=\"pt_PT\" \/>\n<meta property=\"og:type\" content=\"article\" \/>\n<meta property=\"og:title\" content=\"Sabit Abdulai j\u00e1 foi operado ao joelho esquerdo - Portal Tela Portugal\" \/>\n<meta property=\"og:description\" content=\"Sabit Abdulai foi operado ao joelho esquerdo e inicia uma recupera\u00e7\u00e3o que pode durar entre seis e sete meses. O m\u00e9dio gan\u00eas, de 26 anos, saiu lesionado aos 18 minutos do jogo frente ao E. Amadora, em 31 de janeiro. Desde essa data tem realizado apenas tratamento \u00e0 les\u00e3o. Segundo o Record, Abdulai n\u00e3o volta a jogar nesta temporada. O jogador chegou no ver\u00e3o passado ao Alverca, vindo do Botafogo de S\u00e3o Paulo, e soma 19 jogos pela equipa de Cust\u00f3dio Castro.\" \/>\n<meta property=\"og:url\" content=\"https:\/\/portaltela.pt\/noticias\/2026\/03\/02\/sabit-abdulai-ja-foi-operado-ao-joelho-esquerdo\/\" \/>\n<meta property=\"og:site_name\" content=\"Portal Tela Portugal\" \/>\n<meta property=\"article:published_time\" content=\"2026-03-02T19:18:33+00:00\" \/>\n<meta name=\"author\" content=\"Telinha\" \/>\n<meta name=\"twitter:card\" content=\"summary_large_image\" \/>\n<meta name=\"twitter:label1\" content=\"Escrito por\" \/>\n\t<meta name=\"twitter:data1\" content=\"Telinha\" \/>\n<script type=\"application\/ld+json\" class=\"yoast-schema-graph\">{\"@context\":\"https:\/\/schema.org\",\"@graph\":[{\"@type\":\"Article\",\"@id\":\"https:\/\/portaltela.pt\/noticias\/2026\/03\/02\/sabit-abdulai-ja-foi-operado-ao-joelho-esquerdo\/#article\",\"isPartOf\":{\"@id\":\"https:\/\/portaltela.pt\/noticias\/2026\/03\/02\/sabit-abdulai-ja-foi-operado-ao-joelho-esquerdo\/\"},\"author\":{\"name\":\"Telinha\",\"@id\":\"https:\/\/portaltela.pt\/#\/schema\/person\/c4278d4a6028830caff9ee44b42d32ed\"},\"headline\":\"Sabit Abdulai j\u00e1 foi operado ao joelho esquerdo\",\"datePublished\":\"2026-03-02T19:18:33+00:00\",\"mainEntityOfPage\":{\"@id\":\"https:\/\/portaltela.pt\/noticias\/2026\/03\/02\/sabit-abdulai-ja-foi-operado-ao-joelho-esquerdo\/\"},\"wordCount\":105,\"image\":{\"@id\":\"https:\/\/portaltela.pt\/noticias\/2026\/03\/02\/sabit-abdulai-ja-foi-operado-ao-joelho-esquerdo\/#primaryimage\"},\"thumbnailUrl\":\"https:\/\/portaltela.pt\/s.01k8rhncp4jt1\/2026\/03\/img_920x518uu2025-08-02-16-00-08-2381027-im-639080754576812876.jpg\",\"keywords\":[\"Alverca\",\"cirurgia\",\"desporto\",\"futebol\",\"joelhos\",\"les\u00f5es\"],\"articleSection\":[\"Desporto\",\"Futebol\"],\"inLanguage\":\"pt-PT\"},{\"@type\":\"WebPage\",\"@id\":\"https:\/\/portaltela.pt\/noticias\/2026\/03\/02\/sabit-abdulai-ja-foi-operado-ao-joelho-esquerdo\/\",\"url\":\"https:\/\/portaltela.pt\/noticias\/2026\/03\/02\/sabit-abdulai-ja-foi-operado-ao-joelho-esquerdo\/\",\"name\":\"Sabit Abdulai j\u00e1 foi operado ao joelho esquerdo - Portal Tela Portugal\",\"isPartOf\":{\"@id\":\"https:\/\/portaltela.pt\/#website\"},\"primaryImageOfPage\":{\"@id\":\"https:\/\/portaltela.pt\/noticias\/2026\/03\/02\/sabit-abdulai-ja-foi-operado-ao-joelho-esquerdo\/#primaryimage\"},\"image\":{\"@id\":\"https:\/\/portaltela.pt\/noticias\/2026\/03\/02\/sabit-abdulai-ja-foi-operado-ao-joelho-esquerdo\/#primaryimage\"},\"thumbnailUrl\":\"https:\/\/portaltela.pt\/s.01k8rhncp4jt1\/2026\/03\/img_920x518uu2025-08-02-16-00-08-2381027-im-639080754576812876.jpg\",\"datePublished\":\"2026-03-02T19:18:33+00:00\",\"author\":{\"@id\":\"https:\/\/portaltela.pt\/#\/schema\/person\/c4278d4a6028830caff9ee44b42d32ed\"},\"breadcrumb\":{\"@id\":\"https:\/\/portaltela.pt\/noticias\/2026\/03\/02\/sabit-abdulai-ja-foi-operado-ao-joelho-esquerdo\/#breadcrumb\"},\"inLanguage\":\"pt-PT\",\"potentialAction\":[{\"@type\":\"ReadAction\",\"target\":[\"https:\/\/portaltela.pt\/noticias\/2026\/03\/02\/sabit-abdulai-ja-foi-operado-ao-joelho-esquerdo\/\"]}]},{\"@type\":\"ImageObject\",\"inLanguage\":\"pt-PT\",\"@id\":\"https:\/\/portaltela.pt\/noticias\/2026\/03\/02\/sabit-abdulai-ja-foi-operado-ao-joelho-esquerdo\/#primaryimage\",\"url\":\"https:\/\/portaltela.pt\/s.01k8rhncp4jt1\/2026\/03\/img_920x518uu2025-08-02-16-00-08-2381027-im-639080754576812876.jpg\",\"contentUrl\":\"https:\/\/portaltela.pt\/s.01k8rhncp4jt1\/2026\/03\/img_920x518uu2025-08-02-16-00-08-2381027-im-639080754576812876.jpg\",\"width\":796,\"height\":448,\"caption\":\"Sabit Abdulai chegou no \u00faltimo ver\u00e3o a Alverca\"},{\"@type\":\"BreadcrumbList\",\"@id\":\"https:\/\/portaltela.pt\/noticias\/2026\/03\/02\/sabit-abdulai-ja-foi-operado-ao-joelho-esquerdo\/#breadcrumb\",\"itemListElement\":[{\"@type\":\"ListItem\",\"position\":1,\"name\":\"In\u00edcio\",\"item\":\"https:\/\/portaltela.pt\/\"},{\"@type\":\"ListItem\",\"position\":2,\"name\":\"Sabit Abdulai j\u00e1 foi operado ao joelho esquerdo\"}]},{\"@type\":\"WebSite\",\"@id\":\"https:\/\/portaltela.pt\/#website\",\"url\":\"https:\/\/portaltela.pt\/\",\"name\":\"Portal Tela Portugal\",\"description\":\"\",\"potentialAction\":[{\"@type\":\"SearchAction\",\"target\":{\"@type\":\"EntryPoint\",\"urlTemplate\":\"https:\/\/portaltela.pt\/?s={search_term_string}\"},\"query-input\":{\"@type\":\"PropertyValueSpecification\",\"valueRequired\":true,\"valueName\":\"search_term_string\"}}],\"inLanguage\":\"pt-PT\"},{\"@type\":\"Person\",\"@id\":\"https:\/\/portaltela.pt\/#\/schema\/person\/c4278d4a6028830caff9ee44b42d32ed\",\"name\":\"Telinha\",\"image\":{\"@type\":\"ImageObject\",\"inLanguage\":\"pt-PT\",\"@id\":\"https:\/\/portaltela.pt\/s.01k8rhncp4jt1\/2025\/11\/talking-bot-125x125.png\",\"url\":\"https:\/\/portaltela.pt\/s.01k8rhncp4jt1\/2025\/11\/talking-bot-125x125.png\",\"contentUrl\":\"https:\/\/portaltela.pt\/s.01k8rhncp4jt1\/2025\/11\/talking-bot-125x125.png\",\"caption\":\"Telinha\"},\"sameAs\":[\"https:\/\/portaltela.pt\/\"],\"url\":\"https:\/\/portaltela.pt\/por\/367410592786\/\"}]}<\/script>\n<!-- \/ Yoast SEO plugin. -->","yoast_head_json":{"title":"Sabit Abdulai j\u00e1 foi operado ao joelho esquerdo - Portal Tela Portugal","robots":{"index":"index","follow":"follow","max-snippet":"max-snippet:-1","max-image-preview":"max-image-preview:large","max-video-preview":"max-video-preview:-1"},"og_locale":"pt_PT","og_type":"article","og_title":"Sabit Abdulai j\u00e1 foi operado ao joelho esquerdo - Portal Tela Portugal","og_description":"Sabit Abdulai foi operado ao joelho esquerdo e inicia uma recupera\u00e7\u00e3o que pode durar entre seis e sete meses. O m\u00e9dio gan\u00eas, de 26 anos, saiu lesionado aos 18 minutos do jogo frente ao E. Amadora, em 31 de janeiro. Desde essa data tem realizado apenas tratamento \u00e0 les\u00e3o. Segundo o Record, Abdulai n\u00e3o volta a jogar nesta temporada. O jogador chegou no ver\u00e3o passado ao Alverca, vindo do Botafogo de S\u00e3o Paulo, e soma 19 jogos pela equipa de Cust\u00f3dio Castro.","og_url":"https:\/\/portaltela.pt\/noticias\/2026\/03\/02\/sabit-abdulai-ja-foi-operado-ao-joelho-esquerdo\/","og_site_name":"Portal Tela Portugal","article_published_time":"2026-03-02T19:18:33+00:00","author":"Telinha","twitter_card":"summary_large_image","twitter_misc":{"Escrito por":"Telinha"},"schema":{"@context":"https:\/\/schema.org","@graph":[{"@type":"Article","@id":"https:\/\/portaltela.pt\/noticias\/2026\/03\/02\/sabit-abdulai-ja-foi-operado-ao-joelho-esquerdo\/#article","isPartOf":{"@id":"https:\/\/portaltela.pt\/noticias\/2026\/03\/02\/sabit-abdulai-ja-foi-operado-ao-joelho-esquerdo\/"},"author":{"name":"Telinha","@id":"https:\/\/portaltela.pt\/#\/schema\/person\/c4278d4a6028830caff9ee44b42d32ed"},"headline":"Sabit Abdulai j\u00e1 foi operado ao joelho esquerdo","datePublished":"2026-03-02T19:18:33+00:00","mainEntityOfPage":{"@id":"https:\/\/portaltela.pt\/noticias\/2026\/03\/02\/sabit-abdulai-ja-foi-operado-ao-joelho-esquerdo\/"},"wordCount":105,"image":{"@id":"https:\/\/portaltela.pt\/noticias\/2026\/03\/02\/sabit-abdulai-ja-foi-operado-ao-joelho-esquerdo\/#primaryimage"},"thumbnailUrl":"https:\/\/portaltela.pt\/s.01k8rhncp4jt1\/2026\/03\/img_920x518uu2025-08-02-16-00-08-2381027-im-639080754576812876.jpg","keywords":["Alverca","cirurgia","desporto","futebol","joelhos","les\u00f5es"],"articleSection":["Desporto","Futebol"],"inLanguage":"pt-PT"},{"@type":"WebPage","@id":"https:\/\/portaltela.pt\/noticias\/2026\/03\/02\/sabit-abdulai-ja-foi-operado-ao-joelho-esquerdo\/","url":"https:\/\/portaltela.pt\/noticias\/2026\/03\/02\/sabit-abdulai-ja-foi-operado-ao-joelho-esquerdo\/","name":"Sabit Abdulai j\u00e1 foi operado ao joelho esquerdo - Portal Tela Portugal","isPartOf":{"@id":"https:\/\/portaltela.pt\/#website"},"primaryImageOfPage":{"@id":"https:\/\/portaltela.pt\/noticias\/2026\/03\/02\/sabit-abdulai-ja-foi-operado-ao-joelho-esquerdo\/#primaryimage"},"image":{"@id":"https:\/\/portaltela.pt\/noticias\/2026\/03\/02\/sabit-abdulai-ja-foi-operado-ao-joelho-esquerdo\/#primaryimage"},"thumbnailUrl":"https:\/\/portaltela.pt\/s.01k8rhncp4jt1\/2026\/03\/img_920x518uu2025-08-02-16-00-08-2381027-im-639080754576812876.jpg","datePublished":"2026-03-02T19:18:33+00:00","author":{"@id":"https:\/\/portaltela.pt\/#\/schema\/person\/c4278d4a6028830caff9ee44b42d32ed"},"breadcrumb":{"@id":"https:\/\/portaltela.pt\/noticias\/2026\/03\/02\/sabit-abdulai-ja-foi-operado-ao-joelho-esquerdo\/#breadcrumb"},"inLanguage":"pt-PT","potentialAction":[{"@type":"ReadAction","target":["https:\/\/portaltela.pt\/noticias\/2026\/03\/02\/sabit-abdulai-ja-foi-operado-ao-joelho-esquerdo\/"]}]},{"@type":"ImageObject","inLanguage":"pt-PT","@id":"https:\/\/portaltela.pt\/noticias\/2026\/03\/02\/sabit-abdulai-ja-foi-operado-ao-joelho-esquerdo\/#primaryimage","url":"https:\/\/portaltela.pt\/s.01k8rhncp4jt1\/2026\/03\/img_920x518uu2025-08-02-16-00-08-2381027-im-639080754576812876.jpg","contentUrl":"https:\/\/portaltela.pt\/s.01k8rhncp4jt1\/2026\/03\/img_920x518uu2025-08-02-16-00-08-2381027-im-639080754576812876.jpg","width":796,"height":448,"caption":"Sabit Abdulai chegou no \u00faltimo ver\u00e3o a Alverca"},{"@type":"BreadcrumbList","@id":"https:\/\/portaltela.pt\/noticias\/2026\/03\/02\/sabit-abdulai-ja-foi-operado-ao-joelho-esquerdo\/#breadcrumb","itemListElement":[{"@type":"ListItem","position":1,"name":"In\u00edcio","item":"https:\/\/portaltela.pt\/"},{"@type":"ListItem","position":2,"name":"Sabit Abdulai j\u00e1 foi operado ao joelho esquerdo"}]},{"@type":"WebSite","@id":"https:\/\/portaltela.pt\/#website","url":"https:\/\/portaltela.pt\/","name":"Portal Tela Portugal","description":"","potentialAction":[{"@type":"SearchAction","target":{"@type":"EntryPoint","urlTemplate":"https:\/\/portaltela.pt\/?s={search_term_string}"},"query-input":{"@type":"PropertyValueSpecification","valueRequired":true,"valueName":"search_term_string"}}],"inLanguage":"pt-PT"},{"@type":"Person","@id":"https:\/\/portaltela.pt\/#\/schema\/person\/c4278d4a6028830caff9ee44b42d32ed","name":"Telinha","image":{"@type":"ImageObject","inLanguage":"pt-PT","@id":"https:\/\/portaltela.pt\/s.01k8rhncp4jt1\/2025\/11\/talking-bot-125x125.png","url":"https:\/\/portaltela.pt\/s.01k8rhncp4jt1\/2025\/11\/talking-bot-125x125.png","contentUrl":"https:\/\/portaltela.pt\/s.01k8rhncp4jt1\/2025\/11\/talking-bot-125x125.png","caption":"Telinha"},"sameAs":["https:\/\/portaltela.pt\/"],"url":"https:\/\/portaltela.pt\/por\/367410592786\/"}]}},"_links":{"self":[{"href":"https:\/\/portaltela.pt\/api\/wp\/v2\/posts\/394829","targetHints":{"allow":["GET"]}}],"collection":[{"href":"https:\/\/portaltela.pt\/api\/wp\/v2\/posts"}],"about":[{"href":"https:\/\/portaltela.pt\/api\/wp\/v2\/types\/post"}],"author":[{"embeddable":true,"href":"https:\/\/portaltela.pt\/api\/wp\/v2\/users\/2"}],"replies":[{"embeddable":true,"href":"https:\/\/portaltela.pt\/api\/wp\/v2\/comments?post=394829"}],"version-history":[{"count":0,"href":"https:\/\/portaltela.pt\/api\/wp\/v2\/posts\/394829\/revisions"}],"wp:featuredmedia":[{"embeddable":true,"href":"https:\/\/portaltela.pt\/api\/wp\/v2\/media\/394835"}],"wp:attachment":[{"href":"https:\/\/portaltela.pt\/api\/wp\/v2\/media?parent=394829"}],"wp:term":[{"taxonomy":"category","embeddable":true,"href":"https:\/\/portaltela.pt\/api\/wp\/v2\/categories?post=394829"},{"taxonomy":"post_tag","embeddable":true,"href":"https:\/\/portaltela.pt\/api\/wp\/v2\/tags?post=394829"}],"curies":[{"name":"wp","href":"https:\/\/api.w.org\/{rel}","templated":true}]}}