{"id":394812,"date":"2026-03-02T16:01:00","date_gmt":"2026-03-02T19:01:00","guid":{"rendered":"https:\/\/portaltela.pt\/noticias\/2026\/03\/02\/bayern-apresenta-banjaqui-na-lista-de-reforcos-para-o-verao\/"},"modified":"2026-03-02T16:01:00","modified_gmt":"2026-03-02T19:01:00","slug":"bayern-apresenta-banjaqui-na-lista-de-reforcos-para-o-verao","status":"publish","type":"post","link":"https:\/\/portaltela.pt\/desporto\/futebol\/2026\/03\/02\/bayern-apresenta-banjaqui-na-lista-de-reforcos-para-o-verao\/","title":{"rendered":"Bayern apresenta Banjaqui na lista de refor\u00e7os para o ver\u00e3o"},"content":{"rendered":"<p>O Bayern Munique est\u00e1 interessado em Daniel Banjaqui como refor\u00e7o para o ver\u00e3o, segundo Florian Plettenberg, da Sky Sport. A informa\u00e7\u00e3o aponta o jovem como parte dos planos dos b\u00e1varos.<\/p>\n<p>O clube alem\u00e3o pretende um lateral-direito e v\u00ea Givairo Read, de 19 anos, do Feyenoord, como alvo priorit\u00e1rio. Contudo, o Benfica \u00e9 visto como op\u00e7\u00e3o atrativa para o refor\u00e7o da posi\u00e7\u00e3o.<\/p>\n<h3>Situa\u00e7\u00e3o contratual<\/h3>\n<p>No Benfica ainda decorrem negocia\u00e7\u00f5es para renovar o contrato de Banjaqui. Um novo v\u00ednculo s\u00f3 poder\u00e1 ser formalizado quando o jogador atingir a maioridade, marcada para 24 de mar\u00e7o, data em que faz 18 anos.<\/p>\n<p>Al\u00e9m disso, o atleta soma 3 presen\u00e7as pela equipa principal do Benfica. Nos \u00faltimos jogos, tem atuado pela equipa B, com Bah de regresso para competir com Dedic.<\/p>\n","protected":false},"excerpt":{"rendered":"<ul>\n<li>Daniel Banjaqui est\u00e1 na lista de poss\u00edveis refor\u00e7os do Bayern de Munique, segundo Florian Plettenburg, da Sky Sport.<\/li>\n<li>O Bayern procura um defesa-direito para o ver\u00e3o e tem Givairo Read (19 anos, Feyenoord) como alvo principal, sem abandonar Banjaqui como op\u00e7\u00e3o.<\/li>\n<li>O Benfica est\u00e1 a negociar a renova\u00e7\u00e3o do contrato de Banjaqui, mas a assinatura s\u00f3 pode ocorrer quando o jogador completar a maioridade em 24 de mar\u00e7o.<\/li>\n<li>O jogador soma tr\u00eas appearances pela equipa principal do Benfica e tem jogado pela equipa B nas \u00faltimas semanas.<\/li>\n<li>Bah voltou a competir com Dedic pela posi\u00e7\u00e3o, fortalecendo a disputa no plantel encarnado.<\/li>\n<\/ul>\n","protected":false},"author":2,"featured_media":394821,"comment_status":"closed","ping_status":"closed","sticky":false,"template":"","format":"standard","meta":{"footnotes":""},"categories":[21,24],"tags":[1946,3972,1125,4233,32,1633],"class_list":["post-394812","post","type-post","status-publish","format-standard","has-post-thumbnail","hentry","category-desporto","category-futebol","tag-benfica","tag-benfica-sad","tag-contratos","tag-feyenoord","tag-futebol","tag-transferencias-internacionais"],"yoast_head":"<!-- This site is optimized with the Yoast SEO plugin v27.2 - https:\/\/yoast.com\/product\/yoast-seo-wordpress\/ -->\n<title>Bayern apresenta Banjaqui na lista de refor\u00e7os para o ver\u00e3o - Portal Tela Portugal<\/title>\n<meta name=\"robots\" content=\"index, follow, max-snippet:-1, max-image-preview:large, max-video-preview:-1\" \/>\n<meta property=\"og:locale\" content=\"pt_PT\" \/>\n<meta property=\"og:type\" content=\"article\" \/>\n<meta property=\"og:title\" content=\"Bayern apresenta Banjaqui na lista de refor\u00e7os para o ver\u00e3o - Portal Tela Portugal\" \/>\n<meta property=\"og:description\" content=\"Daniel Banjaqui est\u00e1 na lista de poss\u00edveis refor\u00e7os do Bayern de Munique, segundo Florian Plettenburg, da Sky Sport. O Bayern procura um defesa-direito para o ver\u00e3o e tem Givairo Read (19 anos, Feyenoord) como alvo principal, sem abandonar Banjaqui como op\u00e7\u00e3o. O Benfica est\u00e1 a negociar a renova\u00e7\u00e3o do contrato de Banjaqui, mas a assinatura s\u00f3 pode ocorrer quando o jogador completar a maioridade em 24 de mar\u00e7o. O jogador soma tr\u00eas appearances pela equipa principal do Benfica e tem jogado pela equipa B nas \u00faltimas semanas. Bah voltou a competir com Dedic pela posi\u00e7\u00e3o, fortalecendo a disputa no plantel encarnado.\" \/>\n<meta property=\"og:url\" content=\"https:\/\/portaltela.pt\/noticias\/2026\/03\/02\/bayern-apresenta-banjaqui-na-lista-de-reforcos-para-o-verao\/\" \/>\n<meta property=\"og:site_name\" content=\"Portal Tela Portugal\" \/>\n<meta property=\"article:published_time\" content=\"2026-03-02T19:01:00+00:00\" \/>\n<meta name=\"author\" content=\"Telinha\" \/>\n<meta name=\"twitter:card\" content=\"summary_large_image\" \/>\n<meta name=\"twitter:label1\" content=\"Escrito por\" \/>\n\t<meta name=\"twitter:data1\" content=\"Telinha\" \/>\n\t<meta name=\"twitter:label2\" content=\"Tempo estimado de leitura\" \/>\n\t<meta name=\"twitter:data2\" content=\"1 minuto\" \/>\n<script type=\"application\/ld+json\" class=\"yoast-schema-graph\">{\"@context\":\"https:\/\/schema.org\",\"@graph\":[{\"@type\":\"Article\",\"@id\":\"https:\/\/portaltela.pt\/noticias\/2026\/03\/02\/bayern-apresenta-banjaqui-na-lista-de-reforcos-para-o-verao\/#article\",\"isPartOf\":{\"@id\":\"https:\/\/portaltela.pt\/noticias\/2026\/03\/02\/bayern-apresenta-banjaqui-na-lista-de-reforcos-para-o-verao\/\"},\"author\":{\"name\":\"Telinha\",\"@id\":\"https:\/\/portaltela.pt\/#\/schema\/person\/c4278d4a6028830caff9ee44b42d32ed\"},\"headline\":\"Bayern apresenta Banjaqui na lista de refor\u00e7os para o ver\u00e3o\",\"datePublished\":\"2026-03-02T19:01:00+00:00\",\"mainEntityOfPage\":{\"@id\":\"https:\/\/portaltela.pt\/noticias\/2026\/03\/02\/bayern-apresenta-banjaqui-na-lista-de-reforcos-para-o-verao\/\"},\"wordCount\":148,\"image\":{\"@id\":\"https:\/\/portaltela.pt\/noticias\/2026\/03\/02\/bayern-apresenta-banjaqui-na-lista-de-reforcos-para-o-verao\/#primaryimage\"},\"thumbnailUrl\":\"https:\/\/portaltela.pt\/s.01k8rhncp4jt1\/2026\/03\/img_920x518uu2026-02-25-14-13-51-2423599.jpg\",\"keywords\":[\"Benfica\",\"Benfica SAD\",\"contratos\",\"Feyenoord\",\"futebol\",\"transfer\u00eancias internacionais\"],\"articleSection\":[\"Desporto\",\"Futebol\"],\"inLanguage\":\"pt-PT\"},{\"@type\":\"WebPage\",\"@id\":\"https:\/\/portaltela.pt\/noticias\/2026\/03\/02\/bayern-apresenta-banjaqui-na-lista-de-reforcos-para-o-verao\/\",\"url\":\"https:\/\/portaltela.pt\/noticias\/2026\/03\/02\/bayern-apresenta-banjaqui-na-lista-de-reforcos-para-o-verao\/\",\"name\":\"Bayern apresenta Banjaqui na lista de refor\u00e7os para o ver\u00e3o - Portal Tela Portugal\",\"isPartOf\":{\"@id\":\"https:\/\/portaltela.pt\/#website\"},\"primaryImageOfPage\":{\"@id\":\"https:\/\/portaltela.pt\/noticias\/2026\/03\/02\/bayern-apresenta-banjaqui-na-lista-de-reforcos-para-o-verao\/#primaryimage\"},\"image\":{\"@id\":\"https:\/\/portaltela.pt\/noticias\/2026\/03\/02\/bayern-apresenta-banjaqui-na-lista-de-reforcos-para-o-verao\/#primaryimage\"},\"thumbnailUrl\":\"https:\/\/portaltela.pt\/s.01k8rhncp4jt1\/2026\/03\/img_920x518uu2026-02-25-14-13-51-2423599.jpg\",\"datePublished\":\"2026-03-02T19:01:00+00:00\",\"author\":{\"@id\":\"https:\/\/portaltela.pt\/#\/schema\/person\/c4278d4a6028830caff9ee44b42d32ed\"},\"breadcrumb\":{\"@id\":\"https:\/\/portaltela.pt\/noticias\/2026\/03\/02\/bayern-apresenta-banjaqui-na-lista-de-reforcos-para-o-verao\/#breadcrumb\"},\"inLanguage\":\"pt-PT\",\"potentialAction\":[{\"@type\":\"ReadAction\",\"target\":[\"https:\/\/portaltela.pt\/noticias\/2026\/03\/02\/bayern-apresenta-banjaqui-na-lista-de-reforcos-para-o-verao\/\"]}]},{\"@type\":\"ImageObject\",\"inLanguage\":\"pt-PT\",\"@id\":\"https:\/\/portaltela.pt\/noticias\/2026\/03\/02\/bayern-apresenta-banjaqui-na-lista-de-reforcos-para-o-verao\/#primaryimage\",\"url\":\"https:\/\/portaltela.pt\/s.01k8rhncp4jt1\/2026\/03\/img_920x518uu2026-02-25-14-13-51-2423599.jpg\",\"contentUrl\":\"https:\/\/portaltela.pt\/s.01k8rhncp4jt1\/2026\/03\/img_920x518uu2026-02-25-14-13-51-2423599.jpg\",\"width\":796,\"height\":448,\"caption\":\"Daniel Banjaqui cobi\u00e7ado na Alemanha\"},{\"@type\":\"BreadcrumbList\",\"@id\":\"https:\/\/portaltela.pt\/noticias\/2026\/03\/02\/bayern-apresenta-banjaqui-na-lista-de-reforcos-para-o-verao\/#breadcrumb\",\"itemListElement\":[{\"@type\":\"ListItem\",\"position\":1,\"name\":\"In\u00edcio\",\"item\":\"https:\/\/portaltela.pt\/\"},{\"@type\":\"ListItem\",\"position\":2,\"name\":\"Bayern apresenta Banjaqui na lista de refor\u00e7os para o ver\u00e3o\"}]},{\"@type\":\"WebSite\",\"@id\":\"https:\/\/portaltela.pt\/#website\",\"url\":\"https:\/\/portaltela.pt\/\",\"name\":\"Portal Tela Portugal\",\"description\":\"\",\"potentialAction\":[{\"@type\":\"SearchAction\",\"target\":{\"@type\":\"EntryPoint\",\"urlTemplate\":\"https:\/\/portaltela.pt\/?s={search_term_string}\"},\"query-input\":{\"@type\":\"PropertyValueSpecification\",\"valueRequired\":true,\"valueName\":\"search_term_string\"}}],\"inLanguage\":\"pt-PT\"},{\"@type\":\"Person\",\"@id\":\"https:\/\/portaltela.pt\/#\/schema\/person\/c4278d4a6028830caff9ee44b42d32ed\",\"name\":\"Telinha\",\"image\":{\"@type\":\"ImageObject\",\"inLanguage\":\"pt-PT\",\"@id\":\"https:\/\/portaltela.pt\/s.01k8rhncp4jt1\/2025\/11\/talking-bot-125x125.png\",\"url\":\"https:\/\/portaltela.pt\/s.01k8rhncp4jt1\/2025\/11\/talking-bot-125x125.png\",\"contentUrl\":\"https:\/\/portaltela.pt\/s.01k8rhncp4jt1\/2025\/11\/talking-bot-125x125.png\",\"caption\":\"Telinha\"},\"sameAs\":[\"https:\/\/portaltela.pt\/\"],\"url\":\"https:\/\/portaltela.pt\/por\/367410592786\/\"}]}<\/script>\n<!-- \/ Yoast SEO plugin. -->","yoast_head_json":{"title":"Bayern apresenta Banjaqui na lista de refor\u00e7os para o ver\u00e3o - Portal Tela Portugal","robots":{"index":"index","follow":"follow","max-snippet":"max-snippet:-1","max-image-preview":"max-image-preview:large","max-video-preview":"max-video-preview:-1"},"og_locale":"pt_PT","og_type":"article","og_title":"Bayern apresenta Banjaqui na lista de refor\u00e7os para o ver\u00e3o - Portal Tela Portugal","og_description":"Daniel Banjaqui est\u00e1 na lista de poss\u00edveis refor\u00e7os do Bayern de Munique, segundo Florian Plettenburg, da Sky Sport. O Bayern procura um defesa-direito para o ver\u00e3o e tem Givairo Read (19 anos, Feyenoord) como alvo principal, sem abandonar Banjaqui como op\u00e7\u00e3o. O Benfica est\u00e1 a negociar a renova\u00e7\u00e3o do contrato de Banjaqui, mas a assinatura s\u00f3 pode ocorrer quando o jogador completar a maioridade em 24 de mar\u00e7o. O jogador soma tr\u00eas appearances pela equipa principal do Benfica e tem jogado pela equipa B nas \u00faltimas semanas. Bah voltou a competir com Dedic pela posi\u00e7\u00e3o, fortalecendo a disputa no plantel encarnado.","og_url":"https:\/\/portaltela.pt\/noticias\/2026\/03\/02\/bayern-apresenta-banjaqui-na-lista-de-reforcos-para-o-verao\/","og_site_name":"Portal Tela Portugal","article_published_time":"2026-03-02T19:01:00+00:00","author":"Telinha","twitter_card":"summary_large_image","twitter_misc":{"Escrito por":"Telinha","Tempo estimado de leitura":"1 minuto"},"schema":{"@context":"https:\/\/schema.org","@graph":[{"@type":"Article","@id":"https:\/\/portaltela.pt\/noticias\/2026\/03\/02\/bayern-apresenta-banjaqui-na-lista-de-reforcos-para-o-verao\/#article","isPartOf":{"@id":"https:\/\/portaltela.pt\/noticias\/2026\/03\/02\/bayern-apresenta-banjaqui-na-lista-de-reforcos-para-o-verao\/"},"author":{"name":"Telinha","@id":"https:\/\/portaltela.pt\/#\/schema\/person\/c4278d4a6028830caff9ee44b42d32ed"},"headline":"Bayern apresenta Banjaqui na lista de refor\u00e7os para o ver\u00e3o","datePublished":"2026-03-02T19:01:00+00:00","mainEntityOfPage":{"@id":"https:\/\/portaltela.pt\/noticias\/2026\/03\/02\/bayern-apresenta-banjaqui-na-lista-de-reforcos-para-o-verao\/"},"wordCount":148,"image":{"@id":"https:\/\/portaltela.pt\/noticias\/2026\/03\/02\/bayern-apresenta-banjaqui-na-lista-de-reforcos-para-o-verao\/#primaryimage"},"thumbnailUrl":"https:\/\/portaltela.pt\/s.01k8rhncp4jt1\/2026\/03\/img_920x518uu2026-02-25-14-13-51-2423599.jpg","keywords":["Benfica","Benfica SAD","contratos","Feyenoord","futebol","transfer\u00eancias internacionais"],"articleSection":["Desporto","Futebol"],"inLanguage":"pt-PT"},{"@type":"WebPage","@id":"https:\/\/portaltela.pt\/noticias\/2026\/03\/02\/bayern-apresenta-banjaqui-na-lista-de-reforcos-para-o-verao\/","url":"https:\/\/portaltela.pt\/noticias\/2026\/03\/02\/bayern-apresenta-banjaqui-na-lista-de-reforcos-para-o-verao\/","name":"Bayern apresenta Banjaqui na lista de refor\u00e7os para o ver\u00e3o - Portal Tela Portugal","isPartOf":{"@id":"https:\/\/portaltela.pt\/#website"},"primaryImageOfPage":{"@id":"https:\/\/portaltela.pt\/noticias\/2026\/03\/02\/bayern-apresenta-banjaqui-na-lista-de-reforcos-para-o-verao\/#primaryimage"},"image":{"@id":"https:\/\/portaltela.pt\/noticias\/2026\/03\/02\/bayern-apresenta-banjaqui-na-lista-de-reforcos-para-o-verao\/#primaryimage"},"thumbnailUrl":"https:\/\/portaltela.pt\/s.01k8rhncp4jt1\/2026\/03\/img_920x518uu2026-02-25-14-13-51-2423599.jpg","datePublished":"2026-03-02T19:01:00+00:00","author":{"@id":"https:\/\/portaltela.pt\/#\/schema\/person\/c4278d4a6028830caff9ee44b42d32ed"},"breadcrumb":{"@id":"https:\/\/portaltela.pt\/noticias\/2026\/03\/02\/bayern-apresenta-banjaqui-na-lista-de-reforcos-para-o-verao\/#breadcrumb"},"inLanguage":"pt-PT","potentialAction":[{"@type":"ReadAction","target":["https:\/\/portaltela.pt\/noticias\/2026\/03\/02\/bayern-apresenta-banjaqui-na-lista-de-reforcos-para-o-verao\/"]}]},{"@type":"ImageObject","inLanguage":"pt-PT","@id":"https:\/\/portaltela.pt\/noticias\/2026\/03\/02\/bayern-apresenta-banjaqui-na-lista-de-reforcos-para-o-verao\/#primaryimage","url":"https:\/\/portaltela.pt\/s.01k8rhncp4jt1\/2026\/03\/img_920x518uu2026-02-25-14-13-51-2423599.jpg","contentUrl":"https:\/\/portaltela.pt\/s.01k8rhncp4jt1\/2026\/03\/img_920x518uu2026-02-25-14-13-51-2423599.jpg","width":796,"height":448,"caption":"Daniel Banjaqui cobi\u00e7ado na Alemanha"},{"@type":"BreadcrumbList","@id":"https:\/\/portaltela.pt\/noticias\/2026\/03\/02\/bayern-apresenta-banjaqui-na-lista-de-reforcos-para-o-verao\/#breadcrumb","itemListElement":[{"@type":"ListItem","position":1,"name":"In\u00edcio","item":"https:\/\/portaltela.pt\/"},{"@type":"ListItem","position":2,"name":"Bayern apresenta Banjaqui na lista de refor\u00e7os para o ver\u00e3o"}]},{"@type":"WebSite","@id":"https:\/\/portaltela.pt\/#website","url":"https:\/\/portaltela.pt\/","name":"Portal Tela Portugal","description":"","potentialAction":[{"@type":"SearchAction","target":{"@type":"EntryPoint","urlTemplate":"https:\/\/portaltela.pt\/?s={search_term_string}"},"query-input":{"@type":"PropertyValueSpecification","valueRequired":true,"valueName":"search_term_string"}}],"inLanguage":"pt-PT"},{"@type":"Person","@id":"https:\/\/portaltela.pt\/#\/schema\/person\/c4278d4a6028830caff9ee44b42d32ed","name":"Telinha","image":{"@type":"ImageObject","inLanguage":"pt-PT","@id":"https:\/\/portaltela.pt\/s.01k8rhncp4jt1\/2025\/11\/talking-bot-125x125.png","url":"https:\/\/portaltela.pt\/s.01k8rhncp4jt1\/2025\/11\/talking-bot-125x125.png","contentUrl":"https:\/\/portaltela.pt\/s.01k8rhncp4jt1\/2025\/11\/talking-bot-125x125.png","caption":"Telinha"},"sameAs":["https:\/\/portaltela.pt\/"],"url":"https:\/\/portaltela.pt\/por\/367410592786\/"}]}},"_links":{"self":[{"href":"https:\/\/portaltela.pt\/api\/wp\/v2\/posts\/394812","targetHints":{"allow":["GET"]}}],"collection":[{"href":"https:\/\/portaltela.pt\/api\/wp\/v2\/posts"}],"about":[{"href":"https:\/\/portaltela.pt\/api\/wp\/v2\/types\/post"}],"author":[{"embeddable":true,"href":"https:\/\/portaltela.pt\/api\/wp\/v2\/users\/2"}],"replies":[{"embeddable":true,"href":"https:\/\/portaltela.pt\/api\/wp\/v2\/comments?post=394812"}],"version-history":[{"count":0,"href":"https:\/\/portaltela.pt\/api\/wp\/v2\/posts\/394812\/revisions"}],"wp:featuredmedia":[{"embeddable":true,"href":"https:\/\/portaltela.pt\/api\/wp\/v2\/media\/394821"}],"wp:attachment":[{"href":"https:\/\/portaltela.pt\/api\/wp\/v2\/media?parent=394812"}],"wp:term":[{"taxonomy":"category","embeddable":true,"href":"https:\/\/portaltela.pt\/api\/wp\/v2\/categories?post=394812"},{"taxonomy":"post_tag","embeddable":true,"href":"https:\/\/portaltela.pt\/api\/wp\/v2\/tags?post=394812"}],"curies":[{"name":"wp","href":"https:\/\/api.w.org\/{rel}","templated":true}]}}