{"id":394809,"date":"2026-03-02T16:00:48","date_gmt":"2026-03-02T19:00:48","guid":{"rendered":"https:\/\/portaltela.pt\/noticias\/2026\/03\/02\/governo-procura-terminar-centro-nautico-de-montemor-o-velho-a-tempo-do-europeu\/"},"modified":"2026-03-02T16:00:48","modified_gmt":"2026-03-02T19:00:48","slug":"governo-procura-terminar-centro-nautico-de-montemor-o-velho-a-tempo-do-europeu","status":"publish","type":"post","link":"https:\/\/portaltela.pt\/desporto\/2026\/03\/02\/governo-procura-terminar-centro-nautico-de-montemor-o-velho-a-tempo-do-europeu\/","title":{"rendered":"Governo procura terminar Centro N\u00e1utico de Montemor-o-Velho a tempo do Europeu"},"content":{"rendered":"<p>A ministra da Cultura, Juventude e Desporto afirmou hoje que o Governo vai trabalhar para recuperar o Centro N\u00e1utico de Alto Rendimento de Montemor-o-Velho a tempo de receber o Campeonato Europeu de canoagem em junho. A prioridade \u00e9 colocar o equipamento em condi\u00e7\u00f5es para o evento.<\/p>\n<p>A governante reuniu-se com o executivo municipal de Montemor-o-Velho, no distrito de Coimbra, e visitou o centro, que sofreu preju\u00edzos estimados em 2,6 milh\u00f5es de euros devido \u00e0s cheias do Mondego no in\u00edcio de fevereiro. O papel central do munic\u00edpio, do IPDJ e das federa\u00e7\u00f5es envolve um cronograma de interven\u00e7\u00f5es.<\/p>\n<p>At\u00e9 ao final desta semana dever\u00e1 ficar definido o plano de a\u00e7\u00f5es, informou Margarida Balseiro Lopes, com a Secretaria de Estado do Desporto, Pedro Dias, e o presidente do Comit\u00e9 Ol\u00edmpico de Portugal, Fernando Gomes, a acompanhar.<\/p>\n<h3>Cronograma de interven\u00e7\u00f5es e participa\u00e7\u00e3o<\/h3>\n<p>O objetivo \u00e9 que, at\u00e9 junho, o centro esteja apto a acolher o Europeu de canoagem, mantendo outras interven\u00e7\u00f5es para um momento posterior. Algumas obras s\u00e3o priorit\u00e1rias para j\u00e1, outras poder\u00e3o ficar para fases seguintes.<\/p>\n<p>O Centro N\u00e1utico de Montemor-o-Velho \u00e9 uma das principais infraestruturas afetadas pelas cheias no Baixo Mondego. O evento de 2026, entre 10 e 14 de junho, faz parte do apuramento ol\u00edmpico para Los Angeles 2026.<\/p>\n","protected":false},"excerpt":{"rendered":"<ul>\n<li>O Governo quer recuperar o Centro N\u00e1utico de Alto Rendimento de Montemor-o-Velho a tempo do Campeonato Europeu de canoagem, em junho.<\/li>\n<li>O Centro sofreu preju\u00edzos estimados em 2,6 milh\u00f5es de euros devido \u00e0s cheias do Mondego no in\u00edcio de fevereiro.<\/li>\n<li>At\u00e9 ao final desta semana, com o papel central do munic\u00edpio, IPDJ e Federa\u00e7\u00f5es da Canoagem e Funda\u00e7\u00e3o do Desporto, deve ficar o cronograma das interven\u00e7\u00f5es.<\/li>\n<li>A prioridade \u00e9 garantir que a infraestrutura esteja oper\u00e1vel para junho, havendo depois interven\u00e7\u00f5es adicionais em prazo mais longo.<\/li>\n<li>O Europeu de 2026 de canoagem de velocidade em Montemor-o-Velho decorre entre 10 e 14 de junho e serve de apuramento ol\u00edmpico para Los Angeles 2026.<\/li>\n<\/ul>\n","protected":false},"author":2,"featured_media":394818,"comment_status":"closed","ping_status":"closed","sticky":false,"template":"","format":"standard","meta":{"footnotes":""},"categories":[21],"tags":[1132,5137,3701,1070,152,258],"class_list":["post-394809","post","type-post","status-publish","format-standard","has-post-thumbnail","hentry","category-desporto","tag-canoagem","tag-centro-nautico","tag-cheias","tag-coimbra","tag-desporto","tag-infraestruturas"],"yoast_head":"<!-- This site is optimized with the Yoast SEO plugin v27.2 - https:\/\/yoast.com\/product\/yoast-seo-wordpress\/ -->\n<title>Governo procura terminar Centro N\u00e1utico de Montemor-o-Velho a tempo do Europeu - Portal Tela Portugal<\/title>\n<meta name=\"robots\" content=\"index, follow, max-snippet:-1, max-image-preview:large, max-video-preview:-1\" \/>\n<meta property=\"og:locale\" content=\"pt_PT\" \/>\n<meta property=\"og:type\" content=\"article\" \/>\n<meta property=\"og:title\" content=\"Governo procura terminar Centro N\u00e1utico de Montemor-o-Velho a tempo do Europeu - Portal Tela Portugal\" \/>\n<meta property=\"og:description\" content=\"O Governo quer recuperar o Centro N\u00e1utico de Alto Rendimento de Montemor-o-Velho a tempo do Campeonato Europeu de canoagem, em junho. O Centro sofreu preju\u00edzos estimados em 2,6 milh\u00f5es de euros devido \u00e0s cheias do Mondego no in\u00edcio de fevereiro. At\u00e9 ao final desta semana, com o papel central do munic\u00edpio, IPDJ e Federa\u00e7\u00f5es da Canoagem e Funda\u00e7\u00e3o do Desporto, deve ficar o cronograma das interven\u00e7\u00f5es. A prioridade \u00e9 garantir que a infraestrutura esteja oper\u00e1vel para junho, havendo depois interven\u00e7\u00f5es adicionais em prazo mais longo. O Europeu de 2026 de canoagem de velocidade em Montemor-o-Velho decorre entre 10 e 14 de junho e serve de apuramento ol\u00edmpico para Los Angeles 2026.\" \/>\n<meta property=\"og:url\" content=\"https:\/\/portaltela.pt\/noticias\/2026\/03\/02\/governo-procura-terminar-centro-nautico-de-montemor-o-velho-a-tempo-do-europeu\/\" \/>\n<meta property=\"og:site_name\" content=\"Portal Tela Portugal\" \/>\n<meta property=\"article:published_time\" content=\"2026-03-02T19:00:48+00:00\" \/>\n<meta name=\"author\" content=\"Telinha\" \/>\n<meta name=\"twitter:card\" content=\"summary_large_image\" \/>\n<meta name=\"twitter:label1\" content=\"Escrito por\" \/>\n\t<meta name=\"twitter:data1\" content=\"Telinha\" \/>\n\t<meta name=\"twitter:label2\" content=\"Tempo estimado de leitura\" \/>\n\t<meta name=\"twitter:data2\" content=\"1 minuto\" \/>\n<script type=\"application\/ld+json\" class=\"yoast-schema-graph\">{\"@context\":\"https:\/\/schema.org\",\"@graph\":[{\"@type\":\"Article\",\"@id\":\"https:\/\/portaltela.pt\/noticias\/2026\/03\/02\/governo-procura-terminar-centro-nautico-de-montemor-o-velho-a-tempo-do-europeu\/#article\",\"isPartOf\":{\"@id\":\"https:\/\/portaltela.pt\/noticias\/2026\/03\/02\/governo-procura-terminar-centro-nautico-de-montemor-o-velho-a-tempo-do-europeu\/\"},\"author\":{\"name\":\"Telinha\",\"@id\":\"https:\/\/portaltela.pt\/#\/schema\/person\/c4278d4a6028830caff9ee44b42d32ed\"},\"headline\":\"Governo procura terminar Centro N\u00e1utico de Montemor-o-Velho a tempo do Europeu\",\"datePublished\":\"2026-03-02T19:00:48+00:00\",\"mainEntityOfPage\":{\"@id\":\"https:\/\/portaltela.pt\/noticias\/2026\/03\/02\/governo-procura-terminar-centro-nautico-de-montemor-o-velho-a-tempo-do-europeu\/\"},\"wordCount\":230,\"image\":{\"@id\":\"https:\/\/portaltela.pt\/noticias\/2026\/03\/02\/governo-procura-terminar-centro-nautico-de-montemor-o-velho-a-tempo-do-europeu\/#primaryimage\"},\"thumbnailUrl\":\"https:\/\/portaltela.pt\/s.01k8rhncp4jt1\/2026\/03\/img_293x165uu2026-02-13-14-33-00-2421332.jpg\",\"keywords\":[\"canoagem\",\"Centro N\u00e1utico\",\"cheias\",\"Coimbra\",\"desporto\",\"infraestruturas\"],\"articleSection\":[\"Desporto\"],\"inLanguage\":\"pt-PT\"},{\"@type\":\"WebPage\",\"@id\":\"https:\/\/portaltela.pt\/noticias\/2026\/03\/02\/governo-procura-terminar-centro-nautico-de-montemor-o-velho-a-tempo-do-europeu\/\",\"url\":\"https:\/\/portaltela.pt\/noticias\/2026\/03\/02\/governo-procura-terminar-centro-nautico-de-montemor-o-velho-a-tempo-do-europeu\/\",\"name\":\"Governo procura terminar Centro N\u00e1utico de Montemor-o-Velho a tempo do Europeu - Portal Tela Portugal\",\"isPartOf\":{\"@id\":\"https:\/\/portaltela.pt\/#website\"},\"primaryImageOfPage\":{\"@id\":\"https:\/\/portaltela.pt\/noticias\/2026\/03\/02\/governo-procura-terminar-centro-nautico-de-montemor-o-velho-a-tempo-do-europeu\/#primaryimage\"},\"image\":{\"@id\":\"https:\/\/portaltela.pt\/noticias\/2026\/03\/02\/governo-procura-terminar-centro-nautico-de-montemor-o-velho-a-tempo-do-europeu\/#primaryimage\"},\"thumbnailUrl\":\"https:\/\/portaltela.pt\/s.01k8rhncp4jt1\/2026\/03\/img_293x165uu2026-02-13-14-33-00-2421332.jpg\",\"datePublished\":\"2026-03-02T19:00:48+00:00\",\"author\":{\"@id\":\"https:\/\/portaltela.pt\/#\/schema\/person\/c4278d4a6028830caff9ee44b42d32ed\"},\"breadcrumb\":{\"@id\":\"https:\/\/portaltela.pt\/noticias\/2026\/03\/02\/governo-procura-terminar-centro-nautico-de-montemor-o-velho-a-tempo-do-europeu\/#breadcrumb\"},\"inLanguage\":\"pt-PT\",\"potentialAction\":[{\"@type\":\"ReadAction\",\"target\":[\"https:\/\/portaltela.pt\/noticias\/2026\/03\/02\/governo-procura-terminar-centro-nautico-de-montemor-o-velho-a-tempo-do-europeu\/\"]}]},{\"@type\":\"ImageObject\",\"inLanguage\":\"pt-PT\",\"@id\":\"https:\/\/portaltela.pt\/noticias\/2026\/03\/02\/governo-procura-terminar-centro-nautico-de-montemor-o-velho-a-tempo-do-europeu\/#primaryimage\",\"url\":\"https:\/\/portaltela.pt\/s.01k8rhncp4jt1\/2026\/03\/img_293x165uu2026-02-13-14-33-00-2421332.jpg\",\"contentUrl\":\"https:\/\/portaltela.pt\/s.01k8rhncp4jt1\/2026\/03\/img_293x165uu2026-02-13-14-33-00-2421332.jpg\",\"width\":796,\"height\":448,\"caption\":\"Mau tempo: Governo quer Centro N\u00e1utico de Montemor-o-Velho a tempo do Europeu\"},{\"@type\":\"BreadcrumbList\",\"@id\":\"https:\/\/portaltela.pt\/noticias\/2026\/03\/02\/governo-procura-terminar-centro-nautico-de-montemor-o-velho-a-tempo-do-europeu\/#breadcrumb\",\"itemListElement\":[{\"@type\":\"ListItem\",\"position\":1,\"name\":\"In\u00edcio\",\"item\":\"https:\/\/portaltela.pt\/\"},{\"@type\":\"ListItem\",\"position\":2,\"name\":\"Governo procura terminar Centro N\u00e1utico de Montemor-o-Velho a tempo do Europeu\"}]},{\"@type\":\"WebSite\",\"@id\":\"https:\/\/portaltela.pt\/#website\",\"url\":\"https:\/\/portaltela.pt\/\",\"name\":\"Portal Tela Portugal\",\"description\":\"\",\"potentialAction\":[{\"@type\":\"SearchAction\",\"target\":{\"@type\":\"EntryPoint\",\"urlTemplate\":\"https:\/\/portaltela.pt\/?s={search_term_string}\"},\"query-input\":{\"@type\":\"PropertyValueSpecification\",\"valueRequired\":true,\"valueName\":\"search_term_string\"}}],\"inLanguage\":\"pt-PT\"},{\"@type\":\"Person\",\"@id\":\"https:\/\/portaltela.pt\/#\/schema\/person\/c4278d4a6028830caff9ee44b42d32ed\",\"name\":\"Telinha\",\"image\":{\"@type\":\"ImageObject\",\"inLanguage\":\"pt-PT\",\"@id\":\"https:\/\/portaltela.pt\/s.01k8rhncp4jt1\/2025\/11\/talking-bot-125x125.png\",\"url\":\"https:\/\/portaltela.pt\/s.01k8rhncp4jt1\/2025\/11\/talking-bot-125x125.png\",\"contentUrl\":\"https:\/\/portaltela.pt\/s.01k8rhncp4jt1\/2025\/11\/talking-bot-125x125.png\",\"caption\":\"Telinha\"},\"sameAs\":[\"https:\/\/portaltela.pt\/\"],\"url\":\"https:\/\/portaltela.pt\/por\/367410592786\/\"}]}<\/script>\n<!-- \/ Yoast SEO plugin. -->","yoast_head_json":{"title":"Governo procura terminar Centro N\u00e1utico de Montemor-o-Velho a tempo do Europeu - Portal Tela Portugal","robots":{"index":"index","follow":"follow","max-snippet":"max-snippet:-1","max-image-preview":"max-image-preview:large","max-video-preview":"max-video-preview:-1"},"og_locale":"pt_PT","og_type":"article","og_title":"Governo procura terminar Centro N\u00e1utico de Montemor-o-Velho a tempo do Europeu - Portal Tela Portugal","og_description":"O Governo quer recuperar o Centro N\u00e1utico de Alto Rendimento de Montemor-o-Velho a tempo do Campeonato Europeu de canoagem, em junho. O Centro sofreu preju\u00edzos estimados em 2,6 milh\u00f5es de euros devido \u00e0s cheias do Mondego no in\u00edcio de fevereiro. At\u00e9 ao final desta semana, com o papel central do munic\u00edpio, IPDJ e Federa\u00e7\u00f5es da Canoagem e Funda\u00e7\u00e3o do Desporto, deve ficar o cronograma das interven\u00e7\u00f5es. A prioridade \u00e9 garantir que a infraestrutura esteja oper\u00e1vel para junho, havendo depois interven\u00e7\u00f5es adicionais em prazo mais longo. O Europeu de 2026 de canoagem de velocidade em Montemor-o-Velho decorre entre 10 e 14 de junho e serve de apuramento ol\u00edmpico para Los Angeles 2026.","og_url":"https:\/\/portaltela.pt\/noticias\/2026\/03\/02\/governo-procura-terminar-centro-nautico-de-montemor-o-velho-a-tempo-do-europeu\/","og_site_name":"Portal Tela Portugal","article_published_time":"2026-03-02T19:00:48+00:00","author":"Telinha","twitter_card":"summary_large_image","twitter_misc":{"Escrito por":"Telinha","Tempo estimado de leitura":"1 minuto"},"schema":{"@context":"https:\/\/schema.org","@graph":[{"@type":"Article","@id":"https:\/\/portaltela.pt\/noticias\/2026\/03\/02\/governo-procura-terminar-centro-nautico-de-montemor-o-velho-a-tempo-do-europeu\/#article","isPartOf":{"@id":"https:\/\/portaltela.pt\/noticias\/2026\/03\/02\/governo-procura-terminar-centro-nautico-de-montemor-o-velho-a-tempo-do-europeu\/"},"author":{"name":"Telinha","@id":"https:\/\/portaltela.pt\/#\/schema\/person\/c4278d4a6028830caff9ee44b42d32ed"},"headline":"Governo procura terminar Centro N\u00e1utico de Montemor-o-Velho a tempo do Europeu","datePublished":"2026-03-02T19:00:48+00:00","mainEntityOfPage":{"@id":"https:\/\/portaltela.pt\/noticias\/2026\/03\/02\/governo-procura-terminar-centro-nautico-de-montemor-o-velho-a-tempo-do-europeu\/"},"wordCount":230,"image":{"@id":"https:\/\/portaltela.pt\/noticias\/2026\/03\/02\/governo-procura-terminar-centro-nautico-de-montemor-o-velho-a-tempo-do-europeu\/#primaryimage"},"thumbnailUrl":"https:\/\/portaltela.pt\/s.01k8rhncp4jt1\/2026\/03\/img_293x165uu2026-02-13-14-33-00-2421332.jpg","keywords":["canoagem","Centro N\u00e1utico","cheias","Coimbra","desporto","infraestruturas"],"articleSection":["Desporto"],"inLanguage":"pt-PT"},{"@type":"WebPage","@id":"https:\/\/portaltela.pt\/noticias\/2026\/03\/02\/governo-procura-terminar-centro-nautico-de-montemor-o-velho-a-tempo-do-europeu\/","url":"https:\/\/portaltela.pt\/noticias\/2026\/03\/02\/governo-procura-terminar-centro-nautico-de-montemor-o-velho-a-tempo-do-europeu\/","name":"Governo procura terminar Centro N\u00e1utico de Montemor-o-Velho a tempo do Europeu - Portal Tela Portugal","isPartOf":{"@id":"https:\/\/portaltela.pt\/#website"},"primaryImageOfPage":{"@id":"https:\/\/portaltela.pt\/noticias\/2026\/03\/02\/governo-procura-terminar-centro-nautico-de-montemor-o-velho-a-tempo-do-europeu\/#primaryimage"},"image":{"@id":"https:\/\/portaltela.pt\/noticias\/2026\/03\/02\/governo-procura-terminar-centro-nautico-de-montemor-o-velho-a-tempo-do-europeu\/#primaryimage"},"thumbnailUrl":"https:\/\/portaltela.pt\/s.01k8rhncp4jt1\/2026\/03\/img_293x165uu2026-02-13-14-33-00-2421332.jpg","datePublished":"2026-03-02T19:00:48+00:00","author":{"@id":"https:\/\/portaltela.pt\/#\/schema\/person\/c4278d4a6028830caff9ee44b42d32ed"},"breadcrumb":{"@id":"https:\/\/portaltela.pt\/noticias\/2026\/03\/02\/governo-procura-terminar-centro-nautico-de-montemor-o-velho-a-tempo-do-europeu\/#breadcrumb"},"inLanguage":"pt-PT","potentialAction":[{"@type":"ReadAction","target":["https:\/\/portaltela.pt\/noticias\/2026\/03\/02\/governo-procura-terminar-centro-nautico-de-montemor-o-velho-a-tempo-do-europeu\/"]}]},{"@type":"ImageObject","inLanguage":"pt-PT","@id":"https:\/\/portaltela.pt\/noticias\/2026\/03\/02\/governo-procura-terminar-centro-nautico-de-montemor-o-velho-a-tempo-do-europeu\/#primaryimage","url":"https:\/\/portaltela.pt\/s.01k8rhncp4jt1\/2026\/03\/img_293x165uu2026-02-13-14-33-00-2421332.jpg","contentUrl":"https:\/\/portaltela.pt\/s.01k8rhncp4jt1\/2026\/03\/img_293x165uu2026-02-13-14-33-00-2421332.jpg","width":796,"height":448,"caption":"Mau tempo: Governo quer Centro N\u00e1utico de Montemor-o-Velho a tempo do Europeu"},{"@type":"BreadcrumbList","@id":"https:\/\/portaltela.pt\/noticias\/2026\/03\/02\/governo-procura-terminar-centro-nautico-de-montemor-o-velho-a-tempo-do-europeu\/#breadcrumb","itemListElement":[{"@type":"ListItem","position":1,"name":"In\u00edcio","item":"https:\/\/portaltela.pt\/"},{"@type":"ListItem","position":2,"name":"Governo procura terminar Centro N\u00e1utico de Montemor-o-Velho a tempo do Europeu"}]},{"@type":"WebSite","@id":"https:\/\/portaltela.pt\/#website","url":"https:\/\/portaltela.pt\/","name":"Portal Tela Portugal","description":"","potentialAction":[{"@type":"SearchAction","target":{"@type":"EntryPoint","urlTemplate":"https:\/\/portaltela.pt\/?s={search_term_string}"},"query-input":{"@type":"PropertyValueSpecification","valueRequired":true,"valueName":"search_term_string"}}],"inLanguage":"pt-PT"},{"@type":"Person","@id":"https:\/\/portaltela.pt\/#\/schema\/person\/c4278d4a6028830caff9ee44b42d32ed","name":"Telinha","image":{"@type":"ImageObject","inLanguage":"pt-PT","@id":"https:\/\/portaltela.pt\/s.01k8rhncp4jt1\/2025\/11\/talking-bot-125x125.png","url":"https:\/\/portaltela.pt\/s.01k8rhncp4jt1\/2025\/11\/talking-bot-125x125.png","contentUrl":"https:\/\/portaltela.pt\/s.01k8rhncp4jt1\/2025\/11\/talking-bot-125x125.png","caption":"Telinha"},"sameAs":["https:\/\/portaltela.pt\/"],"url":"https:\/\/portaltela.pt\/por\/367410592786\/"}]}},"_links":{"self":[{"href":"https:\/\/portaltela.pt\/api\/wp\/v2\/posts\/394809","targetHints":{"allow":["GET"]}}],"collection":[{"href":"https:\/\/portaltela.pt\/api\/wp\/v2\/posts"}],"about":[{"href":"https:\/\/portaltela.pt\/api\/wp\/v2\/types\/post"}],"author":[{"embeddable":true,"href":"https:\/\/portaltela.pt\/api\/wp\/v2\/users\/2"}],"replies":[{"embeddable":true,"href":"https:\/\/portaltela.pt\/api\/wp\/v2\/comments?post=394809"}],"version-history":[{"count":0,"href":"https:\/\/portaltela.pt\/api\/wp\/v2\/posts\/394809\/revisions"}],"wp:featuredmedia":[{"embeddable":true,"href":"https:\/\/portaltela.pt\/api\/wp\/v2\/media\/394818"}],"wp:attachment":[{"href":"https:\/\/portaltela.pt\/api\/wp\/v2\/media?parent=394809"}],"wp:term":[{"taxonomy":"category","embeddable":true,"href":"https:\/\/portaltela.pt\/api\/wp\/v2\/categories?post=394809"},{"taxonomy":"post_tag","embeddable":true,"href":"https:\/\/portaltela.pt\/api\/wp\/v2\/tags?post=394809"}],"curies":[{"name":"wp","href":"https:\/\/api.w.org\/{rel}","templated":true}]}}