{"id":394790,"date":"2026-03-02T15:53:11","date_gmt":"2026-03-02T18:53:11","guid":{"rendered":"https:\/\/portaltela.pt\/noticias\/2026\/03\/02\/god-of-war-tera-faye-como-protagonista\/"},"modified":"2026-03-02T15:53:11","modified_gmt":"2026-03-02T18:53:11","slug":"god-of-war-tera-faye-como-protagonista","status":"publish","type":"post","link":"https:\/\/portaltela.pt\/noticias\/2026\/03\/02\/god-of-war-tera-faye-como-protagonista\/","title":{"rendered":"God of War ter\u00e1 Faye como protagonista"},"content":{"rendered":"<p>O pr\u00f3ximo jogo da saga God of War poder\u00e1 ter Faye como protagonista, segundo rumores que chegam dos Estados Unidos. A informa\u00e7\u00e3o surge com base na afirma\u00e7\u00e3o de uma fonte conhecida no tema.<\/p>\n<p>De acordo com a alegada divulga\u00e7\u00e3o, Faye, esposa de Kratos e m\u00e3e de Atreus, seria a protagonista do t\u00edtulo em quest\u00e3o. A ideia sugere uma narrativa ligada aos dois jogos mais recentes, considerando eventos anteriores ao lan\u00e7amento de 2018.<\/p>\n<p>A fonte que sustenta a especula\u00e7\u00e3o \u00e9 o perfil conhecido como NateTheHate, considerado cred\u00edvel no universo da saga. A not\u00edcia n\u00e3o confirma oficialmente a localiza\u00e7\u00e3o exata da a\u00e7\u00e3o, apenas aponta o per\u00edodo que a narrativa pode abranger.<\/p>\n<p>Quanto \u00e0 data de lan\u00e7amento, a mesma fonte avan\u00e7a que o jogo n\u00e3o dever\u00e1 chegar ao mercado antes de 2027. N\u00e3o h\u00e1 confirma\u00e7\u00e3o formal por parte da Sony ou da Santa Monica Studio sobre este alegado projeto.<\/p>\n","protected":false},"excerpt":{"rendered":"<ul>\n<li>Rumores vindos dos Estados Unidos sugerem que o pr\u00f3ximo God of War ter\u00e1 Faye como protagonista, mulher de Kratos e m\u00e3e de Atreus.<\/li>\n<li>A informa\u00e7\u00e3o foi partilhada por \u201cNateTheHate\u201d, uma fonte que tem sido considerada cred\u00edvel no que diz respeito \u00e0 saga.<\/li>\n<li>Se Faye for a protagonista, a narrativa poder\u00e1 ligar-se aos dois jogos mais recentes, ocorrendo antes do t\u00edtulo de 2018.<\/li>\n<li>O lan\u00e7amento deste jogo n\u00e3o dever\u00e1 acontecer antes de 2027, segundo a mesma fonte.<\/li>\n<\/ul>\n","protected":false},"author":2,"featured_media":394799,"comment_status":"closed","ping_status":"closed","sticky":false,"template":"","format":"standard","meta":{"footnotes":""},"categories":[1],"tags":[145,77,5547,41,6014,4043],"class_list":["post-394790","post","type-post","status-publish","format-standard","has-post-thumbnail","hentry","category-noticias","tag-cultura","tag-curiosidades","tag-informacao-internacional","tag-noticia","tag-noticias-internacionais","tag-rumores-internacionais"],"yoast_head":"<!-- This site is optimized with the Yoast SEO plugin v27.2 - https:\/\/yoast.com\/product\/yoast-seo-wordpress\/ -->\n<title>God of War ter\u00e1 Faye como protagonista - Portal Tela Portugal<\/title>\n<meta name=\"robots\" content=\"index, follow, max-snippet:-1, max-image-preview:large, max-video-preview:-1\" \/>\n<meta property=\"og:locale\" content=\"pt_PT\" \/>\n<meta property=\"og:type\" content=\"article\" \/>\n<meta property=\"og:title\" content=\"God of War ter\u00e1 Faye como protagonista - Portal Tela Portugal\" \/>\n<meta property=\"og:description\" content=\"Rumores vindos dos Estados Unidos sugerem que o pr\u00f3ximo God of War ter\u00e1 Faye como protagonista, mulher de Kratos e m\u00e3e de Atreus. A informa\u00e7\u00e3o foi partilhada por \u201cNateTheHate\u201d, uma fonte que tem sido considerada cred\u00edvel no que diz respeito \u00e0 saga. Se Faye for a protagonista, a narrativa poder\u00e1 ligar-se aos dois jogos mais recentes, ocorrendo antes do t\u00edtulo de 2018. O lan\u00e7amento deste jogo n\u00e3o dever\u00e1 acontecer antes de 2027, segundo a mesma fonte.\" \/>\n<meta property=\"og:url\" content=\"https:\/\/portaltela.pt\/noticias\/2026\/03\/02\/god-of-war-tera-faye-como-protagonista\/\" \/>\n<meta property=\"og:site_name\" content=\"Portal Tela Portugal\" \/>\n<meta property=\"article:published_time\" content=\"2026-03-02T18:53:11+00:00\" \/>\n<meta name=\"author\" content=\"Telinha\" \/>\n<meta name=\"twitter:card\" content=\"summary_large_image\" \/>\n<meta name=\"twitter:label1\" content=\"Escrito por\" \/>\n\t<meta name=\"twitter:data1\" content=\"Telinha\" \/>\n\t<meta name=\"twitter:label2\" content=\"Tempo estimado de leitura\" \/>\n\t<meta name=\"twitter:data2\" content=\"1 minuto\" \/>\n<script type=\"application\/ld+json\" class=\"yoast-schema-graph\">{\"@context\":\"https:\/\/schema.org\",\"@graph\":[{\"@type\":\"Article\",\"@id\":\"https:\/\/portaltela.pt\/noticias\/2026\/03\/02\/god-of-war-tera-faye-como-protagonista\/#article\",\"isPartOf\":{\"@id\":\"https:\/\/portaltela.pt\/noticias\/2026\/03\/02\/god-of-war-tera-faye-como-protagonista\/\"},\"author\":{\"name\":\"Telinha\",\"@id\":\"https:\/\/portaltela.pt\/#\/schema\/person\/c4278d4a6028830caff9ee44b42d32ed\"},\"headline\":\"God of War ter\u00e1 Faye como protagonista\",\"datePublished\":\"2026-03-02T18:53:11+00:00\",\"mainEntityOfPage\":{\"@id\":\"https:\/\/portaltela.pt\/noticias\/2026\/03\/02\/god-of-war-tera-faye-como-protagonista\/\"},\"wordCount\":169,\"image\":{\"@id\":\"https:\/\/portaltela.pt\/noticias\/2026\/03\/02\/god-of-war-tera-faye-como-protagonista\/#primaryimage\"},\"thumbnailUrl\":\"https:\/\/portaltela.pt\/s.01k8rhncp4jt1\/2026\/03\/img_920x518uu2026-03-02-18-52-36-2424464.jpg\",\"keywords\":[\"cultura\",\"curiosidades\",\"informa\u00e7\u00e3o internacional\",\"not\u00edcia\",\"not\u00edcias internacionais\",\"rumores internacionais\"],\"articleSection\":[\"Not\u00edcias\"],\"inLanguage\":\"pt-PT\"},{\"@type\":\"WebPage\",\"@id\":\"https:\/\/portaltela.pt\/noticias\/2026\/03\/02\/god-of-war-tera-faye-como-protagonista\/\",\"url\":\"https:\/\/portaltela.pt\/noticias\/2026\/03\/02\/god-of-war-tera-faye-como-protagonista\/\",\"name\":\"God of War ter\u00e1 Faye como protagonista - Portal Tela Portugal\",\"isPartOf\":{\"@id\":\"https:\/\/portaltela.pt\/#website\"},\"primaryImageOfPage\":{\"@id\":\"https:\/\/portaltela.pt\/noticias\/2026\/03\/02\/god-of-war-tera-faye-como-protagonista\/#primaryimage\"},\"image\":{\"@id\":\"https:\/\/portaltela.pt\/noticias\/2026\/03\/02\/god-of-war-tera-faye-como-protagonista\/#primaryimage\"},\"thumbnailUrl\":\"https:\/\/portaltela.pt\/s.01k8rhncp4jt1\/2026\/03\/img_920x518uu2026-03-02-18-52-36-2424464.jpg\",\"datePublished\":\"2026-03-02T18:53:11+00:00\",\"author\":{\"@id\":\"https:\/\/portaltela.pt\/#\/schema\/person\/c4278d4a6028830caff9ee44b42d32ed\"},\"breadcrumb\":{\"@id\":\"https:\/\/portaltela.pt\/noticias\/2026\/03\/02\/god-of-war-tera-faye-como-protagonista\/#breadcrumb\"},\"inLanguage\":\"pt-PT\",\"potentialAction\":[{\"@type\":\"ReadAction\",\"target\":[\"https:\/\/portaltela.pt\/noticias\/2026\/03\/02\/god-of-war-tera-faye-como-protagonista\/\"]}]},{\"@type\":\"ImageObject\",\"inLanguage\":\"pt-PT\",\"@id\":\"https:\/\/portaltela.pt\/noticias\/2026\/03\/02\/god-of-war-tera-faye-como-protagonista\/#primaryimage\",\"url\":\"https:\/\/portaltela.pt\/s.01k8rhncp4jt1\/2026\/03\/img_920x518uu2026-03-02-18-52-36-2424464.jpg\",\"contentUrl\":\"https:\/\/portaltela.pt\/s.01k8rhncp4jt1\/2026\/03\/img_920x518uu2026-03-02-18-52-36-2424464.jpg\",\"width\":796,\"height\":448,\"caption\":\"God of War: especula\u00e7\u00f5es sobre Faye como protagonista\"},{\"@type\":\"BreadcrumbList\",\"@id\":\"https:\/\/portaltela.pt\/noticias\/2026\/03\/02\/god-of-war-tera-faye-como-protagonista\/#breadcrumb\",\"itemListElement\":[{\"@type\":\"ListItem\",\"position\":1,\"name\":\"In\u00edcio\",\"item\":\"https:\/\/portaltela.pt\/\"},{\"@type\":\"ListItem\",\"position\":2,\"name\":\"God of War ter\u00e1 Faye como protagonista\"}]},{\"@type\":\"WebSite\",\"@id\":\"https:\/\/portaltela.pt\/#website\",\"url\":\"https:\/\/portaltela.pt\/\",\"name\":\"Portal Tela Portugal\",\"description\":\"\",\"potentialAction\":[{\"@type\":\"SearchAction\",\"target\":{\"@type\":\"EntryPoint\",\"urlTemplate\":\"https:\/\/portaltela.pt\/?s={search_term_string}\"},\"query-input\":{\"@type\":\"PropertyValueSpecification\",\"valueRequired\":true,\"valueName\":\"search_term_string\"}}],\"inLanguage\":\"pt-PT\"},{\"@type\":\"Person\",\"@id\":\"https:\/\/portaltela.pt\/#\/schema\/person\/c4278d4a6028830caff9ee44b42d32ed\",\"name\":\"Telinha\",\"image\":{\"@type\":\"ImageObject\",\"inLanguage\":\"pt-PT\",\"@id\":\"https:\/\/portaltela.pt\/s.01k8rhncp4jt1\/2025\/11\/talking-bot-125x125.png\",\"url\":\"https:\/\/portaltela.pt\/s.01k8rhncp4jt1\/2025\/11\/talking-bot-125x125.png\",\"contentUrl\":\"https:\/\/portaltela.pt\/s.01k8rhncp4jt1\/2025\/11\/talking-bot-125x125.png\",\"caption\":\"Telinha\"},\"sameAs\":[\"https:\/\/portaltela.pt\/\"],\"url\":\"https:\/\/portaltela.pt\/por\/367410592786\/\"}]}<\/script>\n<!-- \/ Yoast SEO plugin. -->","yoast_head_json":{"title":"God of War ter\u00e1 Faye como protagonista - Portal Tela Portugal","robots":{"index":"index","follow":"follow","max-snippet":"max-snippet:-1","max-image-preview":"max-image-preview:large","max-video-preview":"max-video-preview:-1"},"og_locale":"pt_PT","og_type":"article","og_title":"God of War ter\u00e1 Faye como protagonista - Portal Tela Portugal","og_description":"Rumores vindos dos Estados Unidos sugerem que o pr\u00f3ximo God of War ter\u00e1 Faye como protagonista, mulher de Kratos e m\u00e3e de Atreus. A informa\u00e7\u00e3o foi partilhada por \u201cNateTheHate\u201d, uma fonte que tem sido considerada cred\u00edvel no que diz respeito \u00e0 saga. Se Faye for a protagonista, a narrativa poder\u00e1 ligar-se aos dois jogos mais recentes, ocorrendo antes do t\u00edtulo de 2018. O lan\u00e7amento deste jogo n\u00e3o dever\u00e1 acontecer antes de 2027, segundo a mesma fonte.","og_url":"https:\/\/portaltela.pt\/noticias\/2026\/03\/02\/god-of-war-tera-faye-como-protagonista\/","og_site_name":"Portal Tela Portugal","article_published_time":"2026-03-02T18:53:11+00:00","author":"Telinha","twitter_card":"summary_large_image","twitter_misc":{"Escrito por":"Telinha","Tempo estimado de leitura":"1 minuto"},"schema":{"@context":"https:\/\/schema.org","@graph":[{"@type":"Article","@id":"https:\/\/portaltela.pt\/noticias\/2026\/03\/02\/god-of-war-tera-faye-como-protagonista\/#article","isPartOf":{"@id":"https:\/\/portaltela.pt\/noticias\/2026\/03\/02\/god-of-war-tera-faye-como-protagonista\/"},"author":{"name":"Telinha","@id":"https:\/\/portaltela.pt\/#\/schema\/person\/c4278d4a6028830caff9ee44b42d32ed"},"headline":"God of War ter\u00e1 Faye como protagonista","datePublished":"2026-03-02T18:53:11+00:00","mainEntityOfPage":{"@id":"https:\/\/portaltela.pt\/noticias\/2026\/03\/02\/god-of-war-tera-faye-como-protagonista\/"},"wordCount":169,"image":{"@id":"https:\/\/portaltela.pt\/noticias\/2026\/03\/02\/god-of-war-tera-faye-como-protagonista\/#primaryimage"},"thumbnailUrl":"https:\/\/portaltela.pt\/s.01k8rhncp4jt1\/2026\/03\/img_920x518uu2026-03-02-18-52-36-2424464.jpg","keywords":["cultura","curiosidades","informa\u00e7\u00e3o internacional","not\u00edcia","not\u00edcias internacionais","rumores internacionais"],"articleSection":["Not\u00edcias"],"inLanguage":"pt-PT"},{"@type":"WebPage","@id":"https:\/\/portaltela.pt\/noticias\/2026\/03\/02\/god-of-war-tera-faye-como-protagonista\/","url":"https:\/\/portaltela.pt\/noticias\/2026\/03\/02\/god-of-war-tera-faye-como-protagonista\/","name":"God of War ter\u00e1 Faye como protagonista - Portal Tela Portugal","isPartOf":{"@id":"https:\/\/portaltela.pt\/#website"},"primaryImageOfPage":{"@id":"https:\/\/portaltela.pt\/noticias\/2026\/03\/02\/god-of-war-tera-faye-como-protagonista\/#primaryimage"},"image":{"@id":"https:\/\/portaltela.pt\/noticias\/2026\/03\/02\/god-of-war-tera-faye-como-protagonista\/#primaryimage"},"thumbnailUrl":"https:\/\/portaltela.pt\/s.01k8rhncp4jt1\/2026\/03\/img_920x518uu2026-03-02-18-52-36-2424464.jpg","datePublished":"2026-03-02T18:53:11+00:00","author":{"@id":"https:\/\/portaltela.pt\/#\/schema\/person\/c4278d4a6028830caff9ee44b42d32ed"},"breadcrumb":{"@id":"https:\/\/portaltela.pt\/noticias\/2026\/03\/02\/god-of-war-tera-faye-como-protagonista\/#breadcrumb"},"inLanguage":"pt-PT","potentialAction":[{"@type":"ReadAction","target":["https:\/\/portaltela.pt\/noticias\/2026\/03\/02\/god-of-war-tera-faye-como-protagonista\/"]}]},{"@type":"ImageObject","inLanguage":"pt-PT","@id":"https:\/\/portaltela.pt\/noticias\/2026\/03\/02\/god-of-war-tera-faye-como-protagonista\/#primaryimage","url":"https:\/\/portaltela.pt\/s.01k8rhncp4jt1\/2026\/03\/img_920x518uu2026-03-02-18-52-36-2424464.jpg","contentUrl":"https:\/\/portaltela.pt\/s.01k8rhncp4jt1\/2026\/03\/img_920x518uu2026-03-02-18-52-36-2424464.jpg","width":796,"height":448,"caption":"God of War: especula\u00e7\u00f5es sobre Faye como protagonista"},{"@type":"BreadcrumbList","@id":"https:\/\/portaltela.pt\/noticias\/2026\/03\/02\/god-of-war-tera-faye-como-protagonista\/#breadcrumb","itemListElement":[{"@type":"ListItem","position":1,"name":"In\u00edcio","item":"https:\/\/portaltela.pt\/"},{"@type":"ListItem","position":2,"name":"God of War ter\u00e1 Faye como protagonista"}]},{"@type":"WebSite","@id":"https:\/\/portaltela.pt\/#website","url":"https:\/\/portaltela.pt\/","name":"Portal Tela Portugal","description":"","potentialAction":[{"@type":"SearchAction","target":{"@type":"EntryPoint","urlTemplate":"https:\/\/portaltela.pt\/?s={search_term_string}"},"query-input":{"@type":"PropertyValueSpecification","valueRequired":true,"valueName":"search_term_string"}}],"inLanguage":"pt-PT"},{"@type":"Person","@id":"https:\/\/portaltela.pt\/#\/schema\/person\/c4278d4a6028830caff9ee44b42d32ed","name":"Telinha","image":{"@type":"ImageObject","inLanguage":"pt-PT","@id":"https:\/\/portaltela.pt\/s.01k8rhncp4jt1\/2025\/11\/talking-bot-125x125.png","url":"https:\/\/portaltela.pt\/s.01k8rhncp4jt1\/2025\/11\/talking-bot-125x125.png","contentUrl":"https:\/\/portaltela.pt\/s.01k8rhncp4jt1\/2025\/11\/talking-bot-125x125.png","caption":"Telinha"},"sameAs":["https:\/\/portaltela.pt\/"],"url":"https:\/\/portaltela.pt\/por\/367410592786\/"}]}},"_links":{"self":[{"href":"https:\/\/portaltela.pt\/api\/wp\/v2\/posts\/394790","targetHints":{"allow":["GET"]}}],"collection":[{"href":"https:\/\/portaltela.pt\/api\/wp\/v2\/posts"}],"about":[{"href":"https:\/\/portaltela.pt\/api\/wp\/v2\/types\/post"}],"author":[{"embeddable":true,"href":"https:\/\/portaltela.pt\/api\/wp\/v2\/users\/2"}],"replies":[{"embeddable":true,"href":"https:\/\/portaltela.pt\/api\/wp\/v2\/comments?post=394790"}],"version-history":[{"count":0,"href":"https:\/\/portaltela.pt\/api\/wp\/v2\/posts\/394790\/revisions"}],"wp:featuredmedia":[{"embeddable":true,"href":"https:\/\/portaltela.pt\/api\/wp\/v2\/media\/394799"}],"wp:attachment":[{"href":"https:\/\/portaltela.pt\/api\/wp\/v2\/media?parent=394790"}],"wp:term":[{"taxonomy":"category","embeddable":true,"href":"https:\/\/portaltela.pt\/api\/wp\/v2\/categories?post=394790"},{"taxonomy":"post_tag","embeddable":true,"href":"https:\/\/portaltela.pt\/api\/wp\/v2\/tags?post=394790"}],"curies":[{"name":"wp","href":"https:\/\/api.w.org\/{rel}","templated":true}]}}