{"id":394747,"date":"2026-03-02T15:15:43","date_gmt":"2026-03-02T18:15:43","guid":{"rendered":"https:\/\/portaltela.pt\/noticias\/2026\/03\/02\/mais-de-80-voos-cancelados-no-aeroporto-da-madeira-devido-a-depressao-regina\/"},"modified":"2026-03-02T15:15:43","modified_gmt":"2026-03-02T18:15:43","slug":"mais-de-80-voos-cancelados-no-aeroporto-da-madeira-devido-a-depressao-regina","status":"publish","type":"post","link":"https:\/\/portaltela.pt\/noticias\/2026\/03\/02\/mais-de-80-voos-cancelados-no-aeroporto-da-madeira-devido-a-depressao-regina\/","title":{"rendered":"Mais de 80 voos cancelados no Aeroporto da Madeira devido \u00e0 depress\u00e3o Regina"},"content":{"rendered":"<p>Mais de 80 voos com destino ou partida da Madeira foram cancelados nesta segunda-feira devido \u00e0 depress\u00e3o Regina, segundo a ANA Aeroportos. A maioria das opera\u00e7\u00f5es ficou afetada pelas condi\u00e7\u00f5es meteorol\u00f3gicas adversas.<\/p>\n<p>A ANA informou, \u00e0 Lusa, que foram 43 chegadas e 42 partidas canceladas. Algumas liga\u00e7\u00f5es chegaram a ocorrer, mas divergiram, e outras foram canceladas previamente pelas companhias.<\/p>\n<p>Desde a manh\u00e3, o Aeroporto Internacional da Madeira \u2014 Cristiano Ronaldo registou 10 aterragens e 13 partidas realizadas, sem impacto global suficiente para manter a normalidade das opera\u00e7\u00f5es.<\/p>\n<p>A ANA alerta que as previs\u00f5es apontam para condi\u00e7\u00f5es adversas que podem condicionar a opera\u00e7\u00e3o nos pr\u00f3ximos dias, recomendando aos passageiros que verifiquem o estado do voo junto da companhia antes de se deslocarem.<\/p>\n<h3>Avisos e condi\u00e7\u00f5es meteorol\u00f3gicas<\/h3>\n<p>Segundo o IPMA, a Madeira continua a ser afetada pela depress\u00e3o Regina, centrando-se na zona leste na ter\u00e7a-feira e deslocando-se para sudeste na quarta. O vento pode atingir rajadas de at\u00e9 95 km\/h, chegando a 120 km\/h nas zonas altas.<\/p>\n<p>A previs\u00e3o aponta ainda aguaceiros com possibilidade de granizo, sobretudo na vertente norte e nas terras altas. Neve acima de 1.500 metros \u00e9 esperada na ter\u00e7a-feira.<\/p>\n<p>Foram emitidos avisos laranja para rajadas e agita\u00e7\u00e3o mar\u00edtima e amarelo de neve, com atualiza\u00e7\u00e3o prevista nos pr\u00f3ximos dias. A Prote\u00e7\u00e3o Civil da Madeira refor\u00e7a recomenda\u00e7\u00f5es de precau\u00e7\u00e3o.<\/p>\n","protected":false},"excerpt":{"rendered":"<ul>\n<li>Mais de 80 voos com partida ou destino para a Madeira foram cancelados nesta segunda-feira devido \u00e0s condi\u00e7\u00f5es meteorol\u00f3gicas adversas, segundo a ANA Aeroportos.<\/li>\n<li>A ANA indica no seu site que foram canceladas 43 chegadas e 42 partidas; algumas liga\u00e7\u00f5es chegaram a ocorrer, mas divergiram, e outras foram canceladas previamente pelas companhias.<\/li>\n<li>Desde a manh\u00e3, aterraram no Aeroporto Internacional da Madeira \u2013 Cristiano Ronaldo 10 avi\u00f5es e partiram 13 aeronaves.<\/li>\n<li>O IPMA aponta que a depress\u00e3o Regina afeta a ilha, com vento de norte\/noroeste e rajadas de at\u00e9 95 km\/h (120 km\/h nas zonas altas) e aguaceiros com granizo; neve prevista acima de 1.500 metros na ter\u00e7a-feira.<\/li>\n<li>Foram emitidos avisos laranja (rajadas e agita\u00e7\u00e3o mar\u00edtima) e amarelo (neve), com atualiza\u00e7\u00e3o cont\u00ednua; a Prote\u00e7\u00e3o Civil da Madeira recomenda acompanhar a evolu\u00e7\u00e3o e adotar precau\u00e7\u00f5es.<\/li>\n<\/ul>\n","protected":false},"author":2,"featured_media":394756,"comment_status":"closed","ping_status":"closed","sticky":false,"template":"","format":"standard","meta":{"footnotes":""},"categories":[1],"tags":[3302,3658,3762,859,4918,4782],"class_list":["post-394747","post","type-post","status-publish","format-standard","has-post-thumbnail","hentry","category-noticias","tag-aeroportos","tag-aviso-amarelo","tag-aviso-laranja","tag-madeira","tag-queda-de-neve","tag-vento"],"yoast_head":"<!-- This site is optimized with the Yoast SEO plugin v27.2 - https:\/\/yoast.com\/product\/yoast-seo-wordpress\/ -->\n<title>Mais de 80 voos cancelados no Aeroporto da Madeira devido \u00e0 depress\u00e3o Regina - Portal Tela Portugal<\/title>\n<meta name=\"robots\" content=\"index, follow, max-snippet:-1, max-image-preview:large, max-video-preview:-1\" \/>\n<meta property=\"og:locale\" content=\"pt_PT\" \/>\n<meta property=\"og:type\" content=\"article\" \/>\n<meta property=\"og:title\" content=\"Mais de 80 voos cancelados no Aeroporto da Madeira devido \u00e0 depress\u00e3o Regina - Portal Tela Portugal\" \/>\n<meta property=\"og:description\" content=\"Mais de 80 voos com partida ou destino para a Madeira foram cancelados nesta segunda-feira devido \u00e0s condi\u00e7\u00f5es meteorol\u00f3gicas adversas, segundo a ANA Aeroportos. A ANA indica no seu site que foram canceladas 43 chegadas e 42 partidas; algumas liga\u00e7\u00f5es chegaram a ocorrer, mas divergiram, e outras foram canceladas previamente pelas companhias. Desde a manh\u00e3, aterraram no Aeroporto Internacional da Madeira \u2013 Cristiano Ronaldo 10 avi\u00f5es e partiram 13 aeronaves. O IPMA aponta que a depress\u00e3o Regina afeta a ilha, com vento de norte\/noroeste e rajadas de at\u00e9 95 km\/h (120 km\/h nas zonas altas) e aguaceiros com granizo; neve prevista acima de 1.500 metros na ter\u00e7a-feira. Foram emitidos avisos laranja (rajadas e agita\u00e7\u00e3o mar\u00edtima) e amarelo (neve), com atualiza\u00e7\u00e3o cont\u00ednua; a Prote\u00e7\u00e3o Civil da Madeira recomenda acompanhar a evolu\u00e7\u00e3o e adotar precau\u00e7\u00f5es.\" \/>\n<meta property=\"og:url\" content=\"https:\/\/portaltela.pt\/noticias\/2026\/03\/02\/mais-de-80-voos-cancelados-no-aeroporto-da-madeira-devido-a-depressao-regina\/\" \/>\n<meta property=\"og:site_name\" content=\"Portal Tela Portugal\" \/>\n<meta property=\"article:published_time\" content=\"2026-03-02T18:15:43+00:00\" \/>\n<meta name=\"author\" content=\"Telinha\" \/>\n<meta name=\"twitter:card\" content=\"summary_large_image\" \/>\n<meta name=\"twitter:label1\" content=\"Escrito por\" \/>\n\t<meta name=\"twitter:data1\" content=\"Telinha\" \/>\n\t<meta name=\"twitter:label2\" content=\"Tempo estimado de leitura\" \/>\n\t<meta name=\"twitter:data2\" content=\"1 minuto\" \/>\n<script type=\"application\/ld+json\" class=\"yoast-schema-graph\">{\"@context\":\"https:\/\/schema.org\",\"@graph\":[{\"@type\":\"Article\",\"@id\":\"https:\/\/portaltela.pt\/noticias\/2026\/03\/02\/mais-de-80-voos-cancelados-no-aeroporto-da-madeira-devido-a-depressao-regina\/#article\",\"isPartOf\":{\"@id\":\"https:\/\/portaltela.pt\/noticias\/2026\/03\/02\/mais-de-80-voos-cancelados-no-aeroporto-da-madeira-devido-a-depressao-regina\/\"},\"author\":{\"name\":\"Telinha\",\"@id\":\"https:\/\/portaltela.pt\/#\/schema\/person\/c4278d4a6028830caff9ee44b42d32ed\"},\"headline\":\"Mais de 80 voos cancelados no Aeroporto da Madeira devido \u00e0 depress\u00e3o Regina\",\"datePublished\":\"2026-03-02T18:15:43+00:00\",\"mainEntityOfPage\":{\"@id\":\"https:\/\/portaltela.pt\/noticias\/2026\/03\/02\/mais-de-80-voos-cancelados-no-aeroporto-da-madeira-devido-a-depressao-regina\/\"},\"wordCount\":245,\"image\":{\"@id\":\"https:\/\/portaltela.pt\/noticias\/2026\/03\/02\/mais-de-80-voos-cancelados-no-aeroporto-da-madeira-devido-a-depressao-regina\/#primaryimage\"},\"thumbnailUrl\":\"https:\/\/portaltela.pt\/s.01k8rhncp4jt1\/2026\/03\/img_1500x1000uu2017-08-08-08-14-00-656923.jpg\",\"keywords\":[\"aeroportos\",\"aviso amarelo\",\"aviso laranja\",\"Madeira\",\"queda de neve\",\"vento\"],\"articleSection\":[\"Not\u00edcias\"],\"inLanguage\":\"pt-PT\"},{\"@type\":\"WebPage\",\"@id\":\"https:\/\/portaltela.pt\/noticias\/2026\/03\/02\/mais-de-80-voos-cancelados-no-aeroporto-da-madeira-devido-a-depressao-regina\/\",\"url\":\"https:\/\/portaltela.pt\/noticias\/2026\/03\/02\/mais-de-80-voos-cancelados-no-aeroporto-da-madeira-devido-a-depressao-regina\/\",\"name\":\"Mais de 80 voos cancelados no Aeroporto da Madeira devido \u00e0 depress\u00e3o Regina - Portal Tela Portugal\",\"isPartOf\":{\"@id\":\"https:\/\/portaltela.pt\/#website\"},\"primaryImageOfPage\":{\"@id\":\"https:\/\/portaltela.pt\/noticias\/2026\/03\/02\/mais-de-80-voos-cancelados-no-aeroporto-da-madeira-devido-a-depressao-regina\/#primaryimage\"},\"image\":{\"@id\":\"https:\/\/portaltela.pt\/noticias\/2026\/03\/02\/mais-de-80-voos-cancelados-no-aeroporto-da-madeira-devido-a-depressao-regina\/#primaryimage\"},\"thumbnailUrl\":\"https:\/\/portaltela.pt\/s.01k8rhncp4jt1\/2026\/03\/img_1500x1000uu2017-08-08-08-14-00-656923.jpg\",\"datePublished\":\"2026-03-02T18:15:43+00:00\",\"author\":{\"@id\":\"https:\/\/portaltela.pt\/#\/schema\/person\/c4278d4a6028830caff9ee44b42d32ed\"},\"breadcrumb\":{\"@id\":\"https:\/\/portaltela.pt\/noticias\/2026\/03\/02\/mais-de-80-voos-cancelados-no-aeroporto-da-madeira-devido-a-depressao-regina\/#breadcrumb\"},\"inLanguage\":\"pt-PT\",\"potentialAction\":[{\"@type\":\"ReadAction\",\"target\":[\"https:\/\/portaltela.pt\/noticias\/2026\/03\/02\/mais-de-80-voos-cancelados-no-aeroporto-da-madeira-devido-a-depressao-regina\/\"]}]},{\"@type\":\"ImageObject\",\"inLanguage\":\"pt-PT\",\"@id\":\"https:\/\/portaltela.pt\/noticias\/2026\/03\/02\/mais-de-80-voos-cancelados-no-aeroporto-da-madeira-devido-a-depressao-regina\/#primaryimage\",\"url\":\"https:\/\/portaltela.pt\/s.01k8rhncp4jt1\/2026\/03\/img_1500x1000uu2017-08-08-08-14-00-656923.jpg\",\"contentUrl\":\"https:\/\/portaltela.pt\/s.01k8rhncp4jt1\/2026\/03\/img_1500x1000uu2017-08-08-08-14-00-656923.jpg\",\"width\":796,\"height\":448,\"caption\":\"Aeroporto da Madeira\"},{\"@type\":\"BreadcrumbList\",\"@id\":\"https:\/\/portaltela.pt\/noticias\/2026\/03\/02\/mais-de-80-voos-cancelados-no-aeroporto-da-madeira-devido-a-depressao-regina\/#breadcrumb\",\"itemListElement\":[{\"@type\":\"ListItem\",\"position\":1,\"name\":\"In\u00edcio\",\"item\":\"https:\/\/portaltela.pt\/\"},{\"@type\":\"ListItem\",\"position\":2,\"name\":\"Mais de 80 voos cancelados no Aeroporto da Madeira devido \u00e0 depress\u00e3o Regina\"}]},{\"@type\":\"WebSite\",\"@id\":\"https:\/\/portaltela.pt\/#website\",\"url\":\"https:\/\/portaltela.pt\/\",\"name\":\"Portal Tela Portugal\",\"description\":\"\",\"potentialAction\":[{\"@type\":\"SearchAction\",\"target\":{\"@type\":\"EntryPoint\",\"urlTemplate\":\"https:\/\/portaltela.pt\/?s={search_term_string}\"},\"query-input\":{\"@type\":\"PropertyValueSpecification\",\"valueRequired\":true,\"valueName\":\"search_term_string\"}}],\"inLanguage\":\"pt-PT\"},{\"@type\":\"Person\",\"@id\":\"https:\/\/portaltela.pt\/#\/schema\/person\/c4278d4a6028830caff9ee44b42d32ed\",\"name\":\"Telinha\",\"image\":{\"@type\":\"ImageObject\",\"inLanguage\":\"pt-PT\",\"@id\":\"https:\/\/portaltela.pt\/s.01k8rhncp4jt1\/2025\/11\/talking-bot-125x125.png\",\"url\":\"https:\/\/portaltela.pt\/s.01k8rhncp4jt1\/2025\/11\/talking-bot-125x125.png\",\"contentUrl\":\"https:\/\/portaltela.pt\/s.01k8rhncp4jt1\/2025\/11\/talking-bot-125x125.png\",\"caption\":\"Telinha\"},\"sameAs\":[\"https:\/\/portaltela.pt\/\"],\"url\":\"https:\/\/portaltela.pt\/por\/367410592786\/\"}]}<\/script>\n<!-- \/ Yoast SEO plugin. -->","yoast_head_json":{"title":"Mais de 80 voos cancelados no Aeroporto da Madeira devido \u00e0 depress\u00e3o Regina - Portal Tela Portugal","robots":{"index":"index","follow":"follow","max-snippet":"max-snippet:-1","max-image-preview":"max-image-preview:large","max-video-preview":"max-video-preview:-1"},"og_locale":"pt_PT","og_type":"article","og_title":"Mais de 80 voos cancelados no Aeroporto da Madeira devido \u00e0 depress\u00e3o Regina - Portal Tela Portugal","og_description":"Mais de 80 voos com partida ou destino para a Madeira foram cancelados nesta segunda-feira devido \u00e0s condi\u00e7\u00f5es meteorol\u00f3gicas adversas, segundo a ANA Aeroportos. A ANA indica no seu site que foram canceladas 43 chegadas e 42 partidas; algumas liga\u00e7\u00f5es chegaram a ocorrer, mas divergiram, e outras foram canceladas previamente pelas companhias. Desde a manh\u00e3, aterraram no Aeroporto Internacional da Madeira \u2013 Cristiano Ronaldo 10 avi\u00f5es e partiram 13 aeronaves. O IPMA aponta que a depress\u00e3o Regina afeta a ilha, com vento de norte\/noroeste e rajadas de at\u00e9 95 km\/h (120 km\/h nas zonas altas) e aguaceiros com granizo; neve prevista acima de 1.500 metros na ter\u00e7a-feira. Foram emitidos avisos laranja (rajadas e agita\u00e7\u00e3o mar\u00edtima) e amarelo (neve), com atualiza\u00e7\u00e3o cont\u00ednua; a Prote\u00e7\u00e3o Civil da Madeira recomenda acompanhar a evolu\u00e7\u00e3o e adotar precau\u00e7\u00f5es.","og_url":"https:\/\/portaltela.pt\/noticias\/2026\/03\/02\/mais-de-80-voos-cancelados-no-aeroporto-da-madeira-devido-a-depressao-regina\/","og_site_name":"Portal Tela Portugal","article_published_time":"2026-03-02T18:15:43+00:00","author":"Telinha","twitter_card":"summary_large_image","twitter_misc":{"Escrito por":"Telinha","Tempo estimado de leitura":"1 minuto"},"schema":{"@context":"https:\/\/schema.org","@graph":[{"@type":"Article","@id":"https:\/\/portaltela.pt\/noticias\/2026\/03\/02\/mais-de-80-voos-cancelados-no-aeroporto-da-madeira-devido-a-depressao-regina\/#article","isPartOf":{"@id":"https:\/\/portaltela.pt\/noticias\/2026\/03\/02\/mais-de-80-voos-cancelados-no-aeroporto-da-madeira-devido-a-depressao-regina\/"},"author":{"name":"Telinha","@id":"https:\/\/portaltela.pt\/#\/schema\/person\/c4278d4a6028830caff9ee44b42d32ed"},"headline":"Mais de 80 voos cancelados no Aeroporto da Madeira devido \u00e0 depress\u00e3o Regina","datePublished":"2026-03-02T18:15:43+00:00","mainEntityOfPage":{"@id":"https:\/\/portaltela.pt\/noticias\/2026\/03\/02\/mais-de-80-voos-cancelados-no-aeroporto-da-madeira-devido-a-depressao-regina\/"},"wordCount":245,"image":{"@id":"https:\/\/portaltela.pt\/noticias\/2026\/03\/02\/mais-de-80-voos-cancelados-no-aeroporto-da-madeira-devido-a-depressao-regina\/#primaryimage"},"thumbnailUrl":"https:\/\/portaltela.pt\/s.01k8rhncp4jt1\/2026\/03\/img_1500x1000uu2017-08-08-08-14-00-656923.jpg","keywords":["aeroportos","aviso amarelo","aviso laranja","Madeira","queda de neve","vento"],"articleSection":["Not\u00edcias"],"inLanguage":"pt-PT"},{"@type":"WebPage","@id":"https:\/\/portaltela.pt\/noticias\/2026\/03\/02\/mais-de-80-voos-cancelados-no-aeroporto-da-madeira-devido-a-depressao-regina\/","url":"https:\/\/portaltela.pt\/noticias\/2026\/03\/02\/mais-de-80-voos-cancelados-no-aeroporto-da-madeira-devido-a-depressao-regina\/","name":"Mais de 80 voos cancelados no Aeroporto da Madeira devido \u00e0 depress\u00e3o Regina - Portal Tela Portugal","isPartOf":{"@id":"https:\/\/portaltela.pt\/#website"},"primaryImageOfPage":{"@id":"https:\/\/portaltela.pt\/noticias\/2026\/03\/02\/mais-de-80-voos-cancelados-no-aeroporto-da-madeira-devido-a-depressao-regina\/#primaryimage"},"image":{"@id":"https:\/\/portaltela.pt\/noticias\/2026\/03\/02\/mais-de-80-voos-cancelados-no-aeroporto-da-madeira-devido-a-depressao-regina\/#primaryimage"},"thumbnailUrl":"https:\/\/portaltela.pt\/s.01k8rhncp4jt1\/2026\/03\/img_1500x1000uu2017-08-08-08-14-00-656923.jpg","datePublished":"2026-03-02T18:15:43+00:00","author":{"@id":"https:\/\/portaltela.pt\/#\/schema\/person\/c4278d4a6028830caff9ee44b42d32ed"},"breadcrumb":{"@id":"https:\/\/portaltela.pt\/noticias\/2026\/03\/02\/mais-de-80-voos-cancelados-no-aeroporto-da-madeira-devido-a-depressao-regina\/#breadcrumb"},"inLanguage":"pt-PT","potentialAction":[{"@type":"ReadAction","target":["https:\/\/portaltela.pt\/noticias\/2026\/03\/02\/mais-de-80-voos-cancelados-no-aeroporto-da-madeira-devido-a-depressao-regina\/"]}]},{"@type":"ImageObject","inLanguage":"pt-PT","@id":"https:\/\/portaltela.pt\/noticias\/2026\/03\/02\/mais-de-80-voos-cancelados-no-aeroporto-da-madeira-devido-a-depressao-regina\/#primaryimage","url":"https:\/\/portaltela.pt\/s.01k8rhncp4jt1\/2026\/03\/img_1500x1000uu2017-08-08-08-14-00-656923.jpg","contentUrl":"https:\/\/portaltela.pt\/s.01k8rhncp4jt1\/2026\/03\/img_1500x1000uu2017-08-08-08-14-00-656923.jpg","width":796,"height":448,"caption":"Aeroporto da Madeira"},{"@type":"BreadcrumbList","@id":"https:\/\/portaltela.pt\/noticias\/2026\/03\/02\/mais-de-80-voos-cancelados-no-aeroporto-da-madeira-devido-a-depressao-regina\/#breadcrumb","itemListElement":[{"@type":"ListItem","position":1,"name":"In\u00edcio","item":"https:\/\/portaltela.pt\/"},{"@type":"ListItem","position":2,"name":"Mais de 80 voos cancelados no Aeroporto da Madeira devido \u00e0 depress\u00e3o Regina"}]},{"@type":"WebSite","@id":"https:\/\/portaltela.pt\/#website","url":"https:\/\/portaltela.pt\/","name":"Portal Tela Portugal","description":"","potentialAction":[{"@type":"SearchAction","target":{"@type":"EntryPoint","urlTemplate":"https:\/\/portaltela.pt\/?s={search_term_string}"},"query-input":{"@type":"PropertyValueSpecification","valueRequired":true,"valueName":"search_term_string"}}],"inLanguage":"pt-PT"},{"@type":"Person","@id":"https:\/\/portaltela.pt\/#\/schema\/person\/c4278d4a6028830caff9ee44b42d32ed","name":"Telinha","image":{"@type":"ImageObject","inLanguage":"pt-PT","@id":"https:\/\/portaltela.pt\/s.01k8rhncp4jt1\/2025\/11\/talking-bot-125x125.png","url":"https:\/\/portaltela.pt\/s.01k8rhncp4jt1\/2025\/11\/talking-bot-125x125.png","contentUrl":"https:\/\/portaltela.pt\/s.01k8rhncp4jt1\/2025\/11\/talking-bot-125x125.png","caption":"Telinha"},"sameAs":["https:\/\/portaltela.pt\/"],"url":"https:\/\/portaltela.pt\/por\/367410592786\/"}]}},"_links":{"self":[{"href":"https:\/\/portaltela.pt\/api\/wp\/v2\/posts\/394747","targetHints":{"allow":["GET"]}}],"collection":[{"href":"https:\/\/portaltela.pt\/api\/wp\/v2\/posts"}],"about":[{"href":"https:\/\/portaltela.pt\/api\/wp\/v2\/types\/post"}],"author":[{"embeddable":true,"href":"https:\/\/portaltela.pt\/api\/wp\/v2\/users\/2"}],"replies":[{"embeddable":true,"href":"https:\/\/portaltela.pt\/api\/wp\/v2\/comments?post=394747"}],"version-history":[{"count":0,"href":"https:\/\/portaltela.pt\/api\/wp\/v2\/posts\/394747\/revisions"}],"wp:featuredmedia":[{"embeddable":true,"href":"https:\/\/portaltela.pt\/api\/wp\/v2\/media\/394756"}],"wp:attachment":[{"href":"https:\/\/portaltela.pt\/api\/wp\/v2\/media?parent=394747"}],"wp:term":[{"taxonomy":"category","embeddable":true,"href":"https:\/\/portaltela.pt\/api\/wp\/v2\/categories?post=394747"},{"taxonomy":"post_tag","embeddable":true,"href":"https:\/\/portaltela.pt\/api\/wp\/v2\/tags?post=394747"}],"curies":[{"name":"wp","href":"https:\/\/api.w.org\/{rel}","templated":true}]}}