{"id":394745,"date":"2026-03-02T15:08:00","date_gmt":"2026-03-02T18:08:00","guid":{"rendered":"https:\/\/portaltela.pt\/noticias\/2026\/03\/02\/stop-recusa-encerrar-protesto-e-fica-fora-da-negociacao-com-o-mec\/"},"modified":"2026-03-02T15:08:00","modified_gmt":"2026-03-02T18:08:00","slug":"stop-recusa-encerrar-protesto-e-fica-fora-da-negociacao-com-o-mec","status":"publish","type":"post","link":"https:\/\/portaltela.pt\/noticias\/2026\/03\/02\/stop-recusa-encerrar-protesto-e-fica-fora-da-negociacao-com-o-mec\/","title":{"rendered":"Stop recusa encerrar protesto e fica fora da negocia\u00e7\u00e3o com o MEC"},"content":{"rendered":"<p>O Sindicato de Todos os Profissionais da Educa\u00e7\u00e3o (Stop) recusou participar na reuni\u00e3o negocial desta segunda-feira. O Governo informou que n\u00e3o negociaria com o sindicato enquanto decorresse o protesto em frente ao Minist\u00e9rio da Educa\u00e7\u00e3o, Ci\u00eancia e Inova\u00e7\u00e3o (MECI), em Lisboa.<\/p>\n<p>Pelas 14h30, pouco mais de uma vintena de docentes concentrava-se na Avenida Infante Santo. Ao longo de quase duas horas, entoaram palavras de ordem como \u201cA escola unida jamais ser\u00e1 vencida\u201d e exigiram respostas do MECI.<\/p>\n<p>Ap\u00f3s aguardar a abertura da reuni\u00e3o por uma hora, o secret\u00e1rio de Estado e Adjunto da Educa\u00e7\u00e3o, Alexandre Homem Cristo, informou que n\u00e3o haveria negocia\u00e7\u00e3o enquanto o protesto continuasse.<\/p>\n<p>Diante da decis\u00e3o dos manifestantes, o Stop n\u00e3o integrou a delega\u00e7\u00e3o presente na reuni\u00e3o. O protesto manteve-se concentrado, sem interrup\u00e7\u00e3o, do lado de fora do MECI.<\/p>\n<p>A ronda negocial sobre o Estatuto da Carreira Docente (ECD) \u00e9 apoiada por cinco das 12 organiza\u00e7\u00f5es sindicais, entre as quais n\u00e3o esteve o Stop. O objetivo do plen\u00e1rio era denunciar as propostas do MECI associadas ao estatuto.<\/p>\n","protected":false},"excerpt":{"rendered":"<ul>\n<li>O Sindicato de Todos os Profissionais da Educa\u00e7\u00e3o (Stop) n\u00e3o participou na reuni\u00e3o negocial agendada para as 15h, ap\u00f3s o Governo ter avisado que n\u00e3o aceitaria negociar enquanto decorresse o protesto.<\/li>\n<li>O plen\u00e1rio planeado pelo Stop ocorreu em frente ao Minist\u00e9rio da Educa\u00e7\u00e3o, Ci\u00eancia e Inova\u00e7\u00e3o (MECI) em Lisboa, para denunciar propostas consideradas gravosas ao Estatuto da Carreira Docente (ECD).<\/li>\n<li>Em pouco menos de duas horas, dezenas de docentes concentraram-se na Avenida Infante Santo, com palavras de ordem a sustentar o direito ao ECD.<\/li>\n<li>O secret\u00e1rio de Estado e Adjunto da Educa\u00e7\u00e3o, Alexandre Homem Cristo, informou que n\u00e3o ia receber a delega\u00e7\u00e3o do Stop enquanto o protesto estivesse a decorrer.<\/li>\n<li>A dire\u00e7\u00e3o do Stop manteve o protesto, o que resultou na exclus\u00e3o do sindicato das negocia\u00e7\u00f5es em curso sobre o ECD.<\/li>\n<\/ul>\n","protected":false},"author":2,"featured_media":394753,"comment_status":"closed","ping_status":"closed","sticky":false,"template":"","format":"standard","meta":{"footnotes":""},"categories":[1],"tags":[235,6073,163,981,2857],"class_list":["post-394745","post","type-post","status-publish","format-standard","has-post-thumbnail","hentry","category-noticias","tag-carreira","tag-docentes","tag-educacao","tag-lisboa","tag-protestos"],"yoast_head":"<!-- This site is optimized with the Yoast SEO plugin v27.2 - https:\/\/yoast.com\/product\/yoast-seo-wordpress\/ -->\n<title>Stop recusa encerrar protesto e fica fora da negocia\u00e7\u00e3o com o MEC - Portal Tela Portugal<\/title>\n<meta name=\"robots\" content=\"index, follow, max-snippet:-1, max-image-preview:large, max-video-preview:-1\" \/>\n<meta property=\"og:locale\" content=\"pt_PT\" \/>\n<meta property=\"og:type\" content=\"article\" \/>\n<meta property=\"og:title\" content=\"Stop recusa encerrar protesto e fica fora da negocia\u00e7\u00e3o com o MEC - Portal Tela Portugal\" \/>\n<meta property=\"og:description\" content=\"O Sindicato de Todos os Profissionais da Educa\u00e7\u00e3o (Stop) n\u00e3o participou na reuni\u00e3o negocial agendada para as 15h, ap\u00f3s o Governo ter avisado que n\u00e3o aceitaria negociar enquanto decorresse o protesto. O plen\u00e1rio planeado pelo Stop ocorreu em frente ao Minist\u00e9rio da Educa\u00e7\u00e3o, Ci\u00eancia e Inova\u00e7\u00e3o (MECI) em Lisboa, para denunciar propostas consideradas gravosas ao Estatuto da Carreira Docente (ECD). Em pouco menos de duas horas, dezenas de docentes concentraram-se na Avenida Infante Santo, com palavras de ordem a sustentar o direito ao ECD. O secret\u00e1rio de Estado e Adjunto da Educa\u00e7\u00e3o, Alexandre Homem Cristo, informou que n\u00e3o ia receber a delega\u00e7\u00e3o do Stop enquanto o protesto estivesse a decorrer. A dire\u00e7\u00e3o do Stop manteve o protesto, o que resultou na exclus\u00e3o do sindicato das negocia\u00e7\u00f5es em curso sobre o ECD.\" \/>\n<meta property=\"og:url\" content=\"https:\/\/portaltela.pt\/noticias\/2026\/03\/02\/stop-recusa-encerrar-protesto-e-fica-fora-da-negociacao-com-o-mec\/\" \/>\n<meta property=\"og:site_name\" content=\"Portal Tela Portugal\" \/>\n<meta property=\"article:published_time\" content=\"2026-03-02T18:08:00+00:00\" \/>\n<meta name=\"author\" content=\"Telinha\" \/>\n<meta name=\"twitter:card\" content=\"summary_large_image\" \/>\n<meta name=\"twitter:label1\" content=\"Escrito por\" \/>\n\t<meta name=\"twitter:data1\" content=\"Telinha\" \/>\n\t<meta name=\"twitter:label2\" content=\"Tempo estimado de leitura\" \/>\n\t<meta name=\"twitter:data2\" content=\"1 minuto\" \/>\n<script type=\"application\/ld+json\" class=\"yoast-schema-graph\">{\"@context\":\"https:\/\/schema.org\",\"@graph\":[{\"@type\":\"Article\",\"@id\":\"https:\/\/portaltela.pt\/noticias\/2026\/03\/02\/stop-recusa-encerrar-protesto-e-fica-fora-da-negociacao-com-o-mec\/#article\",\"isPartOf\":{\"@id\":\"https:\/\/portaltela.pt\/noticias\/2026\/03\/02\/stop-recusa-encerrar-protesto-e-fica-fora-da-negociacao-com-o-mec\/\"},\"author\":{\"name\":\"Telinha\",\"@id\":\"https:\/\/portaltela.pt\/#\/schema\/person\/c4278d4a6028830caff9ee44b42d32ed\"},\"headline\":\"Stop recusa encerrar protesto e fica fora da negocia\u00e7\u00e3o com o MEC\",\"datePublished\":\"2026-03-02T18:08:00+00:00\",\"mainEntityOfPage\":{\"@id\":\"https:\/\/portaltela.pt\/noticias\/2026\/03\/02\/stop-recusa-encerrar-protesto-e-fica-fora-da-negociacao-com-o-mec\/\"},\"wordCount\":202,\"image\":{\"@id\":\"https:\/\/portaltela.pt\/noticias\/2026\/03\/02\/stop-recusa-encerrar-protesto-e-fica-fora-da-negociacao-com-o-mec\/#primaryimage\"},\"thumbnailUrl\":\"https:\/\/portaltela.pt\/s.01k8rhncp4jt1\/2026\/03\/2071143.jpg\",\"keywords\":[\"Carreira\",\"docentes\",\"educa\u00e7\u00e3o\",\"Lisboa\",\"protestos\"],\"articleSection\":[\"Not\u00edcias\"],\"inLanguage\":\"pt-PT\"},{\"@type\":\"WebPage\",\"@id\":\"https:\/\/portaltela.pt\/noticias\/2026\/03\/02\/stop-recusa-encerrar-protesto-e-fica-fora-da-negociacao-com-o-mec\/\",\"url\":\"https:\/\/portaltela.pt\/noticias\/2026\/03\/02\/stop-recusa-encerrar-protesto-e-fica-fora-da-negociacao-com-o-mec\/\",\"name\":\"Stop recusa encerrar protesto e fica fora da negocia\u00e7\u00e3o com o MEC - Portal Tela Portugal\",\"isPartOf\":{\"@id\":\"https:\/\/portaltela.pt\/#website\"},\"primaryImageOfPage\":{\"@id\":\"https:\/\/portaltela.pt\/noticias\/2026\/03\/02\/stop-recusa-encerrar-protesto-e-fica-fora-da-negociacao-com-o-mec\/#primaryimage\"},\"image\":{\"@id\":\"https:\/\/portaltela.pt\/noticias\/2026\/03\/02\/stop-recusa-encerrar-protesto-e-fica-fora-da-negociacao-com-o-mec\/#primaryimage\"},\"thumbnailUrl\":\"https:\/\/portaltela.pt\/s.01k8rhncp4jt1\/2026\/03\/2071143.jpg\",\"datePublished\":\"2026-03-02T18:08:00+00:00\",\"author\":{\"@id\":\"https:\/\/portaltela.pt\/#\/schema\/person\/c4278d4a6028830caff9ee44b42d32ed\"},\"breadcrumb\":{\"@id\":\"https:\/\/portaltela.pt\/noticias\/2026\/03\/02\/stop-recusa-encerrar-protesto-e-fica-fora-da-negociacao-com-o-mec\/#breadcrumb\"},\"inLanguage\":\"pt-PT\",\"potentialAction\":[{\"@type\":\"ReadAction\",\"target\":[\"https:\/\/portaltela.pt\/noticias\/2026\/03\/02\/stop-recusa-encerrar-protesto-e-fica-fora-da-negociacao-com-o-mec\/\"]}]},{\"@type\":\"ImageObject\",\"inLanguage\":\"pt-PT\",\"@id\":\"https:\/\/portaltela.pt\/noticias\/2026\/03\/02\/stop-recusa-encerrar-protesto-e-fica-fora-da-negociacao-com-o-mec\/#primaryimage\",\"url\":\"https:\/\/portaltela.pt\/s.01k8rhncp4jt1\/2026\/03\/2071143.jpg\",\"contentUrl\":\"https:\/\/portaltela.pt\/s.01k8rhncp4jt1\/2026\/03\/2071143.jpg\",\"width\":796,\"height\":448,\"caption\":\"Stop convocou protesto em frente ao Minist\u00e9rio da Educa\u00e7\u00e3o em Lisboa\"},{\"@type\":\"BreadcrumbList\",\"@id\":\"https:\/\/portaltela.pt\/noticias\/2026\/03\/02\/stop-recusa-encerrar-protesto-e-fica-fora-da-negociacao-com-o-mec\/#breadcrumb\",\"itemListElement\":[{\"@type\":\"ListItem\",\"position\":1,\"name\":\"In\u00edcio\",\"item\":\"https:\/\/portaltela.pt\/\"},{\"@type\":\"ListItem\",\"position\":2,\"name\":\"Stop recusa encerrar protesto e fica fora da negocia\u00e7\u00e3o com o MEC\"}]},{\"@type\":\"WebSite\",\"@id\":\"https:\/\/portaltela.pt\/#website\",\"url\":\"https:\/\/portaltela.pt\/\",\"name\":\"Portal Tela Portugal\",\"description\":\"\",\"potentialAction\":[{\"@type\":\"SearchAction\",\"target\":{\"@type\":\"EntryPoint\",\"urlTemplate\":\"https:\/\/portaltela.pt\/?s={search_term_string}\"},\"query-input\":{\"@type\":\"PropertyValueSpecification\",\"valueRequired\":true,\"valueName\":\"search_term_string\"}}],\"inLanguage\":\"pt-PT\"},{\"@type\":\"Person\",\"@id\":\"https:\/\/portaltela.pt\/#\/schema\/person\/c4278d4a6028830caff9ee44b42d32ed\",\"name\":\"Telinha\",\"image\":{\"@type\":\"ImageObject\",\"inLanguage\":\"pt-PT\",\"@id\":\"https:\/\/portaltela.pt\/s.01k8rhncp4jt1\/2025\/11\/talking-bot-125x125.png\",\"url\":\"https:\/\/portaltela.pt\/s.01k8rhncp4jt1\/2025\/11\/talking-bot-125x125.png\",\"contentUrl\":\"https:\/\/portaltela.pt\/s.01k8rhncp4jt1\/2025\/11\/talking-bot-125x125.png\",\"caption\":\"Telinha\"},\"sameAs\":[\"https:\/\/portaltela.pt\/\"],\"url\":\"https:\/\/portaltela.pt\/por\/367410592786\/\"}]}<\/script>\n<!-- \/ Yoast SEO plugin. -->","yoast_head_json":{"title":"Stop recusa encerrar protesto e fica fora da negocia\u00e7\u00e3o com o MEC - Portal Tela Portugal","robots":{"index":"index","follow":"follow","max-snippet":"max-snippet:-1","max-image-preview":"max-image-preview:large","max-video-preview":"max-video-preview:-1"},"og_locale":"pt_PT","og_type":"article","og_title":"Stop recusa encerrar protesto e fica fora da negocia\u00e7\u00e3o com o MEC - Portal Tela Portugal","og_description":"O Sindicato de Todos os Profissionais da Educa\u00e7\u00e3o (Stop) n\u00e3o participou na reuni\u00e3o negocial agendada para as 15h, ap\u00f3s o Governo ter avisado que n\u00e3o aceitaria negociar enquanto decorresse o protesto. O plen\u00e1rio planeado pelo Stop ocorreu em frente ao Minist\u00e9rio da Educa\u00e7\u00e3o, Ci\u00eancia e Inova\u00e7\u00e3o (MECI) em Lisboa, para denunciar propostas consideradas gravosas ao Estatuto da Carreira Docente (ECD). Em pouco menos de duas horas, dezenas de docentes concentraram-se na Avenida Infante Santo, com palavras de ordem a sustentar o direito ao ECD. O secret\u00e1rio de Estado e Adjunto da Educa\u00e7\u00e3o, Alexandre Homem Cristo, informou que n\u00e3o ia receber a delega\u00e7\u00e3o do Stop enquanto o protesto estivesse a decorrer. A dire\u00e7\u00e3o do Stop manteve o protesto, o que resultou na exclus\u00e3o do sindicato das negocia\u00e7\u00f5es em curso sobre o ECD.","og_url":"https:\/\/portaltela.pt\/noticias\/2026\/03\/02\/stop-recusa-encerrar-protesto-e-fica-fora-da-negociacao-com-o-mec\/","og_site_name":"Portal Tela Portugal","article_published_time":"2026-03-02T18:08:00+00:00","author":"Telinha","twitter_card":"summary_large_image","twitter_misc":{"Escrito por":"Telinha","Tempo estimado de leitura":"1 minuto"},"schema":{"@context":"https:\/\/schema.org","@graph":[{"@type":"Article","@id":"https:\/\/portaltela.pt\/noticias\/2026\/03\/02\/stop-recusa-encerrar-protesto-e-fica-fora-da-negociacao-com-o-mec\/#article","isPartOf":{"@id":"https:\/\/portaltela.pt\/noticias\/2026\/03\/02\/stop-recusa-encerrar-protesto-e-fica-fora-da-negociacao-com-o-mec\/"},"author":{"name":"Telinha","@id":"https:\/\/portaltela.pt\/#\/schema\/person\/c4278d4a6028830caff9ee44b42d32ed"},"headline":"Stop recusa encerrar protesto e fica fora da negocia\u00e7\u00e3o com o MEC","datePublished":"2026-03-02T18:08:00+00:00","mainEntityOfPage":{"@id":"https:\/\/portaltela.pt\/noticias\/2026\/03\/02\/stop-recusa-encerrar-protesto-e-fica-fora-da-negociacao-com-o-mec\/"},"wordCount":202,"image":{"@id":"https:\/\/portaltela.pt\/noticias\/2026\/03\/02\/stop-recusa-encerrar-protesto-e-fica-fora-da-negociacao-com-o-mec\/#primaryimage"},"thumbnailUrl":"https:\/\/portaltela.pt\/s.01k8rhncp4jt1\/2026\/03\/2071143.jpg","keywords":["Carreira","docentes","educa\u00e7\u00e3o","Lisboa","protestos"],"articleSection":["Not\u00edcias"],"inLanguage":"pt-PT"},{"@type":"WebPage","@id":"https:\/\/portaltela.pt\/noticias\/2026\/03\/02\/stop-recusa-encerrar-protesto-e-fica-fora-da-negociacao-com-o-mec\/","url":"https:\/\/portaltela.pt\/noticias\/2026\/03\/02\/stop-recusa-encerrar-protesto-e-fica-fora-da-negociacao-com-o-mec\/","name":"Stop recusa encerrar protesto e fica fora da negocia\u00e7\u00e3o com o MEC - Portal Tela Portugal","isPartOf":{"@id":"https:\/\/portaltela.pt\/#website"},"primaryImageOfPage":{"@id":"https:\/\/portaltela.pt\/noticias\/2026\/03\/02\/stop-recusa-encerrar-protesto-e-fica-fora-da-negociacao-com-o-mec\/#primaryimage"},"image":{"@id":"https:\/\/portaltela.pt\/noticias\/2026\/03\/02\/stop-recusa-encerrar-protesto-e-fica-fora-da-negociacao-com-o-mec\/#primaryimage"},"thumbnailUrl":"https:\/\/portaltela.pt\/s.01k8rhncp4jt1\/2026\/03\/2071143.jpg","datePublished":"2026-03-02T18:08:00+00:00","author":{"@id":"https:\/\/portaltela.pt\/#\/schema\/person\/c4278d4a6028830caff9ee44b42d32ed"},"breadcrumb":{"@id":"https:\/\/portaltela.pt\/noticias\/2026\/03\/02\/stop-recusa-encerrar-protesto-e-fica-fora-da-negociacao-com-o-mec\/#breadcrumb"},"inLanguage":"pt-PT","potentialAction":[{"@type":"ReadAction","target":["https:\/\/portaltela.pt\/noticias\/2026\/03\/02\/stop-recusa-encerrar-protesto-e-fica-fora-da-negociacao-com-o-mec\/"]}]},{"@type":"ImageObject","inLanguage":"pt-PT","@id":"https:\/\/portaltela.pt\/noticias\/2026\/03\/02\/stop-recusa-encerrar-protesto-e-fica-fora-da-negociacao-com-o-mec\/#primaryimage","url":"https:\/\/portaltela.pt\/s.01k8rhncp4jt1\/2026\/03\/2071143.jpg","contentUrl":"https:\/\/portaltela.pt\/s.01k8rhncp4jt1\/2026\/03\/2071143.jpg","width":796,"height":448,"caption":"Stop convocou protesto em frente ao Minist\u00e9rio da Educa\u00e7\u00e3o em Lisboa"},{"@type":"BreadcrumbList","@id":"https:\/\/portaltela.pt\/noticias\/2026\/03\/02\/stop-recusa-encerrar-protesto-e-fica-fora-da-negociacao-com-o-mec\/#breadcrumb","itemListElement":[{"@type":"ListItem","position":1,"name":"In\u00edcio","item":"https:\/\/portaltela.pt\/"},{"@type":"ListItem","position":2,"name":"Stop recusa encerrar protesto e fica fora da negocia\u00e7\u00e3o com o MEC"}]},{"@type":"WebSite","@id":"https:\/\/portaltela.pt\/#website","url":"https:\/\/portaltela.pt\/","name":"Portal Tela Portugal","description":"","potentialAction":[{"@type":"SearchAction","target":{"@type":"EntryPoint","urlTemplate":"https:\/\/portaltela.pt\/?s={search_term_string}"},"query-input":{"@type":"PropertyValueSpecification","valueRequired":true,"valueName":"search_term_string"}}],"inLanguage":"pt-PT"},{"@type":"Person","@id":"https:\/\/portaltela.pt\/#\/schema\/person\/c4278d4a6028830caff9ee44b42d32ed","name":"Telinha","image":{"@type":"ImageObject","inLanguage":"pt-PT","@id":"https:\/\/portaltela.pt\/s.01k8rhncp4jt1\/2025\/11\/talking-bot-125x125.png","url":"https:\/\/portaltela.pt\/s.01k8rhncp4jt1\/2025\/11\/talking-bot-125x125.png","contentUrl":"https:\/\/portaltela.pt\/s.01k8rhncp4jt1\/2025\/11\/talking-bot-125x125.png","caption":"Telinha"},"sameAs":["https:\/\/portaltela.pt\/"],"url":"https:\/\/portaltela.pt\/por\/367410592786\/"}]}},"_links":{"self":[{"href":"https:\/\/portaltela.pt\/api\/wp\/v2\/posts\/394745","targetHints":{"allow":["GET"]}}],"collection":[{"href":"https:\/\/portaltela.pt\/api\/wp\/v2\/posts"}],"about":[{"href":"https:\/\/portaltela.pt\/api\/wp\/v2\/types\/post"}],"author":[{"embeddable":true,"href":"https:\/\/portaltela.pt\/api\/wp\/v2\/users\/2"}],"replies":[{"embeddable":true,"href":"https:\/\/portaltela.pt\/api\/wp\/v2\/comments?post=394745"}],"version-history":[{"count":0,"href":"https:\/\/portaltela.pt\/api\/wp\/v2\/posts\/394745\/revisions"}],"wp:featuredmedia":[{"embeddable":true,"href":"https:\/\/portaltela.pt\/api\/wp\/v2\/media\/394753"}],"wp:attachment":[{"href":"https:\/\/portaltela.pt\/api\/wp\/v2\/media?parent=394745"}],"wp:term":[{"taxonomy":"category","embeddable":true,"href":"https:\/\/portaltela.pt\/api\/wp\/v2\/categories?post=394745"},{"taxonomy":"post_tag","embeddable":true,"href":"https:\/\/portaltela.pt\/api\/wp\/v2\/tags?post=394745"}],"curies":[{"name":"wp","href":"https:\/\/api.w.org\/{rel}","templated":true}]}}