{"id":394721,"date":"2026-03-02T15:10:00","date_gmt":"2026-03-02T18:10:00","guid":{"rendered":"https:\/\/portaltela.pt\/noticias\/2026\/03\/02\/mulher-de-nelson-semedo-hospitalizada-apos-acidente-de-viacao\/"},"modified":"2026-03-02T15:10:00","modified_gmt":"2026-03-02T18:10:00","slug":"mulher-de-nelson-semedo-hospitalizada-apos-acidente-de-viacao","status":"publish","type":"post","link":"https:\/\/portaltela.pt\/desporto\/futebol\/2026\/03\/02\/mulher-de-nelson-semedo-hospitalizada-apos-acidente-de-viacao\/","title":{"rendered":"Mulher de N\u00e9lson Semedo hospitalizada ap\u00f3s acidente de via\u00e7\u00e3o"},"content":{"rendered":"<p>Marlene Alvarenga, mulher de N\u00e9lson Semedo, esteve envolvida num acidente de via\u00e7\u00e3o em Istambul, na Turquia. O acidente ocorreu na Autoestrada Marmara Norte, na Ponte Yavuz Sultan Selim, por volta das 16h30 locais (13h30 em Lisboa). O ve\u00edculo em que seguia, dirigido pelo motorista, perdeu o controlo, depois de seguir em dire\u00e7\u00e3o a Ankara para buscar os filhos \u00e0 escola.<\/p>\n<p>Segundo a imprensa turca, Marlene Alvarenga foi transportada de imediato para um hospital com ferimentos leves. Apesar do susto, encontra-se est\u00e1vel. O motorista do ve\u00edculo ter\u00e1 de ser submetido a uma pequena cirurgia.<\/p>\n<h3>Estado de Marlene Semedo<\/h3>\n<p>O clube Fenerbah\u00e7e emitiu um comunicado a lamentar o sucedido e a desejar r\u00e1pidas melhoras \u00e0 mulher do jogador. O clube confirmou o acidente e afirmou manter a fam\u00edlia de Semedo em pensamento, sem adiantar mais detalhes.<\/p>\n","protected":false},"excerpt":{"rendered":"<ul>\n<li>Marlene Alvarenga, esposa de N\u00e9lson Semedo, ficou ferida num acidente de via\u00e7\u00e3o em Istambul.<\/li>\n<li>Seguia de Istambul para Ankara para buscar os filhos \u00e0 escola, quando o motorista perdeu o controlo do ve\u00edculo.<\/li>\n<li>O acidente ocorreu na Autoestrada Marmara Norte, na Ponte Yavuz Sultan Selim, por volta das 16h30 (13h30 de Lisboa).<\/li>\n<li>Foi transportada para um hospital com ferimentos leves e est\u00e1 est\u00e1vel; o motorista vai ser submetido a uma pequena cirurgia.<\/li>\n<li>O Fenerbah\u00e7e lamentou o incidente e desejou r\u00e1pidas melhoras \u00e0 Marlene Semedo e \u00e0 sua fam\u00edlia.<\/li>\n<\/ul>\n","protected":false},"author":2,"featured_media":394738,"comment_status":"closed","ping_status":"closed","sticky":false,"template":"","format":"standard","meta":{"footnotes":""},"categories":[21,24],"tags":[5487,186,5217,32,5661,2126],"class_list":["post-394721","post","type-post","status-publish","format-standard","has-post-thumbnail","hentry","category-desporto","category-futebol","tag-acidente","tag-desportos","tag-fenerbahce","tag-futebol","tag-pessoas-publicas","tag-turquia"],"yoast_head":"<!-- This site is optimized with the Yoast SEO plugin v27.2 - https:\/\/yoast.com\/product\/yoast-seo-wordpress\/ -->\n<title>Mulher de N\u00e9lson Semedo hospitalizada ap\u00f3s acidente de via\u00e7\u00e3o - Portal Tela Portugal<\/title>\n<meta name=\"robots\" content=\"index, follow, max-snippet:-1, max-image-preview:large, max-video-preview:-1\" \/>\n<meta property=\"og:locale\" content=\"pt_PT\" \/>\n<meta property=\"og:type\" content=\"article\" \/>\n<meta property=\"og:title\" content=\"Mulher de N\u00e9lson Semedo hospitalizada ap\u00f3s acidente de via\u00e7\u00e3o - Portal Tela Portugal\" \/>\n<meta property=\"og:description\" content=\"Marlene Alvarenga, esposa de N\u00e9lson Semedo, ficou ferida num acidente de via\u00e7\u00e3o em Istambul. Seguia de Istambul para Ankara para buscar os filhos \u00e0 escola, quando o motorista perdeu o controlo do ve\u00edculo. O acidente ocorreu na Autoestrada Marmara Norte, na Ponte Yavuz Sultan Selim, por volta das 16h30 (13h30 de Lisboa). Foi transportada para um hospital com ferimentos leves e est\u00e1 est\u00e1vel; o motorista vai ser submetido a uma pequena cirurgia. O Fenerbah\u00e7e lamentou o incidente e desejou r\u00e1pidas melhoras \u00e0 Marlene Semedo e \u00e0 sua fam\u00edlia.\" \/>\n<meta property=\"og:url\" content=\"https:\/\/portaltela.pt\/noticias\/2026\/03\/02\/mulher-de-nelson-semedo-hospitalizada-apos-acidente-de-viacao\/\" \/>\n<meta property=\"og:site_name\" content=\"Portal Tela Portugal\" \/>\n<meta property=\"article:published_time\" content=\"2026-03-02T18:10:00+00:00\" \/>\n<meta name=\"author\" content=\"Telinha\" \/>\n<meta name=\"twitter:card\" content=\"summary_large_image\" \/>\n<meta name=\"twitter:label1\" content=\"Escrito por\" \/>\n\t<meta name=\"twitter:data1\" content=\"Telinha\" \/>\n\t<meta name=\"twitter:label2\" content=\"Tempo estimado de leitura\" \/>\n\t<meta name=\"twitter:data2\" content=\"1 minuto\" \/>\n<script type=\"application\/ld+json\" class=\"yoast-schema-graph\">{\"@context\":\"https:\/\/schema.org\",\"@graph\":[{\"@type\":\"Article\",\"@id\":\"https:\/\/portaltela.pt\/noticias\/2026\/03\/02\/mulher-de-nelson-semedo-hospitalizada-apos-acidente-de-viacao\/#article\",\"isPartOf\":{\"@id\":\"https:\/\/portaltela.pt\/noticias\/2026\/03\/02\/mulher-de-nelson-semedo-hospitalizada-apos-acidente-de-viacao\/\"},\"author\":{\"name\":\"Telinha\",\"@id\":\"https:\/\/portaltela.pt\/#\/schema\/person\/c4278d4a6028830caff9ee44b42d32ed\"},\"headline\":\"Mulher de N\u00e9lson Semedo hospitalizada ap\u00f3s acidente de via\u00e7\u00e3o\",\"datePublished\":\"2026-03-02T18:10:00+00:00\",\"mainEntityOfPage\":{\"@id\":\"https:\/\/portaltela.pt\/noticias\/2026\/03\/02\/mulher-de-nelson-semedo-hospitalizada-apos-acidente-de-viacao\/\"},\"wordCount\":153,\"image\":{\"@id\":\"https:\/\/portaltela.pt\/noticias\/2026\/03\/02\/mulher-de-nelson-semedo-hospitalizada-apos-acidente-de-viacao\/#primaryimage\"},\"thumbnailUrl\":\"https:\/\/portaltela.pt\/s.01k8rhncp4jt1\/2026\/03\/img_920x518uu2026-03-02-18-08-49-2424455.jpg\",\"keywords\":[\"acidente\",\"desportos\",\"Fenerbah\u00e7e\",\"futebol\",\"pessoas p\u00fablicas\",\"Turquia\"],\"articleSection\":[\"Desporto\",\"Futebol\"],\"inLanguage\":\"pt-PT\"},{\"@type\":\"WebPage\",\"@id\":\"https:\/\/portaltela.pt\/noticias\/2026\/03\/02\/mulher-de-nelson-semedo-hospitalizada-apos-acidente-de-viacao\/\",\"url\":\"https:\/\/portaltela.pt\/noticias\/2026\/03\/02\/mulher-de-nelson-semedo-hospitalizada-apos-acidente-de-viacao\/\",\"name\":\"Mulher de N\u00e9lson Semedo hospitalizada ap\u00f3s acidente de via\u00e7\u00e3o - Portal Tela Portugal\",\"isPartOf\":{\"@id\":\"https:\/\/portaltela.pt\/#website\"},\"primaryImageOfPage\":{\"@id\":\"https:\/\/portaltela.pt\/noticias\/2026\/03\/02\/mulher-de-nelson-semedo-hospitalizada-apos-acidente-de-viacao\/#primaryimage\"},\"image\":{\"@id\":\"https:\/\/portaltela.pt\/noticias\/2026\/03\/02\/mulher-de-nelson-semedo-hospitalizada-apos-acidente-de-viacao\/#primaryimage\"},\"thumbnailUrl\":\"https:\/\/portaltela.pt\/s.01k8rhncp4jt1\/2026\/03\/img_920x518uu2026-03-02-18-08-49-2424455.jpg\",\"datePublished\":\"2026-03-02T18:10:00+00:00\",\"author\":{\"@id\":\"https:\/\/portaltela.pt\/#\/schema\/person\/c4278d4a6028830caff9ee44b42d32ed\"},\"breadcrumb\":{\"@id\":\"https:\/\/portaltela.pt\/noticias\/2026\/03\/02\/mulher-de-nelson-semedo-hospitalizada-apos-acidente-de-viacao\/#breadcrumb\"},\"inLanguage\":\"pt-PT\",\"potentialAction\":[{\"@type\":\"ReadAction\",\"target\":[\"https:\/\/portaltela.pt\/noticias\/2026\/03\/02\/mulher-de-nelson-semedo-hospitalizada-apos-acidente-de-viacao\/\"]}]},{\"@type\":\"ImageObject\",\"inLanguage\":\"pt-PT\",\"@id\":\"https:\/\/portaltela.pt\/noticias\/2026\/03\/02\/mulher-de-nelson-semedo-hospitalizada-apos-acidente-de-viacao\/#primaryimage\",\"url\":\"https:\/\/portaltela.pt\/s.01k8rhncp4jt1\/2026\/03\/img_920x518uu2026-03-02-18-08-49-2424455.jpg\",\"contentUrl\":\"https:\/\/portaltela.pt\/s.01k8rhncp4jt1\/2026\/03\/img_920x518uu2026-03-02-18-08-49-2424455.jpg\",\"width\":796,\"height\":448,\"caption\":\"Mulher de N\u00e9lson Semedo transportada para o hospital ap\u00f3s sofrer acidente de via\u00e7\u00e3o\"},{\"@type\":\"BreadcrumbList\",\"@id\":\"https:\/\/portaltela.pt\/noticias\/2026\/03\/02\/mulher-de-nelson-semedo-hospitalizada-apos-acidente-de-viacao\/#breadcrumb\",\"itemListElement\":[{\"@type\":\"ListItem\",\"position\":1,\"name\":\"In\u00edcio\",\"item\":\"https:\/\/portaltela.pt\/\"},{\"@type\":\"ListItem\",\"position\":2,\"name\":\"Mulher de N\u00e9lson Semedo hospitalizada ap\u00f3s acidente de via\u00e7\u00e3o\"}]},{\"@type\":\"WebSite\",\"@id\":\"https:\/\/portaltela.pt\/#website\",\"url\":\"https:\/\/portaltela.pt\/\",\"name\":\"Portal Tela Portugal\",\"description\":\"\",\"potentialAction\":[{\"@type\":\"SearchAction\",\"target\":{\"@type\":\"EntryPoint\",\"urlTemplate\":\"https:\/\/portaltela.pt\/?s={search_term_string}\"},\"query-input\":{\"@type\":\"PropertyValueSpecification\",\"valueRequired\":true,\"valueName\":\"search_term_string\"}}],\"inLanguage\":\"pt-PT\"},{\"@type\":\"Person\",\"@id\":\"https:\/\/portaltela.pt\/#\/schema\/person\/c4278d4a6028830caff9ee44b42d32ed\",\"name\":\"Telinha\",\"image\":{\"@type\":\"ImageObject\",\"inLanguage\":\"pt-PT\",\"@id\":\"https:\/\/portaltela.pt\/s.01k8rhncp4jt1\/2025\/11\/talking-bot-125x125.png\",\"url\":\"https:\/\/portaltela.pt\/s.01k8rhncp4jt1\/2025\/11\/talking-bot-125x125.png\",\"contentUrl\":\"https:\/\/portaltela.pt\/s.01k8rhncp4jt1\/2025\/11\/talking-bot-125x125.png\",\"caption\":\"Telinha\"},\"sameAs\":[\"https:\/\/portaltela.pt\/\"],\"url\":\"https:\/\/portaltela.pt\/por\/367410592786\/\"}]}<\/script>\n<!-- \/ Yoast SEO plugin. -->","yoast_head_json":{"title":"Mulher de N\u00e9lson Semedo hospitalizada ap\u00f3s acidente de via\u00e7\u00e3o - Portal Tela Portugal","robots":{"index":"index","follow":"follow","max-snippet":"max-snippet:-1","max-image-preview":"max-image-preview:large","max-video-preview":"max-video-preview:-1"},"og_locale":"pt_PT","og_type":"article","og_title":"Mulher de N\u00e9lson Semedo hospitalizada ap\u00f3s acidente de via\u00e7\u00e3o - Portal Tela Portugal","og_description":"Marlene Alvarenga, esposa de N\u00e9lson Semedo, ficou ferida num acidente de via\u00e7\u00e3o em Istambul. Seguia de Istambul para Ankara para buscar os filhos \u00e0 escola, quando o motorista perdeu o controlo do ve\u00edculo. O acidente ocorreu na Autoestrada Marmara Norte, na Ponte Yavuz Sultan Selim, por volta das 16h30 (13h30 de Lisboa). Foi transportada para um hospital com ferimentos leves e est\u00e1 est\u00e1vel; o motorista vai ser submetido a uma pequena cirurgia. O Fenerbah\u00e7e lamentou o incidente e desejou r\u00e1pidas melhoras \u00e0 Marlene Semedo e \u00e0 sua fam\u00edlia.","og_url":"https:\/\/portaltela.pt\/noticias\/2026\/03\/02\/mulher-de-nelson-semedo-hospitalizada-apos-acidente-de-viacao\/","og_site_name":"Portal Tela Portugal","article_published_time":"2026-03-02T18:10:00+00:00","author":"Telinha","twitter_card":"summary_large_image","twitter_misc":{"Escrito por":"Telinha","Tempo estimado de leitura":"1 minuto"},"schema":{"@context":"https:\/\/schema.org","@graph":[{"@type":"Article","@id":"https:\/\/portaltela.pt\/noticias\/2026\/03\/02\/mulher-de-nelson-semedo-hospitalizada-apos-acidente-de-viacao\/#article","isPartOf":{"@id":"https:\/\/portaltela.pt\/noticias\/2026\/03\/02\/mulher-de-nelson-semedo-hospitalizada-apos-acidente-de-viacao\/"},"author":{"name":"Telinha","@id":"https:\/\/portaltela.pt\/#\/schema\/person\/c4278d4a6028830caff9ee44b42d32ed"},"headline":"Mulher de N\u00e9lson Semedo hospitalizada ap\u00f3s acidente de via\u00e7\u00e3o","datePublished":"2026-03-02T18:10:00+00:00","mainEntityOfPage":{"@id":"https:\/\/portaltela.pt\/noticias\/2026\/03\/02\/mulher-de-nelson-semedo-hospitalizada-apos-acidente-de-viacao\/"},"wordCount":153,"image":{"@id":"https:\/\/portaltela.pt\/noticias\/2026\/03\/02\/mulher-de-nelson-semedo-hospitalizada-apos-acidente-de-viacao\/#primaryimage"},"thumbnailUrl":"https:\/\/portaltela.pt\/s.01k8rhncp4jt1\/2026\/03\/img_920x518uu2026-03-02-18-08-49-2424455.jpg","keywords":["acidente","desportos","Fenerbah\u00e7e","futebol","pessoas p\u00fablicas","Turquia"],"articleSection":["Desporto","Futebol"],"inLanguage":"pt-PT"},{"@type":"WebPage","@id":"https:\/\/portaltela.pt\/noticias\/2026\/03\/02\/mulher-de-nelson-semedo-hospitalizada-apos-acidente-de-viacao\/","url":"https:\/\/portaltela.pt\/noticias\/2026\/03\/02\/mulher-de-nelson-semedo-hospitalizada-apos-acidente-de-viacao\/","name":"Mulher de N\u00e9lson Semedo hospitalizada ap\u00f3s acidente de via\u00e7\u00e3o - Portal Tela Portugal","isPartOf":{"@id":"https:\/\/portaltela.pt\/#website"},"primaryImageOfPage":{"@id":"https:\/\/portaltela.pt\/noticias\/2026\/03\/02\/mulher-de-nelson-semedo-hospitalizada-apos-acidente-de-viacao\/#primaryimage"},"image":{"@id":"https:\/\/portaltela.pt\/noticias\/2026\/03\/02\/mulher-de-nelson-semedo-hospitalizada-apos-acidente-de-viacao\/#primaryimage"},"thumbnailUrl":"https:\/\/portaltela.pt\/s.01k8rhncp4jt1\/2026\/03\/img_920x518uu2026-03-02-18-08-49-2424455.jpg","datePublished":"2026-03-02T18:10:00+00:00","author":{"@id":"https:\/\/portaltela.pt\/#\/schema\/person\/c4278d4a6028830caff9ee44b42d32ed"},"breadcrumb":{"@id":"https:\/\/portaltela.pt\/noticias\/2026\/03\/02\/mulher-de-nelson-semedo-hospitalizada-apos-acidente-de-viacao\/#breadcrumb"},"inLanguage":"pt-PT","potentialAction":[{"@type":"ReadAction","target":["https:\/\/portaltela.pt\/noticias\/2026\/03\/02\/mulher-de-nelson-semedo-hospitalizada-apos-acidente-de-viacao\/"]}]},{"@type":"ImageObject","inLanguage":"pt-PT","@id":"https:\/\/portaltela.pt\/noticias\/2026\/03\/02\/mulher-de-nelson-semedo-hospitalizada-apos-acidente-de-viacao\/#primaryimage","url":"https:\/\/portaltela.pt\/s.01k8rhncp4jt1\/2026\/03\/img_920x518uu2026-03-02-18-08-49-2424455.jpg","contentUrl":"https:\/\/portaltela.pt\/s.01k8rhncp4jt1\/2026\/03\/img_920x518uu2026-03-02-18-08-49-2424455.jpg","width":796,"height":448,"caption":"Mulher de N\u00e9lson Semedo transportada para o hospital ap\u00f3s sofrer acidente de via\u00e7\u00e3o"},{"@type":"BreadcrumbList","@id":"https:\/\/portaltela.pt\/noticias\/2026\/03\/02\/mulher-de-nelson-semedo-hospitalizada-apos-acidente-de-viacao\/#breadcrumb","itemListElement":[{"@type":"ListItem","position":1,"name":"In\u00edcio","item":"https:\/\/portaltela.pt\/"},{"@type":"ListItem","position":2,"name":"Mulher de N\u00e9lson Semedo hospitalizada ap\u00f3s acidente de via\u00e7\u00e3o"}]},{"@type":"WebSite","@id":"https:\/\/portaltela.pt\/#website","url":"https:\/\/portaltela.pt\/","name":"Portal Tela Portugal","description":"","potentialAction":[{"@type":"SearchAction","target":{"@type":"EntryPoint","urlTemplate":"https:\/\/portaltela.pt\/?s={search_term_string}"},"query-input":{"@type":"PropertyValueSpecification","valueRequired":true,"valueName":"search_term_string"}}],"inLanguage":"pt-PT"},{"@type":"Person","@id":"https:\/\/portaltela.pt\/#\/schema\/person\/c4278d4a6028830caff9ee44b42d32ed","name":"Telinha","image":{"@type":"ImageObject","inLanguage":"pt-PT","@id":"https:\/\/portaltela.pt\/s.01k8rhncp4jt1\/2025\/11\/talking-bot-125x125.png","url":"https:\/\/portaltela.pt\/s.01k8rhncp4jt1\/2025\/11\/talking-bot-125x125.png","contentUrl":"https:\/\/portaltela.pt\/s.01k8rhncp4jt1\/2025\/11\/talking-bot-125x125.png","caption":"Telinha"},"sameAs":["https:\/\/portaltela.pt\/"],"url":"https:\/\/portaltela.pt\/por\/367410592786\/"}]}},"_links":{"self":[{"href":"https:\/\/portaltela.pt\/api\/wp\/v2\/posts\/394721","targetHints":{"allow":["GET"]}}],"collection":[{"href":"https:\/\/portaltela.pt\/api\/wp\/v2\/posts"}],"about":[{"href":"https:\/\/portaltela.pt\/api\/wp\/v2\/types\/post"}],"author":[{"embeddable":true,"href":"https:\/\/portaltela.pt\/api\/wp\/v2\/users\/2"}],"replies":[{"embeddable":true,"href":"https:\/\/portaltela.pt\/api\/wp\/v2\/comments?post=394721"}],"version-history":[{"count":0,"href":"https:\/\/portaltela.pt\/api\/wp\/v2\/posts\/394721\/revisions"}],"wp:featuredmedia":[{"embeddable":true,"href":"https:\/\/portaltela.pt\/api\/wp\/v2\/media\/394738"}],"wp:attachment":[{"href":"https:\/\/portaltela.pt\/api\/wp\/v2\/media?parent=394721"}],"wp:term":[{"taxonomy":"category","embeddable":true,"href":"https:\/\/portaltela.pt\/api\/wp\/v2\/categories?post=394721"},{"taxonomy":"post_tag","embeddable":true,"href":"https:\/\/portaltela.pt\/api\/wp\/v2\/tags?post=394721"}],"curies":[{"name":"wp","href":"https:\/\/api.w.org\/{rel}","templated":true}]}}