{"id":394709,"date":"2026-03-02T15:00:00","date_gmt":"2026-03-02T18:00:00","guid":{"rendered":"https:\/\/portaltela.pt\/noticias\/2026\/03\/02\/porto-e-capital-da-juventude-e-do-futuro\/"},"modified":"2026-03-02T15:00:00","modified_gmt":"2026-03-02T18:00:00","slug":"porto-e-capital-da-juventude-e-do-futuro","status":"publish","type":"post","link":"https:\/\/portaltela.pt\/noticias\/2026\/03\/02\/porto-e-capital-da-juventude-e-do-futuro\/","title":{"rendered":"Porto \u00e9 capital da juventude e do futuro"},"content":{"rendered":"<p>O Porto foi designado Capital Nacional de Juventude em 2026, uma distin\u00e7\u00e3o que pretende traduzir-se em a\u00e7\u00f5es concretas para a vida da cidade. A escolha coloca a confian\u00e7a nos jovens como prioridade estrat\u00e9gica.<\/p>\n<p>A decis\u00e3o aponta para uma cidade ambiciosa, capaz de fomentar talento, participa\u00e7\u00e3o c\u00edvica e oportunidades de estudo, trabalho e empreendedorismo. A meta \u00e9 tornar o Porto um espa\u00e7o onde a juventude possa crescer e permanecer.<\/p>\n<p>A autarquia afirma que a distin\u00e7\u00e3o serve para elevar o n\u00edvel da pol\u00edtica municipal em rela\u00e7\u00e3o \u00e0 juventude, aproximando o Munic\u00edpio dos jovens e fortalecendo instrumentos de participa\u00e7\u00e3o c\u00edvica. A participa\u00e7\u00e3o tem de influenciar decis\u00f5es.<\/p>\n<h3>Contexto e hist\u00f3rico<\/h3>\n<p>O Porto tem uma base s\u00f3lida para liderar esta agenda, com universidades de refer\u00eancia, cultura, desporto e inova\u00e7\u00e3o. A cidade pretende transformar este capital humano em motor de desenvolvimento local e regional.<\/p>\n<p>A hist\u00f3ria recente da cidade est\u00e1 ligada \u00e0 aposta na juventude desde 2009, quando criou o primeiro Plano Municipal de Juventude do pa\u00eds. A iniciativa visa manter essa prioridade no centro da ambi\u00e7\u00e3o local.<\/p>\n<h3>Desafios concretos<\/h3>\n<p>Entre os principais desafios est\u00e3o habita\u00e7\u00e3o, sa\u00fade mental, emprego qualificado, empreendedorismo e associativismo. A rela\u00e7\u00e3o entre jovens e cidade passa por condi\u00e7\u00f5es reais para construir projetos de vida est\u00e1veis.<\/p>\n<p>A vis\u00e3o \u00e9 que o Porto atue como elevador social, associando m\u00e9rito, esfor\u00e7o e oportunidades. A meta \u00e9 que a origem n\u00e3o determine o alcance do futuro, promovendo mobilidade social.<\/p>\n<h3>Perspetivas de futuro<\/h3>\n<p>Confiar na juventude exige lideran\u00e7a respons\u00e1vel: espa\u00e7o p\u00fablico, oportunidades e reconhecimento de m\u00e9rito. A cidade visa criar condi\u00e7\u00f5es para que cada gera\u00e7\u00e3o v\u00e1 mais longe que a anterior.<\/p>\n<p>O impacto da designa\u00e7\u00e3o pode estender-se ao pa\u00eds, ao incentivar pol\u00edticas que valorizem jovens e gerem desenvolvimento sustent\u00e1vel. O Porto pretende demonstrar que a capitaliza\u00e7\u00e3o de talento \u00e9 estrategia central.<\/p>\n","protected":false},"excerpt":{"rendered":"<ul>\n<li>O Porto ser\u00e1 Capital Nacional de Juventude em 2026, com foco em traduzir a distin\u00e7\u00e3o em dire\u00e7\u00e3o pol\u00edtica e vis\u00e3o de futuro para a cidade.<\/li>\n<li>A eleva\u00e7\u00e3o envolve aproximar o Munic\u00edpio dos jovens, refor\u00e7ar a participa\u00e7\u00e3o e dar densidade aos temas centrais da vida jovem.<\/li>\n<li>Desafios apontados: habita\u00e7\u00e3o, sa\u00fade mental, emprego qualificado, empreendedorismo, associativismo, cultura e desporto.<\/li>\n<li>O Porto tem bases s\u00f3lidas: universidades de refer\u00eancia, cultura, desporto, inova\u00e7\u00e3o e um hist\u00f3rico de protagonismo, incluindo o primeiro Plano Municipal de Juventude, criado em 2009.<\/li>\n<li>Espera-se que a cidade se torne um verdadeiro elevador social, promovendo m\u00e9rito, esfor\u00e7o e oportunidades, com impacto ultrapassando o pr\u00f3prio Porto.<\/li>\n<\/ul>\n","protected":false},"author":2,"featured_media":394725,"comment_status":"closed","ping_status":"closed","sticky":false,"template":"","format":"standard","meta":{"footnotes":""},"categories":[1],"tags":[6213,1006,251,1249,982,58],"class_list":["post-394709","post","type-post","status-publish","format-standard","has-post-thumbnail","hentry","category-noticias","tag-empreendedorismo","tag-emprego","tag-juventude","tag-participacao","tag-porto","tag-universidades"],"yoast_head":"<!-- This site is optimized with the Yoast SEO plugin v27.2 - https:\/\/yoast.com\/product\/yoast-seo-wordpress\/ -->\n<title>Porto \u00e9 capital da juventude e do futuro - Portal Tela Portugal<\/title>\n<meta name=\"robots\" content=\"index, follow, max-snippet:-1, max-image-preview:large, max-video-preview:-1\" \/>\n<meta property=\"og:locale\" content=\"pt_PT\" \/>\n<meta property=\"og:type\" content=\"article\" \/>\n<meta property=\"og:title\" content=\"Porto \u00e9 capital da juventude e do futuro - Portal Tela Portugal\" \/>\n<meta property=\"og:description\" content=\"O Porto ser\u00e1 Capital Nacional de Juventude em 2026, com foco em traduzir a distin\u00e7\u00e3o em dire\u00e7\u00e3o pol\u00edtica e vis\u00e3o de futuro para a cidade. A eleva\u00e7\u00e3o envolve aproximar o Munic\u00edpio dos jovens, refor\u00e7ar a participa\u00e7\u00e3o e dar densidade aos temas centrais da vida jovem. Desafios apontados: habita\u00e7\u00e3o, sa\u00fade mental, emprego qualificado, empreendedorismo, associativismo, cultura e desporto. O Porto tem bases s\u00f3lidas: universidades de refer\u00eancia, cultura, desporto, inova\u00e7\u00e3o e um hist\u00f3rico de protagonismo, incluindo o primeiro Plano Municipal de Juventude, criado em 2009. Espera-se que a cidade se torne um verdadeiro elevador social, promovendo m\u00e9rito, esfor\u00e7o e oportunidades, com impacto ultrapassando o pr\u00f3prio Porto.\" \/>\n<meta property=\"og:url\" content=\"https:\/\/portaltela.pt\/noticias\/2026\/03\/02\/porto-e-capital-da-juventude-e-do-futuro\/\" \/>\n<meta property=\"og:site_name\" content=\"Portal Tela Portugal\" \/>\n<meta property=\"article:published_time\" content=\"2026-03-02T18:00:00+00:00\" \/>\n<meta name=\"author\" content=\"Telinha\" \/>\n<meta name=\"twitter:card\" content=\"summary_large_image\" \/>\n<meta name=\"twitter:label1\" content=\"Escrito por\" \/>\n\t<meta name=\"twitter:data1\" content=\"Telinha\" \/>\n\t<meta name=\"twitter:label2\" content=\"Tempo estimado de leitura\" \/>\n\t<meta name=\"twitter:data2\" content=\"2 minutos\" \/>\n<script type=\"application\/ld+json\" class=\"yoast-schema-graph\">{\"@context\":\"https:\/\/schema.org\",\"@graph\":[{\"@type\":\"Article\",\"@id\":\"https:\/\/portaltela.pt\/noticias\/2026\/03\/02\/porto-e-capital-da-juventude-e-do-futuro\/#article\",\"isPartOf\":{\"@id\":\"https:\/\/portaltela.pt\/noticias\/2026\/03\/02\/porto-e-capital-da-juventude-e-do-futuro\/\"},\"author\":{\"name\":\"Telinha\",\"@id\":\"https:\/\/portaltela.pt\/#\/schema\/person\/c4278d4a6028830caff9ee44b42d32ed\"},\"headline\":\"Porto \u00e9 capital da juventude e do futuro\",\"datePublished\":\"2026-03-02T18:00:00+00:00\",\"mainEntityOfPage\":{\"@id\":\"https:\/\/portaltela.pt\/noticias\/2026\/03\/02\/porto-e-capital-da-juventude-e-do-futuro\/\"},\"wordCount\":339,\"image\":{\"@id\":\"https:\/\/portaltela.pt\/noticias\/2026\/03\/02\/porto-e-capital-da-juventude-e-do-futuro\/#primaryimage\"},\"thumbnailUrl\":\"https:\/\/portaltela.pt\/s.01k8rhncp4jt1\/2026\/03\/be9529d2-6d69-4a38-9f9a-699378a1a291_1200x675.jpg\",\"keywords\":[\"empreendedorismo\",\"emprego\",\"juventude\",\"participa\u00e7\u00e3o\",\"Porto\",\"universidades\"],\"articleSection\":[\"Not\u00edcias\"],\"inLanguage\":\"pt-PT\"},{\"@type\":\"WebPage\",\"@id\":\"https:\/\/portaltela.pt\/noticias\/2026\/03\/02\/porto-e-capital-da-juventude-e-do-futuro\/\",\"url\":\"https:\/\/portaltela.pt\/noticias\/2026\/03\/02\/porto-e-capital-da-juventude-e-do-futuro\/\",\"name\":\"Porto \u00e9 capital da juventude e do futuro - Portal Tela Portugal\",\"isPartOf\":{\"@id\":\"https:\/\/portaltela.pt\/#website\"},\"primaryImageOfPage\":{\"@id\":\"https:\/\/portaltela.pt\/noticias\/2026\/03\/02\/porto-e-capital-da-juventude-e-do-futuro\/#primaryimage\"},\"image\":{\"@id\":\"https:\/\/portaltela.pt\/noticias\/2026\/03\/02\/porto-e-capital-da-juventude-e-do-futuro\/#primaryimage\"},\"thumbnailUrl\":\"https:\/\/portaltela.pt\/s.01k8rhncp4jt1\/2026\/03\/be9529d2-6d69-4a38-9f9a-699378a1a291_1200x675.jpg\",\"datePublished\":\"2026-03-02T18:00:00+00:00\",\"author\":{\"@id\":\"https:\/\/portaltela.pt\/#\/schema\/person\/c4278d4a6028830caff9ee44b42d32ed\"},\"breadcrumb\":{\"@id\":\"https:\/\/portaltela.pt\/noticias\/2026\/03\/02\/porto-e-capital-da-juventude-e-do-futuro\/#breadcrumb\"},\"inLanguage\":\"pt-PT\",\"potentialAction\":[{\"@type\":\"ReadAction\",\"target\":[\"https:\/\/portaltela.pt\/noticias\/2026\/03\/02\/porto-e-capital-da-juventude-e-do-futuro\/\"]}]},{\"@type\":\"ImageObject\",\"inLanguage\":\"pt-PT\",\"@id\":\"https:\/\/portaltela.pt\/noticias\/2026\/03\/02\/porto-e-capital-da-juventude-e-do-futuro\/#primaryimage\",\"url\":\"https:\/\/portaltela.pt\/s.01k8rhncp4jt1\/2026\/03\/be9529d2-6d69-4a38-9f9a-699378a1a291_1200x675.jpg\",\"contentUrl\":\"https:\/\/portaltela.pt\/s.01k8rhncp4jt1\/2026\/03\/be9529d2-6d69-4a38-9f9a-699378a1a291_1200x675.jpg\",\"width\":796,\"height\":448,\"caption\":\"Photo\"},{\"@type\":\"BreadcrumbList\",\"@id\":\"https:\/\/portaltela.pt\/noticias\/2026\/03\/02\/porto-e-capital-da-juventude-e-do-futuro\/#breadcrumb\",\"itemListElement\":[{\"@type\":\"ListItem\",\"position\":1,\"name\":\"In\u00edcio\",\"item\":\"https:\/\/portaltela.pt\/\"},{\"@type\":\"ListItem\",\"position\":2,\"name\":\"Porto \u00e9 capital da juventude e do futuro\"}]},{\"@type\":\"WebSite\",\"@id\":\"https:\/\/portaltela.pt\/#website\",\"url\":\"https:\/\/portaltela.pt\/\",\"name\":\"Portal Tela Portugal\",\"description\":\"\",\"potentialAction\":[{\"@type\":\"SearchAction\",\"target\":{\"@type\":\"EntryPoint\",\"urlTemplate\":\"https:\/\/portaltela.pt\/?s={search_term_string}\"},\"query-input\":{\"@type\":\"PropertyValueSpecification\",\"valueRequired\":true,\"valueName\":\"search_term_string\"}}],\"inLanguage\":\"pt-PT\"},{\"@type\":\"Person\",\"@id\":\"https:\/\/portaltela.pt\/#\/schema\/person\/c4278d4a6028830caff9ee44b42d32ed\",\"name\":\"Telinha\",\"image\":{\"@type\":\"ImageObject\",\"inLanguage\":\"pt-PT\",\"@id\":\"https:\/\/portaltela.pt\/s.01k8rhncp4jt1\/2025\/11\/talking-bot-125x125.png\",\"url\":\"https:\/\/portaltela.pt\/s.01k8rhncp4jt1\/2025\/11\/talking-bot-125x125.png\",\"contentUrl\":\"https:\/\/portaltela.pt\/s.01k8rhncp4jt1\/2025\/11\/talking-bot-125x125.png\",\"caption\":\"Telinha\"},\"sameAs\":[\"https:\/\/portaltela.pt\/\"],\"url\":\"https:\/\/portaltela.pt\/por\/367410592786\/\"}]}<\/script>\n<!-- \/ Yoast SEO plugin. -->","yoast_head_json":{"title":"Porto \u00e9 capital da juventude e do futuro - Portal Tela Portugal","robots":{"index":"index","follow":"follow","max-snippet":"max-snippet:-1","max-image-preview":"max-image-preview:large","max-video-preview":"max-video-preview:-1"},"og_locale":"pt_PT","og_type":"article","og_title":"Porto \u00e9 capital da juventude e do futuro - Portal Tela Portugal","og_description":"O Porto ser\u00e1 Capital Nacional de Juventude em 2026, com foco em traduzir a distin\u00e7\u00e3o em dire\u00e7\u00e3o pol\u00edtica e vis\u00e3o de futuro para a cidade. A eleva\u00e7\u00e3o envolve aproximar o Munic\u00edpio dos jovens, refor\u00e7ar a participa\u00e7\u00e3o e dar densidade aos temas centrais da vida jovem. Desafios apontados: habita\u00e7\u00e3o, sa\u00fade mental, emprego qualificado, empreendedorismo, associativismo, cultura e desporto. O Porto tem bases s\u00f3lidas: universidades de refer\u00eancia, cultura, desporto, inova\u00e7\u00e3o e um hist\u00f3rico de protagonismo, incluindo o primeiro Plano Municipal de Juventude, criado em 2009. Espera-se que a cidade se torne um verdadeiro elevador social, promovendo m\u00e9rito, esfor\u00e7o e oportunidades, com impacto ultrapassando o pr\u00f3prio Porto.","og_url":"https:\/\/portaltela.pt\/noticias\/2026\/03\/02\/porto-e-capital-da-juventude-e-do-futuro\/","og_site_name":"Portal Tela Portugal","article_published_time":"2026-03-02T18:00:00+00:00","author":"Telinha","twitter_card":"summary_large_image","twitter_misc":{"Escrito por":"Telinha","Tempo estimado de leitura":"2 minutos"},"schema":{"@context":"https:\/\/schema.org","@graph":[{"@type":"Article","@id":"https:\/\/portaltela.pt\/noticias\/2026\/03\/02\/porto-e-capital-da-juventude-e-do-futuro\/#article","isPartOf":{"@id":"https:\/\/portaltela.pt\/noticias\/2026\/03\/02\/porto-e-capital-da-juventude-e-do-futuro\/"},"author":{"name":"Telinha","@id":"https:\/\/portaltela.pt\/#\/schema\/person\/c4278d4a6028830caff9ee44b42d32ed"},"headline":"Porto \u00e9 capital da juventude e do futuro","datePublished":"2026-03-02T18:00:00+00:00","mainEntityOfPage":{"@id":"https:\/\/portaltela.pt\/noticias\/2026\/03\/02\/porto-e-capital-da-juventude-e-do-futuro\/"},"wordCount":339,"image":{"@id":"https:\/\/portaltela.pt\/noticias\/2026\/03\/02\/porto-e-capital-da-juventude-e-do-futuro\/#primaryimage"},"thumbnailUrl":"https:\/\/portaltela.pt\/s.01k8rhncp4jt1\/2026\/03\/be9529d2-6d69-4a38-9f9a-699378a1a291_1200x675.jpg","keywords":["empreendedorismo","emprego","juventude","participa\u00e7\u00e3o","Porto","universidades"],"articleSection":["Not\u00edcias"],"inLanguage":"pt-PT"},{"@type":"WebPage","@id":"https:\/\/portaltela.pt\/noticias\/2026\/03\/02\/porto-e-capital-da-juventude-e-do-futuro\/","url":"https:\/\/portaltela.pt\/noticias\/2026\/03\/02\/porto-e-capital-da-juventude-e-do-futuro\/","name":"Porto \u00e9 capital da juventude e do futuro - Portal Tela Portugal","isPartOf":{"@id":"https:\/\/portaltela.pt\/#website"},"primaryImageOfPage":{"@id":"https:\/\/portaltela.pt\/noticias\/2026\/03\/02\/porto-e-capital-da-juventude-e-do-futuro\/#primaryimage"},"image":{"@id":"https:\/\/portaltela.pt\/noticias\/2026\/03\/02\/porto-e-capital-da-juventude-e-do-futuro\/#primaryimage"},"thumbnailUrl":"https:\/\/portaltela.pt\/s.01k8rhncp4jt1\/2026\/03\/be9529d2-6d69-4a38-9f9a-699378a1a291_1200x675.jpg","datePublished":"2026-03-02T18:00:00+00:00","author":{"@id":"https:\/\/portaltela.pt\/#\/schema\/person\/c4278d4a6028830caff9ee44b42d32ed"},"breadcrumb":{"@id":"https:\/\/portaltela.pt\/noticias\/2026\/03\/02\/porto-e-capital-da-juventude-e-do-futuro\/#breadcrumb"},"inLanguage":"pt-PT","potentialAction":[{"@type":"ReadAction","target":["https:\/\/portaltela.pt\/noticias\/2026\/03\/02\/porto-e-capital-da-juventude-e-do-futuro\/"]}]},{"@type":"ImageObject","inLanguage":"pt-PT","@id":"https:\/\/portaltela.pt\/noticias\/2026\/03\/02\/porto-e-capital-da-juventude-e-do-futuro\/#primaryimage","url":"https:\/\/portaltela.pt\/s.01k8rhncp4jt1\/2026\/03\/be9529d2-6d69-4a38-9f9a-699378a1a291_1200x675.jpg","contentUrl":"https:\/\/portaltela.pt\/s.01k8rhncp4jt1\/2026\/03\/be9529d2-6d69-4a38-9f9a-699378a1a291_1200x675.jpg","width":796,"height":448,"caption":"Photo"},{"@type":"BreadcrumbList","@id":"https:\/\/portaltela.pt\/noticias\/2026\/03\/02\/porto-e-capital-da-juventude-e-do-futuro\/#breadcrumb","itemListElement":[{"@type":"ListItem","position":1,"name":"In\u00edcio","item":"https:\/\/portaltela.pt\/"},{"@type":"ListItem","position":2,"name":"Porto \u00e9 capital da juventude e do futuro"}]},{"@type":"WebSite","@id":"https:\/\/portaltela.pt\/#website","url":"https:\/\/portaltela.pt\/","name":"Portal Tela Portugal","description":"","potentialAction":[{"@type":"SearchAction","target":{"@type":"EntryPoint","urlTemplate":"https:\/\/portaltela.pt\/?s={search_term_string}"},"query-input":{"@type":"PropertyValueSpecification","valueRequired":true,"valueName":"search_term_string"}}],"inLanguage":"pt-PT"},{"@type":"Person","@id":"https:\/\/portaltela.pt\/#\/schema\/person\/c4278d4a6028830caff9ee44b42d32ed","name":"Telinha","image":{"@type":"ImageObject","inLanguage":"pt-PT","@id":"https:\/\/portaltela.pt\/s.01k8rhncp4jt1\/2025\/11\/talking-bot-125x125.png","url":"https:\/\/portaltela.pt\/s.01k8rhncp4jt1\/2025\/11\/talking-bot-125x125.png","contentUrl":"https:\/\/portaltela.pt\/s.01k8rhncp4jt1\/2025\/11\/talking-bot-125x125.png","caption":"Telinha"},"sameAs":["https:\/\/portaltela.pt\/"],"url":"https:\/\/portaltela.pt\/por\/367410592786\/"}]}},"_links":{"self":[{"href":"https:\/\/portaltela.pt\/api\/wp\/v2\/posts\/394709","targetHints":{"allow":["GET"]}}],"collection":[{"href":"https:\/\/portaltela.pt\/api\/wp\/v2\/posts"}],"about":[{"href":"https:\/\/portaltela.pt\/api\/wp\/v2\/types\/post"}],"author":[{"embeddable":true,"href":"https:\/\/portaltela.pt\/api\/wp\/v2\/users\/2"}],"replies":[{"embeddable":true,"href":"https:\/\/portaltela.pt\/api\/wp\/v2\/comments?post=394709"}],"version-history":[{"count":0,"href":"https:\/\/portaltela.pt\/api\/wp\/v2\/posts\/394709\/revisions"}],"wp:featuredmedia":[{"embeddable":true,"href":"https:\/\/portaltela.pt\/api\/wp\/v2\/media\/394725"}],"wp:attachment":[{"href":"https:\/\/portaltela.pt\/api\/wp\/v2\/media?parent=394709"}],"wp:term":[{"taxonomy":"category","embeddable":true,"href":"https:\/\/portaltela.pt\/api\/wp\/v2\/categories?post=394709"},{"taxonomy":"post_tag","embeddable":true,"href":"https:\/\/portaltela.pt\/api\/wp\/v2\/tags?post=394709"}],"curies":[{"name":"wp","href":"https:\/\/api.w.org\/{rel}","templated":true}]}}