{"id":394695,"date":"2026-03-02T14:42:00","date_gmt":"2026-03-02T17:42:00","guid":{"rendered":"https:\/\/portaltela.pt\/noticias\/2026\/03\/02\/alargamento-da-ferrovia-contumil-ermesinde-avanca-ate-junho\/"},"modified":"2026-03-02T14:42:00","modified_gmt":"2026-03-02T17:42:00","slug":"alargamento-da-ferrovia-contumil-ermesinde-avanca-ate-junho","status":"publish","type":"post","link":"https:\/\/portaltela.pt\/noticias\/2026\/03\/02\/alargamento-da-ferrovia-contumil-ermesinde-avanca-ate-junho\/","title":{"rendered":"Alargamento da Ferrovia Contumil-Ermesinde avan\u00e7a at\u00e9 junho"},"content":{"rendered":"<p>A Infraestruturas de Portugal (IP) prev\u00ea avan\u00e7ar com o alargamento para quatro vias da linha entre Contumil e Ermesinde, no segundo trimestre do ano, at\u00e9 junho. O passo depende das contrata\u00e7\u00f5es de fiscaliza\u00e7\u00e3o, expropria\u00e7\u00f5es, materiais e empreitada, al\u00e9m de uma verba de 25 milh\u00f5es de euros para sinaliza\u00e7\u00e3o.<\/p>\n<p>A adjudica\u00e7\u00e3o da sinaliza\u00e7\u00e3o j\u00e1 est\u00e1 em fase de avalia\u00e7\u00e3o com visto pr\u00e9vio do Tribunal de Contas. A Siemens Mobility foi contratada por ajuste direto para este segmento, alegando deter a tecnologia necess\u00e1ria, protegida por propriedade intelectual e patente.<\/p>\n<p>A IP j\u00e1 realizou compras de carril, travessas e aparelhos de via no valor de 7,6 milh\u00f5es de euros, e abriu concurso de fiscaliza\u00e7\u00e3o no montante de 22,5 milh\u00f5es de euros, com 6,4 milh\u00f5es de euros alocados para expropria\u00e7\u00f5es. N\u00e3o se prev\u00eaem despesas adicionais at\u00e9 ao arranque das obras.<\/p>\n<h3>Licita\u00e7\u00f5es e investimentos<\/h3>\n<p>Foi lan\u00e7ado o concurso para a empreitada principal, com valor estimado de 150 milh\u00f5es de euros, e a adjudica\u00e7\u00e3o est\u00e1 aguardada. O objetivo \u00e9 concluir o alargamento at\u00e9 ao m\u00eas de junho, ap\u00f3s as etapas de contrata\u00e7\u00e3o e prepara\u00e7\u00e3o dos materiais.<\/p>\n","protected":false},"excerpt":{"rendered":"<ul>\n<li>A Infraestruturas de Portugal prev\u00ea alargar para quatro vias a linha de Contumil a Ermesinde, no segundo trimestre do ano, at\u00e9 junho.<\/li>\n<li>O avan\u00e7o depende de contrata\u00e7\u00f5es de fiscaliza\u00e7\u00e3o, expropria\u00e7\u00f5es, materiais e empreitada, al\u00e9m de 25 milh\u00f5es de euros para sinaliza\u00e7\u00e3o.<\/li>\n<li>A empreitada de sinaliza\u00e7\u00e3o est\u00e1 a ser contratada, com visto pr\u00e9vio do Tribunal de Contas ainda pendente.<\/li>\n<li>A Siemens Mobility foi contratada por ajuste direto para a sinaliza\u00e7\u00e3o, devido \u00e0 tecnologia exclusiva que det\u00e9m e \u00e0s patentes associadas.<\/li>\n<li>J\u00e1 est\u00e1 lan\u00e7ado o concurso da empreitada principal, no valor de 150 milh\u00f5es de euros, aguardando adjudica\u00e7\u00e3o; at\u00e9 ao in\u00edcio dos trabalhos n\u00e3o h\u00e1 mais despesas previstas.<\/li>\n<\/ul>\n","protected":false},"author":2,"featured_media":394704,"comment_status":"closed","ping_status":"closed","sticky":false,"template":"","format":"standard","meta":{"footnotes":""},"categories":[1],"tags":[3105,1615,316,5691,982,192],"class_list":["post-394695","post","type-post","status-publish","format-standard","has-post-thumbnail","hentry","category-noticias","tag-engenharia-civil","tag-infraestrutura","tag-investimento","tag-obras","tag-porto","tag-transporte"],"yoast_head":"<!-- This site is optimized with the Yoast SEO plugin v27.2 - https:\/\/yoast.com\/product\/yoast-seo-wordpress\/ -->\n<title>Alargamento da Ferrovia Contumil-Ermesinde avan\u00e7a at\u00e9 junho - Portal Tela Portugal<\/title>\n<meta name=\"robots\" content=\"index, follow, max-snippet:-1, max-image-preview:large, max-video-preview:-1\" \/>\n<meta property=\"og:locale\" content=\"pt_PT\" \/>\n<meta property=\"og:type\" content=\"article\" \/>\n<meta property=\"og:title\" content=\"Alargamento da Ferrovia Contumil-Ermesinde avan\u00e7a at\u00e9 junho - Portal Tela Portugal\" \/>\n<meta property=\"og:description\" content=\"A Infraestruturas de Portugal prev\u00ea alargar para quatro vias a linha de Contumil a Ermesinde, no segundo trimestre do ano, at\u00e9 junho. O avan\u00e7o depende de contrata\u00e7\u00f5es de fiscaliza\u00e7\u00e3o, expropria\u00e7\u00f5es, materiais e empreitada, al\u00e9m de 25 milh\u00f5es de euros para sinaliza\u00e7\u00e3o. A empreitada de sinaliza\u00e7\u00e3o est\u00e1 a ser contratada, com visto pr\u00e9vio do Tribunal de Contas ainda pendente. A Siemens Mobility foi contratada por ajuste direto para a sinaliza\u00e7\u00e3o, devido \u00e0 tecnologia exclusiva que det\u00e9m e \u00e0s patentes associadas. J\u00e1 est\u00e1 lan\u00e7ado o concurso da empreitada principal, no valor de 150 milh\u00f5es de euros, aguardando adjudica\u00e7\u00e3o; at\u00e9 ao in\u00edcio dos trabalhos n\u00e3o h\u00e1 mais despesas previstas.\" \/>\n<meta property=\"og:url\" content=\"https:\/\/portaltela.pt\/noticias\/2026\/03\/02\/alargamento-da-ferrovia-contumil-ermesinde-avanca-ate-junho\/\" \/>\n<meta property=\"og:site_name\" content=\"Portal Tela Portugal\" \/>\n<meta property=\"article:published_time\" content=\"2026-03-02T17:42:00+00:00\" \/>\n<meta name=\"author\" content=\"Telinha\" \/>\n<meta name=\"twitter:card\" content=\"summary_large_image\" \/>\n<meta name=\"twitter:label1\" content=\"Escrito por\" \/>\n\t<meta name=\"twitter:data1\" content=\"Telinha\" \/>\n\t<meta name=\"twitter:label2\" content=\"Tempo estimado de leitura\" \/>\n\t<meta name=\"twitter:data2\" content=\"1 minuto\" \/>\n<script type=\"application\/ld+json\" class=\"yoast-schema-graph\">{\"@context\":\"https:\/\/schema.org\",\"@graph\":[{\"@type\":\"Article\",\"@id\":\"https:\/\/portaltela.pt\/noticias\/2026\/03\/02\/alargamento-da-ferrovia-contumil-ermesinde-avanca-ate-junho\/#article\",\"isPartOf\":{\"@id\":\"https:\/\/portaltela.pt\/noticias\/2026\/03\/02\/alargamento-da-ferrovia-contumil-ermesinde-avanca-ate-junho\/\"},\"author\":{\"name\":\"Telinha\",\"@id\":\"https:\/\/portaltela.pt\/#\/schema\/person\/c4278d4a6028830caff9ee44b42d32ed\"},\"headline\":\"Alargamento da Ferrovia Contumil-Ermesinde avan\u00e7a at\u00e9 junho\",\"datePublished\":\"2026-03-02T17:42:00+00:00\",\"mainEntityOfPage\":{\"@id\":\"https:\/\/portaltela.pt\/noticias\/2026\/03\/02\/alargamento-da-ferrovia-contumil-ermesinde-avanca-ate-junho\/\"},\"wordCount\":209,\"image\":{\"@id\":\"https:\/\/portaltela.pt\/noticias\/2026\/03\/02\/alargamento-da-ferrovia-contumil-ermesinde-avanca-ate-junho\/#primaryimage\"},\"thumbnailUrl\":\"https:\/\/portaltela.pt\/s.01k8rhncp4jt1\/2026\/03\/image-1.webp\",\"keywords\":[\"engenharia civil\",\"infraestrutura\",\"investimento\",\"obras\",\"Porto\",\"transporte\"],\"articleSection\":[\"Not\u00edcias\"],\"inLanguage\":\"pt-PT\"},{\"@type\":\"WebPage\",\"@id\":\"https:\/\/portaltela.pt\/noticias\/2026\/03\/02\/alargamento-da-ferrovia-contumil-ermesinde-avanca-ate-junho\/\",\"url\":\"https:\/\/portaltela.pt\/noticias\/2026\/03\/02\/alargamento-da-ferrovia-contumil-ermesinde-avanca-ate-junho\/\",\"name\":\"Alargamento da Ferrovia Contumil-Ermesinde avan\u00e7a at\u00e9 junho - Portal Tela Portugal\",\"isPartOf\":{\"@id\":\"https:\/\/portaltela.pt\/#website\"},\"primaryImageOfPage\":{\"@id\":\"https:\/\/portaltela.pt\/noticias\/2026\/03\/02\/alargamento-da-ferrovia-contumil-ermesinde-avanca-ate-junho\/#primaryimage\"},\"image\":{\"@id\":\"https:\/\/portaltela.pt\/noticias\/2026\/03\/02\/alargamento-da-ferrovia-contumil-ermesinde-avanca-ate-junho\/#primaryimage\"},\"thumbnailUrl\":\"https:\/\/portaltela.pt\/s.01k8rhncp4jt1\/2026\/03\/image-1.webp\",\"datePublished\":\"2026-03-02T17:42:00+00:00\",\"author\":{\"@id\":\"https:\/\/portaltela.pt\/#\/schema\/person\/c4278d4a6028830caff9ee44b42d32ed\"},\"breadcrumb\":{\"@id\":\"https:\/\/portaltela.pt\/noticias\/2026\/03\/02\/alargamento-da-ferrovia-contumil-ermesinde-avanca-ate-junho\/#breadcrumb\"},\"inLanguage\":\"pt-PT\",\"potentialAction\":[{\"@type\":\"ReadAction\",\"target\":[\"https:\/\/portaltela.pt\/noticias\/2026\/03\/02\/alargamento-da-ferrovia-contumil-ermesinde-avanca-ate-junho\/\"]}]},{\"@type\":\"ImageObject\",\"inLanguage\":\"pt-PT\",\"@id\":\"https:\/\/portaltela.pt\/noticias\/2026\/03\/02\/alargamento-da-ferrovia-contumil-ermesinde-avanca-ate-junho\/#primaryimage\",\"url\":\"https:\/\/portaltela.pt\/s.01k8rhncp4jt1\/2026\/03\/image-1.webp\",\"contentUrl\":\"https:\/\/portaltela.pt\/s.01k8rhncp4jt1\/2026\/03\/image-1.webp\",\"width\":1200,\"height\":800,\"caption\":\"Alargamento da ferrovia entre Contumil e Ermesinde arrancar\u00e1 em breve\"},{\"@type\":\"BreadcrumbList\",\"@id\":\"https:\/\/portaltela.pt\/noticias\/2026\/03\/02\/alargamento-da-ferrovia-contumil-ermesinde-avanca-ate-junho\/#breadcrumb\",\"itemListElement\":[{\"@type\":\"ListItem\",\"position\":1,\"name\":\"In\u00edcio\",\"item\":\"https:\/\/portaltela.pt\/\"},{\"@type\":\"ListItem\",\"position\":2,\"name\":\"Alargamento da Ferrovia Contumil-Ermesinde avan\u00e7a at\u00e9 junho\"}]},{\"@type\":\"WebSite\",\"@id\":\"https:\/\/portaltela.pt\/#website\",\"url\":\"https:\/\/portaltela.pt\/\",\"name\":\"Portal Tela Portugal\",\"description\":\"\",\"potentialAction\":[{\"@type\":\"SearchAction\",\"target\":{\"@type\":\"EntryPoint\",\"urlTemplate\":\"https:\/\/portaltela.pt\/?s={search_term_string}\"},\"query-input\":{\"@type\":\"PropertyValueSpecification\",\"valueRequired\":true,\"valueName\":\"search_term_string\"}}],\"inLanguage\":\"pt-PT\"},{\"@type\":\"Person\",\"@id\":\"https:\/\/portaltela.pt\/#\/schema\/person\/c4278d4a6028830caff9ee44b42d32ed\",\"name\":\"Telinha\",\"image\":{\"@type\":\"ImageObject\",\"inLanguage\":\"pt-PT\",\"@id\":\"https:\/\/portaltela.pt\/s.01k8rhncp4jt1\/2025\/11\/talking-bot-125x125.png\",\"url\":\"https:\/\/portaltela.pt\/s.01k8rhncp4jt1\/2025\/11\/talking-bot-125x125.png\",\"contentUrl\":\"https:\/\/portaltela.pt\/s.01k8rhncp4jt1\/2025\/11\/talking-bot-125x125.png\",\"caption\":\"Telinha\"},\"sameAs\":[\"https:\/\/portaltela.pt\/\"],\"url\":\"https:\/\/portaltela.pt\/por\/367410592786\/\"}]}<\/script>\n<!-- \/ Yoast SEO plugin. -->","yoast_head_json":{"title":"Alargamento da Ferrovia Contumil-Ermesinde avan\u00e7a at\u00e9 junho - Portal Tela Portugal","robots":{"index":"index","follow":"follow","max-snippet":"max-snippet:-1","max-image-preview":"max-image-preview:large","max-video-preview":"max-video-preview:-1"},"og_locale":"pt_PT","og_type":"article","og_title":"Alargamento da Ferrovia Contumil-Ermesinde avan\u00e7a at\u00e9 junho - Portal Tela Portugal","og_description":"A Infraestruturas de Portugal prev\u00ea alargar para quatro vias a linha de Contumil a Ermesinde, no segundo trimestre do ano, at\u00e9 junho. O avan\u00e7o depende de contrata\u00e7\u00f5es de fiscaliza\u00e7\u00e3o, expropria\u00e7\u00f5es, materiais e empreitada, al\u00e9m de 25 milh\u00f5es de euros para sinaliza\u00e7\u00e3o. A empreitada de sinaliza\u00e7\u00e3o est\u00e1 a ser contratada, com visto pr\u00e9vio do Tribunal de Contas ainda pendente. A Siemens Mobility foi contratada por ajuste direto para a sinaliza\u00e7\u00e3o, devido \u00e0 tecnologia exclusiva que det\u00e9m e \u00e0s patentes associadas. J\u00e1 est\u00e1 lan\u00e7ado o concurso da empreitada principal, no valor de 150 milh\u00f5es de euros, aguardando adjudica\u00e7\u00e3o; at\u00e9 ao in\u00edcio dos trabalhos n\u00e3o h\u00e1 mais despesas previstas.","og_url":"https:\/\/portaltela.pt\/noticias\/2026\/03\/02\/alargamento-da-ferrovia-contumil-ermesinde-avanca-ate-junho\/","og_site_name":"Portal Tela Portugal","article_published_time":"2026-03-02T17:42:00+00:00","author":"Telinha","twitter_card":"summary_large_image","twitter_misc":{"Escrito por":"Telinha","Tempo estimado de leitura":"1 minuto"},"schema":{"@context":"https:\/\/schema.org","@graph":[{"@type":"Article","@id":"https:\/\/portaltela.pt\/noticias\/2026\/03\/02\/alargamento-da-ferrovia-contumil-ermesinde-avanca-ate-junho\/#article","isPartOf":{"@id":"https:\/\/portaltela.pt\/noticias\/2026\/03\/02\/alargamento-da-ferrovia-contumil-ermesinde-avanca-ate-junho\/"},"author":{"name":"Telinha","@id":"https:\/\/portaltela.pt\/#\/schema\/person\/c4278d4a6028830caff9ee44b42d32ed"},"headline":"Alargamento da Ferrovia Contumil-Ermesinde avan\u00e7a at\u00e9 junho","datePublished":"2026-03-02T17:42:00+00:00","mainEntityOfPage":{"@id":"https:\/\/portaltela.pt\/noticias\/2026\/03\/02\/alargamento-da-ferrovia-contumil-ermesinde-avanca-ate-junho\/"},"wordCount":209,"image":{"@id":"https:\/\/portaltela.pt\/noticias\/2026\/03\/02\/alargamento-da-ferrovia-contumil-ermesinde-avanca-ate-junho\/#primaryimage"},"thumbnailUrl":"https:\/\/portaltela.pt\/s.01k8rhncp4jt1\/2026\/03\/image-1.webp","keywords":["engenharia civil","infraestrutura","investimento","obras","Porto","transporte"],"articleSection":["Not\u00edcias"],"inLanguage":"pt-PT"},{"@type":"WebPage","@id":"https:\/\/portaltela.pt\/noticias\/2026\/03\/02\/alargamento-da-ferrovia-contumil-ermesinde-avanca-ate-junho\/","url":"https:\/\/portaltela.pt\/noticias\/2026\/03\/02\/alargamento-da-ferrovia-contumil-ermesinde-avanca-ate-junho\/","name":"Alargamento da Ferrovia Contumil-Ermesinde avan\u00e7a at\u00e9 junho - Portal Tela Portugal","isPartOf":{"@id":"https:\/\/portaltela.pt\/#website"},"primaryImageOfPage":{"@id":"https:\/\/portaltela.pt\/noticias\/2026\/03\/02\/alargamento-da-ferrovia-contumil-ermesinde-avanca-ate-junho\/#primaryimage"},"image":{"@id":"https:\/\/portaltela.pt\/noticias\/2026\/03\/02\/alargamento-da-ferrovia-contumil-ermesinde-avanca-ate-junho\/#primaryimage"},"thumbnailUrl":"https:\/\/portaltela.pt\/s.01k8rhncp4jt1\/2026\/03\/image-1.webp","datePublished":"2026-03-02T17:42:00+00:00","author":{"@id":"https:\/\/portaltela.pt\/#\/schema\/person\/c4278d4a6028830caff9ee44b42d32ed"},"breadcrumb":{"@id":"https:\/\/portaltela.pt\/noticias\/2026\/03\/02\/alargamento-da-ferrovia-contumil-ermesinde-avanca-ate-junho\/#breadcrumb"},"inLanguage":"pt-PT","potentialAction":[{"@type":"ReadAction","target":["https:\/\/portaltela.pt\/noticias\/2026\/03\/02\/alargamento-da-ferrovia-contumil-ermesinde-avanca-ate-junho\/"]}]},{"@type":"ImageObject","inLanguage":"pt-PT","@id":"https:\/\/portaltela.pt\/noticias\/2026\/03\/02\/alargamento-da-ferrovia-contumil-ermesinde-avanca-ate-junho\/#primaryimage","url":"https:\/\/portaltela.pt\/s.01k8rhncp4jt1\/2026\/03\/image-1.webp","contentUrl":"https:\/\/portaltela.pt\/s.01k8rhncp4jt1\/2026\/03\/image-1.webp","width":1200,"height":800,"caption":"Alargamento da ferrovia entre Contumil e Ermesinde arrancar\u00e1 em breve"},{"@type":"BreadcrumbList","@id":"https:\/\/portaltela.pt\/noticias\/2026\/03\/02\/alargamento-da-ferrovia-contumil-ermesinde-avanca-ate-junho\/#breadcrumb","itemListElement":[{"@type":"ListItem","position":1,"name":"In\u00edcio","item":"https:\/\/portaltela.pt\/"},{"@type":"ListItem","position":2,"name":"Alargamento da Ferrovia Contumil-Ermesinde avan\u00e7a at\u00e9 junho"}]},{"@type":"WebSite","@id":"https:\/\/portaltela.pt\/#website","url":"https:\/\/portaltela.pt\/","name":"Portal Tela Portugal","description":"","potentialAction":[{"@type":"SearchAction","target":{"@type":"EntryPoint","urlTemplate":"https:\/\/portaltela.pt\/?s={search_term_string}"},"query-input":{"@type":"PropertyValueSpecification","valueRequired":true,"valueName":"search_term_string"}}],"inLanguage":"pt-PT"},{"@type":"Person","@id":"https:\/\/portaltela.pt\/#\/schema\/person\/c4278d4a6028830caff9ee44b42d32ed","name":"Telinha","image":{"@type":"ImageObject","inLanguage":"pt-PT","@id":"https:\/\/portaltela.pt\/s.01k8rhncp4jt1\/2025\/11\/talking-bot-125x125.png","url":"https:\/\/portaltela.pt\/s.01k8rhncp4jt1\/2025\/11\/talking-bot-125x125.png","contentUrl":"https:\/\/portaltela.pt\/s.01k8rhncp4jt1\/2025\/11\/talking-bot-125x125.png","caption":"Telinha"},"sameAs":["https:\/\/portaltela.pt\/"],"url":"https:\/\/portaltela.pt\/por\/367410592786\/"}]}},"_links":{"self":[{"href":"https:\/\/portaltela.pt\/api\/wp\/v2\/posts\/394695","targetHints":{"allow":["GET"]}}],"collection":[{"href":"https:\/\/portaltela.pt\/api\/wp\/v2\/posts"}],"about":[{"href":"https:\/\/portaltela.pt\/api\/wp\/v2\/types\/post"}],"author":[{"embeddable":true,"href":"https:\/\/portaltela.pt\/api\/wp\/v2\/users\/2"}],"replies":[{"embeddable":true,"href":"https:\/\/portaltela.pt\/api\/wp\/v2\/comments?post=394695"}],"version-history":[{"count":0,"href":"https:\/\/portaltela.pt\/api\/wp\/v2\/posts\/394695\/revisions"}],"wp:featuredmedia":[{"embeddable":true,"href":"https:\/\/portaltela.pt\/api\/wp\/v2\/media\/394704"}],"wp:attachment":[{"href":"https:\/\/portaltela.pt\/api\/wp\/v2\/media?parent=394695"}],"wp:term":[{"taxonomy":"category","embeddable":true,"href":"https:\/\/portaltela.pt\/api\/wp\/v2\/categories?post=394695"},{"taxonomy":"post_tag","embeddable":true,"href":"https:\/\/portaltela.pt\/api\/wp\/v2\/tags?post=394695"}],"curies":[{"name":"wp","href":"https:\/\/api.w.org\/{rel}","templated":true}]}}