{"id":394692,"date":"2026-03-02T14:57:00","date_gmt":"2026-03-02T17:57:00","guid":{"rendered":"https:\/\/portaltela.pt\/noticias\/2026\/03\/02\/montenegro-diz-que-mais-meios-sao-necessarios-para-combater-incendios\/"},"modified":"2026-03-02T14:57:00","modified_gmt":"2026-03-02T17:57:00","slug":"montenegro-diz-que-mais-meios-sao-necessarios-para-combater-incendios","status":"publish","type":"post","link":"https:\/\/portaltela.pt\/noticias\/2026\/03\/02\/montenegro-diz-que-mais-meios-sao-necessarios-para-combater-incendios\/","title":{"rendered":"Montenegro diz que mais meios s\u00e3o necess\u00e1rios para combater inc\u00eandios"},"content":{"rendered":"<p>O primeiro-ministro Lu\u00eds Montenegro advertiu, em Ponte da Barca, que o DECIR 2026 deve traduzir-se em melhores resultados no combate a inc\u00eandios com o refor\u00e7o de meios. O objetivo \u00e9 que mais viaturas, m\u00e1quinas de rasto e equipas se traduzam em maior efic\u00e1cia.<\/p>\n<p>Montenegro sublinhou que a prioridade \u00e9 resolver, evitando atrasos por burocracias. A cerim\u00f3nia contou com a presen\u00e7a dos ministros da Defesa, Ambiente e Agricultura e Mar, em pleno contexto de prepara\u00e7\u00e3o para a temporada de inc\u00eandios.<\/p>\n<p>O Governo apresentou o DECIR 2026 como resposta aos inc\u00eandios ocorridos em 2025 no concelho de Ponte da Barca, designado como foco de alerta. O objetivo \u00e9 demonstrar preven\u00e7\u00e3o eficaz e rapidez na interven\u00e7\u00e3o.<\/p>\n<h3>Medidas e regras operacionais<\/h3>\n<p>O ministro da Administra\u00e7\u00e3o Interna, Lu\u00eds Neves, anunciou um regime tempor\u00e1rio para \u00e1reas integradas de gest\u00e3o da paisagem. A medida prev\u00ea remo\u00e7\u00e3o de lenhos at\u00e9 1 de junho e coloca\u00e7\u00e3o no mercado do material resultante.<\/p>\n<p>A interven\u00e7\u00e3o direta do ICNF ocorre quando os propriet\u00e1rios n\u00e3o atuam. A legalidade permite contrata\u00e7\u00e3o simplificada em situa\u00e7\u00f5es de urg\u00eancia, com etapas de corte, remo\u00e7\u00e3o e transporte at\u00e9 \u00e0 data limite.<\/p>\n<p>Os meios no DECIR 2026 manter\u00e3o ligeiro aumento face a 2025. Durante o per\u00edodo cr\u00edtico, entre 1 de julho e 30 de setembro, est\u00e3o previstas 15.149 opera\u00e7\u00f5es, 81 meios a\u00e9reos e 2.596 equipas.<\/p>\n","protected":false},"excerpt":{"rendered":"<ul>\n<li>O primeiro-ministro Lu\u00eds Montenegro disse que, com o DECIR 2026, h\u00e1 de haver melhores resultados no combate aos inc\u00eandios, devido ao refor\u00e7o de viaturas, m\u00e1quinas de rasto e equipas.<\/li>\n<li>A apresenta\u00e7\u00e3o do DECIR 2026 ocorreu em Ponte da Barca, onde Montenegro afirmou que a prioridade \u00e9 resolver, sem burocracias desnecess\u00e1rias.<\/li>\n<li>O governo sinalizou um regime tempor\u00e1rio para gest\u00e3o da paisagem: remo\u00e7\u00e3o de material lenhoso at\u00e9 1 de junho e coloca\u00e7\u00e3o no mercado, com interven\u00e7\u00e3o do ICNF e mecanismos de compensa\u00e7\u00e3o.<\/li>\n<li>O regime prev\u00ea contrata\u00e7\u00e3o simplificada em situa\u00e7\u00e3o de urg\u00eancia e a interven\u00e7\u00e3o direta para remover o material quando os propriet\u00e1rios n\u00e3o atuarem.<\/li>\n<li>Para o per\u00edodo de maior empenhamento, entre 1 de julho e 30 de setembro, o dispositivo ter\u00e1 15.149 operacionais, 3.463 viaturas e 81 meios a\u00e9reos.<\/li>\n<\/ul>\n","protected":false},"author":2,"featured_media":394703,"comment_status":"closed","ping_status":"closed","sticky":false,"template":"","format":"standard","meta":{"footnotes":""},"categories":[1],"tags":[168,2617,45,6521,4564,1014],"class_list":["post-394692","post","type-post","status-publish","format-standard","has-post-thumbnail","hentry","category-noticias","tag-administracao-publica","tag-incendios","tag-meio-ambiente","tag-meios-aereos","tag-ponte-da-barca","tag-portugal"],"yoast_head":"<!-- This site is optimized with the Yoast SEO plugin v27.2 - https:\/\/yoast.com\/product\/yoast-seo-wordpress\/ -->\n<title>Montenegro diz que mais meios s\u00e3o necess\u00e1rios para combater inc\u00eandios - Portal Tela Portugal<\/title>\n<meta name=\"robots\" content=\"index, follow, max-snippet:-1, max-image-preview:large, max-video-preview:-1\" \/>\n<meta property=\"og:locale\" content=\"pt_PT\" \/>\n<meta property=\"og:type\" content=\"article\" \/>\n<meta property=\"og:title\" content=\"Montenegro diz que mais meios s\u00e3o necess\u00e1rios para combater inc\u00eandios - Portal Tela Portugal\" \/>\n<meta property=\"og:description\" content=\"O primeiro-ministro Lu\u00eds Montenegro disse que, com o DECIR 2026, h\u00e1 de haver melhores resultados no combate aos inc\u00eandios, devido ao refor\u00e7o de viaturas, m\u00e1quinas de rasto e equipas. A apresenta\u00e7\u00e3o do DECIR 2026 ocorreu em Ponte da Barca, onde Montenegro afirmou que a prioridade \u00e9 resolver, sem burocracias desnecess\u00e1rias. O governo sinalizou um regime tempor\u00e1rio para gest\u00e3o da paisagem: remo\u00e7\u00e3o de material lenhoso at\u00e9 1 de junho e coloca\u00e7\u00e3o no mercado, com interven\u00e7\u00e3o do ICNF e mecanismos de compensa\u00e7\u00e3o. O regime prev\u00ea contrata\u00e7\u00e3o simplificada em situa\u00e7\u00e3o de urg\u00eancia e a interven\u00e7\u00e3o direta para remover o material quando os propriet\u00e1rios n\u00e3o atuarem. Para o per\u00edodo de maior empenhamento, entre 1 de julho e 30 de setembro, o dispositivo ter\u00e1 15.149 operacionais, 3.463 viaturas e 81 meios a\u00e9reos.\" \/>\n<meta property=\"og:url\" content=\"https:\/\/portaltela.pt\/noticias\/2026\/03\/02\/montenegro-diz-que-mais-meios-sao-necessarios-para-combater-incendios\/\" \/>\n<meta property=\"og:site_name\" content=\"Portal Tela Portugal\" \/>\n<meta property=\"article:published_time\" content=\"2026-03-02T17:57:00+00:00\" \/>\n<meta name=\"author\" content=\"Telinha\" \/>\n<meta name=\"twitter:card\" content=\"summary_large_image\" \/>\n<meta name=\"twitter:label1\" content=\"Escrito por\" \/>\n\t<meta name=\"twitter:data1\" content=\"Telinha\" \/>\n\t<meta name=\"twitter:label2\" content=\"Tempo estimado de leitura\" \/>\n\t<meta name=\"twitter:data2\" content=\"1 minuto\" \/>\n<script type=\"application\/ld+json\" class=\"yoast-schema-graph\">{\"@context\":\"https:\/\/schema.org\",\"@graph\":[{\"@type\":\"Article\",\"@id\":\"https:\/\/portaltela.pt\/noticias\/2026\/03\/02\/montenegro-diz-que-mais-meios-sao-necessarios-para-combater-incendios\/#article\",\"isPartOf\":{\"@id\":\"https:\/\/portaltela.pt\/noticias\/2026\/03\/02\/montenegro-diz-que-mais-meios-sao-necessarios-para-combater-incendios\/\"},\"author\":{\"name\":\"Telinha\",\"@id\":\"https:\/\/portaltela.pt\/#\/schema\/person\/c4278d4a6028830caff9ee44b42d32ed\"},\"headline\":\"Montenegro diz que mais meios s\u00e3o necess\u00e1rios para combater inc\u00eandios\",\"datePublished\":\"2026-03-02T17:57:00+00:00\",\"mainEntityOfPage\":{\"@id\":\"https:\/\/portaltela.pt\/noticias\/2026\/03\/02\/montenegro-diz-que-mais-meios-sao-necessarios-para-combater-incendios\/\"},\"wordCount\":245,\"image\":{\"@id\":\"https:\/\/portaltela.pt\/noticias\/2026\/03\/02\/montenegro-diz-que-mais-meios-sao-necessarios-para-combater-incendios\/#primaryimage\"},\"thumbnailUrl\":\"https:\/\/portaltela.pt\/s.01k8rhncp4jt1\/2026\/03\/image-99.jpg\",\"keywords\":[\"administra\u00e7\u00e3o p\u00fablica\",\"inc\u00eandios\",\"meio-ambiente\",\"meios a\u00e9reos\",\"Ponte da Barca\",\"Portugal\"],\"articleSection\":[\"Not\u00edcias\"],\"inLanguage\":\"pt-PT\"},{\"@type\":\"WebPage\",\"@id\":\"https:\/\/portaltela.pt\/noticias\/2026\/03\/02\/montenegro-diz-que-mais-meios-sao-necessarios-para-combater-incendios\/\",\"url\":\"https:\/\/portaltela.pt\/noticias\/2026\/03\/02\/montenegro-diz-que-mais-meios-sao-necessarios-para-combater-incendios\/\",\"name\":\"Montenegro diz que mais meios s\u00e3o necess\u00e1rios para combater inc\u00eandios - Portal Tela Portugal\",\"isPartOf\":{\"@id\":\"https:\/\/portaltela.pt\/#website\"},\"primaryImageOfPage\":{\"@id\":\"https:\/\/portaltela.pt\/noticias\/2026\/03\/02\/montenegro-diz-que-mais-meios-sao-necessarios-para-combater-incendios\/#primaryimage\"},\"image\":{\"@id\":\"https:\/\/portaltela.pt\/noticias\/2026\/03\/02\/montenegro-diz-que-mais-meios-sao-necessarios-para-combater-incendios\/#primaryimage\"},\"thumbnailUrl\":\"https:\/\/portaltela.pt\/s.01k8rhncp4jt1\/2026\/03\/image-99.jpg\",\"datePublished\":\"2026-03-02T17:57:00+00:00\",\"author\":{\"@id\":\"https:\/\/portaltela.pt\/#\/schema\/person\/c4278d4a6028830caff9ee44b42d32ed\"},\"breadcrumb\":{\"@id\":\"https:\/\/portaltela.pt\/noticias\/2026\/03\/02\/montenegro-diz-que-mais-meios-sao-necessarios-para-combater-incendios\/#breadcrumb\"},\"inLanguage\":\"pt-PT\",\"potentialAction\":[{\"@type\":\"ReadAction\",\"target\":[\"https:\/\/portaltela.pt\/noticias\/2026\/03\/02\/montenegro-diz-que-mais-meios-sao-necessarios-para-combater-incendios\/\"]}]},{\"@type\":\"ImageObject\",\"inLanguage\":\"pt-PT\",\"@id\":\"https:\/\/portaltela.pt\/noticias\/2026\/03\/02\/montenegro-diz-que-mais-meios-sao-necessarios-para-combater-incendios\/#primaryimage\",\"url\":\"https:\/\/portaltela.pt\/s.01k8rhncp4jt1\/2026\/03\/image-99.jpg\",\"contentUrl\":\"https:\/\/portaltela.pt\/s.01k8rhncp4jt1\/2026\/03\/image-99.jpg\",\"width\":796,\"height\":448,\"caption\":\"O primeiro-ministro Lu\u00eds Montenegro\"},{\"@type\":\"BreadcrumbList\",\"@id\":\"https:\/\/portaltela.pt\/noticias\/2026\/03\/02\/montenegro-diz-que-mais-meios-sao-necessarios-para-combater-incendios\/#breadcrumb\",\"itemListElement\":[{\"@type\":\"ListItem\",\"position\":1,\"name\":\"In\u00edcio\",\"item\":\"https:\/\/portaltela.pt\/\"},{\"@type\":\"ListItem\",\"position\":2,\"name\":\"Montenegro diz que mais meios s\u00e3o necess\u00e1rios para combater inc\u00eandios\"}]},{\"@type\":\"WebSite\",\"@id\":\"https:\/\/portaltela.pt\/#website\",\"url\":\"https:\/\/portaltela.pt\/\",\"name\":\"Portal Tela Portugal\",\"description\":\"\",\"potentialAction\":[{\"@type\":\"SearchAction\",\"target\":{\"@type\":\"EntryPoint\",\"urlTemplate\":\"https:\/\/portaltela.pt\/?s={search_term_string}\"},\"query-input\":{\"@type\":\"PropertyValueSpecification\",\"valueRequired\":true,\"valueName\":\"search_term_string\"}}],\"inLanguage\":\"pt-PT\"},{\"@type\":\"Person\",\"@id\":\"https:\/\/portaltela.pt\/#\/schema\/person\/c4278d4a6028830caff9ee44b42d32ed\",\"name\":\"Telinha\",\"image\":{\"@type\":\"ImageObject\",\"inLanguage\":\"pt-PT\",\"@id\":\"https:\/\/portaltela.pt\/s.01k8rhncp4jt1\/2025\/11\/talking-bot-125x125.png\",\"url\":\"https:\/\/portaltela.pt\/s.01k8rhncp4jt1\/2025\/11\/talking-bot-125x125.png\",\"contentUrl\":\"https:\/\/portaltela.pt\/s.01k8rhncp4jt1\/2025\/11\/talking-bot-125x125.png\",\"caption\":\"Telinha\"},\"sameAs\":[\"https:\/\/portaltela.pt\/\"],\"url\":\"https:\/\/portaltela.pt\/por\/367410592786\/\"}]}<\/script>\n<!-- \/ Yoast SEO plugin. -->","yoast_head_json":{"title":"Montenegro diz que mais meios s\u00e3o necess\u00e1rios para combater inc\u00eandios - Portal Tela Portugal","robots":{"index":"index","follow":"follow","max-snippet":"max-snippet:-1","max-image-preview":"max-image-preview:large","max-video-preview":"max-video-preview:-1"},"og_locale":"pt_PT","og_type":"article","og_title":"Montenegro diz que mais meios s\u00e3o necess\u00e1rios para combater inc\u00eandios - Portal Tela Portugal","og_description":"O primeiro-ministro Lu\u00eds Montenegro disse que, com o DECIR 2026, h\u00e1 de haver melhores resultados no combate aos inc\u00eandios, devido ao refor\u00e7o de viaturas, m\u00e1quinas de rasto e equipas. A apresenta\u00e7\u00e3o do DECIR 2026 ocorreu em Ponte da Barca, onde Montenegro afirmou que a prioridade \u00e9 resolver, sem burocracias desnecess\u00e1rias. O governo sinalizou um regime tempor\u00e1rio para gest\u00e3o da paisagem: remo\u00e7\u00e3o de material lenhoso at\u00e9 1 de junho e coloca\u00e7\u00e3o no mercado, com interven\u00e7\u00e3o do ICNF e mecanismos de compensa\u00e7\u00e3o. O regime prev\u00ea contrata\u00e7\u00e3o simplificada em situa\u00e7\u00e3o de urg\u00eancia e a interven\u00e7\u00e3o direta para remover o material quando os propriet\u00e1rios n\u00e3o atuarem. Para o per\u00edodo de maior empenhamento, entre 1 de julho e 30 de setembro, o dispositivo ter\u00e1 15.149 operacionais, 3.463 viaturas e 81 meios a\u00e9reos.","og_url":"https:\/\/portaltela.pt\/noticias\/2026\/03\/02\/montenegro-diz-que-mais-meios-sao-necessarios-para-combater-incendios\/","og_site_name":"Portal Tela Portugal","article_published_time":"2026-03-02T17:57:00+00:00","author":"Telinha","twitter_card":"summary_large_image","twitter_misc":{"Escrito por":"Telinha","Tempo estimado de leitura":"1 minuto"},"schema":{"@context":"https:\/\/schema.org","@graph":[{"@type":"Article","@id":"https:\/\/portaltela.pt\/noticias\/2026\/03\/02\/montenegro-diz-que-mais-meios-sao-necessarios-para-combater-incendios\/#article","isPartOf":{"@id":"https:\/\/portaltela.pt\/noticias\/2026\/03\/02\/montenegro-diz-que-mais-meios-sao-necessarios-para-combater-incendios\/"},"author":{"name":"Telinha","@id":"https:\/\/portaltela.pt\/#\/schema\/person\/c4278d4a6028830caff9ee44b42d32ed"},"headline":"Montenegro diz que mais meios s\u00e3o necess\u00e1rios para combater inc\u00eandios","datePublished":"2026-03-02T17:57:00+00:00","mainEntityOfPage":{"@id":"https:\/\/portaltela.pt\/noticias\/2026\/03\/02\/montenegro-diz-que-mais-meios-sao-necessarios-para-combater-incendios\/"},"wordCount":245,"image":{"@id":"https:\/\/portaltela.pt\/noticias\/2026\/03\/02\/montenegro-diz-que-mais-meios-sao-necessarios-para-combater-incendios\/#primaryimage"},"thumbnailUrl":"https:\/\/portaltela.pt\/s.01k8rhncp4jt1\/2026\/03\/image-99.jpg","keywords":["administra\u00e7\u00e3o p\u00fablica","inc\u00eandios","meio-ambiente","meios a\u00e9reos","Ponte da Barca","Portugal"],"articleSection":["Not\u00edcias"],"inLanguage":"pt-PT"},{"@type":"WebPage","@id":"https:\/\/portaltela.pt\/noticias\/2026\/03\/02\/montenegro-diz-que-mais-meios-sao-necessarios-para-combater-incendios\/","url":"https:\/\/portaltela.pt\/noticias\/2026\/03\/02\/montenegro-diz-que-mais-meios-sao-necessarios-para-combater-incendios\/","name":"Montenegro diz que mais meios s\u00e3o necess\u00e1rios para combater inc\u00eandios - Portal Tela Portugal","isPartOf":{"@id":"https:\/\/portaltela.pt\/#website"},"primaryImageOfPage":{"@id":"https:\/\/portaltela.pt\/noticias\/2026\/03\/02\/montenegro-diz-que-mais-meios-sao-necessarios-para-combater-incendios\/#primaryimage"},"image":{"@id":"https:\/\/portaltela.pt\/noticias\/2026\/03\/02\/montenegro-diz-que-mais-meios-sao-necessarios-para-combater-incendios\/#primaryimage"},"thumbnailUrl":"https:\/\/portaltela.pt\/s.01k8rhncp4jt1\/2026\/03\/image-99.jpg","datePublished":"2026-03-02T17:57:00+00:00","author":{"@id":"https:\/\/portaltela.pt\/#\/schema\/person\/c4278d4a6028830caff9ee44b42d32ed"},"breadcrumb":{"@id":"https:\/\/portaltela.pt\/noticias\/2026\/03\/02\/montenegro-diz-que-mais-meios-sao-necessarios-para-combater-incendios\/#breadcrumb"},"inLanguage":"pt-PT","potentialAction":[{"@type":"ReadAction","target":["https:\/\/portaltela.pt\/noticias\/2026\/03\/02\/montenegro-diz-que-mais-meios-sao-necessarios-para-combater-incendios\/"]}]},{"@type":"ImageObject","inLanguage":"pt-PT","@id":"https:\/\/portaltela.pt\/noticias\/2026\/03\/02\/montenegro-diz-que-mais-meios-sao-necessarios-para-combater-incendios\/#primaryimage","url":"https:\/\/portaltela.pt\/s.01k8rhncp4jt1\/2026\/03\/image-99.jpg","contentUrl":"https:\/\/portaltela.pt\/s.01k8rhncp4jt1\/2026\/03\/image-99.jpg","width":796,"height":448,"caption":"O primeiro-ministro Lu\u00eds Montenegro"},{"@type":"BreadcrumbList","@id":"https:\/\/portaltela.pt\/noticias\/2026\/03\/02\/montenegro-diz-que-mais-meios-sao-necessarios-para-combater-incendios\/#breadcrumb","itemListElement":[{"@type":"ListItem","position":1,"name":"In\u00edcio","item":"https:\/\/portaltela.pt\/"},{"@type":"ListItem","position":2,"name":"Montenegro diz que mais meios s\u00e3o necess\u00e1rios para combater inc\u00eandios"}]},{"@type":"WebSite","@id":"https:\/\/portaltela.pt\/#website","url":"https:\/\/portaltela.pt\/","name":"Portal Tela Portugal","description":"","potentialAction":[{"@type":"SearchAction","target":{"@type":"EntryPoint","urlTemplate":"https:\/\/portaltela.pt\/?s={search_term_string}"},"query-input":{"@type":"PropertyValueSpecification","valueRequired":true,"valueName":"search_term_string"}}],"inLanguage":"pt-PT"},{"@type":"Person","@id":"https:\/\/portaltela.pt\/#\/schema\/person\/c4278d4a6028830caff9ee44b42d32ed","name":"Telinha","image":{"@type":"ImageObject","inLanguage":"pt-PT","@id":"https:\/\/portaltela.pt\/s.01k8rhncp4jt1\/2025\/11\/talking-bot-125x125.png","url":"https:\/\/portaltela.pt\/s.01k8rhncp4jt1\/2025\/11\/talking-bot-125x125.png","contentUrl":"https:\/\/portaltela.pt\/s.01k8rhncp4jt1\/2025\/11\/talking-bot-125x125.png","caption":"Telinha"},"sameAs":["https:\/\/portaltela.pt\/"],"url":"https:\/\/portaltela.pt\/por\/367410592786\/"}]}},"_links":{"self":[{"href":"https:\/\/portaltela.pt\/api\/wp\/v2\/posts\/394692","targetHints":{"allow":["GET"]}}],"collection":[{"href":"https:\/\/portaltela.pt\/api\/wp\/v2\/posts"}],"about":[{"href":"https:\/\/portaltela.pt\/api\/wp\/v2\/types\/post"}],"author":[{"embeddable":true,"href":"https:\/\/portaltela.pt\/api\/wp\/v2\/users\/2"}],"replies":[{"embeddable":true,"href":"https:\/\/portaltela.pt\/api\/wp\/v2\/comments?post=394692"}],"version-history":[{"count":0,"href":"https:\/\/portaltela.pt\/api\/wp\/v2\/posts\/394692\/revisions"}],"wp:featuredmedia":[{"embeddable":true,"href":"https:\/\/portaltela.pt\/api\/wp\/v2\/media\/394703"}],"wp:attachment":[{"href":"https:\/\/portaltela.pt\/api\/wp\/v2\/media?parent=394692"}],"wp:term":[{"taxonomy":"category","embeddable":true,"href":"https:\/\/portaltela.pt\/api\/wp\/v2\/categories?post=394692"},{"taxonomy":"post_tag","embeddable":true,"href":"https:\/\/portaltela.pt\/api\/wp\/v2\/tags?post=394692"}],"curies":[{"name":"wp","href":"https:\/\/api.w.org\/{rel}","templated":true}]}}