{"id":394690,"date":"2026-03-02T14:54:00","date_gmt":"2026-03-02T17:54:00","guid":{"rendered":"https:\/\/portaltela.pt\/noticias\/2026\/03\/02\/ipdj-celebra-10-anos-do-cartao-branco-e-reforca-etica-e-fair-play\/"},"modified":"2026-03-02T14:54:00","modified_gmt":"2026-03-02T17:54:00","slug":"ipdj-celebra-10-anos-do-cartao-branco-e-reforca-etica-e-fair-play","status":"publish","type":"post","link":"https:\/\/portaltela.pt\/desporto\/2026\/03\/02\/ipdj-celebra-10-anos-do-cartao-branco-e-reforca-etica-e-fair-play\/","title":{"rendered":"IPDJ celebra 10 anos do Cart\u00e3o Branco e refor\u00e7a \u00e9tica e fair play"},"content":{"rendered":"<p>O IPDJ comemorou em Lisboa os 10 anos do Cart\u00e3o Branco, marco na promo\u00e7\u00e3o da \u00e9tica, do respeito e do fair play no desporto nacional. A cerim\u00f3nia juntou figuras relevantes do desporto e marcou a apresenta\u00e7\u00e3o de um novo ciclo do Cart\u00e3o Branco.<\/p>\n<p>Durante o evento foram distinguidas personalidades com o Pr\u00e9mio Individualidades: Em\u00eddio Guerreiro, deputado na Assembleia da Rep\u00fablica; Ricardo Matias, Diretor Regional do Desporto da Regi\u00e3o Aut\u00f3noma dos A\u00e7ores; e Jo\u00e3o Vieira Pinto, ex-futebolista e Embaixador do Projeto Futebol de Rua da Associa\u00e7\u00e3o Cais. O Record recebeu o pr\u00e9mio atrav\u00e9s do seu director-executivo, S\u00e9rgio Krithinas.<\/p>\n<p>A cerim\u00f3nia serviu ainda para apresentar o programa comemorativo Mais do que Vencer, que inicia um novo ciclo do Cart\u00e3o Branco. O foco \u00e9 refor\u00e7ar a identidade do movimento e ampliar a exposi\u00e7\u00e3o Move-te por valores ao 1\u00ba ciclo do Ensino B\u00e1sico, com conte\u00fados adaptados \u00e0s crian\u00e7as e novas entidades aderentes.<\/p>\n<h3>Lan\u00e7amento do programa Mais do que Vencer<\/h3>\n<p>O IPDJ descreve o programa como uma estrat\u00e9gia para ampliar a rede de entidades aderentes, incluindo autarquias, regi\u00f5es aut\u00f3nomas, parceiros internacionais, federa\u00e7\u00f5es, associa\u00e7\u00f5es e organiza\u00e7\u00f5es acad\u00e9micas. O objetivo \u00e9 ampliar a promo\u00e7\u00e3o de comportamentos positivos no desporto.<\/p>\n<p>O lan\u00e7amento ocorreu na mesma cerim\u00f3nia, com a participa\u00e7\u00e3o de representantes institucionais e parceiros. A secret\u00e1ria de Estado-Adjunta da Juventude e da Igualdade, Carla Rodrigues, e a vogal do Conselho Diretivo, L\u00eddia Pra\u00e7a, destacaram a relev\u00e2ncia institucional da d\u00e9cada de trabalho.<\/p>\n","protected":false},"excerpt":{"rendered":"<ul>\n<li>O IPDJ celebrou, em Lisboa, os 10 anos do Cart\u00e3o Branco, marco na promo\u00e7\u00e3o da \u00e9tica, do respeito e do fair play no desporto nacional.<\/li>\n<li>Foi lan\u00e7ado o programa comemorativo \u201cMais do que Vencer\u201d, que marca o in\u00edcio de um novo ciclo do Cart\u00e3o Branco.<\/li>\n<li>O movimento pretende expandir a exposi\u00e7\u00e3o Move-te por valores ao 1.\u00ba ciclo do ensino b\u00e1sico e revelar novas entidades aderentes, incluindo autarquias, regi\u00f5es aut\u00f3nomas, parceiros internacionais, federa\u00e7\u00f5es, associa\u00e7\u00f5es e organiza\u00e7\u00f5es acad\u00e9micas.<\/li>\n<li>Foram distinguidos, com o Pr\u00e9mio Individualidades, Em\u00eddio Guerreiro, Ricardo Matias e Jo\u00e3o Vieira Pinto, cabendo ao Record o pr\u00e9mio atrav\u00e9s do diretor-executivo S\u00e9rgio Krithinas.<\/li>\n<li>A secret\u00e1ria de Estado-Adjunta da Juventude e da Igualdade, Carla Rodrigues, e a vogal do Conselho Diretivo do IPDJ, L\u00eddia Pra\u00e7a, real\u00e7aram a import\u00e2ncia de uma d\u00e9cada de trabalho dedicada aos comportamentos positivos no desporto.<\/li>\n<\/ul>\n","protected":false},"author":2,"featured_media":394701,"comment_status":"closed","ping_status":"closed","sticky":false,"template":"","format":"standard","meta":{"footnotes":""},"categories":[21],"tags":[822,679,1640,152,5341,1014],"class_list":["post-394690","post","type-post","status-publish","format-standard","has-post-thumbnail","hentry","category-desporto","tag-acores","tag-associacoes","tag-associacoes-desportivas","tag-desporto","tag-fair-play","tag-portugal"],"yoast_head":"<!-- This site is optimized with the Yoast SEO plugin v27.2 - https:\/\/yoast.com\/product\/yoast-seo-wordpress\/ -->\n<title>IPDJ celebra 10 anos do Cart\u00e3o Branco e refor\u00e7a \u00e9tica e fair play - Portal Tela Portugal<\/title>\n<meta name=\"robots\" content=\"index, follow, max-snippet:-1, max-image-preview:large, max-video-preview:-1\" \/>\n<meta property=\"og:locale\" content=\"pt_PT\" \/>\n<meta property=\"og:type\" content=\"article\" \/>\n<meta property=\"og:title\" content=\"IPDJ celebra 10 anos do Cart\u00e3o Branco e refor\u00e7a \u00e9tica e fair play - Portal Tela Portugal\" \/>\n<meta property=\"og:description\" content=\"O IPDJ celebrou, em Lisboa, os 10 anos do Cart\u00e3o Branco, marco na promo\u00e7\u00e3o da \u00e9tica, do respeito e do fair play no desporto nacional. Foi lan\u00e7ado o programa comemorativo \u201cMais do que Vencer\u201d, que marca o in\u00edcio de um novo ciclo do Cart\u00e3o Branco. O movimento pretende expandir a exposi\u00e7\u00e3o Move-te por valores ao 1.\u00ba ciclo do ensino b\u00e1sico e revelar novas entidades aderentes, incluindo autarquias, regi\u00f5es aut\u00f3nomas, parceiros internacionais, federa\u00e7\u00f5es, associa\u00e7\u00f5es e organiza\u00e7\u00f5es acad\u00e9micas. Foram distinguidos, com o Pr\u00e9mio Individualidades, Em\u00eddio Guerreiro, Ricardo Matias e Jo\u00e3o Vieira Pinto, cabendo ao Record o pr\u00e9mio atrav\u00e9s do diretor-executivo S\u00e9rgio Krithinas. A secret\u00e1ria de Estado-Adjunta da Juventude e da Igualdade, Carla Rodrigues, e a vogal do Conselho Diretivo do IPDJ, L\u00eddia Pra\u00e7a, real\u00e7aram a import\u00e2ncia de uma d\u00e9cada de trabalho dedicada aos comportamentos positivos no desporto.\" \/>\n<meta property=\"og:url\" content=\"https:\/\/portaltela.pt\/noticias\/2026\/03\/02\/ipdj-celebra-10-anos-do-cartao-branco-e-reforca-etica-e-fair-play\/\" \/>\n<meta property=\"og:site_name\" content=\"Portal Tela Portugal\" \/>\n<meta property=\"article:published_time\" content=\"2026-03-02T17:54:00+00:00\" \/>\n<meta name=\"author\" content=\"Telinha\" \/>\n<meta name=\"twitter:card\" content=\"summary_large_image\" \/>\n<meta name=\"twitter:label1\" content=\"Escrito por\" \/>\n\t<meta name=\"twitter:data1\" content=\"Telinha\" \/>\n\t<meta name=\"twitter:label2\" content=\"Tempo estimado de leitura\" \/>\n\t<meta name=\"twitter:data2\" content=\"1 minuto\" \/>\n<script type=\"application\/ld+json\" class=\"yoast-schema-graph\">{\"@context\":\"https:\/\/schema.org\",\"@graph\":[{\"@type\":\"Article\",\"@id\":\"https:\/\/portaltela.pt\/noticias\/2026\/03\/02\/ipdj-celebra-10-anos-do-cartao-branco-e-reforca-etica-e-fair-play\/#article\",\"isPartOf\":{\"@id\":\"https:\/\/portaltela.pt\/noticias\/2026\/03\/02\/ipdj-celebra-10-anos-do-cartao-branco-e-reforca-etica-e-fair-play\/\"},\"author\":{\"name\":\"Telinha\",\"@id\":\"https:\/\/portaltela.pt\/#\/schema\/person\/c4278d4a6028830caff9ee44b42d32ed\"},\"headline\":\"IPDJ celebra 10 anos do Cart\u00e3o Branco e refor\u00e7a \u00e9tica e fair play\",\"datePublished\":\"2026-03-02T17:54:00+00:00\",\"mainEntityOfPage\":{\"@id\":\"https:\/\/portaltela.pt\/noticias\/2026\/03\/02\/ipdj-celebra-10-anos-do-cartao-branco-e-reforca-etica-e-fair-play\/\"},\"wordCount\":283,\"image\":{\"@id\":\"https:\/\/portaltela.pt\/noticias\/2026\/03\/02\/ipdj-celebra-10-anos-do-cartao-branco-e-reforca-etica-e-fair-play\/#primaryimage\"},\"thumbnailUrl\":\"https:\/\/portaltela.pt\/s.01k8rhncp4jt1\/2026\/03\/img_920x518uu2026-03-02-17-51-11-2424451.jpg\",\"keywords\":[\"A\u00e7ores\",\"associa\u00e7\u00f5es\",\"associa\u00e7\u00f5es desportivas\",\"desporto\",\"Fair Play\",\"Portugal\"],\"articleSection\":[\"Desporto\"],\"inLanguage\":\"pt-PT\"},{\"@type\":\"WebPage\",\"@id\":\"https:\/\/portaltela.pt\/noticias\/2026\/03\/02\/ipdj-celebra-10-anos-do-cartao-branco-e-reforca-etica-e-fair-play\/\",\"url\":\"https:\/\/portaltela.pt\/noticias\/2026\/03\/02\/ipdj-celebra-10-anos-do-cartao-branco-e-reforca-etica-e-fair-play\/\",\"name\":\"IPDJ celebra 10 anos do Cart\u00e3o Branco e refor\u00e7a \u00e9tica e fair play - Portal Tela Portugal\",\"isPartOf\":{\"@id\":\"https:\/\/portaltela.pt\/#website\"},\"primaryImageOfPage\":{\"@id\":\"https:\/\/portaltela.pt\/noticias\/2026\/03\/02\/ipdj-celebra-10-anos-do-cartao-branco-e-reforca-etica-e-fair-play\/#primaryimage\"},\"image\":{\"@id\":\"https:\/\/portaltela.pt\/noticias\/2026\/03\/02\/ipdj-celebra-10-anos-do-cartao-branco-e-reforca-etica-e-fair-play\/#primaryimage\"},\"thumbnailUrl\":\"https:\/\/portaltela.pt\/s.01k8rhncp4jt1\/2026\/03\/img_920x518uu2026-03-02-17-51-11-2424451.jpg\",\"datePublished\":\"2026-03-02T17:54:00+00:00\",\"author\":{\"@id\":\"https:\/\/portaltela.pt\/#\/schema\/person\/c4278d4a6028830caff9ee44b42d32ed\"},\"breadcrumb\":{\"@id\":\"https:\/\/portaltela.pt\/noticias\/2026\/03\/02\/ipdj-celebra-10-anos-do-cartao-branco-e-reforca-etica-e-fair-play\/#breadcrumb\"},\"inLanguage\":\"pt-PT\",\"potentialAction\":[{\"@type\":\"ReadAction\",\"target\":[\"https:\/\/portaltela.pt\/noticias\/2026\/03\/02\/ipdj-celebra-10-anos-do-cartao-branco-e-reforca-etica-e-fair-play\/\"]}]},{\"@type\":\"ImageObject\",\"inLanguage\":\"pt-PT\",\"@id\":\"https:\/\/portaltela.pt\/noticias\/2026\/03\/02\/ipdj-celebra-10-anos-do-cartao-branco-e-reforca-etica-e-fair-play\/#primaryimage\",\"url\":\"https:\/\/portaltela.pt\/s.01k8rhncp4jt1\/2026\/03\/img_920x518uu2026-03-02-17-51-11-2424451.jpg\",\"contentUrl\":\"https:\/\/portaltela.pt\/s.01k8rhncp4jt1\/2026\/03\/img_920x518uu2026-03-02-17-51-11-2424451.jpg\",\"width\":796,\"height\":448,\"caption\":\"IPDJ celebra 10 anos do cart\u00e3o branco e apresenta o programa \u201cMais do que Vencer\u201d\"},{\"@type\":\"BreadcrumbList\",\"@id\":\"https:\/\/portaltela.pt\/noticias\/2026\/03\/02\/ipdj-celebra-10-anos-do-cartao-branco-e-reforca-etica-e-fair-play\/#breadcrumb\",\"itemListElement\":[{\"@type\":\"ListItem\",\"position\":1,\"name\":\"In\u00edcio\",\"item\":\"https:\/\/portaltela.pt\/\"},{\"@type\":\"ListItem\",\"position\":2,\"name\":\"IPDJ celebra 10 anos do Cart\u00e3o Branco e refor\u00e7a \u00e9tica e fair play\"}]},{\"@type\":\"WebSite\",\"@id\":\"https:\/\/portaltela.pt\/#website\",\"url\":\"https:\/\/portaltela.pt\/\",\"name\":\"Portal Tela Portugal\",\"description\":\"\",\"potentialAction\":[{\"@type\":\"SearchAction\",\"target\":{\"@type\":\"EntryPoint\",\"urlTemplate\":\"https:\/\/portaltela.pt\/?s={search_term_string}\"},\"query-input\":{\"@type\":\"PropertyValueSpecification\",\"valueRequired\":true,\"valueName\":\"search_term_string\"}}],\"inLanguage\":\"pt-PT\"},{\"@type\":\"Person\",\"@id\":\"https:\/\/portaltela.pt\/#\/schema\/person\/c4278d4a6028830caff9ee44b42d32ed\",\"name\":\"Telinha\",\"image\":{\"@type\":\"ImageObject\",\"inLanguage\":\"pt-PT\",\"@id\":\"https:\/\/portaltela.pt\/s.01k8rhncp4jt1\/2025\/11\/talking-bot-125x125.png\",\"url\":\"https:\/\/portaltela.pt\/s.01k8rhncp4jt1\/2025\/11\/talking-bot-125x125.png\",\"contentUrl\":\"https:\/\/portaltela.pt\/s.01k8rhncp4jt1\/2025\/11\/talking-bot-125x125.png\",\"caption\":\"Telinha\"},\"sameAs\":[\"https:\/\/portaltela.pt\/\"],\"url\":\"https:\/\/portaltela.pt\/por\/367410592786\/\"}]}<\/script>\n<!-- \/ Yoast SEO plugin. -->","yoast_head_json":{"title":"IPDJ celebra 10 anos do Cart\u00e3o Branco e refor\u00e7a \u00e9tica e fair play - Portal Tela Portugal","robots":{"index":"index","follow":"follow","max-snippet":"max-snippet:-1","max-image-preview":"max-image-preview:large","max-video-preview":"max-video-preview:-1"},"og_locale":"pt_PT","og_type":"article","og_title":"IPDJ celebra 10 anos do Cart\u00e3o Branco e refor\u00e7a \u00e9tica e fair play - Portal Tela Portugal","og_description":"O IPDJ celebrou, em Lisboa, os 10 anos do Cart\u00e3o Branco, marco na promo\u00e7\u00e3o da \u00e9tica, do respeito e do fair play no desporto nacional. Foi lan\u00e7ado o programa comemorativo \u201cMais do que Vencer\u201d, que marca o in\u00edcio de um novo ciclo do Cart\u00e3o Branco. O movimento pretende expandir a exposi\u00e7\u00e3o Move-te por valores ao 1.\u00ba ciclo do ensino b\u00e1sico e revelar novas entidades aderentes, incluindo autarquias, regi\u00f5es aut\u00f3nomas, parceiros internacionais, federa\u00e7\u00f5es, associa\u00e7\u00f5es e organiza\u00e7\u00f5es acad\u00e9micas. Foram distinguidos, com o Pr\u00e9mio Individualidades, Em\u00eddio Guerreiro, Ricardo Matias e Jo\u00e3o Vieira Pinto, cabendo ao Record o pr\u00e9mio atrav\u00e9s do diretor-executivo S\u00e9rgio Krithinas. A secret\u00e1ria de Estado-Adjunta da Juventude e da Igualdade, Carla Rodrigues, e a vogal do Conselho Diretivo do IPDJ, L\u00eddia Pra\u00e7a, real\u00e7aram a import\u00e2ncia de uma d\u00e9cada de trabalho dedicada aos comportamentos positivos no desporto.","og_url":"https:\/\/portaltela.pt\/noticias\/2026\/03\/02\/ipdj-celebra-10-anos-do-cartao-branco-e-reforca-etica-e-fair-play\/","og_site_name":"Portal Tela Portugal","article_published_time":"2026-03-02T17:54:00+00:00","author":"Telinha","twitter_card":"summary_large_image","twitter_misc":{"Escrito por":"Telinha","Tempo estimado de leitura":"1 minuto"},"schema":{"@context":"https:\/\/schema.org","@graph":[{"@type":"Article","@id":"https:\/\/portaltela.pt\/noticias\/2026\/03\/02\/ipdj-celebra-10-anos-do-cartao-branco-e-reforca-etica-e-fair-play\/#article","isPartOf":{"@id":"https:\/\/portaltela.pt\/noticias\/2026\/03\/02\/ipdj-celebra-10-anos-do-cartao-branco-e-reforca-etica-e-fair-play\/"},"author":{"name":"Telinha","@id":"https:\/\/portaltela.pt\/#\/schema\/person\/c4278d4a6028830caff9ee44b42d32ed"},"headline":"IPDJ celebra 10 anos do Cart\u00e3o Branco e refor\u00e7a \u00e9tica e fair play","datePublished":"2026-03-02T17:54:00+00:00","mainEntityOfPage":{"@id":"https:\/\/portaltela.pt\/noticias\/2026\/03\/02\/ipdj-celebra-10-anos-do-cartao-branco-e-reforca-etica-e-fair-play\/"},"wordCount":283,"image":{"@id":"https:\/\/portaltela.pt\/noticias\/2026\/03\/02\/ipdj-celebra-10-anos-do-cartao-branco-e-reforca-etica-e-fair-play\/#primaryimage"},"thumbnailUrl":"https:\/\/portaltela.pt\/s.01k8rhncp4jt1\/2026\/03\/img_920x518uu2026-03-02-17-51-11-2424451.jpg","keywords":["A\u00e7ores","associa\u00e7\u00f5es","associa\u00e7\u00f5es desportivas","desporto","Fair Play","Portugal"],"articleSection":["Desporto"],"inLanguage":"pt-PT"},{"@type":"WebPage","@id":"https:\/\/portaltela.pt\/noticias\/2026\/03\/02\/ipdj-celebra-10-anos-do-cartao-branco-e-reforca-etica-e-fair-play\/","url":"https:\/\/portaltela.pt\/noticias\/2026\/03\/02\/ipdj-celebra-10-anos-do-cartao-branco-e-reforca-etica-e-fair-play\/","name":"IPDJ celebra 10 anos do Cart\u00e3o Branco e refor\u00e7a \u00e9tica e fair play - Portal Tela Portugal","isPartOf":{"@id":"https:\/\/portaltela.pt\/#website"},"primaryImageOfPage":{"@id":"https:\/\/portaltela.pt\/noticias\/2026\/03\/02\/ipdj-celebra-10-anos-do-cartao-branco-e-reforca-etica-e-fair-play\/#primaryimage"},"image":{"@id":"https:\/\/portaltela.pt\/noticias\/2026\/03\/02\/ipdj-celebra-10-anos-do-cartao-branco-e-reforca-etica-e-fair-play\/#primaryimage"},"thumbnailUrl":"https:\/\/portaltela.pt\/s.01k8rhncp4jt1\/2026\/03\/img_920x518uu2026-03-02-17-51-11-2424451.jpg","datePublished":"2026-03-02T17:54:00+00:00","author":{"@id":"https:\/\/portaltela.pt\/#\/schema\/person\/c4278d4a6028830caff9ee44b42d32ed"},"breadcrumb":{"@id":"https:\/\/portaltela.pt\/noticias\/2026\/03\/02\/ipdj-celebra-10-anos-do-cartao-branco-e-reforca-etica-e-fair-play\/#breadcrumb"},"inLanguage":"pt-PT","potentialAction":[{"@type":"ReadAction","target":["https:\/\/portaltela.pt\/noticias\/2026\/03\/02\/ipdj-celebra-10-anos-do-cartao-branco-e-reforca-etica-e-fair-play\/"]}]},{"@type":"ImageObject","inLanguage":"pt-PT","@id":"https:\/\/portaltela.pt\/noticias\/2026\/03\/02\/ipdj-celebra-10-anos-do-cartao-branco-e-reforca-etica-e-fair-play\/#primaryimage","url":"https:\/\/portaltela.pt\/s.01k8rhncp4jt1\/2026\/03\/img_920x518uu2026-03-02-17-51-11-2424451.jpg","contentUrl":"https:\/\/portaltela.pt\/s.01k8rhncp4jt1\/2026\/03\/img_920x518uu2026-03-02-17-51-11-2424451.jpg","width":796,"height":448,"caption":"IPDJ celebra 10 anos do cart\u00e3o branco e apresenta o programa \u201cMais do que Vencer\u201d"},{"@type":"BreadcrumbList","@id":"https:\/\/portaltela.pt\/noticias\/2026\/03\/02\/ipdj-celebra-10-anos-do-cartao-branco-e-reforca-etica-e-fair-play\/#breadcrumb","itemListElement":[{"@type":"ListItem","position":1,"name":"In\u00edcio","item":"https:\/\/portaltela.pt\/"},{"@type":"ListItem","position":2,"name":"IPDJ celebra 10 anos do Cart\u00e3o Branco e refor\u00e7a \u00e9tica e fair play"}]},{"@type":"WebSite","@id":"https:\/\/portaltela.pt\/#website","url":"https:\/\/portaltela.pt\/","name":"Portal Tela Portugal","description":"","potentialAction":[{"@type":"SearchAction","target":{"@type":"EntryPoint","urlTemplate":"https:\/\/portaltela.pt\/?s={search_term_string}"},"query-input":{"@type":"PropertyValueSpecification","valueRequired":true,"valueName":"search_term_string"}}],"inLanguage":"pt-PT"},{"@type":"Person","@id":"https:\/\/portaltela.pt\/#\/schema\/person\/c4278d4a6028830caff9ee44b42d32ed","name":"Telinha","image":{"@type":"ImageObject","inLanguage":"pt-PT","@id":"https:\/\/portaltela.pt\/s.01k8rhncp4jt1\/2025\/11\/talking-bot-125x125.png","url":"https:\/\/portaltela.pt\/s.01k8rhncp4jt1\/2025\/11\/talking-bot-125x125.png","contentUrl":"https:\/\/portaltela.pt\/s.01k8rhncp4jt1\/2025\/11\/talking-bot-125x125.png","caption":"Telinha"},"sameAs":["https:\/\/portaltela.pt\/"],"url":"https:\/\/portaltela.pt\/por\/367410592786\/"}]}},"_links":{"self":[{"href":"https:\/\/portaltela.pt\/api\/wp\/v2\/posts\/394690","targetHints":{"allow":["GET"]}}],"collection":[{"href":"https:\/\/portaltela.pt\/api\/wp\/v2\/posts"}],"about":[{"href":"https:\/\/portaltela.pt\/api\/wp\/v2\/types\/post"}],"author":[{"embeddable":true,"href":"https:\/\/portaltela.pt\/api\/wp\/v2\/users\/2"}],"replies":[{"embeddable":true,"href":"https:\/\/portaltela.pt\/api\/wp\/v2\/comments?post=394690"}],"version-history":[{"count":0,"href":"https:\/\/portaltela.pt\/api\/wp\/v2\/posts\/394690\/revisions"}],"wp:featuredmedia":[{"embeddable":true,"href":"https:\/\/portaltela.pt\/api\/wp\/v2\/media\/394701"}],"wp:attachment":[{"href":"https:\/\/portaltela.pt\/api\/wp\/v2\/media?parent=394690"}],"wp:term":[{"taxonomy":"category","embeddable":true,"href":"https:\/\/portaltela.pt\/api\/wp\/v2\/categories?post=394690"},{"taxonomy":"post_tag","embeddable":true,"href":"https:\/\/portaltela.pt\/api\/wp\/v2\/tags?post=394690"}],"curies":[{"name":"wp","href":"https:\/\/api.w.org\/{rel}","templated":true}]}}