{"id":394666,"date":"2026-03-02T14:38:00","date_gmt":"2026-03-02T17:38:00","guid":{"rendered":"https:\/\/portaltela.pt\/noticias\/2026\/03\/02\/igreja-catolica-alerta-para-fome-e-aumento-da-prostituicao-em-angola-3\/"},"modified":"2026-03-02T14:38:00","modified_gmt":"2026-03-02T17:38:00","slug":"igreja-catolica-alerta-para-fome-e-aumento-da-prostituicao-em-angola-3","status":"publish","type":"post","link":"https:\/\/portaltela.pt\/noticias\/2026\/03\/02\/igreja-catolica-alerta-para-fome-e-aumento-da-prostituicao-em-angola-3\/","title":{"rendered":"Igreja Cat\u00f3lica alerta para fome e aumento da prostitui\u00e7\u00e3o em Angola"},"content":{"rendered":"<p>Os bispos cat\u00f3licos de Angola alertaram para o flagelo da fome, da pobreza e do aumento da prostitui\u00e7\u00e3o e da criminalidade, bem como para a desfloresta\u00e7\u00e3o acelerada. O apelo surge na sequ\u00eancia da primeira Assembleia Plen\u00e1ria da CEAST, encerrada em Luanda.<\/p>\n<p>Segundo Belmiro Chissengueti, porta-voz da CEAST, a situa\u00e7\u00e3o socioecon\u00f4mica agrava-se, com impacto direto no meio rural. Os bispos pedem prioridade no Or\u00e7amento Geral do Estado (OGE) para programas de fomento da agricultura familiar, visando autonomia alimentar e cria\u00e7\u00e3o de empregos.<\/p>\n<p>A CEAST tamb\u00e9m expressou preocupa\u00e7\u00e3o com o desalento escolar, destacando o grande n\u00famero de crian\u00e7as fora do sistema de ensino e o abandono escolar, sobretudo nas zonas rurais. A institui\u00e7\u00e3o sublinha necessidade de reconfigurar o sistema educativo e a geografia dos concursos p\u00fablicos para educa\u00e7\u00e3o.<\/p>\n<h3>Desfloresta\u00e7\u00e3o e agricultura<\/h3>\n<p>Belmiro Chissengueti considerou a desfloresta\u00e7\u00e3o um fen\u00f3meno galopante e de elevada gravidade ambiental. Apelou a uma a\u00e7\u00e3o coordenada entre autoridades e sociedade para mitigar o fen\u00f3meno, com foco na prote\u00e7\u00e3o do ambiente e do clima local.<\/p>\n<p>Al\u00e9m disso, o porta-voz criticou os monop\u00f3lios de importa\u00e7\u00e3o que dificultam a viabiliza\u00e7\u00e3o da produ\u00e7\u00e3o nacional. Alegou que, por falta de escoamento, muita produ\u00e7\u00e3o local estraga nas lavras e aldeias, enquanto lojas se enchem de produtos importados.<\/p>\n<h3>Visita papal e programas da igreja<\/h3>\n<p>Durante a reuni\u00e3o, os prelados elogiaram a visita do Papa Le\u00e3o XIV, prevista entre 18 e 21 de abril. Convidaram fi\u00e9is e pessoas de boa vontade a participar nas celebra\u00e7\u00f5es em Kilamba, no Santu\u00e1rio da Muxima e em Saurimo.<\/p>\n<p>Foi aprovada uma Nota Pastoral e uma Ora\u00e7\u00e3o de prepara\u00e7\u00e3o da visita papal, bem como o modelo de testamento para bispos e sacerdotes a aplicar nas dioceses. Tamb\u00e9m foi confirmada a IV Jornada Nacional da Juventude, em Luanda, e o III Simp\u00f3sio B\u00edblico Internacional, para setembro de 2026.<\/p>\n","protected":false},"excerpt":{"rendered":"<ul>\n<li>Os bispos cat\u00f3licos alertaram para fome, pobreza, aumento da prostitui\u00e7\u00e3o e de criminalidade em Angola, bem como para a desfloresta\u00e7\u00e3o galopante.<\/li>\n<li>A Confer\u00eancia Episcopal de Angola e S\u00e3o Tom\u00e9 (CEAST) pediu prioridade no Or\u00e7amento Geral do Estado para a agricultura familiar, visando auto-sufici\u00eancia alimentar e emprego rural.<\/li>\n<li>H\u00e1 n\u00fameros elevados de crian\u00e7as e jovens fora do sistema de ensino e altos n\u00edveis de abandono escolar, sobretudo em zonas rurais, exigindo reconfigura\u00e7\u00e3o do sistema educativo e dos concursos p\u00fablicos.<\/li>\n<li>O governo \u00e9 pressionado a atuar de forma coordenada para mitigar a desfloresta\u00e7\u00e3o e proteger o meio ambiente.<\/li>\n<li>Os prelados criticaram monop\u00f3lios de importa\u00e7\u00e3o que prejudicam a produ\u00e7\u00e3o nacional e pediram maior aloca\u00e7\u00e3o de verbas para a agricultura, relembrando a pr\u00f3xima visita do Papa Le\u00e3o XIV a Angola.<\/li>\n<\/ul>\n","protected":false},"author":2,"featured_media":394673,"comment_status":"closed","ping_status":"closed","sticky":false,"template":"","format":"standard","meta":{"footnotes":""},"categories":[1],"tags":[179,4837,147,3241,45,104],"class_list":["post-394666","post","type-post","status-publish","format-standard","has-post-thumbnail","hentry","category-noticias","tag-agricultura","tag-angola","tag-crime","tag-desflorestacao","tag-meio-ambiente","tag-religiao"],"yoast_head":"<!-- This site is optimized with the Yoast SEO plugin v27.2 - https:\/\/yoast.com\/product\/yoast-seo-wordpress\/ -->\n<title>Igreja Cat\u00f3lica alerta para fome e aumento da prostitui\u00e7\u00e3o em Angola - Portal Tela Portugal<\/title>\n<meta name=\"robots\" content=\"index, follow, max-snippet:-1, max-image-preview:large, max-video-preview:-1\" \/>\n<meta property=\"og:locale\" content=\"pt_PT\" \/>\n<meta property=\"og:type\" content=\"article\" \/>\n<meta property=\"og:title\" content=\"Igreja Cat\u00f3lica alerta para fome e aumento da prostitui\u00e7\u00e3o em Angola - Portal Tela Portugal\" \/>\n<meta property=\"og:description\" content=\"Os bispos cat\u00f3licos alertaram para fome, pobreza, aumento da prostitui\u00e7\u00e3o e de criminalidade em Angola, bem como para a desfloresta\u00e7\u00e3o galopante. A Confer\u00eancia Episcopal de Angola e S\u00e3o Tom\u00e9 (CEAST) pediu prioridade no Or\u00e7amento Geral do Estado para a agricultura familiar, visando auto-sufici\u00eancia alimentar e emprego rural. H\u00e1 n\u00fameros elevados de crian\u00e7as e jovens fora do sistema de ensino e altos n\u00edveis de abandono escolar, sobretudo em zonas rurais, exigindo reconfigura\u00e7\u00e3o do sistema educativo e dos concursos p\u00fablicos. O governo \u00e9 pressionado a atuar de forma coordenada para mitigar a desfloresta\u00e7\u00e3o e proteger o meio ambiente. Os prelados criticaram monop\u00f3lios de importa\u00e7\u00e3o que prejudicam a produ\u00e7\u00e3o nacional e pediram maior aloca\u00e7\u00e3o de verbas para a agricultura, relembrando a pr\u00f3xima visita do Papa Le\u00e3o XIV a Angola.\" \/>\n<meta property=\"og:url\" content=\"https:\/\/portaltela.pt\/noticias\/2026\/03\/02\/igreja-catolica-alerta-para-fome-e-aumento-da-prostituicao-em-angola-3\/\" \/>\n<meta property=\"og:site_name\" content=\"Portal Tela Portugal\" \/>\n<meta property=\"article:published_time\" content=\"2026-03-02T17:38:00+00:00\" \/>\n<meta name=\"author\" content=\"Telinha\" \/>\n<meta name=\"twitter:card\" content=\"summary_large_image\" \/>\n<meta name=\"twitter:label1\" content=\"Escrito por\" \/>\n\t<meta name=\"twitter:data1\" content=\"Telinha\" \/>\n\t<meta name=\"twitter:label2\" content=\"Tempo estimado de leitura\" \/>\n\t<meta name=\"twitter:data2\" content=\"2 minutos\" \/>\n<script type=\"application\/ld+json\" class=\"yoast-schema-graph\">{\"@context\":\"https:\/\/schema.org\",\"@graph\":[{\"@type\":\"Article\",\"@id\":\"https:\/\/portaltela.pt\/noticias\/2026\/03\/02\/igreja-catolica-alerta-para-fome-e-aumento-da-prostituicao-em-angola-3\/#article\",\"isPartOf\":{\"@id\":\"https:\/\/portaltela.pt\/noticias\/2026\/03\/02\/igreja-catolica-alerta-para-fome-e-aumento-da-prostituicao-em-angola-3\/\"},\"author\":{\"name\":\"Telinha\",\"@id\":\"https:\/\/portaltela.pt\/#\/schema\/person\/c4278d4a6028830caff9ee44b42d32ed\"},\"headline\":\"Igreja Cat\u00f3lica alerta para fome e aumento da prostitui\u00e7\u00e3o em Angola\",\"datePublished\":\"2026-03-02T17:38:00+00:00\",\"mainEntityOfPage\":{\"@id\":\"https:\/\/portaltela.pt\/noticias\/2026\/03\/02\/igreja-catolica-alerta-para-fome-e-aumento-da-prostituicao-em-angola-3\/\"},\"wordCount\":343,\"image\":{\"@id\":\"https:\/\/portaltela.pt\/noticias\/2026\/03\/02\/igreja-catolica-alerta-para-fome-e-aumento-da-prostituicao-em-angola-3\/#primaryimage\"},\"thumbnailUrl\":\"https:\/\/portaltela.pt\/s.01k8rhncp4jt1\/2026\/03\/2071134.jpg\",\"keywords\":[\"agricultura\",\"Angola\",\"crime\",\"desfloresta\u00e7\u00e3o\",\"meio-ambiente\",\"religi\u00e3o\"],\"articleSection\":[\"Not\u00edcias\"],\"inLanguage\":\"pt-PT\"},{\"@type\":\"WebPage\",\"@id\":\"https:\/\/portaltela.pt\/noticias\/2026\/03\/02\/igreja-catolica-alerta-para-fome-e-aumento-da-prostituicao-em-angola-3\/\",\"url\":\"https:\/\/portaltela.pt\/noticias\/2026\/03\/02\/igreja-catolica-alerta-para-fome-e-aumento-da-prostituicao-em-angola-3\/\",\"name\":\"Igreja Cat\u00f3lica alerta para fome e aumento da prostitui\u00e7\u00e3o em Angola - Portal Tela Portugal\",\"isPartOf\":{\"@id\":\"https:\/\/portaltela.pt\/#website\"},\"primaryImageOfPage\":{\"@id\":\"https:\/\/portaltela.pt\/noticias\/2026\/03\/02\/igreja-catolica-alerta-para-fome-e-aumento-da-prostituicao-em-angola-3\/#primaryimage\"},\"image\":{\"@id\":\"https:\/\/portaltela.pt\/noticias\/2026\/03\/02\/igreja-catolica-alerta-para-fome-e-aumento-da-prostituicao-em-angola-3\/#primaryimage\"},\"thumbnailUrl\":\"https:\/\/portaltela.pt\/s.01k8rhncp4jt1\/2026\/03\/2071134.jpg\",\"datePublished\":\"2026-03-02T17:38:00+00:00\",\"author\":{\"@id\":\"https:\/\/portaltela.pt\/#\/schema\/person\/c4278d4a6028830caff9ee44b42d32ed\"},\"breadcrumb\":{\"@id\":\"https:\/\/portaltela.pt\/noticias\/2026\/03\/02\/igreja-catolica-alerta-para-fome-e-aumento-da-prostituicao-em-angola-3\/#breadcrumb\"},\"inLanguage\":\"pt-PT\",\"potentialAction\":[{\"@type\":\"ReadAction\",\"target\":[\"https:\/\/portaltela.pt\/noticias\/2026\/03\/02\/igreja-catolica-alerta-para-fome-e-aumento-da-prostituicao-em-angola-3\/\"]}]},{\"@type\":\"ImageObject\",\"inLanguage\":\"pt-PT\",\"@id\":\"https:\/\/portaltela.pt\/noticias\/2026\/03\/02\/igreja-catolica-alerta-para-fome-e-aumento-da-prostituicao-em-angola-3\/#primaryimage\",\"url\":\"https:\/\/portaltela.pt\/s.01k8rhncp4jt1\/2026\/03\/2071134.jpg\",\"contentUrl\":\"https:\/\/portaltela.pt\/s.01k8rhncp4jt1\/2026\/03\/2071134.jpg\",\"width\":796,\"height\":448,\"caption\":\"A Assembleia Plen\u00e1ria da Confer\u00eancia Episcopal de Angola e S\u00e3o Tom\u00e9 decorreu em Luanda\"},{\"@type\":\"BreadcrumbList\",\"@id\":\"https:\/\/portaltela.pt\/noticias\/2026\/03\/02\/igreja-catolica-alerta-para-fome-e-aumento-da-prostituicao-em-angola-3\/#breadcrumb\",\"itemListElement\":[{\"@type\":\"ListItem\",\"position\":1,\"name\":\"In\u00edcio\",\"item\":\"https:\/\/portaltela.pt\/\"},{\"@type\":\"ListItem\",\"position\":2,\"name\":\"Igreja Cat\u00f3lica alerta para fome e aumento da prostitui\u00e7\u00e3o em Angola\"}]},{\"@type\":\"WebSite\",\"@id\":\"https:\/\/portaltela.pt\/#website\",\"url\":\"https:\/\/portaltela.pt\/\",\"name\":\"Portal Tela Portugal\",\"description\":\"\",\"potentialAction\":[{\"@type\":\"SearchAction\",\"target\":{\"@type\":\"EntryPoint\",\"urlTemplate\":\"https:\/\/portaltela.pt\/?s={search_term_string}\"},\"query-input\":{\"@type\":\"PropertyValueSpecification\",\"valueRequired\":true,\"valueName\":\"search_term_string\"}}],\"inLanguage\":\"pt-PT\"},{\"@type\":\"Person\",\"@id\":\"https:\/\/portaltela.pt\/#\/schema\/person\/c4278d4a6028830caff9ee44b42d32ed\",\"name\":\"Telinha\",\"image\":{\"@type\":\"ImageObject\",\"inLanguage\":\"pt-PT\",\"@id\":\"https:\/\/portaltela.pt\/s.01k8rhncp4jt1\/2025\/11\/talking-bot-125x125.png\",\"url\":\"https:\/\/portaltela.pt\/s.01k8rhncp4jt1\/2025\/11\/talking-bot-125x125.png\",\"contentUrl\":\"https:\/\/portaltela.pt\/s.01k8rhncp4jt1\/2025\/11\/talking-bot-125x125.png\",\"caption\":\"Telinha\"},\"sameAs\":[\"https:\/\/portaltela.pt\/\"],\"url\":\"https:\/\/portaltela.pt\/por\/367410592786\/\"}]}<\/script>\n<!-- \/ Yoast SEO plugin. -->","yoast_head_json":{"title":"Igreja Cat\u00f3lica alerta para fome e aumento da prostitui\u00e7\u00e3o em Angola - Portal Tela Portugal","robots":{"index":"index","follow":"follow","max-snippet":"max-snippet:-1","max-image-preview":"max-image-preview:large","max-video-preview":"max-video-preview:-1"},"og_locale":"pt_PT","og_type":"article","og_title":"Igreja Cat\u00f3lica alerta para fome e aumento da prostitui\u00e7\u00e3o em Angola - Portal Tela Portugal","og_description":"Os bispos cat\u00f3licos alertaram para fome, pobreza, aumento da prostitui\u00e7\u00e3o e de criminalidade em Angola, bem como para a desfloresta\u00e7\u00e3o galopante. A Confer\u00eancia Episcopal de Angola e S\u00e3o Tom\u00e9 (CEAST) pediu prioridade no Or\u00e7amento Geral do Estado para a agricultura familiar, visando auto-sufici\u00eancia alimentar e emprego rural. H\u00e1 n\u00fameros elevados de crian\u00e7as e jovens fora do sistema de ensino e altos n\u00edveis de abandono escolar, sobretudo em zonas rurais, exigindo reconfigura\u00e7\u00e3o do sistema educativo e dos concursos p\u00fablicos. O governo \u00e9 pressionado a atuar de forma coordenada para mitigar a desfloresta\u00e7\u00e3o e proteger o meio ambiente. Os prelados criticaram monop\u00f3lios de importa\u00e7\u00e3o que prejudicam a produ\u00e7\u00e3o nacional e pediram maior aloca\u00e7\u00e3o de verbas para a agricultura, relembrando a pr\u00f3xima visita do Papa Le\u00e3o XIV a Angola.","og_url":"https:\/\/portaltela.pt\/noticias\/2026\/03\/02\/igreja-catolica-alerta-para-fome-e-aumento-da-prostituicao-em-angola-3\/","og_site_name":"Portal Tela Portugal","article_published_time":"2026-03-02T17:38:00+00:00","author":"Telinha","twitter_card":"summary_large_image","twitter_misc":{"Escrito por":"Telinha","Tempo estimado de leitura":"2 minutos"},"schema":{"@context":"https:\/\/schema.org","@graph":[{"@type":"Article","@id":"https:\/\/portaltela.pt\/noticias\/2026\/03\/02\/igreja-catolica-alerta-para-fome-e-aumento-da-prostituicao-em-angola-3\/#article","isPartOf":{"@id":"https:\/\/portaltela.pt\/noticias\/2026\/03\/02\/igreja-catolica-alerta-para-fome-e-aumento-da-prostituicao-em-angola-3\/"},"author":{"name":"Telinha","@id":"https:\/\/portaltela.pt\/#\/schema\/person\/c4278d4a6028830caff9ee44b42d32ed"},"headline":"Igreja Cat\u00f3lica alerta para fome e aumento da prostitui\u00e7\u00e3o em Angola","datePublished":"2026-03-02T17:38:00+00:00","mainEntityOfPage":{"@id":"https:\/\/portaltela.pt\/noticias\/2026\/03\/02\/igreja-catolica-alerta-para-fome-e-aumento-da-prostituicao-em-angola-3\/"},"wordCount":343,"image":{"@id":"https:\/\/portaltela.pt\/noticias\/2026\/03\/02\/igreja-catolica-alerta-para-fome-e-aumento-da-prostituicao-em-angola-3\/#primaryimage"},"thumbnailUrl":"https:\/\/portaltela.pt\/s.01k8rhncp4jt1\/2026\/03\/2071134.jpg","keywords":["agricultura","Angola","crime","desfloresta\u00e7\u00e3o","meio-ambiente","religi\u00e3o"],"articleSection":["Not\u00edcias"],"inLanguage":"pt-PT"},{"@type":"WebPage","@id":"https:\/\/portaltela.pt\/noticias\/2026\/03\/02\/igreja-catolica-alerta-para-fome-e-aumento-da-prostituicao-em-angola-3\/","url":"https:\/\/portaltela.pt\/noticias\/2026\/03\/02\/igreja-catolica-alerta-para-fome-e-aumento-da-prostituicao-em-angola-3\/","name":"Igreja Cat\u00f3lica alerta para fome e aumento da prostitui\u00e7\u00e3o em Angola - Portal Tela Portugal","isPartOf":{"@id":"https:\/\/portaltela.pt\/#website"},"primaryImageOfPage":{"@id":"https:\/\/portaltela.pt\/noticias\/2026\/03\/02\/igreja-catolica-alerta-para-fome-e-aumento-da-prostituicao-em-angola-3\/#primaryimage"},"image":{"@id":"https:\/\/portaltela.pt\/noticias\/2026\/03\/02\/igreja-catolica-alerta-para-fome-e-aumento-da-prostituicao-em-angola-3\/#primaryimage"},"thumbnailUrl":"https:\/\/portaltela.pt\/s.01k8rhncp4jt1\/2026\/03\/2071134.jpg","datePublished":"2026-03-02T17:38:00+00:00","author":{"@id":"https:\/\/portaltela.pt\/#\/schema\/person\/c4278d4a6028830caff9ee44b42d32ed"},"breadcrumb":{"@id":"https:\/\/portaltela.pt\/noticias\/2026\/03\/02\/igreja-catolica-alerta-para-fome-e-aumento-da-prostituicao-em-angola-3\/#breadcrumb"},"inLanguage":"pt-PT","potentialAction":[{"@type":"ReadAction","target":["https:\/\/portaltela.pt\/noticias\/2026\/03\/02\/igreja-catolica-alerta-para-fome-e-aumento-da-prostituicao-em-angola-3\/"]}]},{"@type":"ImageObject","inLanguage":"pt-PT","@id":"https:\/\/portaltela.pt\/noticias\/2026\/03\/02\/igreja-catolica-alerta-para-fome-e-aumento-da-prostituicao-em-angola-3\/#primaryimage","url":"https:\/\/portaltela.pt\/s.01k8rhncp4jt1\/2026\/03\/2071134.jpg","contentUrl":"https:\/\/portaltela.pt\/s.01k8rhncp4jt1\/2026\/03\/2071134.jpg","width":796,"height":448,"caption":"A Assembleia Plen\u00e1ria da Confer\u00eancia Episcopal de Angola e S\u00e3o Tom\u00e9 decorreu em Luanda"},{"@type":"BreadcrumbList","@id":"https:\/\/portaltela.pt\/noticias\/2026\/03\/02\/igreja-catolica-alerta-para-fome-e-aumento-da-prostituicao-em-angola-3\/#breadcrumb","itemListElement":[{"@type":"ListItem","position":1,"name":"In\u00edcio","item":"https:\/\/portaltela.pt\/"},{"@type":"ListItem","position":2,"name":"Igreja Cat\u00f3lica alerta para fome e aumento da prostitui\u00e7\u00e3o em Angola"}]},{"@type":"WebSite","@id":"https:\/\/portaltela.pt\/#website","url":"https:\/\/portaltela.pt\/","name":"Portal Tela Portugal","description":"","potentialAction":[{"@type":"SearchAction","target":{"@type":"EntryPoint","urlTemplate":"https:\/\/portaltela.pt\/?s={search_term_string}"},"query-input":{"@type":"PropertyValueSpecification","valueRequired":true,"valueName":"search_term_string"}}],"inLanguage":"pt-PT"},{"@type":"Person","@id":"https:\/\/portaltela.pt\/#\/schema\/person\/c4278d4a6028830caff9ee44b42d32ed","name":"Telinha","image":{"@type":"ImageObject","inLanguage":"pt-PT","@id":"https:\/\/portaltela.pt\/s.01k8rhncp4jt1\/2025\/11\/talking-bot-125x125.png","url":"https:\/\/portaltela.pt\/s.01k8rhncp4jt1\/2025\/11\/talking-bot-125x125.png","contentUrl":"https:\/\/portaltela.pt\/s.01k8rhncp4jt1\/2025\/11\/talking-bot-125x125.png","caption":"Telinha"},"sameAs":["https:\/\/portaltela.pt\/"],"url":"https:\/\/portaltela.pt\/por\/367410592786\/"}]}},"_links":{"self":[{"href":"https:\/\/portaltela.pt\/api\/wp\/v2\/posts\/394666","targetHints":{"allow":["GET"]}}],"collection":[{"href":"https:\/\/portaltela.pt\/api\/wp\/v2\/posts"}],"about":[{"href":"https:\/\/portaltela.pt\/api\/wp\/v2\/types\/post"}],"author":[{"embeddable":true,"href":"https:\/\/portaltela.pt\/api\/wp\/v2\/users\/2"}],"replies":[{"embeddable":true,"href":"https:\/\/portaltela.pt\/api\/wp\/v2\/comments?post=394666"}],"version-history":[{"count":0,"href":"https:\/\/portaltela.pt\/api\/wp\/v2\/posts\/394666\/revisions"}],"wp:featuredmedia":[{"embeddable":true,"href":"https:\/\/portaltela.pt\/api\/wp\/v2\/media\/394673"}],"wp:attachment":[{"href":"https:\/\/portaltela.pt\/api\/wp\/v2\/media?parent=394666"}],"wp:term":[{"taxonomy":"category","embeddable":true,"href":"https:\/\/portaltela.pt\/api\/wp\/v2\/categories?post=394666"},{"taxonomy":"post_tag","embeddable":true,"href":"https:\/\/portaltela.pt\/api\/wp\/v2\/tags?post=394666"}],"curies":[{"name":"wp","href":"https:\/\/api.w.org\/{rel}","templated":true}]}}