{"id":394651,"date":"2026-03-02T14:25:00","date_gmt":"2026-03-02T17:25:00","guid":{"rendered":"https:\/\/portaltela.pt\/noticias\/2026\/03\/02\/sporting-tondela-adiado-para-data-a-definir-liga-divulga-horarios-26-e-27\/"},"modified":"2026-03-02T14:25:00","modified_gmt":"2026-03-02T17:25:00","slug":"sporting-tondela-adiado-para-data-a-definir-liga-divulga-horarios-26-e-27","status":"publish","type":"post","link":"https:\/\/portaltela.pt\/desporto\/futebol\/2026\/03\/02\/sporting-tondela-adiado-para-data-a-definir-liga-divulga-horarios-26-e-27\/","title":{"rendered":"Sporting-Tondela adiado para data a definir; Liga divulga hor\u00e1rios 26 e 27"},"content":{"rendered":"<p>A Liga Portugal divulgou esta segunda-feira os hor\u00e1rios das jornadas 26 e 27 do campeonato, com o jogo Sporting-Tondela da jornada 26 adiado para data a definir. O adiamento deve-se \u00e0 participa\u00e7\u00e3o dos le\u00f5es nos oitavos de final da Liga dos Campe\u00f5es.<\/p>\n<p>O encontro Sporting CP \u2013 CD Tondela fica indefinido, ainda sem nova data anunciada, enquanto os restantes encontros das jornadas 26 e 27 j\u00e1 t\u00eam hor\u00e1rios \u2014 alguns a realizar-se em fim de semana, outros a meio da semana.<\/p>\n<h3>Jornada 26<\/h3>\n<p>Na jornada 26, realizam-se jogos entre 14 e 15 de mar\u00e7o, com v\u00e1rias partidas em hor\u00e1rios fixados pela Sport TV. Entre eles, Vit\u00f3ria SC vs Famalic\u00e3o e FC Porto vs Moreirense.<\/p>\n<h3>Jornada 27<\/h3>\n<p>Na jornada 27, os encontros seguem entre 20 e 22 de mar\u00e7o, com da C\u00e2mara de desporto a confirmar transmiss\u00e3o de alguns duelos pela Sport TV e por canais regionais. Clube A enfrenta o Clube B num dos embates centrais da ronda.<\/p>\n","protected":false},"excerpt":{"rendered":"<ul>\n<li>A Liga Portugal divulgou os hor\u00e1rios das jornadas 26 e 27; o jogo Sporting CP \u2013 CD Tondela foi adiado para data a definir, devido \u00e0 participa\u00e7\u00e3o do Sporting nos oitavos de final da Liga dos Campe\u00f5es.<\/li>\n<li>Jornada 26 \u2013 s\u00e1bado, 14 de mar\u00e7o: Vit\u00f3ria SC \u2013 FC Famalic\u00e3o (15h30); Gil Vicente FC \u2013 FC Alverca (18h00); FC Arouca \u2013 SL Benfica (20h30).<\/li>\n<li>Jornada 26 \u2013 domingo, 15 de mar\u00e7o: CD Nacional \u2013 Estoril Praia (15h30); AFS \u2013 Santa Clara (15h30); Rio Ave FC \u2013 Estrela Amadora (18h00); FC Porto \u2013 Moreirense FC (20h30).<\/li>\n<li>Jornada 27 \u2013 sexta-feira, 20 de mar\u00e7o: Estrela Amadora \u2013 Casa Pia AC (20h15).<\/li>\n<li>Jornada 27 \u2013 s\u00e1bado, 21 de mar\u00e7o: Moreirense FC \u2013 FC Arouca (15h30); FC Famalic\u00e3o \u2013 CD Nacional (15h30); Santa Clara \u2013 Gil Vicente FC (18h00); SL Benfica \u2013 Vit\u00f3ria SC (18h00); CD Tondela \u2013 AFS (20h30).<\/li>\n<\/ul>\n","protected":false},"author":2,"featured_media":394657,"comment_status":"closed","ping_status":"closed","sticky":false,"template":"","format":"standard","meta":{"footnotes":""},"categories":[21,24],"tags":[227,32,1786,5702,1652,1900],"class_list":["post-394651","post","type-post","status-publish","format-standard","has-post-thumbnail","hentry","category-desporto","category-futebol","tag-campeonato","tag-futebol","tag-liga","tag-liga-portugal-betclic","tag-sporting","tag-sporttv"],"yoast_head":"<!-- This site is optimized with the Yoast SEO plugin v27.2 - https:\/\/yoast.com\/product\/yoast-seo-wordpress\/ -->\n<title>Sporting-Tondela adiado para data a definir; Liga divulga hor\u00e1rios 26 e 27 - Portal Tela Portugal<\/title>\n<meta name=\"robots\" content=\"index, follow, max-snippet:-1, max-image-preview:large, max-video-preview:-1\" \/>\n<meta property=\"og:locale\" content=\"pt_PT\" \/>\n<meta property=\"og:type\" content=\"article\" \/>\n<meta property=\"og:title\" content=\"Sporting-Tondela adiado para data a definir; Liga divulga hor\u00e1rios 26 e 27 - Portal Tela Portugal\" \/>\n<meta property=\"og:description\" content=\"A Liga Portugal divulgou os hor\u00e1rios das jornadas 26 e 27; o jogo Sporting CP \u2013 CD Tondela foi adiado para data a definir, devido \u00e0 participa\u00e7\u00e3o do Sporting nos oitavos de final da Liga dos Campe\u00f5es. Jornada 26 \u2013 s\u00e1bado, 14 de mar\u00e7o: Vit\u00f3ria SC \u2013 FC Famalic\u00e3o (15h30); Gil Vicente FC \u2013 FC Alverca (18h00); FC Arouca \u2013 SL Benfica (20h30). Jornada 26 \u2013 domingo, 15 de mar\u00e7o: CD Nacional \u2013 Estoril Praia (15h30); AFS \u2013 Santa Clara (15h30); Rio Ave FC \u2013 Estrela Amadora (18h00); FC Porto \u2013 Moreirense FC (20h30). Jornada 27 \u2013 sexta-feira, 20 de mar\u00e7o: Estrela Amadora \u2013 Casa Pia AC (20h15). Jornada 27 \u2013 s\u00e1bado, 21 de mar\u00e7o: Moreirense FC \u2013 FC Arouca (15h30); FC Famalic\u00e3o \u2013 CD Nacional (15h30); Santa Clara \u2013 Gil Vicente FC (18h00); SL Benfica \u2013 Vit\u00f3ria SC (18h00); CD Tondela \u2013 AFS (20h30).\" \/>\n<meta property=\"og:url\" content=\"https:\/\/portaltela.pt\/noticias\/2026\/03\/02\/sporting-tondela-adiado-para-data-a-definir-liga-divulga-horarios-26-e-27\/\" \/>\n<meta property=\"og:site_name\" content=\"Portal Tela Portugal\" \/>\n<meta property=\"article:published_time\" content=\"2026-03-02T17:25:00+00:00\" \/>\n<meta name=\"author\" content=\"Telinha\" \/>\n<meta name=\"twitter:card\" content=\"summary_large_image\" \/>\n<meta name=\"twitter:label1\" content=\"Escrito por\" \/>\n\t<meta name=\"twitter:data1\" content=\"Telinha\" \/>\n\t<meta name=\"twitter:label2\" content=\"Tempo estimado de leitura\" \/>\n\t<meta name=\"twitter:data2\" content=\"1 minuto\" \/>\n<script type=\"application\/ld+json\" class=\"yoast-schema-graph\">{\"@context\":\"https:\/\/schema.org\",\"@graph\":[{\"@type\":\"Article\",\"@id\":\"https:\/\/portaltela.pt\/noticias\/2026\/03\/02\/sporting-tondela-adiado-para-data-a-definir-liga-divulga-horarios-26-e-27\/#article\",\"isPartOf\":{\"@id\":\"https:\/\/portaltela.pt\/noticias\/2026\/03\/02\/sporting-tondela-adiado-para-data-a-definir-liga-divulga-horarios-26-e-27\/\"},\"author\":{\"name\":\"Telinha\",\"@id\":\"https:\/\/portaltela.pt\/#\/schema\/person\/c4278d4a6028830caff9ee44b42d32ed\"},\"headline\":\"Sporting-Tondela adiado para data a definir; Liga divulga hor\u00e1rios 26 e 27\",\"datePublished\":\"2026-03-02T17:25:00+00:00\",\"mainEntityOfPage\":{\"@id\":\"https:\/\/portaltela.pt\/noticias\/2026\/03\/02\/sporting-tondela-adiado-para-data-a-definir-liga-divulga-horarios-26-e-27\/\"},\"wordCount\":167,\"image\":{\"@id\":\"https:\/\/portaltela.pt\/noticias\/2026\/03\/02\/sporting-tondela-adiado-para-data-a-definir-liga-divulga-horarios-26-e-27\/#primaryimage\"},\"thumbnailUrl\":\"https:\/\/portaltela.pt\/s.01k8rhncp4jt1\/2026\/03\/img_920x518uu2026-03-02-17-24-49-2424448.jpg\",\"keywords\":[\"campeonato\",\"futebol\",\"Liga\",\"Liga Portugal Betclic\",\"Sporting\",\"SportTV\"],\"articleSection\":[\"Desporto\",\"Futebol\"],\"inLanguage\":\"pt-PT\"},{\"@type\":\"WebPage\",\"@id\":\"https:\/\/portaltela.pt\/noticias\/2026\/03\/02\/sporting-tondela-adiado-para-data-a-definir-liga-divulga-horarios-26-e-27\/\",\"url\":\"https:\/\/portaltela.pt\/noticias\/2026\/03\/02\/sporting-tondela-adiado-para-data-a-definir-liga-divulga-horarios-26-e-27\/\",\"name\":\"Sporting-Tondela adiado para data a definir; Liga divulga hor\u00e1rios 26 e 27 - Portal Tela Portugal\",\"isPartOf\":{\"@id\":\"https:\/\/portaltela.pt\/#website\"},\"primaryImageOfPage\":{\"@id\":\"https:\/\/portaltela.pt\/noticias\/2026\/03\/02\/sporting-tondela-adiado-para-data-a-definir-liga-divulga-horarios-26-e-27\/#primaryimage\"},\"image\":{\"@id\":\"https:\/\/portaltela.pt\/noticias\/2026\/03\/02\/sporting-tondela-adiado-para-data-a-definir-liga-divulga-horarios-26-e-27\/#primaryimage\"},\"thumbnailUrl\":\"https:\/\/portaltela.pt\/s.01k8rhncp4jt1\/2026\/03\/img_920x518uu2026-03-02-17-24-49-2424448.jpg\",\"datePublished\":\"2026-03-02T17:25:00+00:00\",\"author\":{\"@id\":\"https:\/\/portaltela.pt\/#\/schema\/person\/c4278d4a6028830caff9ee44b42d32ed\"},\"breadcrumb\":{\"@id\":\"https:\/\/portaltela.pt\/noticias\/2026\/03\/02\/sporting-tondela-adiado-para-data-a-definir-liga-divulga-horarios-26-e-27\/#breadcrumb\"},\"inLanguage\":\"pt-PT\",\"potentialAction\":[{\"@type\":\"ReadAction\",\"target\":[\"https:\/\/portaltela.pt\/noticias\/2026\/03\/02\/sporting-tondela-adiado-para-data-a-definir-liga-divulga-horarios-26-e-27\/\"]}]},{\"@type\":\"ImageObject\",\"inLanguage\":\"pt-PT\",\"@id\":\"https:\/\/portaltela.pt\/noticias\/2026\/03\/02\/sporting-tondela-adiado-para-data-a-definir-liga-divulga-horarios-26-e-27\/#primaryimage\",\"url\":\"https:\/\/portaltela.pt\/s.01k8rhncp4jt1\/2026\/03\/img_920x518uu2026-03-02-17-24-49-2424448.jpg\",\"contentUrl\":\"https:\/\/portaltela.pt\/s.01k8rhncp4jt1\/2026\/03\/img_920x518uu2026-03-02-17-24-49-2424448.jpg\",\"width\":796,\"height\":448,\"caption\":\"Jogadores durante o Tondela-Sporting da primeira volta\"},{\"@type\":\"BreadcrumbList\",\"@id\":\"https:\/\/portaltela.pt\/noticias\/2026\/03\/02\/sporting-tondela-adiado-para-data-a-definir-liga-divulga-horarios-26-e-27\/#breadcrumb\",\"itemListElement\":[{\"@type\":\"ListItem\",\"position\":1,\"name\":\"In\u00edcio\",\"item\":\"https:\/\/portaltela.pt\/\"},{\"@type\":\"ListItem\",\"position\":2,\"name\":\"Sporting-Tondela adiado para data a definir; Liga divulga hor\u00e1rios 26 e 27\"}]},{\"@type\":\"WebSite\",\"@id\":\"https:\/\/portaltela.pt\/#website\",\"url\":\"https:\/\/portaltela.pt\/\",\"name\":\"Portal Tela Portugal\",\"description\":\"\",\"potentialAction\":[{\"@type\":\"SearchAction\",\"target\":{\"@type\":\"EntryPoint\",\"urlTemplate\":\"https:\/\/portaltela.pt\/?s={search_term_string}\"},\"query-input\":{\"@type\":\"PropertyValueSpecification\",\"valueRequired\":true,\"valueName\":\"search_term_string\"}}],\"inLanguage\":\"pt-PT\"},{\"@type\":\"Person\",\"@id\":\"https:\/\/portaltela.pt\/#\/schema\/person\/c4278d4a6028830caff9ee44b42d32ed\",\"name\":\"Telinha\",\"image\":{\"@type\":\"ImageObject\",\"inLanguage\":\"pt-PT\",\"@id\":\"https:\/\/portaltela.pt\/s.01k8rhncp4jt1\/2025\/11\/talking-bot-125x125.png\",\"url\":\"https:\/\/portaltela.pt\/s.01k8rhncp4jt1\/2025\/11\/talking-bot-125x125.png\",\"contentUrl\":\"https:\/\/portaltela.pt\/s.01k8rhncp4jt1\/2025\/11\/talking-bot-125x125.png\",\"caption\":\"Telinha\"},\"sameAs\":[\"https:\/\/portaltela.pt\/\"],\"url\":\"https:\/\/portaltela.pt\/por\/367410592786\/\"}]}<\/script>\n<!-- \/ Yoast SEO plugin. -->","yoast_head_json":{"title":"Sporting-Tondela adiado para data a definir; Liga divulga hor\u00e1rios 26 e 27 - Portal Tela Portugal","robots":{"index":"index","follow":"follow","max-snippet":"max-snippet:-1","max-image-preview":"max-image-preview:large","max-video-preview":"max-video-preview:-1"},"og_locale":"pt_PT","og_type":"article","og_title":"Sporting-Tondela adiado para data a definir; Liga divulga hor\u00e1rios 26 e 27 - Portal Tela Portugal","og_description":"A Liga Portugal divulgou os hor\u00e1rios das jornadas 26 e 27; o jogo Sporting CP \u2013 CD Tondela foi adiado para data a definir, devido \u00e0 participa\u00e7\u00e3o do Sporting nos oitavos de final da Liga dos Campe\u00f5es. Jornada 26 \u2013 s\u00e1bado, 14 de mar\u00e7o: Vit\u00f3ria SC \u2013 FC Famalic\u00e3o (15h30); Gil Vicente FC \u2013 FC Alverca (18h00); FC Arouca \u2013 SL Benfica (20h30). Jornada 26 \u2013 domingo, 15 de mar\u00e7o: CD Nacional \u2013 Estoril Praia (15h30); AFS \u2013 Santa Clara (15h30); Rio Ave FC \u2013 Estrela Amadora (18h00); FC Porto \u2013 Moreirense FC (20h30). Jornada 27 \u2013 sexta-feira, 20 de mar\u00e7o: Estrela Amadora \u2013 Casa Pia AC (20h15). Jornada 27 \u2013 s\u00e1bado, 21 de mar\u00e7o: Moreirense FC \u2013 FC Arouca (15h30); FC Famalic\u00e3o \u2013 CD Nacional (15h30); Santa Clara \u2013 Gil Vicente FC (18h00); SL Benfica \u2013 Vit\u00f3ria SC (18h00); CD Tondela \u2013 AFS (20h30).","og_url":"https:\/\/portaltela.pt\/noticias\/2026\/03\/02\/sporting-tondela-adiado-para-data-a-definir-liga-divulga-horarios-26-e-27\/","og_site_name":"Portal Tela Portugal","article_published_time":"2026-03-02T17:25:00+00:00","author":"Telinha","twitter_card":"summary_large_image","twitter_misc":{"Escrito por":"Telinha","Tempo estimado de leitura":"1 minuto"},"schema":{"@context":"https:\/\/schema.org","@graph":[{"@type":"Article","@id":"https:\/\/portaltela.pt\/noticias\/2026\/03\/02\/sporting-tondela-adiado-para-data-a-definir-liga-divulga-horarios-26-e-27\/#article","isPartOf":{"@id":"https:\/\/portaltela.pt\/noticias\/2026\/03\/02\/sporting-tondela-adiado-para-data-a-definir-liga-divulga-horarios-26-e-27\/"},"author":{"name":"Telinha","@id":"https:\/\/portaltela.pt\/#\/schema\/person\/c4278d4a6028830caff9ee44b42d32ed"},"headline":"Sporting-Tondela adiado para data a definir; Liga divulga hor\u00e1rios 26 e 27","datePublished":"2026-03-02T17:25:00+00:00","mainEntityOfPage":{"@id":"https:\/\/portaltela.pt\/noticias\/2026\/03\/02\/sporting-tondela-adiado-para-data-a-definir-liga-divulga-horarios-26-e-27\/"},"wordCount":167,"image":{"@id":"https:\/\/portaltela.pt\/noticias\/2026\/03\/02\/sporting-tondela-adiado-para-data-a-definir-liga-divulga-horarios-26-e-27\/#primaryimage"},"thumbnailUrl":"https:\/\/portaltela.pt\/s.01k8rhncp4jt1\/2026\/03\/img_920x518uu2026-03-02-17-24-49-2424448.jpg","keywords":["campeonato","futebol","Liga","Liga Portugal Betclic","Sporting","SportTV"],"articleSection":["Desporto","Futebol"],"inLanguage":"pt-PT"},{"@type":"WebPage","@id":"https:\/\/portaltela.pt\/noticias\/2026\/03\/02\/sporting-tondela-adiado-para-data-a-definir-liga-divulga-horarios-26-e-27\/","url":"https:\/\/portaltela.pt\/noticias\/2026\/03\/02\/sporting-tondela-adiado-para-data-a-definir-liga-divulga-horarios-26-e-27\/","name":"Sporting-Tondela adiado para data a definir; Liga divulga hor\u00e1rios 26 e 27 - Portal Tela Portugal","isPartOf":{"@id":"https:\/\/portaltela.pt\/#website"},"primaryImageOfPage":{"@id":"https:\/\/portaltela.pt\/noticias\/2026\/03\/02\/sporting-tondela-adiado-para-data-a-definir-liga-divulga-horarios-26-e-27\/#primaryimage"},"image":{"@id":"https:\/\/portaltela.pt\/noticias\/2026\/03\/02\/sporting-tondela-adiado-para-data-a-definir-liga-divulga-horarios-26-e-27\/#primaryimage"},"thumbnailUrl":"https:\/\/portaltela.pt\/s.01k8rhncp4jt1\/2026\/03\/img_920x518uu2026-03-02-17-24-49-2424448.jpg","datePublished":"2026-03-02T17:25:00+00:00","author":{"@id":"https:\/\/portaltela.pt\/#\/schema\/person\/c4278d4a6028830caff9ee44b42d32ed"},"breadcrumb":{"@id":"https:\/\/portaltela.pt\/noticias\/2026\/03\/02\/sporting-tondela-adiado-para-data-a-definir-liga-divulga-horarios-26-e-27\/#breadcrumb"},"inLanguage":"pt-PT","potentialAction":[{"@type":"ReadAction","target":["https:\/\/portaltela.pt\/noticias\/2026\/03\/02\/sporting-tondela-adiado-para-data-a-definir-liga-divulga-horarios-26-e-27\/"]}]},{"@type":"ImageObject","inLanguage":"pt-PT","@id":"https:\/\/portaltela.pt\/noticias\/2026\/03\/02\/sporting-tondela-adiado-para-data-a-definir-liga-divulga-horarios-26-e-27\/#primaryimage","url":"https:\/\/portaltela.pt\/s.01k8rhncp4jt1\/2026\/03\/img_920x518uu2026-03-02-17-24-49-2424448.jpg","contentUrl":"https:\/\/portaltela.pt\/s.01k8rhncp4jt1\/2026\/03\/img_920x518uu2026-03-02-17-24-49-2424448.jpg","width":796,"height":448,"caption":"Jogadores durante o Tondela-Sporting da primeira volta"},{"@type":"BreadcrumbList","@id":"https:\/\/portaltela.pt\/noticias\/2026\/03\/02\/sporting-tondela-adiado-para-data-a-definir-liga-divulga-horarios-26-e-27\/#breadcrumb","itemListElement":[{"@type":"ListItem","position":1,"name":"In\u00edcio","item":"https:\/\/portaltela.pt\/"},{"@type":"ListItem","position":2,"name":"Sporting-Tondela adiado para data a definir; Liga divulga hor\u00e1rios 26 e 27"}]},{"@type":"WebSite","@id":"https:\/\/portaltela.pt\/#website","url":"https:\/\/portaltela.pt\/","name":"Portal Tela Portugal","description":"","potentialAction":[{"@type":"SearchAction","target":{"@type":"EntryPoint","urlTemplate":"https:\/\/portaltela.pt\/?s={search_term_string}"},"query-input":{"@type":"PropertyValueSpecification","valueRequired":true,"valueName":"search_term_string"}}],"inLanguage":"pt-PT"},{"@type":"Person","@id":"https:\/\/portaltela.pt\/#\/schema\/person\/c4278d4a6028830caff9ee44b42d32ed","name":"Telinha","image":{"@type":"ImageObject","inLanguage":"pt-PT","@id":"https:\/\/portaltela.pt\/s.01k8rhncp4jt1\/2025\/11\/talking-bot-125x125.png","url":"https:\/\/portaltela.pt\/s.01k8rhncp4jt1\/2025\/11\/talking-bot-125x125.png","contentUrl":"https:\/\/portaltela.pt\/s.01k8rhncp4jt1\/2025\/11\/talking-bot-125x125.png","caption":"Telinha"},"sameAs":["https:\/\/portaltela.pt\/"],"url":"https:\/\/portaltela.pt\/por\/367410592786\/"}]}},"_links":{"self":[{"href":"https:\/\/portaltela.pt\/api\/wp\/v2\/posts\/394651","targetHints":{"allow":["GET"]}}],"collection":[{"href":"https:\/\/portaltela.pt\/api\/wp\/v2\/posts"}],"about":[{"href":"https:\/\/portaltela.pt\/api\/wp\/v2\/types\/post"}],"author":[{"embeddable":true,"href":"https:\/\/portaltela.pt\/api\/wp\/v2\/users\/2"}],"replies":[{"embeddable":true,"href":"https:\/\/portaltela.pt\/api\/wp\/v2\/comments?post=394651"}],"version-history":[{"count":0,"href":"https:\/\/portaltela.pt\/api\/wp\/v2\/posts\/394651\/revisions"}],"wp:featuredmedia":[{"embeddable":true,"href":"https:\/\/portaltela.pt\/api\/wp\/v2\/media\/394657"}],"wp:attachment":[{"href":"https:\/\/portaltela.pt\/api\/wp\/v2\/media?parent=394651"}],"wp:term":[{"taxonomy":"category","embeddable":true,"href":"https:\/\/portaltela.pt\/api\/wp\/v2\/categories?post=394651"},{"taxonomy":"post_tag","embeddable":true,"href":"https:\/\/portaltela.pt\/api\/wp\/v2\/tags?post=394651"}],"curies":[{"name":"wp","href":"https:\/\/api.w.org\/{rel}","templated":true}]}}