{"id":394626,"date":"2026-03-02T12:43:00","date_gmt":"2026-03-02T15:43:00","guid":{"rendered":"https:\/\/portaltela.pt\/noticias\/2026\/03\/02\/espanha-recusa-bases-dos-eua-nos-ataques-ao-irao-avioes-ja-retirados\/"},"modified":"2026-03-02T12:43:00","modified_gmt":"2026-03-02T15:43:00","slug":"espanha-recusa-bases-dos-eua-nos-ataques-ao-irao-avioes-ja-retirados","status":"publish","type":"post","link":"https:\/\/portaltela.pt\/noticias\/2026\/03\/02\/espanha-recusa-bases-dos-eua-nos-ataques-ao-irao-avioes-ja-retirados\/","title":{"rendered":"Espanha recusa bases dos EUA nos ataques ao Ir\u00e3o; avi\u00f5es j\u00e1 retirados"},"content":{"rendered":"<p>A Espanha recusou facilitar o uso das suas bases por parte dos EUA para ataques contra o Ir\u00e3o. A decis\u00e3o foi comunicada pelas autoridades espanholas, segundo informa\u00e7\u00f5es n\u00e3o detalhadas publicadas pelas fontes envolvidas. O motivo alegado \u00e9 a necessidade de manter a soberania nacional e evitar a\u00e7\u00f5es sem consenso local.<\/p>\n<p>Conforme as informa\u00e7\u00f5es recebidas, os avi\u00f5es norte-americanos teriam j\u00e1 sido retirados do espa\u00e7o a\u00e9reo ou das instala\u00e7\u00f5es envolvidas. N\u00e3o houve confirma\u00e7\u00e3o oficial sobre opera\u00e7\u00f5es em curso ou planos futuros. O epis\u00f3dio marca uma tens\u00e3o entre aliados sobre a permitividade de a\u00e7\u00f5es militares no M\u00e9dio Oriente.<\/p>\n<p>A situa\u00e7\u00e3o diverge de declara\u00e7\u00f5es anteriores sobre poss\u00edvel coordena\u00e7\u00e3o entre Washington e Madrid. Fontes pr\u00f3ximas ao tema indicam que o governo espanhol n\u00e3o autorizou o uso de bases para ataques, mantendo posi\u00e7\u00e3o de neutralidade nas opera\u00e7\u00f5es. Detalhes adicionais n\u00e3o foram tornados p\u00fablicos.<\/p>\n","protected":false},"excerpt":{"rendered":"<ul>\n<li>Espanha recusou o uso de bases no pa\u00eds por parte dos EUA em ataques ao Ir\u00e3o.<\/li>\n<li>Norte-americanos j\u00e1 retiraram avi\u00f5es envolvidos na opera\u00e7\u00e3o.<\/li>\n<li>O conte\u00fado completo da not\u00edcia est\u00e1 dispon\u00edvel apenas para subscritores.<\/li>\n<\/ul>\n","protected":false},"author":2,"featured_media":394634,"comment_status":"closed","ping_status":"closed","sticky":false,"template":"","format":"standard","meta":{"footnotes":""},"categories":[1],"tags":[3496,3718,1779,5698,27,5489],"class_list":["post-394626","post","type-post","status-publish","format-standard","has-post-thumbnail","hentry","category-noticias","tag-aliancas-internacionais","tag-coordenacao-internacional","tag-forcas-armadas","tag-politica-internacional","tag-relacoes-internacionais","tag-soberania-nacional"],"yoast_head":"<!-- This site is optimized with the Yoast SEO plugin v27.2 - https:\/\/yoast.com\/product\/yoast-seo-wordpress\/ -->\n<title>Espanha recusa bases dos EUA nos ataques ao Ir\u00e3o; avi\u00f5es j\u00e1 retirados - Portal Tela Portugal<\/title>\n<meta name=\"robots\" content=\"index, follow, max-snippet:-1, max-image-preview:large, max-video-preview:-1\" \/>\n<meta property=\"og:locale\" content=\"pt_PT\" \/>\n<meta property=\"og:type\" content=\"article\" \/>\n<meta property=\"og:title\" content=\"Espanha recusa bases dos EUA nos ataques ao Ir\u00e3o; avi\u00f5es j\u00e1 retirados - Portal Tela Portugal\" \/>\n<meta property=\"og:description\" content=\"Espanha recusou o uso de bases no pa\u00eds por parte dos EUA em ataques ao Ir\u00e3o. Norte-americanos j\u00e1 retiraram avi\u00f5es envolvidos na opera\u00e7\u00e3o. O conte\u00fado completo da not\u00edcia est\u00e1 dispon\u00edvel apenas para subscritores.\" \/>\n<meta property=\"og:url\" content=\"https:\/\/portaltela.pt\/noticias\/2026\/03\/02\/espanha-recusa-bases-dos-eua-nos-ataques-ao-irao-avioes-ja-retirados\/\" \/>\n<meta property=\"og:site_name\" content=\"Portal Tela Portugal\" \/>\n<meta property=\"article:published_time\" content=\"2026-03-02T15:43:00+00:00\" \/>\n<meta name=\"author\" content=\"Telinha\" \/>\n<meta name=\"twitter:card\" content=\"summary_large_image\" \/>\n<meta name=\"twitter:label1\" content=\"Escrito por\" \/>\n\t<meta name=\"twitter:data1\" content=\"Telinha\" \/>\n\t<meta name=\"twitter:label2\" content=\"Tempo estimado de leitura\" \/>\n\t<meta name=\"twitter:data2\" content=\"1 minuto\" \/>\n<script type=\"application\/ld+json\" class=\"yoast-schema-graph\">{\"@context\":\"https:\/\/schema.org\",\"@graph\":[{\"@type\":\"Article\",\"@id\":\"https:\/\/portaltela.pt\/noticias\/2026\/03\/02\/espanha-recusa-bases-dos-eua-nos-ataques-ao-irao-avioes-ja-retirados\/#article\",\"isPartOf\":{\"@id\":\"https:\/\/portaltela.pt\/noticias\/2026\/03\/02\/espanha-recusa-bases-dos-eua-nos-ataques-ao-irao-avioes-ja-retirados\/\"},\"author\":{\"name\":\"Telinha\",\"@id\":\"https:\/\/portaltela.pt\/#\/schema\/person\/c4278d4a6028830caff9ee44b42d32ed\"},\"headline\":\"Espanha recusa bases dos EUA nos ataques ao Ir\u00e3o; avi\u00f5es j\u00e1 retirados\",\"datePublished\":\"2026-03-02T15:43:00+00:00\",\"mainEntityOfPage\":{\"@id\":\"https:\/\/portaltela.pt\/noticias\/2026\/03\/02\/espanha-recusa-bases-dos-eua-nos-ataques-ao-irao-avioes-ja-retirados\/\"},\"wordCount\":177,\"image\":{\"@id\":\"https:\/\/portaltela.pt\/noticias\/2026\/03\/02\/espanha-recusa-bases-dos-eua-nos-ataques-ao-irao-avioes-ja-retirados\/#primaryimage\"},\"thumbnailUrl\":\"https:\/\/portaltela.pt\/s.01k8rhncp4jt1\/2026\/03\/CACHE_780X1200_ANALOG_WATERMARKED_45558239_672335140075334.jpg\",\"keywords\":[\"alian\u00e7as internacionais\",\"coordena\u00e7\u00e3o internacional\",\"For\u00e7as Armadas\",\"pol\u00edtica internacional\",\"rela\u00e7\u00f5es internacionais\",\"soberania nacional\"],\"articleSection\":[\"Not\u00edcias\"],\"inLanguage\":\"pt-PT\"},{\"@type\":\"WebPage\",\"@id\":\"https:\/\/portaltela.pt\/noticias\/2026\/03\/02\/espanha-recusa-bases-dos-eua-nos-ataques-ao-irao-avioes-ja-retirados\/\",\"url\":\"https:\/\/portaltela.pt\/noticias\/2026\/03\/02\/espanha-recusa-bases-dos-eua-nos-ataques-ao-irao-avioes-ja-retirados\/\",\"name\":\"Espanha recusa bases dos EUA nos ataques ao Ir\u00e3o; avi\u00f5es j\u00e1 retirados - Portal Tela Portugal\",\"isPartOf\":{\"@id\":\"https:\/\/portaltela.pt\/#website\"},\"primaryImageOfPage\":{\"@id\":\"https:\/\/portaltela.pt\/noticias\/2026\/03\/02\/espanha-recusa-bases-dos-eua-nos-ataques-ao-irao-avioes-ja-retirados\/#primaryimage\"},\"image\":{\"@id\":\"https:\/\/portaltela.pt\/noticias\/2026\/03\/02\/espanha-recusa-bases-dos-eua-nos-ataques-ao-irao-avioes-ja-retirados\/#primaryimage\"},\"thumbnailUrl\":\"https:\/\/portaltela.pt\/s.01k8rhncp4jt1\/2026\/03\/CACHE_780X1200_ANALOG_WATERMARKED_45558239_672335140075334.jpg\",\"datePublished\":\"2026-03-02T15:43:00+00:00\",\"author\":{\"@id\":\"https:\/\/portaltela.pt\/#\/schema\/person\/c4278d4a6028830caff9ee44b42d32ed\"},\"breadcrumb\":{\"@id\":\"https:\/\/portaltela.pt\/noticias\/2026\/03\/02\/espanha-recusa-bases-dos-eua-nos-ataques-ao-irao-avioes-ja-retirados\/#breadcrumb\"},\"inLanguage\":\"pt-PT\",\"potentialAction\":[{\"@type\":\"ReadAction\",\"target\":[\"https:\/\/portaltela.pt\/noticias\/2026\/03\/02\/espanha-recusa-bases-dos-eua-nos-ataques-ao-irao-avioes-ja-retirados\/\"]}]},{\"@type\":\"ImageObject\",\"inLanguage\":\"pt-PT\",\"@id\":\"https:\/\/portaltela.pt\/noticias\/2026\/03\/02\/espanha-recusa-bases-dos-eua-nos-ataques-ao-irao-avioes-ja-retirados\/#primaryimage\",\"url\":\"https:\/\/portaltela.pt\/s.01k8rhncp4jt1\/2026\/03\/CACHE_780X1200_ANALOG_WATERMARKED_45558239_672335140075334.jpg\",\"contentUrl\":\"https:\/\/portaltela.pt\/s.01k8rhncp4jt1\/2026\/03\/CACHE_780X1200_ANALOG_WATERMARKED_45558239_672335140075334.jpg\",\"width\":796,\"height\":448,\"caption\":\"Espanha recusa uso de bases por EUA nos ataques ao Ir\u00e3o e norte-americanos j\u00e1 retiraram avi\u00f5es\"},{\"@type\":\"BreadcrumbList\",\"@id\":\"https:\/\/portaltela.pt\/noticias\/2026\/03\/02\/espanha-recusa-bases-dos-eua-nos-ataques-ao-irao-avioes-ja-retirados\/#breadcrumb\",\"itemListElement\":[{\"@type\":\"ListItem\",\"position\":1,\"name\":\"In\u00edcio\",\"item\":\"https:\/\/portaltela.pt\/\"},{\"@type\":\"ListItem\",\"position\":2,\"name\":\"Espanha recusa bases dos EUA nos ataques ao Ir\u00e3o; avi\u00f5es j\u00e1 retirados\"}]},{\"@type\":\"WebSite\",\"@id\":\"https:\/\/portaltela.pt\/#website\",\"url\":\"https:\/\/portaltela.pt\/\",\"name\":\"Portal Tela Portugal\",\"description\":\"\",\"potentialAction\":[{\"@type\":\"SearchAction\",\"target\":{\"@type\":\"EntryPoint\",\"urlTemplate\":\"https:\/\/portaltela.pt\/?s={search_term_string}\"},\"query-input\":{\"@type\":\"PropertyValueSpecification\",\"valueRequired\":true,\"valueName\":\"search_term_string\"}}],\"inLanguage\":\"pt-PT\"},{\"@type\":\"Person\",\"@id\":\"https:\/\/portaltela.pt\/#\/schema\/person\/c4278d4a6028830caff9ee44b42d32ed\",\"name\":\"Telinha\",\"image\":{\"@type\":\"ImageObject\",\"inLanguage\":\"pt-PT\",\"@id\":\"https:\/\/portaltela.pt\/s.01k8rhncp4jt1\/2025\/11\/talking-bot-125x125.png\",\"url\":\"https:\/\/portaltela.pt\/s.01k8rhncp4jt1\/2025\/11\/talking-bot-125x125.png\",\"contentUrl\":\"https:\/\/portaltela.pt\/s.01k8rhncp4jt1\/2025\/11\/talking-bot-125x125.png\",\"caption\":\"Telinha\"},\"sameAs\":[\"https:\/\/portaltela.pt\/\"],\"url\":\"https:\/\/portaltela.pt\/por\/367410592786\/\"}]}<\/script>\n<!-- \/ Yoast SEO plugin. -->","yoast_head_json":{"title":"Espanha recusa bases dos EUA nos ataques ao Ir\u00e3o; avi\u00f5es j\u00e1 retirados - Portal Tela Portugal","robots":{"index":"index","follow":"follow","max-snippet":"max-snippet:-1","max-image-preview":"max-image-preview:large","max-video-preview":"max-video-preview:-1"},"og_locale":"pt_PT","og_type":"article","og_title":"Espanha recusa bases dos EUA nos ataques ao Ir\u00e3o; avi\u00f5es j\u00e1 retirados - Portal Tela Portugal","og_description":"Espanha recusou o uso de bases no pa\u00eds por parte dos EUA em ataques ao Ir\u00e3o. Norte-americanos j\u00e1 retiraram avi\u00f5es envolvidos na opera\u00e7\u00e3o. O conte\u00fado completo da not\u00edcia est\u00e1 dispon\u00edvel apenas para subscritores.","og_url":"https:\/\/portaltela.pt\/noticias\/2026\/03\/02\/espanha-recusa-bases-dos-eua-nos-ataques-ao-irao-avioes-ja-retirados\/","og_site_name":"Portal Tela Portugal","article_published_time":"2026-03-02T15:43:00+00:00","author":"Telinha","twitter_card":"summary_large_image","twitter_misc":{"Escrito por":"Telinha","Tempo estimado de leitura":"1 minuto"},"schema":{"@context":"https:\/\/schema.org","@graph":[{"@type":"Article","@id":"https:\/\/portaltela.pt\/noticias\/2026\/03\/02\/espanha-recusa-bases-dos-eua-nos-ataques-ao-irao-avioes-ja-retirados\/#article","isPartOf":{"@id":"https:\/\/portaltela.pt\/noticias\/2026\/03\/02\/espanha-recusa-bases-dos-eua-nos-ataques-ao-irao-avioes-ja-retirados\/"},"author":{"name":"Telinha","@id":"https:\/\/portaltela.pt\/#\/schema\/person\/c4278d4a6028830caff9ee44b42d32ed"},"headline":"Espanha recusa bases dos EUA nos ataques ao Ir\u00e3o; avi\u00f5es j\u00e1 retirados","datePublished":"2026-03-02T15:43:00+00:00","mainEntityOfPage":{"@id":"https:\/\/portaltela.pt\/noticias\/2026\/03\/02\/espanha-recusa-bases-dos-eua-nos-ataques-ao-irao-avioes-ja-retirados\/"},"wordCount":177,"image":{"@id":"https:\/\/portaltela.pt\/noticias\/2026\/03\/02\/espanha-recusa-bases-dos-eua-nos-ataques-ao-irao-avioes-ja-retirados\/#primaryimage"},"thumbnailUrl":"https:\/\/portaltela.pt\/s.01k8rhncp4jt1\/2026\/03\/CACHE_780X1200_ANALOG_WATERMARKED_45558239_672335140075334.jpg","keywords":["alian\u00e7as internacionais","coordena\u00e7\u00e3o internacional","For\u00e7as Armadas","pol\u00edtica internacional","rela\u00e7\u00f5es internacionais","soberania nacional"],"articleSection":["Not\u00edcias"],"inLanguage":"pt-PT"},{"@type":"WebPage","@id":"https:\/\/portaltela.pt\/noticias\/2026\/03\/02\/espanha-recusa-bases-dos-eua-nos-ataques-ao-irao-avioes-ja-retirados\/","url":"https:\/\/portaltela.pt\/noticias\/2026\/03\/02\/espanha-recusa-bases-dos-eua-nos-ataques-ao-irao-avioes-ja-retirados\/","name":"Espanha recusa bases dos EUA nos ataques ao Ir\u00e3o; avi\u00f5es j\u00e1 retirados - Portal Tela Portugal","isPartOf":{"@id":"https:\/\/portaltela.pt\/#website"},"primaryImageOfPage":{"@id":"https:\/\/portaltela.pt\/noticias\/2026\/03\/02\/espanha-recusa-bases-dos-eua-nos-ataques-ao-irao-avioes-ja-retirados\/#primaryimage"},"image":{"@id":"https:\/\/portaltela.pt\/noticias\/2026\/03\/02\/espanha-recusa-bases-dos-eua-nos-ataques-ao-irao-avioes-ja-retirados\/#primaryimage"},"thumbnailUrl":"https:\/\/portaltela.pt\/s.01k8rhncp4jt1\/2026\/03\/CACHE_780X1200_ANALOG_WATERMARKED_45558239_672335140075334.jpg","datePublished":"2026-03-02T15:43:00+00:00","author":{"@id":"https:\/\/portaltela.pt\/#\/schema\/person\/c4278d4a6028830caff9ee44b42d32ed"},"breadcrumb":{"@id":"https:\/\/portaltela.pt\/noticias\/2026\/03\/02\/espanha-recusa-bases-dos-eua-nos-ataques-ao-irao-avioes-ja-retirados\/#breadcrumb"},"inLanguage":"pt-PT","potentialAction":[{"@type":"ReadAction","target":["https:\/\/portaltela.pt\/noticias\/2026\/03\/02\/espanha-recusa-bases-dos-eua-nos-ataques-ao-irao-avioes-ja-retirados\/"]}]},{"@type":"ImageObject","inLanguage":"pt-PT","@id":"https:\/\/portaltela.pt\/noticias\/2026\/03\/02\/espanha-recusa-bases-dos-eua-nos-ataques-ao-irao-avioes-ja-retirados\/#primaryimage","url":"https:\/\/portaltela.pt\/s.01k8rhncp4jt1\/2026\/03\/CACHE_780X1200_ANALOG_WATERMARKED_45558239_672335140075334.jpg","contentUrl":"https:\/\/portaltela.pt\/s.01k8rhncp4jt1\/2026\/03\/CACHE_780X1200_ANALOG_WATERMARKED_45558239_672335140075334.jpg","width":796,"height":448,"caption":"Espanha recusa uso de bases por EUA nos ataques ao Ir\u00e3o e norte-americanos j\u00e1 retiraram avi\u00f5es"},{"@type":"BreadcrumbList","@id":"https:\/\/portaltela.pt\/noticias\/2026\/03\/02\/espanha-recusa-bases-dos-eua-nos-ataques-ao-irao-avioes-ja-retirados\/#breadcrumb","itemListElement":[{"@type":"ListItem","position":1,"name":"In\u00edcio","item":"https:\/\/portaltela.pt\/"},{"@type":"ListItem","position":2,"name":"Espanha recusa bases dos EUA nos ataques ao Ir\u00e3o; avi\u00f5es j\u00e1 retirados"}]},{"@type":"WebSite","@id":"https:\/\/portaltela.pt\/#website","url":"https:\/\/portaltela.pt\/","name":"Portal Tela Portugal","description":"","potentialAction":[{"@type":"SearchAction","target":{"@type":"EntryPoint","urlTemplate":"https:\/\/portaltela.pt\/?s={search_term_string}"},"query-input":{"@type":"PropertyValueSpecification","valueRequired":true,"valueName":"search_term_string"}}],"inLanguage":"pt-PT"},{"@type":"Person","@id":"https:\/\/portaltela.pt\/#\/schema\/person\/c4278d4a6028830caff9ee44b42d32ed","name":"Telinha","image":{"@type":"ImageObject","inLanguage":"pt-PT","@id":"https:\/\/portaltela.pt\/s.01k8rhncp4jt1\/2025\/11\/talking-bot-125x125.png","url":"https:\/\/portaltela.pt\/s.01k8rhncp4jt1\/2025\/11\/talking-bot-125x125.png","contentUrl":"https:\/\/portaltela.pt\/s.01k8rhncp4jt1\/2025\/11\/talking-bot-125x125.png","caption":"Telinha"},"sameAs":["https:\/\/portaltela.pt\/"],"url":"https:\/\/portaltela.pt\/por\/367410592786\/"}]}},"_links":{"self":[{"href":"https:\/\/portaltela.pt\/api\/wp\/v2\/posts\/394626","targetHints":{"allow":["GET"]}}],"collection":[{"href":"https:\/\/portaltela.pt\/api\/wp\/v2\/posts"}],"about":[{"href":"https:\/\/portaltela.pt\/api\/wp\/v2\/types\/post"}],"author":[{"embeddable":true,"href":"https:\/\/portaltela.pt\/api\/wp\/v2\/users\/2"}],"replies":[{"embeddable":true,"href":"https:\/\/portaltela.pt\/api\/wp\/v2\/comments?post=394626"}],"version-history":[{"count":0,"href":"https:\/\/portaltela.pt\/api\/wp\/v2\/posts\/394626\/revisions"}],"wp:featuredmedia":[{"embeddable":true,"href":"https:\/\/portaltela.pt\/api\/wp\/v2\/media\/394634"}],"wp:attachment":[{"href":"https:\/\/portaltela.pt\/api\/wp\/v2\/media?parent=394626"}],"wp:term":[{"taxonomy":"category","embeddable":true,"href":"https:\/\/portaltela.pt\/api\/wp\/v2\/categories?post=394626"},{"taxonomy":"post_tag","embeddable":true,"href":"https:\/\/portaltela.pt\/api\/wp\/v2\/tags?post=394626"}],"curies":[{"name":"wp","href":"https:\/\/api.w.org\/{rel}","templated":true}]}}