{"id":394612,"date":"2026-03-02T13:59:02","date_gmt":"2026-03-02T16:59:02","guid":{"rendered":"https:\/\/portaltela.pt\/noticias\/2026\/03\/02\/andre-sousa-admite-que-ainda-ha-muitos-pontos-por-conquistar\/"},"modified":"2026-03-02T13:59:02","modified_gmt":"2026-03-02T16:59:02","slug":"andre-sousa-admite-que-ainda-ha-muitos-pontos-por-conquistar","status":"publish","type":"post","link":"https:\/\/portaltela.pt\/desporto\/futebol\/2026\/03\/02\/andre-sousa-admite-que-ainda-ha-muitos-pontos-por-conquistar\/","title":{"rendered":"Andr\u00e9 Sousa admite que ainda h\u00e1 muitos pontos por conquistar"},"content":{"rendered":"<p>O m\u00e9dio Andr\u00e9 Sousa estreou esta \u00e9poca como titular no Nacional, frente ao Sp. Braga, numa derrota que o jogador classifica como injusta. A exibi\u00e7\u00e3o foi s\u00f3lida, e ele garante que n\u00e3o h\u00e1 motivo para alarme na Choupana.<\/p>\n<p>Para o jogador de 35 anos, o foco est\u00e1 nos pr\u00f3ximos jogos: ainda h\u00e1 10 jornadas pela frente, com muitos pontos em disputa. O objetivo \u00e9 manter a equipa est\u00e1vel, resiliente e a evoluir, como aconteceu contra o Braga, onde a organiza\u00e7\u00e3o foi apontada como ponto forte.<\/p>\n<p>A equipa tem feito exibi\u00e7\u00f5es que, na opini\u00e3o de Sousa, mereciam mais pontos. Acontece, segundo ele, que os advers\u00e1rios aproveitam pormenores e situa\u00e7\u00f5es de jogo, como ressaltos e erros de concentra\u00e7\u00e3o, que podem desequilibrar o resultado.<\/p>\n<p>Aten\u00e7\u00e3o ao pormenor t\u00e9cnico do \u00faltimo encontro, em que houve um lance de pen\u00e1lti com dois ressaltos antes de tocar no bra\u00e7o de Matheus Dias. Sousa aponta essa situa\u00e7\u00e3o como algo a corrigir, mantendo o foco nas coisas positivas.<\/p>\n<p>Antes do encontro com o Moreirense, o assunto principal foi a necessidade de manter a identidade do Nacional: cabe\u00e7a limpa, garra coletiva e organiza\u00e7\u00e3o defensiva. O objetivo continua claro: somar pontos e manter a telemetria competitiva.<\/p>\n<h3>Pr\u00f3ximo advers\u00e1rio: Moreirense<\/h3>\n<p>O jogo diante do Moreirense \u00e9 visto como mais um desafio na liga, com a equipa mineira a apresentar um bom campeonato. Sousa sublinha a import\u00e2ncia de manter o ritmo, a concentra\u00e7\u00e3o e a efic\u00e1cia ofensiva para conquistar os tr\u00eas pontos.<\/p>\n","protected":false},"excerpt":{"rendered":"<ul>\n<li>O m\u00e9dio Andr\u00e9 Sousa foi titular pela primeira vez nesta \u00e9poca pelo Nacional, frente ao Sp. Braga, e fez assist\u00eancia para o golo de Paulinho B\u00f3ia.<\/li>\n<li>Nacional perdeu com o Braga, mas Sousa diz que n\u00e3o h\u00e1 raz\u00e3o para alarmes e que a perman\u00eancia na liga est\u00e1 ao alcance, com dez jogos pela frente.<\/li>\n<li>O jogador sublinha que a equipa compete at\u00e9 ao fim e que alguns pormenores t\u00eam atrasado as vit\u00f3rias, incluindo erros de concentra\u00e7\u00e3o e situa\u00e7\u00f5es de jogo a teu favor que acabam por fugir.<\/li>\n<li>O pr\u00f3ximo desafio \u00e9 frente ao Moreirense; Sousa admite um jogo complicado e afirma que a equipa entra para chegar aos tr\u00eas pontos, mantendo mentalidade firme e organiza\u00e7\u00e3o.<\/li>\n<li>Refor\u00e7a a ideia de manter o foco, evitar erros e buscar aquela pontinha de sorte que possa beneficiar a equipa.<\/li>\n<\/ul>\n","protected":false},"author":2,"featured_media":394624,"comment_status":"closed","ping_status":"closed","sticky":false,"template":"","format":"standard","meta":{"footnotes":""},"categories":[21,24],"tags":[5826,152,32,457,859,5579],"class_list":["post-394612","post","type-post","status-publish","format-standard","has-post-thumbnail","hentry","category-desporto","category-futebol","tag-cd-nacional","tag-desporto","tag-futebol","tag-liga-portugal","tag-madeira","tag-moreirense"],"yoast_head":"<!-- This site is optimized with the Yoast SEO plugin v27.2 - https:\/\/yoast.com\/product\/yoast-seo-wordpress\/ -->\n<title>Andr\u00e9 Sousa admite que ainda h\u00e1 muitos pontos por conquistar - Portal Tela Portugal<\/title>\n<meta name=\"robots\" content=\"index, follow, max-snippet:-1, max-image-preview:large, max-video-preview:-1\" \/>\n<meta property=\"og:locale\" content=\"pt_PT\" \/>\n<meta property=\"og:type\" content=\"article\" \/>\n<meta property=\"og:title\" content=\"Andr\u00e9 Sousa admite que ainda h\u00e1 muitos pontos por conquistar - Portal Tela Portugal\" \/>\n<meta property=\"og:description\" content=\"O m\u00e9dio Andr\u00e9 Sousa foi titular pela primeira vez nesta \u00e9poca pelo Nacional, frente ao Sp. Braga, e fez assist\u00eancia para o golo de Paulinho B\u00f3ia. Nacional perdeu com o Braga, mas Sousa diz que n\u00e3o h\u00e1 raz\u00e3o para alarmes e que a perman\u00eancia na liga est\u00e1 ao alcance, com dez jogos pela frente. O jogador sublinha que a equipa compete at\u00e9 ao fim e que alguns pormenores t\u00eam atrasado as vit\u00f3rias, incluindo erros de concentra\u00e7\u00e3o e situa\u00e7\u00f5es de jogo a teu favor que acabam por fugir. O pr\u00f3ximo desafio \u00e9 frente ao Moreirense; Sousa admite um jogo complicado e afirma que a equipa entra para chegar aos tr\u00eas pontos, mantendo mentalidade firme e organiza\u00e7\u00e3o. Refor\u00e7a a ideia de manter o foco, evitar erros e buscar aquela pontinha de sorte que possa beneficiar a equipa.\" \/>\n<meta property=\"og:url\" content=\"https:\/\/portaltela.pt\/noticias\/2026\/03\/02\/andre-sousa-admite-que-ainda-ha-muitos-pontos-por-conquistar\/\" \/>\n<meta property=\"og:site_name\" content=\"Portal Tela Portugal\" \/>\n<meta property=\"article:published_time\" content=\"2026-03-02T16:59:02+00:00\" \/>\n<meta name=\"author\" content=\"Telinha\" \/>\n<meta name=\"twitter:card\" content=\"summary_large_image\" \/>\n<meta name=\"twitter:label1\" content=\"Escrito por\" \/>\n\t<meta name=\"twitter:data1\" content=\"Telinha\" \/>\n\t<meta name=\"twitter:label2\" content=\"Tempo estimado de leitura\" \/>\n\t<meta name=\"twitter:data2\" content=\"1 minuto\" \/>\n<script type=\"application\/ld+json\" class=\"yoast-schema-graph\">{\"@context\":\"https:\/\/schema.org\",\"@graph\":[{\"@type\":\"Article\",\"@id\":\"https:\/\/portaltela.pt\/noticias\/2026\/03\/02\/andre-sousa-admite-que-ainda-ha-muitos-pontos-por-conquistar\/#article\",\"isPartOf\":{\"@id\":\"https:\/\/portaltela.pt\/noticias\/2026\/03\/02\/andre-sousa-admite-que-ainda-ha-muitos-pontos-por-conquistar\/\"},\"author\":{\"name\":\"Telinha\",\"@id\":\"https:\/\/portaltela.pt\/#\/schema\/person\/c4278d4a6028830caff9ee44b42d32ed\"},\"headline\":\"Andr\u00e9 Sousa admite que ainda h\u00e1 muitos pontos por conquistar\",\"datePublished\":\"2026-03-02T16:59:02+00:00\",\"mainEntityOfPage\":{\"@id\":\"https:\/\/portaltela.pt\/noticias\/2026\/03\/02\/andre-sousa-admite-que-ainda-ha-muitos-pontos-por-conquistar\/\"},\"wordCount\":271,\"image\":{\"@id\":\"https:\/\/portaltela.pt\/noticias\/2026\/03\/02\/andre-sousa-admite-que-ainda-ha-muitos-pontos-por-conquistar\/#primaryimage\"},\"thumbnailUrl\":\"https:\/\/portaltela.pt\/s.01k8rhncp4jt1\/2026\/03\/img_920x518uu2025-05-10-17-28-27-2361732.jpg\",\"keywords\":[\"CD Nacional\",\"desporto\",\"futebol\",\"Liga Portugal\",\"Madeira\",\"Moreirense\"],\"articleSection\":[\"Desporto\",\"Futebol\"],\"inLanguage\":\"pt-PT\"},{\"@type\":\"WebPage\",\"@id\":\"https:\/\/portaltela.pt\/noticias\/2026\/03\/02\/andre-sousa-admite-que-ainda-ha-muitos-pontos-por-conquistar\/\",\"url\":\"https:\/\/portaltela.pt\/noticias\/2026\/03\/02\/andre-sousa-admite-que-ainda-ha-muitos-pontos-por-conquistar\/\",\"name\":\"Andr\u00e9 Sousa admite que ainda h\u00e1 muitos pontos por conquistar - Portal Tela Portugal\",\"isPartOf\":{\"@id\":\"https:\/\/portaltela.pt\/#website\"},\"primaryImageOfPage\":{\"@id\":\"https:\/\/portaltela.pt\/noticias\/2026\/03\/02\/andre-sousa-admite-que-ainda-ha-muitos-pontos-por-conquistar\/#primaryimage\"},\"image\":{\"@id\":\"https:\/\/portaltela.pt\/noticias\/2026\/03\/02\/andre-sousa-admite-que-ainda-ha-muitos-pontos-por-conquistar\/#primaryimage\"},\"thumbnailUrl\":\"https:\/\/portaltela.pt\/s.01k8rhncp4jt1\/2026\/03\/img_920x518uu2025-05-10-17-28-27-2361732.jpg\",\"datePublished\":\"2026-03-02T16:59:02+00:00\",\"author\":{\"@id\":\"https:\/\/portaltela.pt\/#\/schema\/person\/c4278d4a6028830caff9ee44b42d32ed\"},\"breadcrumb\":{\"@id\":\"https:\/\/portaltela.pt\/noticias\/2026\/03\/02\/andre-sousa-admite-que-ainda-ha-muitos-pontos-por-conquistar\/#breadcrumb\"},\"inLanguage\":\"pt-PT\",\"potentialAction\":[{\"@type\":\"ReadAction\",\"target\":[\"https:\/\/portaltela.pt\/noticias\/2026\/03\/02\/andre-sousa-admite-que-ainda-ha-muitos-pontos-por-conquistar\/\"]}]},{\"@type\":\"ImageObject\",\"inLanguage\":\"pt-PT\",\"@id\":\"https:\/\/portaltela.pt\/noticias\/2026\/03\/02\/andre-sousa-admite-que-ainda-ha-muitos-pontos-por-conquistar\/#primaryimage\",\"url\":\"https:\/\/portaltela.pt\/s.01k8rhncp4jt1\/2026\/03\/img_920x518uu2025-05-10-17-28-27-2361732.jpg\",\"contentUrl\":\"https:\/\/portaltela.pt\/s.01k8rhncp4jt1\/2026\/03\/img_920x518uu2025-05-10-17-28-27-2361732.jpg\",\"width\":796,\"height\":448,\"caption\":\"Andr\u00e9 Sousa\"},{\"@type\":\"BreadcrumbList\",\"@id\":\"https:\/\/portaltela.pt\/noticias\/2026\/03\/02\/andre-sousa-admite-que-ainda-ha-muitos-pontos-por-conquistar\/#breadcrumb\",\"itemListElement\":[{\"@type\":\"ListItem\",\"position\":1,\"name\":\"In\u00edcio\",\"item\":\"https:\/\/portaltela.pt\/\"},{\"@type\":\"ListItem\",\"position\":2,\"name\":\"Andr\u00e9 Sousa admite que ainda h\u00e1 muitos pontos por conquistar\"}]},{\"@type\":\"WebSite\",\"@id\":\"https:\/\/portaltela.pt\/#website\",\"url\":\"https:\/\/portaltela.pt\/\",\"name\":\"Portal Tela Portugal\",\"description\":\"\",\"potentialAction\":[{\"@type\":\"SearchAction\",\"target\":{\"@type\":\"EntryPoint\",\"urlTemplate\":\"https:\/\/portaltela.pt\/?s={search_term_string}\"},\"query-input\":{\"@type\":\"PropertyValueSpecification\",\"valueRequired\":true,\"valueName\":\"search_term_string\"}}],\"inLanguage\":\"pt-PT\"},{\"@type\":\"Person\",\"@id\":\"https:\/\/portaltela.pt\/#\/schema\/person\/c4278d4a6028830caff9ee44b42d32ed\",\"name\":\"Telinha\",\"image\":{\"@type\":\"ImageObject\",\"inLanguage\":\"pt-PT\",\"@id\":\"https:\/\/portaltela.pt\/s.01k8rhncp4jt1\/2025\/11\/talking-bot-125x125.png\",\"url\":\"https:\/\/portaltela.pt\/s.01k8rhncp4jt1\/2025\/11\/talking-bot-125x125.png\",\"contentUrl\":\"https:\/\/portaltela.pt\/s.01k8rhncp4jt1\/2025\/11\/talking-bot-125x125.png\",\"caption\":\"Telinha\"},\"sameAs\":[\"https:\/\/portaltela.pt\/\"],\"url\":\"https:\/\/portaltela.pt\/por\/367410592786\/\"}]}<\/script>\n<!-- \/ Yoast SEO plugin. -->","yoast_head_json":{"title":"Andr\u00e9 Sousa admite que ainda h\u00e1 muitos pontos por conquistar - Portal Tela Portugal","robots":{"index":"index","follow":"follow","max-snippet":"max-snippet:-1","max-image-preview":"max-image-preview:large","max-video-preview":"max-video-preview:-1"},"og_locale":"pt_PT","og_type":"article","og_title":"Andr\u00e9 Sousa admite que ainda h\u00e1 muitos pontos por conquistar - Portal Tela Portugal","og_description":"O m\u00e9dio Andr\u00e9 Sousa foi titular pela primeira vez nesta \u00e9poca pelo Nacional, frente ao Sp. Braga, e fez assist\u00eancia para o golo de Paulinho B\u00f3ia. Nacional perdeu com o Braga, mas Sousa diz que n\u00e3o h\u00e1 raz\u00e3o para alarmes e que a perman\u00eancia na liga est\u00e1 ao alcance, com dez jogos pela frente. O jogador sublinha que a equipa compete at\u00e9 ao fim e que alguns pormenores t\u00eam atrasado as vit\u00f3rias, incluindo erros de concentra\u00e7\u00e3o e situa\u00e7\u00f5es de jogo a teu favor que acabam por fugir. O pr\u00f3ximo desafio \u00e9 frente ao Moreirense; Sousa admite um jogo complicado e afirma que a equipa entra para chegar aos tr\u00eas pontos, mantendo mentalidade firme e organiza\u00e7\u00e3o. Refor\u00e7a a ideia de manter o foco, evitar erros e buscar aquela pontinha de sorte que possa beneficiar a equipa.","og_url":"https:\/\/portaltela.pt\/noticias\/2026\/03\/02\/andre-sousa-admite-que-ainda-ha-muitos-pontos-por-conquistar\/","og_site_name":"Portal Tela Portugal","article_published_time":"2026-03-02T16:59:02+00:00","author":"Telinha","twitter_card":"summary_large_image","twitter_misc":{"Escrito por":"Telinha","Tempo estimado de leitura":"1 minuto"},"schema":{"@context":"https:\/\/schema.org","@graph":[{"@type":"Article","@id":"https:\/\/portaltela.pt\/noticias\/2026\/03\/02\/andre-sousa-admite-que-ainda-ha-muitos-pontos-por-conquistar\/#article","isPartOf":{"@id":"https:\/\/portaltela.pt\/noticias\/2026\/03\/02\/andre-sousa-admite-que-ainda-ha-muitos-pontos-por-conquistar\/"},"author":{"name":"Telinha","@id":"https:\/\/portaltela.pt\/#\/schema\/person\/c4278d4a6028830caff9ee44b42d32ed"},"headline":"Andr\u00e9 Sousa admite que ainda h\u00e1 muitos pontos por conquistar","datePublished":"2026-03-02T16:59:02+00:00","mainEntityOfPage":{"@id":"https:\/\/portaltela.pt\/noticias\/2026\/03\/02\/andre-sousa-admite-que-ainda-ha-muitos-pontos-por-conquistar\/"},"wordCount":271,"image":{"@id":"https:\/\/portaltela.pt\/noticias\/2026\/03\/02\/andre-sousa-admite-que-ainda-ha-muitos-pontos-por-conquistar\/#primaryimage"},"thumbnailUrl":"https:\/\/portaltela.pt\/s.01k8rhncp4jt1\/2026\/03\/img_920x518uu2025-05-10-17-28-27-2361732.jpg","keywords":["CD Nacional","desporto","futebol","Liga Portugal","Madeira","Moreirense"],"articleSection":["Desporto","Futebol"],"inLanguage":"pt-PT"},{"@type":"WebPage","@id":"https:\/\/portaltela.pt\/noticias\/2026\/03\/02\/andre-sousa-admite-que-ainda-ha-muitos-pontos-por-conquistar\/","url":"https:\/\/portaltela.pt\/noticias\/2026\/03\/02\/andre-sousa-admite-que-ainda-ha-muitos-pontos-por-conquistar\/","name":"Andr\u00e9 Sousa admite que ainda h\u00e1 muitos pontos por conquistar - Portal Tela Portugal","isPartOf":{"@id":"https:\/\/portaltela.pt\/#website"},"primaryImageOfPage":{"@id":"https:\/\/portaltela.pt\/noticias\/2026\/03\/02\/andre-sousa-admite-que-ainda-ha-muitos-pontos-por-conquistar\/#primaryimage"},"image":{"@id":"https:\/\/portaltela.pt\/noticias\/2026\/03\/02\/andre-sousa-admite-que-ainda-ha-muitos-pontos-por-conquistar\/#primaryimage"},"thumbnailUrl":"https:\/\/portaltela.pt\/s.01k8rhncp4jt1\/2026\/03\/img_920x518uu2025-05-10-17-28-27-2361732.jpg","datePublished":"2026-03-02T16:59:02+00:00","author":{"@id":"https:\/\/portaltela.pt\/#\/schema\/person\/c4278d4a6028830caff9ee44b42d32ed"},"breadcrumb":{"@id":"https:\/\/portaltela.pt\/noticias\/2026\/03\/02\/andre-sousa-admite-que-ainda-ha-muitos-pontos-por-conquistar\/#breadcrumb"},"inLanguage":"pt-PT","potentialAction":[{"@type":"ReadAction","target":["https:\/\/portaltela.pt\/noticias\/2026\/03\/02\/andre-sousa-admite-que-ainda-ha-muitos-pontos-por-conquistar\/"]}]},{"@type":"ImageObject","inLanguage":"pt-PT","@id":"https:\/\/portaltela.pt\/noticias\/2026\/03\/02\/andre-sousa-admite-que-ainda-ha-muitos-pontos-por-conquistar\/#primaryimage","url":"https:\/\/portaltela.pt\/s.01k8rhncp4jt1\/2026\/03\/img_920x518uu2025-05-10-17-28-27-2361732.jpg","contentUrl":"https:\/\/portaltela.pt\/s.01k8rhncp4jt1\/2026\/03\/img_920x518uu2025-05-10-17-28-27-2361732.jpg","width":796,"height":448,"caption":"Andr\u00e9 Sousa"},{"@type":"BreadcrumbList","@id":"https:\/\/portaltela.pt\/noticias\/2026\/03\/02\/andre-sousa-admite-que-ainda-ha-muitos-pontos-por-conquistar\/#breadcrumb","itemListElement":[{"@type":"ListItem","position":1,"name":"In\u00edcio","item":"https:\/\/portaltela.pt\/"},{"@type":"ListItem","position":2,"name":"Andr\u00e9 Sousa admite que ainda h\u00e1 muitos pontos por conquistar"}]},{"@type":"WebSite","@id":"https:\/\/portaltela.pt\/#website","url":"https:\/\/portaltela.pt\/","name":"Portal Tela Portugal","description":"","potentialAction":[{"@type":"SearchAction","target":{"@type":"EntryPoint","urlTemplate":"https:\/\/portaltela.pt\/?s={search_term_string}"},"query-input":{"@type":"PropertyValueSpecification","valueRequired":true,"valueName":"search_term_string"}}],"inLanguage":"pt-PT"},{"@type":"Person","@id":"https:\/\/portaltela.pt\/#\/schema\/person\/c4278d4a6028830caff9ee44b42d32ed","name":"Telinha","image":{"@type":"ImageObject","inLanguage":"pt-PT","@id":"https:\/\/portaltela.pt\/s.01k8rhncp4jt1\/2025\/11\/talking-bot-125x125.png","url":"https:\/\/portaltela.pt\/s.01k8rhncp4jt1\/2025\/11\/talking-bot-125x125.png","contentUrl":"https:\/\/portaltela.pt\/s.01k8rhncp4jt1\/2025\/11\/talking-bot-125x125.png","caption":"Telinha"},"sameAs":["https:\/\/portaltela.pt\/"],"url":"https:\/\/portaltela.pt\/por\/367410592786\/"}]}},"_links":{"self":[{"href":"https:\/\/portaltela.pt\/api\/wp\/v2\/posts\/394612","targetHints":{"allow":["GET"]}}],"collection":[{"href":"https:\/\/portaltela.pt\/api\/wp\/v2\/posts"}],"about":[{"href":"https:\/\/portaltela.pt\/api\/wp\/v2\/types\/post"}],"author":[{"embeddable":true,"href":"https:\/\/portaltela.pt\/api\/wp\/v2\/users\/2"}],"replies":[{"embeddable":true,"href":"https:\/\/portaltela.pt\/api\/wp\/v2\/comments?post=394612"}],"version-history":[{"count":0,"href":"https:\/\/portaltela.pt\/api\/wp\/v2\/posts\/394612\/revisions"}],"wp:featuredmedia":[{"embeddable":true,"href":"https:\/\/portaltela.pt\/api\/wp\/v2\/media\/394624"}],"wp:attachment":[{"href":"https:\/\/portaltela.pt\/api\/wp\/v2\/media?parent=394612"}],"wp:term":[{"taxonomy":"category","embeddable":true,"href":"https:\/\/portaltela.pt\/api\/wp\/v2\/categories?post=394612"},{"taxonomy":"post_tag","embeddable":true,"href":"https:\/\/portaltela.pt\/api\/wp\/v2\/tags?post=394612"}],"curies":[{"name":"wp","href":"https:\/\/api.w.org\/{rel}","templated":true}]}}