{"id":394606,"date":"2026-03-02T13:55:14","date_gmt":"2026-03-02T16:55:14","guid":{"rendered":"https:\/\/portaltela.pt\/noticias\/2026\/03\/02\/benfica-enfrenta-missao-dificil-frente-ao-vardar-em-skopje\/"},"modified":"2026-03-02T13:55:14","modified_gmt":"2026-03-02T16:55:14","slug":"benfica-enfrenta-missao-dificil-frente-ao-vardar-em-skopje","status":"publish","type":"post","link":"https:\/\/portaltela.pt\/desporto\/2026\/03\/02\/benfica-enfrenta-missao-dificil-frente-ao-vardar-em-skopje\/","title":{"rendered":"Benfica enfrenta miss\u00e3o dif\u00edcil frente ao Vardar em Skopje"},"content":{"rendered":"<p>O Benfica tem como objetivo a qualifica\u00e7\u00e3o para o playoff da Liga Europeia, mas precisa vencer o Vardar, em Skopje, na 5.\u00aa jornada do Grupo 3. A partida ocorre na madrugada de ter\u00e7a para quarta-feira, num encontro decisivo para as contas da zona.<\/p>\n<p>Na sequ\u00eancia de um triunfo em casa, por 40-35, diante do Vardar, os encarnados dependem tamb\u00e9m do resultado entre Kristianstad e Melsungen para carimbar o passaporte. O Vardar \u00e9 a equipa anfitri\u00e3 e chega motivado.<\/p>\n<h3>An\u00e1lise do Benfica<\/h3>\n<p>O t\u00e9cnico Jota Gonz\u00e1lez antev\u00ea um desafio com o pavilh\u00e3o cheio e press\u00e3o da casa. O treinador assinalou que o Vardar pode alter ar taticamente frente ao que apresentou na Luz e que \u00e9 essencial manter o equil\u00edbrio entre defesa e ataque.<\/p>\n<p>Para o jogo, o objetivo passa por n\u00e3o perder bolas no ataque, evitando contragolpes r\u00e1pidos do advers\u00e1rio. Gon\u00e7alves destacou a necessidade de manter uma defesa eficaz e reduzir os erros que facilitaram a transi\u00e7\u00e3o advers\u00e1ria na partida anterior.<\/p>\n<h3>Foco no Vardar<\/h3>\n<p>O Vardar chega confiante ap\u00f3s vencer o Melsungen na \u00faltima ronda, refor\u00e7ando a motiva\u00e7\u00e3o para demonstrar recupera\u00e7\u00e3o em Lisboa. O treinador Iv\u00e1n Cupi\u0107 admitiu que a atua\u00e7\u00e3o anterior n\u00e3o correu como planeado e que a equipa vai lutar pela vit\u00f3ria frente aos azuis e brancos.<\/p>\n<p>A avalia\u00e7\u00e3o do advers\u00e1rio aponta para uma resposta intensa em casa, com altera\u00e7\u00f5es t\u00e1cticas esperadas para surpreender a defesa do Benfica. A equipa busca manter o contacto com os lideres da s\u00e9rie caso o cen\u00e1rio se desenrole favoravelmente.<\/p>\n","protected":false},"excerpt":{"rendered":"<ul>\n<li>O Benfica enfrenta o Vardar, em Skopje, numa 5.\u00aa jornada do Grupo 3 da Liga Europeia, com objetivo de seguir rumo ao playoff.<\/li>\n<li>Uma vit\u00f3ria carimba j\u00e1 o passaporte, caso Kristianstad n\u00e3o ven\u00e7a o Melsungen, l\u00edder da s\u00e9rie.<\/li>\n<li>O treinador Jota Gonz\u00e1lez destaca que o Vardar tem jogadores r\u00e1pidos e que a chave \u00e9 n\u00e3o perder bolas, evitando transi\u00e7\u00f5es r\u00e1pidas do advers\u00e1rio.<\/li>\n<li>O Vardar chega confiante ap\u00f3s vit\u00f3ria sobre o Melsungen na 4.\u00aa jornada e promete dar tudo em casa.<\/li>\n<li>O t\u00e9cnico do Vardar, Ivan Cupic, admite que a derrota em Lisboa n\u00e3o correu bem e assegura vontade de reverter a situaci\u00f3n com apoio da equipa e dos adeptos.<\/li>\n<\/ul>\n","protected":false},"author":2,"featured_media":394623,"comment_status":"closed","ping_status":"closed","sticky":false,"template":"","format":"standard","meta":{"footnotes":""},"categories":[21],"tags":[1946,6342,152,5544,4849,81],"class_list":["post-394606","post","type-post","status-publish","format-standard","has-post-thumbnail","hentry","category-desporto","tag-benfica","tag-campeonatos-internacionais","tag-desporto","tag-europa-league","tag-handebol","tag-internacionais"],"yoast_head":"<!-- This site is optimized with the Yoast SEO plugin v27.2 - https:\/\/yoast.com\/product\/yoast-seo-wordpress\/ -->\n<title>Benfica enfrenta miss\u00e3o dif\u00edcil frente ao Vardar em Skopje - Portal Tela Portugal<\/title>\n<meta name=\"robots\" content=\"index, follow, max-snippet:-1, max-image-preview:large, max-video-preview:-1\" \/>\n<meta property=\"og:locale\" content=\"pt_PT\" \/>\n<meta property=\"og:type\" content=\"article\" \/>\n<meta property=\"og:title\" content=\"Benfica enfrenta miss\u00e3o dif\u00edcil frente ao Vardar em Skopje - Portal Tela Portugal\" \/>\n<meta property=\"og:description\" content=\"O Benfica enfrenta o Vardar, em Skopje, numa 5.\u00aa jornada do Grupo 3 da Liga Europeia, com objetivo de seguir rumo ao playoff. Uma vit\u00f3ria carimba j\u00e1 o passaporte, caso Kristianstad n\u00e3o ven\u00e7a o Melsungen, l\u00edder da s\u00e9rie. O treinador Jota Gonz\u00e1lez destaca que o Vardar tem jogadores r\u00e1pidos e que a chave \u00e9 n\u00e3o perder bolas, evitando transi\u00e7\u00f5es r\u00e1pidas do advers\u00e1rio. O Vardar chega confiante ap\u00f3s vit\u00f3ria sobre o Melsungen na 4.\u00aa jornada e promete dar tudo em casa. O t\u00e9cnico do Vardar, Ivan Cupic, admite que a derrota em Lisboa n\u00e3o correu bem e assegura vontade de reverter a situaci\u00f3n com apoio da equipa e dos adeptos.\" \/>\n<meta property=\"og:url\" content=\"https:\/\/portaltela.pt\/noticias\/2026\/03\/02\/benfica-enfrenta-missao-dificil-frente-ao-vardar-em-skopje\/\" \/>\n<meta property=\"og:site_name\" content=\"Portal Tela Portugal\" \/>\n<meta property=\"article:published_time\" content=\"2026-03-02T16:55:14+00:00\" \/>\n<meta name=\"author\" content=\"Telinha\" \/>\n<meta name=\"twitter:card\" content=\"summary_large_image\" \/>\n<meta name=\"twitter:label1\" content=\"Escrito por\" \/>\n\t<meta name=\"twitter:data1\" content=\"Telinha\" \/>\n\t<meta name=\"twitter:label2\" content=\"Tempo estimado de leitura\" \/>\n\t<meta name=\"twitter:data2\" content=\"1 minuto\" \/>\n<script type=\"application\/ld+json\" class=\"yoast-schema-graph\">{\"@context\":\"https:\/\/schema.org\",\"@graph\":[{\"@type\":\"Article\",\"@id\":\"https:\/\/portaltela.pt\/noticias\/2026\/03\/02\/benfica-enfrenta-missao-dificil-frente-ao-vardar-em-skopje\/#article\",\"isPartOf\":{\"@id\":\"https:\/\/portaltela.pt\/noticias\/2026\/03\/02\/benfica-enfrenta-missao-dificil-frente-ao-vardar-em-skopje\/\"},\"author\":{\"name\":\"Telinha\",\"@id\":\"https:\/\/portaltela.pt\/#\/schema\/person\/c4278d4a6028830caff9ee44b42d32ed\"},\"headline\":\"Benfica enfrenta miss\u00e3o dif\u00edcil frente ao Vardar em Skopje\",\"datePublished\":\"2026-03-02T16:55:14+00:00\",\"mainEntityOfPage\":{\"@id\":\"https:\/\/portaltela.pt\/noticias\/2026\/03\/02\/benfica-enfrenta-missao-dificil-frente-ao-vardar-em-skopje\/\"},\"wordCount\":284,\"image\":{\"@id\":\"https:\/\/portaltela.pt\/noticias\/2026\/03\/02\/benfica-enfrenta-missao-dificil-frente-ao-vardar-em-skopje\/#primaryimage\"},\"thumbnailUrl\":\"https:\/\/portaltela.pt\/s.01k8rhncp4jt1\/2026\/03\/img_920x518uu2026-03-02-16-54-37-2424439.jpg\",\"keywords\":[\"Benfica\",\"campeonatos internacionais\",\"desporto\",\"Europa League\",\"handebol\",\"internacionais\"],\"articleSection\":[\"Desporto\"],\"inLanguage\":\"pt-PT\"},{\"@type\":\"WebPage\",\"@id\":\"https:\/\/portaltela.pt\/noticias\/2026\/03\/02\/benfica-enfrenta-missao-dificil-frente-ao-vardar-em-skopje\/\",\"url\":\"https:\/\/portaltela.pt\/noticias\/2026\/03\/02\/benfica-enfrenta-missao-dificil-frente-ao-vardar-em-skopje\/\",\"name\":\"Benfica enfrenta miss\u00e3o dif\u00edcil frente ao Vardar em Skopje - Portal Tela Portugal\",\"isPartOf\":{\"@id\":\"https:\/\/portaltela.pt\/#website\"},\"primaryImageOfPage\":{\"@id\":\"https:\/\/portaltela.pt\/noticias\/2026\/03\/02\/benfica-enfrenta-missao-dificil-frente-ao-vardar-em-skopje\/#primaryimage\"},\"image\":{\"@id\":\"https:\/\/portaltela.pt\/noticias\/2026\/03\/02\/benfica-enfrenta-missao-dificil-frente-ao-vardar-em-skopje\/#primaryimage\"},\"thumbnailUrl\":\"https:\/\/portaltela.pt\/s.01k8rhncp4jt1\/2026\/03\/img_920x518uu2026-03-02-16-54-37-2424439.jpg\",\"datePublished\":\"2026-03-02T16:55:14+00:00\",\"author\":{\"@id\":\"https:\/\/portaltela.pt\/#\/schema\/person\/c4278d4a6028830caff9ee44b42d32ed\"},\"breadcrumb\":{\"@id\":\"https:\/\/portaltela.pt\/noticias\/2026\/03\/02\/benfica-enfrenta-missao-dificil-frente-ao-vardar-em-skopje\/#breadcrumb\"},\"inLanguage\":\"pt-PT\",\"potentialAction\":[{\"@type\":\"ReadAction\",\"target\":[\"https:\/\/portaltela.pt\/noticias\/2026\/03\/02\/benfica-enfrenta-missao-dificil-frente-ao-vardar-em-skopje\/\"]}]},{\"@type\":\"ImageObject\",\"inLanguage\":\"pt-PT\",\"@id\":\"https:\/\/portaltela.pt\/noticias\/2026\/03\/02\/benfica-enfrenta-missao-dificil-frente-ao-vardar-em-skopje\/#primaryimage\",\"url\":\"https:\/\/portaltela.pt\/s.01k8rhncp4jt1\/2026\/03\/img_920x518uu2026-03-02-16-54-37-2424439.jpg\",\"contentUrl\":\"https:\/\/portaltela.pt\/s.01k8rhncp4jt1\/2026\/03\/img_920x518uu2026-03-02-16-54-37-2424439.jpg\",\"width\":796,\"height\":448,\"caption\":\"Jota Gonz\u00e1lez\"},{\"@type\":\"BreadcrumbList\",\"@id\":\"https:\/\/portaltela.pt\/noticias\/2026\/03\/02\/benfica-enfrenta-missao-dificil-frente-ao-vardar-em-skopje\/#breadcrumb\",\"itemListElement\":[{\"@type\":\"ListItem\",\"position\":1,\"name\":\"In\u00edcio\",\"item\":\"https:\/\/portaltela.pt\/\"},{\"@type\":\"ListItem\",\"position\":2,\"name\":\"Benfica enfrenta miss\u00e3o dif\u00edcil frente ao Vardar em Skopje\"}]},{\"@type\":\"WebSite\",\"@id\":\"https:\/\/portaltela.pt\/#website\",\"url\":\"https:\/\/portaltela.pt\/\",\"name\":\"Portal Tela Portugal\",\"description\":\"\",\"potentialAction\":[{\"@type\":\"SearchAction\",\"target\":{\"@type\":\"EntryPoint\",\"urlTemplate\":\"https:\/\/portaltela.pt\/?s={search_term_string}\"},\"query-input\":{\"@type\":\"PropertyValueSpecification\",\"valueRequired\":true,\"valueName\":\"search_term_string\"}}],\"inLanguage\":\"pt-PT\"},{\"@type\":\"Person\",\"@id\":\"https:\/\/portaltela.pt\/#\/schema\/person\/c4278d4a6028830caff9ee44b42d32ed\",\"name\":\"Telinha\",\"image\":{\"@type\":\"ImageObject\",\"inLanguage\":\"pt-PT\",\"@id\":\"https:\/\/portaltela.pt\/s.01k8rhncp4jt1\/2025\/11\/talking-bot-125x125.png\",\"url\":\"https:\/\/portaltela.pt\/s.01k8rhncp4jt1\/2025\/11\/talking-bot-125x125.png\",\"contentUrl\":\"https:\/\/portaltela.pt\/s.01k8rhncp4jt1\/2025\/11\/talking-bot-125x125.png\",\"caption\":\"Telinha\"},\"sameAs\":[\"https:\/\/portaltela.pt\/\"],\"url\":\"https:\/\/portaltela.pt\/por\/367410592786\/\"}]}<\/script>\n<!-- \/ Yoast SEO plugin. -->","yoast_head_json":{"title":"Benfica enfrenta miss\u00e3o dif\u00edcil frente ao Vardar em Skopje - Portal Tela Portugal","robots":{"index":"index","follow":"follow","max-snippet":"max-snippet:-1","max-image-preview":"max-image-preview:large","max-video-preview":"max-video-preview:-1"},"og_locale":"pt_PT","og_type":"article","og_title":"Benfica enfrenta miss\u00e3o dif\u00edcil frente ao Vardar em Skopje - Portal Tela Portugal","og_description":"O Benfica enfrenta o Vardar, em Skopje, numa 5.\u00aa jornada do Grupo 3 da Liga Europeia, com objetivo de seguir rumo ao playoff. Uma vit\u00f3ria carimba j\u00e1 o passaporte, caso Kristianstad n\u00e3o ven\u00e7a o Melsungen, l\u00edder da s\u00e9rie. O treinador Jota Gonz\u00e1lez destaca que o Vardar tem jogadores r\u00e1pidos e que a chave \u00e9 n\u00e3o perder bolas, evitando transi\u00e7\u00f5es r\u00e1pidas do advers\u00e1rio. O Vardar chega confiante ap\u00f3s vit\u00f3ria sobre o Melsungen na 4.\u00aa jornada e promete dar tudo em casa. O t\u00e9cnico do Vardar, Ivan Cupic, admite que a derrota em Lisboa n\u00e3o correu bem e assegura vontade de reverter a situaci\u00f3n com apoio da equipa e dos adeptos.","og_url":"https:\/\/portaltela.pt\/noticias\/2026\/03\/02\/benfica-enfrenta-missao-dificil-frente-ao-vardar-em-skopje\/","og_site_name":"Portal Tela Portugal","article_published_time":"2026-03-02T16:55:14+00:00","author":"Telinha","twitter_card":"summary_large_image","twitter_misc":{"Escrito por":"Telinha","Tempo estimado de leitura":"1 minuto"},"schema":{"@context":"https:\/\/schema.org","@graph":[{"@type":"Article","@id":"https:\/\/portaltela.pt\/noticias\/2026\/03\/02\/benfica-enfrenta-missao-dificil-frente-ao-vardar-em-skopje\/#article","isPartOf":{"@id":"https:\/\/portaltela.pt\/noticias\/2026\/03\/02\/benfica-enfrenta-missao-dificil-frente-ao-vardar-em-skopje\/"},"author":{"name":"Telinha","@id":"https:\/\/portaltela.pt\/#\/schema\/person\/c4278d4a6028830caff9ee44b42d32ed"},"headline":"Benfica enfrenta miss\u00e3o dif\u00edcil frente ao Vardar em Skopje","datePublished":"2026-03-02T16:55:14+00:00","mainEntityOfPage":{"@id":"https:\/\/portaltela.pt\/noticias\/2026\/03\/02\/benfica-enfrenta-missao-dificil-frente-ao-vardar-em-skopje\/"},"wordCount":284,"image":{"@id":"https:\/\/portaltela.pt\/noticias\/2026\/03\/02\/benfica-enfrenta-missao-dificil-frente-ao-vardar-em-skopje\/#primaryimage"},"thumbnailUrl":"https:\/\/portaltela.pt\/s.01k8rhncp4jt1\/2026\/03\/img_920x518uu2026-03-02-16-54-37-2424439.jpg","keywords":["Benfica","campeonatos internacionais","desporto","Europa League","handebol","internacionais"],"articleSection":["Desporto"],"inLanguage":"pt-PT"},{"@type":"WebPage","@id":"https:\/\/portaltela.pt\/noticias\/2026\/03\/02\/benfica-enfrenta-missao-dificil-frente-ao-vardar-em-skopje\/","url":"https:\/\/portaltela.pt\/noticias\/2026\/03\/02\/benfica-enfrenta-missao-dificil-frente-ao-vardar-em-skopje\/","name":"Benfica enfrenta miss\u00e3o dif\u00edcil frente ao Vardar em Skopje - Portal Tela Portugal","isPartOf":{"@id":"https:\/\/portaltela.pt\/#website"},"primaryImageOfPage":{"@id":"https:\/\/portaltela.pt\/noticias\/2026\/03\/02\/benfica-enfrenta-missao-dificil-frente-ao-vardar-em-skopje\/#primaryimage"},"image":{"@id":"https:\/\/portaltela.pt\/noticias\/2026\/03\/02\/benfica-enfrenta-missao-dificil-frente-ao-vardar-em-skopje\/#primaryimage"},"thumbnailUrl":"https:\/\/portaltela.pt\/s.01k8rhncp4jt1\/2026\/03\/img_920x518uu2026-03-02-16-54-37-2424439.jpg","datePublished":"2026-03-02T16:55:14+00:00","author":{"@id":"https:\/\/portaltela.pt\/#\/schema\/person\/c4278d4a6028830caff9ee44b42d32ed"},"breadcrumb":{"@id":"https:\/\/portaltela.pt\/noticias\/2026\/03\/02\/benfica-enfrenta-missao-dificil-frente-ao-vardar-em-skopje\/#breadcrumb"},"inLanguage":"pt-PT","potentialAction":[{"@type":"ReadAction","target":["https:\/\/portaltela.pt\/noticias\/2026\/03\/02\/benfica-enfrenta-missao-dificil-frente-ao-vardar-em-skopje\/"]}]},{"@type":"ImageObject","inLanguage":"pt-PT","@id":"https:\/\/portaltela.pt\/noticias\/2026\/03\/02\/benfica-enfrenta-missao-dificil-frente-ao-vardar-em-skopje\/#primaryimage","url":"https:\/\/portaltela.pt\/s.01k8rhncp4jt1\/2026\/03\/img_920x518uu2026-03-02-16-54-37-2424439.jpg","contentUrl":"https:\/\/portaltela.pt\/s.01k8rhncp4jt1\/2026\/03\/img_920x518uu2026-03-02-16-54-37-2424439.jpg","width":796,"height":448,"caption":"Jota Gonz\u00e1lez"},{"@type":"BreadcrumbList","@id":"https:\/\/portaltela.pt\/noticias\/2026\/03\/02\/benfica-enfrenta-missao-dificil-frente-ao-vardar-em-skopje\/#breadcrumb","itemListElement":[{"@type":"ListItem","position":1,"name":"In\u00edcio","item":"https:\/\/portaltela.pt\/"},{"@type":"ListItem","position":2,"name":"Benfica enfrenta miss\u00e3o dif\u00edcil frente ao Vardar em Skopje"}]},{"@type":"WebSite","@id":"https:\/\/portaltela.pt\/#website","url":"https:\/\/portaltela.pt\/","name":"Portal Tela Portugal","description":"","potentialAction":[{"@type":"SearchAction","target":{"@type":"EntryPoint","urlTemplate":"https:\/\/portaltela.pt\/?s={search_term_string}"},"query-input":{"@type":"PropertyValueSpecification","valueRequired":true,"valueName":"search_term_string"}}],"inLanguage":"pt-PT"},{"@type":"Person","@id":"https:\/\/portaltela.pt\/#\/schema\/person\/c4278d4a6028830caff9ee44b42d32ed","name":"Telinha","image":{"@type":"ImageObject","inLanguage":"pt-PT","@id":"https:\/\/portaltela.pt\/s.01k8rhncp4jt1\/2025\/11\/talking-bot-125x125.png","url":"https:\/\/portaltela.pt\/s.01k8rhncp4jt1\/2025\/11\/talking-bot-125x125.png","contentUrl":"https:\/\/portaltela.pt\/s.01k8rhncp4jt1\/2025\/11\/talking-bot-125x125.png","caption":"Telinha"},"sameAs":["https:\/\/portaltela.pt\/"],"url":"https:\/\/portaltela.pt\/por\/367410592786\/"}]}},"_links":{"self":[{"href":"https:\/\/portaltela.pt\/api\/wp\/v2\/posts\/394606","targetHints":{"allow":["GET"]}}],"collection":[{"href":"https:\/\/portaltela.pt\/api\/wp\/v2\/posts"}],"about":[{"href":"https:\/\/portaltela.pt\/api\/wp\/v2\/types\/post"}],"author":[{"embeddable":true,"href":"https:\/\/portaltela.pt\/api\/wp\/v2\/users\/2"}],"replies":[{"embeddable":true,"href":"https:\/\/portaltela.pt\/api\/wp\/v2\/comments?post=394606"}],"version-history":[{"count":0,"href":"https:\/\/portaltela.pt\/api\/wp\/v2\/posts\/394606\/revisions"}],"wp:featuredmedia":[{"embeddable":true,"href":"https:\/\/portaltela.pt\/api\/wp\/v2\/media\/394623"}],"wp:attachment":[{"href":"https:\/\/portaltela.pt\/api\/wp\/v2\/media?parent=394606"}],"wp:term":[{"taxonomy":"category","embeddable":true,"href":"https:\/\/portaltela.pt\/api\/wp\/v2\/categories?post=394606"},{"taxonomy":"post_tag","embeddable":true,"href":"https:\/\/portaltela.pt\/api\/wp\/v2\/tags?post=394606"}],"curies":[{"name":"wp","href":"https:\/\/api.w.org\/{rel}","templated":true}]}}