{"id":394579,"date":"2026-03-02T13:38:00","date_gmt":"2026-03-02T16:38:00","guid":{"rendered":"https:\/\/portaltela.pt\/noticias\/2026\/03\/02\/exploracao-no-futebol-vai-a-tribunal-apos-dormirem-no-estadio\/"},"modified":"2026-03-02T13:38:00","modified_gmt":"2026-03-02T16:38:00","slug":"exploracao-no-futebol-vai-a-tribunal-apos-dormirem-no-estadio","status":"publish","type":"post","link":"https:\/\/portaltela.pt\/desporto\/futebol\/2026\/03\/02\/exploracao-no-futebol-vai-a-tribunal-apos-dormirem-no-estadio\/","title":{"rendered":"Explora\u00e7\u00e3o no futebol vai a tribunal ap\u00f3s dormirem no est\u00e1dio"},"content":{"rendered":"<p>Os jogadores brasileiros do S\u00e3o Pedro da Cova dormiam numa sala debaixo da bancada do est\u00e1dio, com sal\u00e1rios irregulares e sem vistos v\u00e1lidos. O julgamento de uma rede de aux\u00edlio \u00e0 imigra\u00e7\u00e3o ilegal no futebol come\u00e7ou nesta segunda-feira, 2 de Mar\u00e7o, em Portugal, envolvendo 11 jovens recrutados para o clube.<\/p>\n<p>O principal arguido \u00e9 V\u00edtor Cat\u00e3o, antigo director do S\u00e3o Pedro da Cova, j\u00e1 ligado \u00e0 Opera\u00e7\u00e3o Pretoriano. Est\u00e1 acusado de 11 crimes de aux\u00edlio \u00e0 imigra\u00e7\u00e3o ilegal e 11 de angaria\u00e7\u00e3o de m\u00e3o-de-obra ilegal, alegadamente por assinar cartas-convite para a entrada dos jogadores em situa\u00e7\u00e3o irregular.<\/p>\n<p>Armando Santos, treinador do clube \u00e0 \u00e9poca, \u00e9 apontado pela acusa\u00e7\u00e3o como recrutador de dezenas de jovens. O Minist\u00e9rio P\u00fablico descreve casos de atletas afastados de forma irregular, com alojamento e remunera\u00e7\u00f5es prec\u00e1rias, tendo chegado a relatar que alguns recebiam cerca de 150 euros mensais.<\/p>\n<h3>Alojamento e condi\u00e7\u00f5es<\/h3>\n<p>Segundo a acusa\u00e7\u00e3o, a habita\u00e7\u00e3o era uma sala no est\u00e1dio com beliches, ilumina\u00e7\u00e3o direta e uma casa de banho. Os jogadores teriam direito a refei\u00e7\u00f5es, havendo descri\u00e7\u00f5es de higiene b\u00e1sica. Em declara\u00e7\u00f5es \u00e0 ju\u00edza, Armando Santos reconheceu a necessidade de renova\u00e7\u00e3o da equipa, mas negou ter decidido a contrata\u00e7\u00e3o dos atletas.<\/p>\n<p>V\u00edtor Cat\u00e3o, questionado sobre as condi\u00e7\u00f5es, descreveu o alojamento como uma sala de 3,90 metros de altura, com beliches ocupados por tr\u00eas ou quatro jogadores, contrariando a vers\u00e3o de que haveriam 11 atletas a dormir ali. Admitiu ter acompanhado alguns atletas a equipas rivais para regulariza\u00e7\u00e3o de situa\u00e7\u00f5es, mas negou ter assinado contratos ou ter qualquer interven\u00e7\u00e3o nesses atos.<\/p>\n<p>O arguido tamb\u00e9m nega que os contratos apresentados sejam verdadeiros, atribuindo a si apenas uma assinatura que j\u00e1 foi considerada falsa pela pr\u00f3pria defesa. Questionado sobre as refei\u00e7\u00f5es, Cat\u00e3o referiu que os atletas comiam numa churrasqueira, defendendo que a descri\u00e7\u00e3o da acusa\u00e7\u00e3o n\u00e3o corresponde \u00e0 realidade.<\/p>\n","protected":false},"excerpt":{"rendered":"<ul>\n<li>Come\u00e7ou, a 2 de mar\u00e7o, o julgamento de uma rede que alegadamente facilitava imigra\u00e7\u00e3o ilegal e recrutamento de m\u00e3o de obra ilegal no futebol, envolvendo onze jogadores brasileiros no S\u00e3o Pedro da Cova.<\/li>\n<li>Dois arguidos \u2014 V\u00edtor Cat\u00e3o, antigo director do clube, e Armando Santos, treinador na \u00e9poca \u2014 s\u00e3o acusados de, juntos, onze crimes de aux\u00edlio \u00e0 imigra\u00e7\u00e3o ilegal e onze de angaria\u00e7\u00e3o de m\u00e3o-de-obra ilegal.<\/li>\n<li>A acusa\u00e7\u00e3o sustenta que os jogadores viviam em beliches numa sala por debaixo de uma bancada do est\u00e1dio, recebiam sal\u00e1rios baixos (podiam ser 150 euros mensais) e n\u00e3o tinham vistos v\u00e1lidos para permanecer ou trabalhar em Portugal.<\/li>\n<li>O principal arguido, V\u00edtor Cat\u00e3o, negou ter assinado contratos ou cartas-convite v\u00e1lidas, alegando que v\u00e1rios documentos e assinaturas seriam falsos; afirmou ainda que os jogadores chegaram ao clube atrav\u00e9s de um acordo com o treinador Armando Santos.<\/li>\n<li>Armando Santos indicou que a equipa buscava a renova\u00e7\u00e3o para evitar despromo\u00e7\u00e3o, admitindo que os sal\u00e1rios eram espor\u00e1dicos e dependiam dos resultados, com cortes de pouco valor para itens como desodorizante ou creme.<\/li>\n<\/ul>\n","protected":false},"author":2,"featured_media":394591,"comment_status":"closed","ping_status":"closed","sticky":false,"template":"","format":"standard","meta":{"footnotes":""},"categories":[21,24],"tags":[643,152,5528,32,712,1014],"class_list":["post-394579","post","type-post","status-publish","format-standard","has-post-thumbnail","hentry","category-desporto","category-futebol","tag-angariacao-de-mao-de-obra-ilegal","tag-desporto","tag-exploracao","tag-futebol","tag-imigracao","tag-portugal"],"yoast_head":"<!-- This site is optimized with the Yoast SEO plugin v27.2 - https:\/\/yoast.com\/product\/yoast-seo-wordpress\/ -->\n<title>Explora\u00e7\u00e3o no futebol vai a tribunal ap\u00f3s dormirem no est\u00e1dio - Portal Tela Portugal<\/title>\n<meta name=\"robots\" content=\"index, follow, max-snippet:-1, max-image-preview:large, max-video-preview:-1\" \/>\n<meta property=\"og:locale\" content=\"pt_PT\" \/>\n<meta property=\"og:type\" content=\"article\" \/>\n<meta property=\"og:title\" content=\"Explora\u00e7\u00e3o no futebol vai a tribunal ap\u00f3s dormirem no est\u00e1dio - Portal Tela Portugal\" \/>\n<meta property=\"og:description\" content=\"Come\u00e7ou, a 2 de mar\u00e7o, o julgamento de uma rede que alegadamente facilitava imigra\u00e7\u00e3o ilegal e recrutamento de m\u00e3o de obra ilegal no futebol, envolvendo onze jogadores brasileiros no S\u00e3o Pedro da Cova. Dois arguidos \u2014 V\u00edtor Cat\u00e3o, antigo director do clube, e Armando Santos, treinador na \u00e9poca \u2014 s\u00e3o acusados de, juntos, onze crimes de aux\u00edlio \u00e0 imigra\u00e7\u00e3o ilegal e onze de angaria\u00e7\u00e3o de m\u00e3o-de-obra ilegal. A acusa\u00e7\u00e3o sustenta que os jogadores viviam em beliches numa sala por debaixo de uma bancada do est\u00e1dio, recebiam sal\u00e1rios baixos (podiam ser 150 euros mensais) e n\u00e3o tinham vistos v\u00e1lidos para permanecer ou trabalhar em Portugal. O principal arguido, V\u00edtor Cat\u00e3o, negou ter assinado contratos ou cartas-convite v\u00e1lidas, alegando que v\u00e1rios documentos e assinaturas seriam falsos; afirmou ainda que os jogadores chegaram ao clube atrav\u00e9s de um acordo com o treinador Armando Santos. Armando Santos indicou que a equipa buscava a renova\u00e7\u00e3o para evitar despromo\u00e7\u00e3o, admitindo que os sal\u00e1rios eram espor\u00e1dicos e dependiam dos resultados, com cortes de pouco valor para itens como desodorizante ou creme.\" \/>\n<meta property=\"og:url\" content=\"https:\/\/portaltela.pt\/noticias\/2026\/03\/02\/exploracao-no-futebol-vai-a-tribunal-apos-dormirem-no-estadio\/\" \/>\n<meta property=\"og:site_name\" content=\"Portal Tela Portugal\" \/>\n<meta property=\"article:published_time\" content=\"2026-03-02T16:38:00+00:00\" \/>\n<meta name=\"author\" content=\"Telinha\" \/>\n<meta name=\"twitter:card\" content=\"summary_large_image\" \/>\n<meta name=\"twitter:label1\" content=\"Escrito por\" \/>\n\t<meta name=\"twitter:data1\" content=\"Telinha\" \/>\n\t<meta name=\"twitter:label2\" content=\"Tempo estimado de leitura\" \/>\n\t<meta name=\"twitter:data2\" content=\"2 minutos\" \/>\n<script type=\"application\/ld+json\" class=\"yoast-schema-graph\">{\"@context\":\"https:\/\/schema.org\",\"@graph\":[{\"@type\":\"Article\",\"@id\":\"https:\/\/portaltela.pt\/noticias\/2026\/03\/02\/exploracao-no-futebol-vai-a-tribunal-apos-dormirem-no-estadio\/#article\",\"isPartOf\":{\"@id\":\"https:\/\/portaltela.pt\/noticias\/2026\/03\/02\/exploracao-no-futebol-vai-a-tribunal-apos-dormirem-no-estadio\/\"},\"author\":{\"name\":\"Telinha\",\"@id\":\"https:\/\/portaltela.pt\/#\/schema\/person\/c4278d4a6028830caff9ee44b42d32ed\"},\"headline\":\"Explora\u00e7\u00e3o no futebol vai a tribunal ap\u00f3s dormirem no est\u00e1dio\",\"datePublished\":\"2026-03-02T16:38:00+00:00\",\"mainEntityOfPage\":{\"@id\":\"https:\/\/portaltela.pt\/noticias\/2026\/03\/02\/exploracao-no-futebol-vai-a-tribunal-apos-dormirem-no-estadio\/\"},\"wordCount\":348,\"image\":{\"@id\":\"https:\/\/portaltela.pt\/noticias\/2026\/03\/02\/exploracao-no-futebol-vai-a-tribunal-apos-dormirem-no-estadio\/#primaryimage\"},\"thumbnailUrl\":\"https:\/\/portaltela.pt\/s.01k8rhncp4jt1\/2026\/03\/2071087.jpg\",\"keywords\":[\"angaria\u00e7\u00e3o de m\u00e3o de obra ilegal\",\"desporto\",\"explora\u00e7\u00e3o\",\"futebol\",\"imigra\u00e7\u00e3o\",\"Portugal\"],\"articleSection\":[\"Desporto\",\"Futebol\"],\"inLanguage\":\"pt-PT\"},{\"@type\":\"WebPage\",\"@id\":\"https:\/\/portaltela.pt\/noticias\/2026\/03\/02\/exploracao-no-futebol-vai-a-tribunal-apos-dormirem-no-estadio\/\",\"url\":\"https:\/\/portaltela.pt\/noticias\/2026\/03\/02\/exploracao-no-futebol-vai-a-tribunal-apos-dormirem-no-estadio\/\",\"name\":\"Explora\u00e7\u00e3o no futebol vai a tribunal ap\u00f3s dormirem no est\u00e1dio - Portal Tela Portugal\",\"isPartOf\":{\"@id\":\"https:\/\/portaltela.pt\/#website\"},\"primaryImageOfPage\":{\"@id\":\"https:\/\/portaltela.pt\/noticias\/2026\/03\/02\/exploracao-no-futebol-vai-a-tribunal-apos-dormirem-no-estadio\/#primaryimage\"},\"image\":{\"@id\":\"https:\/\/portaltela.pt\/noticias\/2026\/03\/02\/exploracao-no-futebol-vai-a-tribunal-apos-dormirem-no-estadio\/#primaryimage\"},\"thumbnailUrl\":\"https:\/\/portaltela.pt\/s.01k8rhncp4jt1\/2026\/03\/2071087.jpg\",\"datePublished\":\"2026-03-02T16:38:00+00:00\",\"author\":{\"@id\":\"https:\/\/portaltela.pt\/#\/schema\/person\/c4278d4a6028830caff9ee44b42d32ed\"},\"breadcrumb\":{\"@id\":\"https:\/\/portaltela.pt\/noticias\/2026\/03\/02\/exploracao-no-futebol-vai-a-tribunal-apos-dormirem-no-estadio\/#breadcrumb\"},\"inLanguage\":\"pt-PT\",\"potentialAction\":[{\"@type\":\"ReadAction\",\"target\":[\"https:\/\/portaltela.pt\/noticias\/2026\/03\/02\/exploracao-no-futebol-vai-a-tribunal-apos-dormirem-no-estadio\/\"]}]},{\"@type\":\"ImageObject\",\"inLanguage\":\"pt-PT\",\"@id\":\"https:\/\/portaltela.pt\/noticias\/2026\/03\/02\/exploracao-no-futebol-vai-a-tribunal-apos-dormirem-no-estadio\/#primaryimage\",\"url\":\"https:\/\/portaltela.pt\/s.01k8rhncp4jt1\/2026\/03\/2071087.jpg\",\"contentUrl\":\"https:\/\/portaltela.pt\/s.01k8rhncp4jt1\/2026\/03\/2071087.jpg\",\"width\":796,\"height\":448,\"caption\":\"Jogadores estavam em Portugal sem documentos\"},{\"@type\":\"BreadcrumbList\",\"@id\":\"https:\/\/portaltela.pt\/noticias\/2026\/03\/02\/exploracao-no-futebol-vai-a-tribunal-apos-dormirem-no-estadio\/#breadcrumb\",\"itemListElement\":[{\"@type\":\"ListItem\",\"position\":1,\"name\":\"In\u00edcio\",\"item\":\"https:\/\/portaltela.pt\/\"},{\"@type\":\"ListItem\",\"position\":2,\"name\":\"Explora\u00e7\u00e3o no futebol vai a tribunal ap\u00f3s dormirem no est\u00e1dio\"}]},{\"@type\":\"WebSite\",\"@id\":\"https:\/\/portaltela.pt\/#website\",\"url\":\"https:\/\/portaltela.pt\/\",\"name\":\"Portal Tela Portugal\",\"description\":\"\",\"potentialAction\":[{\"@type\":\"SearchAction\",\"target\":{\"@type\":\"EntryPoint\",\"urlTemplate\":\"https:\/\/portaltela.pt\/?s={search_term_string}\"},\"query-input\":{\"@type\":\"PropertyValueSpecification\",\"valueRequired\":true,\"valueName\":\"search_term_string\"}}],\"inLanguage\":\"pt-PT\"},{\"@type\":\"Person\",\"@id\":\"https:\/\/portaltela.pt\/#\/schema\/person\/c4278d4a6028830caff9ee44b42d32ed\",\"name\":\"Telinha\",\"image\":{\"@type\":\"ImageObject\",\"inLanguage\":\"pt-PT\",\"@id\":\"https:\/\/portaltela.pt\/s.01k8rhncp4jt1\/2025\/11\/talking-bot-125x125.png\",\"url\":\"https:\/\/portaltela.pt\/s.01k8rhncp4jt1\/2025\/11\/talking-bot-125x125.png\",\"contentUrl\":\"https:\/\/portaltela.pt\/s.01k8rhncp4jt1\/2025\/11\/talking-bot-125x125.png\",\"caption\":\"Telinha\"},\"sameAs\":[\"https:\/\/portaltela.pt\/\"],\"url\":\"https:\/\/portaltela.pt\/por\/367410592786\/\"}]}<\/script>\n<!-- \/ Yoast SEO plugin. -->","yoast_head_json":{"title":"Explora\u00e7\u00e3o no futebol vai a tribunal ap\u00f3s dormirem no est\u00e1dio - Portal Tela Portugal","robots":{"index":"index","follow":"follow","max-snippet":"max-snippet:-1","max-image-preview":"max-image-preview:large","max-video-preview":"max-video-preview:-1"},"og_locale":"pt_PT","og_type":"article","og_title":"Explora\u00e7\u00e3o no futebol vai a tribunal ap\u00f3s dormirem no est\u00e1dio - Portal Tela Portugal","og_description":"Come\u00e7ou, a 2 de mar\u00e7o, o julgamento de uma rede que alegadamente facilitava imigra\u00e7\u00e3o ilegal e recrutamento de m\u00e3o de obra ilegal no futebol, envolvendo onze jogadores brasileiros no S\u00e3o Pedro da Cova. Dois arguidos \u2014 V\u00edtor Cat\u00e3o, antigo director do clube, e Armando Santos, treinador na \u00e9poca \u2014 s\u00e3o acusados de, juntos, onze crimes de aux\u00edlio \u00e0 imigra\u00e7\u00e3o ilegal e onze de angaria\u00e7\u00e3o de m\u00e3o-de-obra ilegal. A acusa\u00e7\u00e3o sustenta que os jogadores viviam em beliches numa sala por debaixo de uma bancada do est\u00e1dio, recebiam sal\u00e1rios baixos (podiam ser 150 euros mensais) e n\u00e3o tinham vistos v\u00e1lidos para permanecer ou trabalhar em Portugal. O principal arguido, V\u00edtor Cat\u00e3o, negou ter assinado contratos ou cartas-convite v\u00e1lidas, alegando que v\u00e1rios documentos e assinaturas seriam falsos; afirmou ainda que os jogadores chegaram ao clube atrav\u00e9s de um acordo com o treinador Armando Santos. Armando Santos indicou que a equipa buscava a renova\u00e7\u00e3o para evitar despromo\u00e7\u00e3o, admitindo que os sal\u00e1rios eram espor\u00e1dicos e dependiam dos resultados, com cortes de pouco valor para itens como desodorizante ou creme.","og_url":"https:\/\/portaltela.pt\/noticias\/2026\/03\/02\/exploracao-no-futebol-vai-a-tribunal-apos-dormirem-no-estadio\/","og_site_name":"Portal Tela Portugal","article_published_time":"2026-03-02T16:38:00+00:00","author":"Telinha","twitter_card":"summary_large_image","twitter_misc":{"Escrito por":"Telinha","Tempo estimado de leitura":"2 minutos"},"schema":{"@context":"https:\/\/schema.org","@graph":[{"@type":"Article","@id":"https:\/\/portaltela.pt\/noticias\/2026\/03\/02\/exploracao-no-futebol-vai-a-tribunal-apos-dormirem-no-estadio\/#article","isPartOf":{"@id":"https:\/\/portaltela.pt\/noticias\/2026\/03\/02\/exploracao-no-futebol-vai-a-tribunal-apos-dormirem-no-estadio\/"},"author":{"name":"Telinha","@id":"https:\/\/portaltela.pt\/#\/schema\/person\/c4278d4a6028830caff9ee44b42d32ed"},"headline":"Explora\u00e7\u00e3o no futebol vai a tribunal ap\u00f3s dormirem no est\u00e1dio","datePublished":"2026-03-02T16:38:00+00:00","mainEntityOfPage":{"@id":"https:\/\/portaltela.pt\/noticias\/2026\/03\/02\/exploracao-no-futebol-vai-a-tribunal-apos-dormirem-no-estadio\/"},"wordCount":348,"image":{"@id":"https:\/\/portaltela.pt\/noticias\/2026\/03\/02\/exploracao-no-futebol-vai-a-tribunal-apos-dormirem-no-estadio\/#primaryimage"},"thumbnailUrl":"https:\/\/portaltela.pt\/s.01k8rhncp4jt1\/2026\/03\/2071087.jpg","keywords":["angaria\u00e7\u00e3o de m\u00e3o de obra ilegal","desporto","explora\u00e7\u00e3o","futebol","imigra\u00e7\u00e3o","Portugal"],"articleSection":["Desporto","Futebol"],"inLanguage":"pt-PT"},{"@type":"WebPage","@id":"https:\/\/portaltela.pt\/noticias\/2026\/03\/02\/exploracao-no-futebol-vai-a-tribunal-apos-dormirem-no-estadio\/","url":"https:\/\/portaltela.pt\/noticias\/2026\/03\/02\/exploracao-no-futebol-vai-a-tribunal-apos-dormirem-no-estadio\/","name":"Explora\u00e7\u00e3o no futebol vai a tribunal ap\u00f3s dormirem no est\u00e1dio - Portal Tela Portugal","isPartOf":{"@id":"https:\/\/portaltela.pt\/#website"},"primaryImageOfPage":{"@id":"https:\/\/portaltela.pt\/noticias\/2026\/03\/02\/exploracao-no-futebol-vai-a-tribunal-apos-dormirem-no-estadio\/#primaryimage"},"image":{"@id":"https:\/\/portaltela.pt\/noticias\/2026\/03\/02\/exploracao-no-futebol-vai-a-tribunal-apos-dormirem-no-estadio\/#primaryimage"},"thumbnailUrl":"https:\/\/portaltela.pt\/s.01k8rhncp4jt1\/2026\/03\/2071087.jpg","datePublished":"2026-03-02T16:38:00+00:00","author":{"@id":"https:\/\/portaltela.pt\/#\/schema\/person\/c4278d4a6028830caff9ee44b42d32ed"},"breadcrumb":{"@id":"https:\/\/portaltela.pt\/noticias\/2026\/03\/02\/exploracao-no-futebol-vai-a-tribunal-apos-dormirem-no-estadio\/#breadcrumb"},"inLanguage":"pt-PT","potentialAction":[{"@type":"ReadAction","target":["https:\/\/portaltela.pt\/noticias\/2026\/03\/02\/exploracao-no-futebol-vai-a-tribunal-apos-dormirem-no-estadio\/"]}]},{"@type":"ImageObject","inLanguage":"pt-PT","@id":"https:\/\/portaltela.pt\/noticias\/2026\/03\/02\/exploracao-no-futebol-vai-a-tribunal-apos-dormirem-no-estadio\/#primaryimage","url":"https:\/\/portaltela.pt\/s.01k8rhncp4jt1\/2026\/03\/2071087.jpg","contentUrl":"https:\/\/portaltela.pt\/s.01k8rhncp4jt1\/2026\/03\/2071087.jpg","width":796,"height":448,"caption":"Jogadores estavam em Portugal sem documentos"},{"@type":"BreadcrumbList","@id":"https:\/\/portaltela.pt\/noticias\/2026\/03\/02\/exploracao-no-futebol-vai-a-tribunal-apos-dormirem-no-estadio\/#breadcrumb","itemListElement":[{"@type":"ListItem","position":1,"name":"In\u00edcio","item":"https:\/\/portaltela.pt\/"},{"@type":"ListItem","position":2,"name":"Explora\u00e7\u00e3o no futebol vai a tribunal ap\u00f3s dormirem no est\u00e1dio"}]},{"@type":"WebSite","@id":"https:\/\/portaltela.pt\/#website","url":"https:\/\/portaltela.pt\/","name":"Portal Tela Portugal","description":"","potentialAction":[{"@type":"SearchAction","target":{"@type":"EntryPoint","urlTemplate":"https:\/\/portaltela.pt\/?s={search_term_string}"},"query-input":{"@type":"PropertyValueSpecification","valueRequired":true,"valueName":"search_term_string"}}],"inLanguage":"pt-PT"},{"@type":"Person","@id":"https:\/\/portaltela.pt\/#\/schema\/person\/c4278d4a6028830caff9ee44b42d32ed","name":"Telinha","image":{"@type":"ImageObject","inLanguage":"pt-PT","@id":"https:\/\/portaltela.pt\/s.01k8rhncp4jt1\/2025\/11\/talking-bot-125x125.png","url":"https:\/\/portaltela.pt\/s.01k8rhncp4jt1\/2025\/11\/talking-bot-125x125.png","contentUrl":"https:\/\/portaltela.pt\/s.01k8rhncp4jt1\/2025\/11\/talking-bot-125x125.png","caption":"Telinha"},"sameAs":["https:\/\/portaltela.pt\/"],"url":"https:\/\/portaltela.pt\/por\/367410592786\/"}]}},"_links":{"self":[{"href":"https:\/\/portaltela.pt\/api\/wp\/v2\/posts\/394579","targetHints":{"allow":["GET"]}}],"collection":[{"href":"https:\/\/portaltela.pt\/api\/wp\/v2\/posts"}],"about":[{"href":"https:\/\/portaltela.pt\/api\/wp\/v2\/types\/post"}],"author":[{"embeddable":true,"href":"https:\/\/portaltela.pt\/api\/wp\/v2\/users\/2"}],"replies":[{"embeddable":true,"href":"https:\/\/portaltela.pt\/api\/wp\/v2\/comments?post=394579"}],"version-history":[{"count":0,"href":"https:\/\/portaltela.pt\/api\/wp\/v2\/posts\/394579\/revisions"}],"wp:featuredmedia":[{"embeddable":true,"href":"https:\/\/portaltela.pt\/api\/wp\/v2\/media\/394591"}],"wp:attachment":[{"href":"https:\/\/portaltela.pt\/api\/wp\/v2\/media?parent=394579"}],"wp:term":[{"taxonomy":"category","embeddable":true,"href":"https:\/\/portaltela.pt\/api\/wp\/v2\/categories?post=394579"},{"taxonomy":"post_tag","embeddable":true,"href":"https:\/\/portaltela.pt\/api\/wp\/v2\/tags?post=394579"}],"curies":[{"name":"wp","href":"https:\/\/api.w.org\/{rel}","templated":true}]}}