{"id":394571,"date":"2026-03-02T13:19:40","date_gmt":"2026-03-02T16:19:40","guid":{"rendered":"https:\/\/portaltela.pt\/noticias\/2026\/03\/02\/resink-reage-a-lesao-grave-e-fica-afastado-por-algum-tempo\/"},"modified":"2026-03-02T13:19:40","modified_gmt":"2026-03-02T16:19:40","slug":"resink-reage-a-lesao-grave-e-fica-afastado-por-algum-tempo","status":"publish","type":"post","link":"https:\/\/portaltela.pt\/desporto\/futebol\/2026\/03\/02\/resink-reage-a-lesao-grave-e-fica-afastado-por-algum-tempo\/","title":{"rendered":"Resink reage a les\u00e3o grave e fica afastado por algum tempo"},"content":{"rendered":"<p>O m\u00e9dio Stije Resink, alvo do Benfica em janeiro, confirmouse hoje que sofreu uma les\u00e3o grave no ligamento cruzado do joelho esquerdo durante a derrota 2-3 frente ao Volendam. O jogador de 22 anos dever\u00e1 ficar afastado por um per\u00edodo prolongado.<\/p>\n<p>A recupera\u00e7\u00e3o t\u00edpica desta les\u00e3o situa-se entre 9 e 12 meses, o que pode comprometer uma poss\u00edvel transfer\u00eancia no pr\u00f3ximo ver\u00e3o. Recorda-se que, em janeiro, o capit\u00e3o do Volendam esteve ligado a duas clubes, Benfica e Ajax, mas o clube holand\u00eas rejeitou a sa\u00edda do jogador.<\/p>\n<p>Antes da confirma\u00e7\u00e3o da gravidade, o guarda-redes Etienne Vaessen j\u00e1 admitia que a transfer\u00eancia no ver\u00e3o era prov\u00e1vel, embora sem detalhes oficiais. O Volendam n\u00e3o anunciou ainda qualquer atualiza\u00e7\u00e3o adicional sobre o estado do plantel.<\/p>\n<h3>Interesse de clubes e implica\u00e7\u00f5es futuras<\/h3>\n<p>A situa\u00e7\u00e3o coloca novos contornos para o Volendam, j\u00e1 que Resink \u00e9 uma pe\u00e7a-chave no teu xadrez e pode influenciar potenciais negocia\u00e7\u00f5es. N\u00e3o houve confirma\u00e7\u00e3o de uma proposta formal ou prazos para decis\u00f5es contratuais futuras.<\/p>\n","protected":false},"excerpt":{"rendered":"<ul>\n<li>O m\u00e9dio Stije Resink, de 22 anos, lesionou o joelho esquerdo (ligamento cruzado) no jogo frente ao Volendam, com a derrota do Volendam por 3-2 em casa.<\/li>\n<li>A les\u00e3o \u00e9 grave e o jogador anunciou ficar afastado dos relvados por algum tempo, concentrando-se na recupera\u00e7\u00e3o.<\/li>\n<li>A recupera\u00e7\u00e3o t\u00edpica de uma les\u00e3o no ligamento cruzado do joelho situa-se entre nove e doze meses.<\/li>\n<li>A gravidade da les\u00e3o pode colocar em causa uma transfer\u00eancia no pr\u00f3ximo ver\u00e3o, apesar de interesse do Benfica e do Ajax em janeiro.<\/li>\n<li>O guarda-redes Etienne Vaessen afirmou que \u00e9 muito prov\u00e1vel que Resink seja transferido no ver\u00e3o, apesar da situa\u00e7\u00e3o atual.<\/li>\n<\/ul>\n","protected":false},"author":2,"featured_media":394572,"comment_status":"closed","ping_status":"closed","sticky":false,"template":"","format":"standard","meta":{"footnotes":""},"categories":[21,24],"tags":[1714,1946,152,32,2050,1633],"class_list":["post-394571","post","type-post","status-publish","format-standard","has-post-thumbnail","hentry","category-desporto","category-futebol","tag-ajax","tag-benfica","tag-desporto","tag-futebol","tag-transferencias","tag-transferencias-internacionais"],"yoast_head":"<!-- This site is optimized with the Yoast SEO plugin v27.2 - https:\/\/yoast.com\/product\/yoast-seo-wordpress\/ -->\n<title>Resink reage a les\u00e3o grave e fica afastado por algum tempo - Portal Tela Portugal<\/title>\n<meta name=\"robots\" content=\"index, follow, max-snippet:-1, max-image-preview:large, max-video-preview:-1\" \/>\n<meta property=\"og:locale\" content=\"pt_PT\" \/>\n<meta property=\"og:type\" content=\"article\" \/>\n<meta property=\"og:title\" content=\"Resink reage a les\u00e3o grave e fica afastado por algum tempo - Portal Tela Portugal\" \/>\n<meta property=\"og:description\" content=\"O m\u00e9dio Stije Resink, de 22 anos, lesionou o joelho esquerdo (ligamento cruzado) no jogo frente ao Volendam, com a derrota do Volendam por 3-2 em casa. A les\u00e3o \u00e9 grave e o jogador anunciou ficar afastado dos relvados por algum tempo, concentrando-se na recupera\u00e7\u00e3o. A recupera\u00e7\u00e3o t\u00edpica de uma les\u00e3o no ligamento cruzado do joelho situa-se entre nove e doze meses. A gravidade da les\u00e3o pode colocar em causa uma transfer\u00eancia no pr\u00f3ximo ver\u00e3o, apesar de interesse do Benfica e do Ajax em janeiro. O guarda-redes Etienne Vaessen afirmou que \u00e9 muito prov\u00e1vel que Resink seja transferido no ver\u00e3o, apesar da situa\u00e7\u00e3o atual.\" \/>\n<meta property=\"og:url\" content=\"https:\/\/portaltela.pt\/noticias\/2026\/03\/02\/resink-reage-a-lesao-grave-e-fica-afastado-por-algum-tempo\/\" \/>\n<meta property=\"og:site_name\" content=\"Portal Tela Portugal\" \/>\n<meta property=\"article:published_time\" content=\"2026-03-02T16:19:40+00:00\" \/>\n<meta name=\"author\" content=\"Telinha\" \/>\n<meta name=\"twitter:card\" content=\"summary_large_image\" \/>\n<meta name=\"twitter:label1\" content=\"Escrito por\" \/>\n\t<meta name=\"twitter:data1\" content=\"Telinha\" \/>\n\t<meta name=\"twitter:label2\" content=\"Tempo estimado de leitura\" \/>\n\t<meta name=\"twitter:data2\" content=\"1 minuto\" \/>\n<script type=\"application\/ld+json\" class=\"yoast-schema-graph\">{\"@context\":\"https:\/\/schema.org\",\"@graph\":[{\"@type\":\"Article\",\"@id\":\"https:\/\/portaltela.pt\/noticias\/2026\/03\/02\/resink-reage-a-lesao-grave-e-fica-afastado-por-algum-tempo\/#article\",\"isPartOf\":{\"@id\":\"https:\/\/portaltela.pt\/noticias\/2026\/03\/02\/resink-reage-a-lesao-grave-e-fica-afastado-por-algum-tempo\/\"},\"author\":{\"name\":\"Telinha\",\"@id\":\"https:\/\/portaltela.pt\/#\/schema\/person\/c4278d4a6028830caff9ee44b42d32ed\"},\"headline\":\"Resink reage a les\u00e3o grave e fica afastado por algum tempo\",\"datePublished\":\"2026-03-02T16:19:40+00:00\",\"mainEntityOfPage\":{\"@id\":\"https:\/\/portaltela.pt\/noticias\/2026\/03\/02\/resink-reage-a-lesao-grave-e-fica-afastado-por-algum-tempo\/\"},\"wordCount\":197,\"image\":{\"@id\":\"https:\/\/portaltela.pt\/noticias\/2026\/03\/02\/resink-reage-a-lesao-grave-e-fica-afastado-por-algum-tempo\/#primaryimage\"},\"thumbnailUrl\":\"https:\/\/portaltela.pt\/s.01k8rhncp4jt1\/2026\/03\/img_1200x721uu2026-01-28-08-43-11-2417859.jpg\",\"keywords\":[\"Ajax\",\"Benfica\",\"desporto\",\"futebol\",\"transfer\u00eancias\",\"transfer\u00eancias internacionais\"],\"articleSection\":[\"Desporto\",\"Futebol\"],\"inLanguage\":\"pt-PT\"},{\"@type\":\"WebPage\",\"@id\":\"https:\/\/portaltela.pt\/noticias\/2026\/03\/02\/resink-reage-a-lesao-grave-e-fica-afastado-por-algum-tempo\/\",\"url\":\"https:\/\/portaltela.pt\/noticias\/2026\/03\/02\/resink-reage-a-lesao-grave-e-fica-afastado-por-algum-tempo\/\",\"name\":\"Resink reage a les\u00e3o grave e fica afastado por algum tempo - Portal Tela Portugal\",\"isPartOf\":{\"@id\":\"https:\/\/portaltela.pt\/#website\"},\"primaryImageOfPage\":{\"@id\":\"https:\/\/portaltela.pt\/noticias\/2026\/03\/02\/resink-reage-a-lesao-grave-e-fica-afastado-por-algum-tempo\/#primaryimage\"},\"image\":{\"@id\":\"https:\/\/portaltela.pt\/noticias\/2026\/03\/02\/resink-reage-a-lesao-grave-e-fica-afastado-por-algum-tempo\/#primaryimage\"},\"thumbnailUrl\":\"https:\/\/portaltela.pt\/s.01k8rhncp4jt1\/2026\/03\/img_1200x721uu2026-01-28-08-43-11-2417859.jpg\",\"datePublished\":\"2026-03-02T16:19:40+00:00\",\"author\":{\"@id\":\"https:\/\/portaltela.pt\/#\/schema\/person\/c4278d4a6028830caff9ee44b42d32ed\"},\"breadcrumb\":{\"@id\":\"https:\/\/portaltela.pt\/noticias\/2026\/03\/02\/resink-reage-a-lesao-grave-e-fica-afastado-por-algum-tempo\/#breadcrumb\"},\"inLanguage\":\"pt-PT\",\"potentialAction\":[{\"@type\":\"ReadAction\",\"target\":[\"https:\/\/portaltela.pt\/noticias\/2026\/03\/02\/resink-reage-a-lesao-grave-e-fica-afastado-por-algum-tempo\/\"]}]},{\"@type\":\"ImageObject\",\"inLanguage\":\"pt-PT\",\"@id\":\"https:\/\/portaltela.pt\/noticias\/2026\/03\/02\/resink-reage-a-lesao-grave-e-fica-afastado-por-algum-tempo\/#primaryimage\",\"url\":\"https:\/\/portaltela.pt\/s.01k8rhncp4jt1\/2026\/03\/img_1200x721uu2026-01-28-08-43-11-2417859.jpg\",\"contentUrl\":\"https:\/\/portaltela.pt\/s.01k8rhncp4jt1\/2026\/03\/img_1200x721uu2026-01-28-08-43-11-2417859.jpg\",\"width\":796,\"height\":448,\"caption\":\"Stije Resink, do Groningen, na mira do Benfica\"},{\"@type\":\"BreadcrumbList\",\"@id\":\"https:\/\/portaltela.pt\/noticias\/2026\/03\/02\/resink-reage-a-lesao-grave-e-fica-afastado-por-algum-tempo\/#breadcrumb\",\"itemListElement\":[{\"@type\":\"ListItem\",\"position\":1,\"name\":\"In\u00edcio\",\"item\":\"https:\/\/portaltela.pt\/\"},{\"@type\":\"ListItem\",\"position\":2,\"name\":\"Resink reage a les\u00e3o grave e fica afastado por algum tempo\"}]},{\"@type\":\"WebSite\",\"@id\":\"https:\/\/portaltela.pt\/#website\",\"url\":\"https:\/\/portaltela.pt\/\",\"name\":\"Portal Tela Portugal\",\"description\":\"\",\"potentialAction\":[{\"@type\":\"SearchAction\",\"target\":{\"@type\":\"EntryPoint\",\"urlTemplate\":\"https:\/\/portaltela.pt\/?s={search_term_string}\"},\"query-input\":{\"@type\":\"PropertyValueSpecification\",\"valueRequired\":true,\"valueName\":\"search_term_string\"}}],\"inLanguage\":\"pt-PT\"},{\"@type\":\"Person\",\"@id\":\"https:\/\/portaltela.pt\/#\/schema\/person\/c4278d4a6028830caff9ee44b42d32ed\",\"name\":\"Telinha\",\"image\":{\"@type\":\"ImageObject\",\"inLanguage\":\"pt-PT\",\"@id\":\"https:\/\/portaltela.pt\/s.01k8rhncp4jt1\/2025\/11\/talking-bot-125x125.png\",\"url\":\"https:\/\/portaltela.pt\/s.01k8rhncp4jt1\/2025\/11\/talking-bot-125x125.png\",\"contentUrl\":\"https:\/\/portaltela.pt\/s.01k8rhncp4jt1\/2025\/11\/talking-bot-125x125.png\",\"caption\":\"Telinha\"},\"sameAs\":[\"https:\/\/portaltela.pt\/\"],\"url\":\"https:\/\/portaltela.pt\/por\/367410592786\/\"}]}<\/script>\n<!-- \/ Yoast SEO plugin. -->","yoast_head_json":{"title":"Resink reage a les\u00e3o grave e fica afastado por algum tempo - Portal Tela Portugal","robots":{"index":"index","follow":"follow","max-snippet":"max-snippet:-1","max-image-preview":"max-image-preview:large","max-video-preview":"max-video-preview:-1"},"og_locale":"pt_PT","og_type":"article","og_title":"Resink reage a les\u00e3o grave e fica afastado por algum tempo - Portal Tela Portugal","og_description":"O m\u00e9dio Stije Resink, de 22 anos, lesionou o joelho esquerdo (ligamento cruzado) no jogo frente ao Volendam, com a derrota do Volendam por 3-2 em casa. A les\u00e3o \u00e9 grave e o jogador anunciou ficar afastado dos relvados por algum tempo, concentrando-se na recupera\u00e7\u00e3o. A recupera\u00e7\u00e3o t\u00edpica de uma les\u00e3o no ligamento cruzado do joelho situa-se entre nove e doze meses. A gravidade da les\u00e3o pode colocar em causa uma transfer\u00eancia no pr\u00f3ximo ver\u00e3o, apesar de interesse do Benfica e do Ajax em janeiro. O guarda-redes Etienne Vaessen afirmou que \u00e9 muito prov\u00e1vel que Resink seja transferido no ver\u00e3o, apesar da situa\u00e7\u00e3o atual.","og_url":"https:\/\/portaltela.pt\/noticias\/2026\/03\/02\/resink-reage-a-lesao-grave-e-fica-afastado-por-algum-tempo\/","og_site_name":"Portal Tela Portugal","article_published_time":"2026-03-02T16:19:40+00:00","author":"Telinha","twitter_card":"summary_large_image","twitter_misc":{"Escrito por":"Telinha","Tempo estimado de leitura":"1 minuto"},"schema":{"@context":"https:\/\/schema.org","@graph":[{"@type":"Article","@id":"https:\/\/portaltela.pt\/noticias\/2026\/03\/02\/resink-reage-a-lesao-grave-e-fica-afastado-por-algum-tempo\/#article","isPartOf":{"@id":"https:\/\/portaltela.pt\/noticias\/2026\/03\/02\/resink-reage-a-lesao-grave-e-fica-afastado-por-algum-tempo\/"},"author":{"name":"Telinha","@id":"https:\/\/portaltela.pt\/#\/schema\/person\/c4278d4a6028830caff9ee44b42d32ed"},"headline":"Resink reage a les\u00e3o grave e fica afastado por algum tempo","datePublished":"2026-03-02T16:19:40+00:00","mainEntityOfPage":{"@id":"https:\/\/portaltela.pt\/noticias\/2026\/03\/02\/resink-reage-a-lesao-grave-e-fica-afastado-por-algum-tempo\/"},"wordCount":197,"image":{"@id":"https:\/\/portaltela.pt\/noticias\/2026\/03\/02\/resink-reage-a-lesao-grave-e-fica-afastado-por-algum-tempo\/#primaryimage"},"thumbnailUrl":"https:\/\/portaltela.pt\/s.01k8rhncp4jt1\/2026\/03\/img_1200x721uu2026-01-28-08-43-11-2417859.jpg","keywords":["Ajax","Benfica","desporto","futebol","transfer\u00eancias","transfer\u00eancias internacionais"],"articleSection":["Desporto","Futebol"],"inLanguage":"pt-PT"},{"@type":"WebPage","@id":"https:\/\/portaltela.pt\/noticias\/2026\/03\/02\/resink-reage-a-lesao-grave-e-fica-afastado-por-algum-tempo\/","url":"https:\/\/portaltela.pt\/noticias\/2026\/03\/02\/resink-reage-a-lesao-grave-e-fica-afastado-por-algum-tempo\/","name":"Resink reage a les\u00e3o grave e fica afastado por algum tempo - Portal Tela Portugal","isPartOf":{"@id":"https:\/\/portaltela.pt\/#website"},"primaryImageOfPage":{"@id":"https:\/\/portaltela.pt\/noticias\/2026\/03\/02\/resink-reage-a-lesao-grave-e-fica-afastado-por-algum-tempo\/#primaryimage"},"image":{"@id":"https:\/\/portaltela.pt\/noticias\/2026\/03\/02\/resink-reage-a-lesao-grave-e-fica-afastado-por-algum-tempo\/#primaryimage"},"thumbnailUrl":"https:\/\/portaltela.pt\/s.01k8rhncp4jt1\/2026\/03\/img_1200x721uu2026-01-28-08-43-11-2417859.jpg","datePublished":"2026-03-02T16:19:40+00:00","author":{"@id":"https:\/\/portaltela.pt\/#\/schema\/person\/c4278d4a6028830caff9ee44b42d32ed"},"breadcrumb":{"@id":"https:\/\/portaltela.pt\/noticias\/2026\/03\/02\/resink-reage-a-lesao-grave-e-fica-afastado-por-algum-tempo\/#breadcrumb"},"inLanguage":"pt-PT","potentialAction":[{"@type":"ReadAction","target":["https:\/\/portaltela.pt\/noticias\/2026\/03\/02\/resink-reage-a-lesao-grave-e-fica-afastado-por-algum-tempo\/"]}]},{"@type":"ImageObject","inLanguage":"pt-PT","@id":"https:\/\/portaltela.pt\/noticias\/2026\/03\/02\/resink-reage-a-lesao-grave-e-fica-afastado-por-algum-tempo\/#primaryimage","url":"https:\/\/portaltela.pt\/s.01k8rhncp4jt1\/2026\/03\/img_1200x721uu2026-01-28-08-43-11-2417859.jpg","contentUrl":"https:\/\/portaltela.pt\/s.01k8rhncp4jt1\/2026\/03\/img_1200x721uu2026-01-28-08-43-11-2417859.jpg","width":796,"height":448,"caption":"Stije Resink, do Groningen, na mira do Benfica"},{"@type":"BreadcrumbList","@id":"https:\/\/portaltela.pt\/noticias\/2026\/03\/02\/resink-reage-a-lesao-grave-e-fica-afastado-por-algum-tempo\/#breadcrumb","itemListElement":[{"@type":"ListItem","position":1,"name":"In\u00edcio","item":"https:\/\/portaltela.pt\/"},{"@type":"ListItem","position":2,"name":"Resink reage a les\u00e3o grave e fica afastado por algum tempo"}]},{"@type":"WebSite","@id":"https:\/\/portaltela.pt\/#website","url":"https:\/\/portaltela.pt\/","name":"Portal Tela Portugal","description":"","potentialAction":[{"@type":"SearchAction","target":{"@type":"EntryPoint","urlTemplate":"https:\/\/portaltela.pt\/?s={search_term_string}"},"query-input":{"@type":"PropertyValueSpecification","valueRequired":true,"valueName":"search_term_string"}}],"inLanguage":"pt-PT"},{"@type":"Person","@id":"https:\/\/portaltela.pt\/#\/schema\/person\/c4278d4a6028830caff9ee44b42d32ed","name":"Telinha","image":{"@type":"ImageObject","inLanguage":"pt-PT","@id":"https:\/\/portaltela.pt\/s.01k8rhncp4jt1\/2025\/11\/talking-bot-125x125.png","url":"https:\/\/portaltela.pt\/s.01k8rhncp4jt1\/2025\/11\/talking-bot-125x125.png","contentUrl":"https:\/\/portaltela.pt\/s.01k8rhncp4jt1\/2025\/11\/talking-bot-125x125.png","caption":"Telinha"},"sameAs":["https:\/\/portaltela.pt\/"],"url":"https:\/\/portaltela.pt\/por\/367410592786\/"}]}},"_links":{"self":[{"href":"https:\/\/portaltela.pt\/api\/wp\/v2\/posts\/394571","targetHints":{"allow":["GET"]}}],"collection":[{"href":"https:\/\/portaltela.pt\/api\/wp\/v2\/posts"}],"about":[{"href":"https:\/\/portaltela.pt\/api\/wp\/v2\/types\/post"}],"author":[{"embeddable":true,"href":"https:\/\/portaltela.pt\/api\/wp\/v2\/users\/2"}],"replies":[{"embeddable":true,"href":"https:\/\/portaltela.pt\/api\/wp\/v2\/comments?post=394571"}],"version-history":[{"count":0,"href":"https:\/\/portaltela.pt\/api\/wp\/v2\/posts\/394571\/revisions"}],"wp:featuredmedia":[{"embeddable":true,"href":"https:\/\/portaltela.pt\/api\/wp\/v2\/media\/394572"}],"wp:attachment":[{"href":"https:\/\/portaltela.pt\/api\/wp\/v2\/media?parent=394571"}],"wp:term":[{"taxonomy":"category","embeddable":true,"href":"https:\/\/portaltela.pt\/api\/wp\/v2\/categories?post=394571"},{"taxonomy":"post_tag","embeddable":true,"href":"https:\/\/portaltela.pt\/api\/wp\/v2\/tags?post=394571"}],"curies":[{"name":"wp","href":"https:\/\/api.w.org\/{rel}","templated":true}]}}