{"id":394535,"date":"2026-03-02T13:11:00","date_gmt":"2026-03-02T16:11:00","guid":{"rendered":"https:\/\/portaltela.pt\/noticias\/2026\/03\/02\/mau-tempo-ministra-ve-oportunidade-para-obras-previstas-ha-decadas\/"},"modified":"2026-03-02T13:11:00","modified_gmt":"2026-03-02T16:11:00","slug":"mau-tempo-ministra-ve-oportunidade-para-obras-previstas-ha-decadas","status":"publish","type":"post","link":"https:\/\/portaltela.pt\/noticias\/2026\/03\/02\/mau-tempo-ministra-ve-oportunidade-para-obras-previstas-ha-decadas\/","title":{"rendered":"Mau tempo: ministra v\u00ea oportunidade para obras previstas h\u00e1 d\u00e9cadas"},"content":{"rendered":"<p>A ministra da Cultura, Juventude e Desporto afirmou hoje que o mau tempo pode servir de impulso para avan\u00e7ar interven\u00e7\u00f5es em museus e monumentos em Portugal. As obras tinham sido previstas h\u00e1 d\u00e9cadas, mas nunca chegaram a realizarem-se.<\/p>\n<p>Em declara\u00e7\u00f5es oficiais, a governante detalhou que os planos visam reabilitar edif\u00edcios e espa\u00e7os culturais que est\u00e3o estagnados h\u00e1 longos anos. A iniciativa pretende aproveitar o protagonismo de obras j\u00e1 autorizadas, com or\u00e7amento aprovado.<\/p>\n<p>A not\u00edcia surge num momento de avalia\u00e7\u00e3o de obras p\u00fablicas ligadas ao sector cultural. N\u00e3o foi especificado um calend\u00e1rio definitivo, nem as entidades envolvidas, mas o objetivo \u00e9 acelerar interven\u00e7\u00f5es que j\u00e1 tinham etapas definidas e aguardavam execu\u00e7\u00e3o.<\/p>\n","protected":false},"excerpt":{"rendered":"<ul>\n<li>A ministra da Cultura, Juventude e Desporto afirmou que o mau tempo pode ser aproveitado para avan\u00e7ar interven\u00e7\u00f5es em museus e monumentos que estavam previstas h\u00e1 d\u00e9cadas.<\/li>\n<li>As obras em quest\u00e3o nunca chegaram a ser concretizadas.<\/li>\n<\/ul>\n","protected":false},"author":2,"featured_media":394542,"comment_status":"closed","ping_status":"closed","sticky":false,"template":"","format":"standard","meta":{"footnotes":""},"categories":[1],"tags":[6005,2954,814,1175,1014],"class_list":["post-394535","post","type-post","status-publish","format-standard","has-post-thumbnail","hentry","category-noticias","tag-a-cultura","tag-museus-e-monumentos-de-portugal","tag-patrimonio","tag-patrimonio-cultural","tag-portugal"],"yoast_head":"<!-- This site is optimized with the Yoast SEO plugin v27.2 - https:\/\/yoast.com\/product\/yoast-seo-wordpress\/ -->\n<title>Mau tempo: ministra v\u00ea oportunidade para obras previstas h\u00e1 d\u00e9cadas - Portal Tela Portugal<\/title>\n<meta name=\"robots\" content=\"index, follow, max-snippet:-1, max-image-preview:large, max-video-preview:-1\" \/>\n<meta property=\"og:locale\" content=\"pt_PT\" \/>\n<meta property=\"og:type\" content=\"article\" \/>\n<meta property=\"og:title\" content=\"Mau tempo: ministra v\u00ea oportunidade para obras previstas h\u00e1 d\u00e9cadas - Portal Tela Portugal\" \/>\n<meta property=\"og:description\" content=\"A ministra da Cultura, Juventude e Desporto afirmou que o mau tempo pode ser aproveitado para avan\u00e7ar interven\u00e7\u00f5es em museus e monumentos que estavam previstas h\u00e1 d\u00e9cadas. As obras em quest\u00e3o nunca chegaram a ser concretizadas.\" \/>\n<meta property=\"og:url\" content=\"https:\/\/portaltela.pt\/noticias\/2026\/03\/02\/mau-tempo-ministra-ve-oportunidade-para-obras-previstas-ha-decadas\/\" \/>\n<meta property=\"og:site_name\" content=\"Portal Tela Portugal\" \/>\n<meta property=\"article:published_time\" content=\"2026-03-02T16:11:00+00:00\" \/>\n<meta name=\"author\" content=\"Telinha\" \/>\n<meta name=\"twitter:card\" content=\"summary_large_image\" \/>\n<meta name=\"twitter:label1\" content=\"Escrito por\" \/>\n\t<meta name=\"twitter:data1\" content=\"Telinha\" \/>\n\t<meta name=\"twitter:label2\" content=\"Tempo estimado de leitura\" \/>\n\t<meta name=\"twitter:data2\" content=\"1 minuto\" \/>\n<script type=\"application\/ld+json\" class=\"yoast-schema-graph\">{\"@context\":\"https:\/\/schema.org\",\"@graph\":[{\"@type\":\"Article\",\"@id\":\"https:\/\/portaltela.pt\/noticias\/2026\/03\/02\/mau-tempo-ministra-ve-oportunidade-para-obras-previstas-ha-decadas\/#article\",\"isPartOf\":{\"@id\":\"https:\/\/portaltela.pt\/noticias\/2026\/03\/02\/mau-tempo-ministra-ve-oportunidade-para-obras-previstas-ha-decadas\/\"},\"author\":{\"name\":\"Telinha\",\"@id\":\"https:\/\/portaltela.pt\/#\/schema\/person\/c4278d4a6028830caff9ee44b42d32ed\"},\"headline\":\"Mau tempo: ministra v\u00ea oportunidade para obras previstas h\u00e1 d\u00e9cadas\",\"datePublished\":\"2026-03-02T16:11:00+00:00\",\"mainEntityOfPage\":{\"@id\":\"https:\/\/portaltela.pt\/noticias\/2026\/03\/02\/mau-tempo-ministra-ve-oportunidade-para-obras-previstas-ha-decadas\/\"},\"wordCount\":135,\"image\":{\"@id\":\"https:\/\/portaltela.pt\/noticias\/2026\/03\/02\/mau-tempo-ministra-ve-oportunidade-para-obras-previstas-ha-decadas\/#primaryimage\"},\"thumbnailUrl\":\"https:\/\/portaltela.pt\/s.01k8rhncp4jt1\/2026\/03\/CACHE_780X1200_ANALOG_WATERMARKED_46554974_5554744_13022026121328.jpg\",\"keywords\":[\"a cultura\",\"Museus e Monumentos de Portugal\",\"patrim\u00f3nio\",\"Patrim\u00f3nio Cultural\",\"Portugal\"],\"articleSection\":[\"Not\u00edcias\"],\"inLanguage\":\"pt-PT\"},{\"@type\":\"WebPage\",\"@id\":\"https:\/\/portaltela.pt\/noticias\/2026\/03\/02\/mau-tempo-ministra-ve-oportunidade-para-obras-previstas-ha-decadas\/\",\"url\":\"https:\/\/portaltela.pt\/noticias\/2026\/03\/02\/mau-tempo-ministra-ve-oportunidade-para-obras-previstas-ha-decadas\/\",\"name\":\"Mau tempo: ministra v\u00ea oportunidade para obras previstas h\u00e1 d\u00e9cadas - Portal Tela Portugal\",\"isPartOf\":{\"@id\":\"https:\/\/portaltela.pt\/#website\"},\"primaryImageOfPage\":{\"@id\":\"https:\/\/portaltela.pt\/noticias\/2026\/03\/02\/mau-tempo-ministra-ve-oportunidade-para-obras-previstas-ha-decadas\/#primaryimage\"},\"image\":{\"@id\":\"https:\/\/portaltela.pt\/noticias\/2026\/03\/02\/mau-tempo-ministra-ve-oportunidade-para-obras-previstas-ha-decadas\/#primaryimage\"},\"thumbnailUrl\":\"https:\/\/portaltela.pt\/s.01k8rhncp4jt1\/2026\/03\/CACHE_780X1200_ANALOG_WATERMARKED_46554974_5554744_13022026121328.jpg\",\"datePublished\":\"2026-03-02T16:11:00+00:00\",\"author\":{\"@id\":\"https:\/\/portaltela.pt\/#\/schema\/person\/c4278d4a6028830caff9ee44b42d32ed\"},\"breadcrumb\":{\"@id\":\"https:\/\/portaltela.pt\/noticias\/2026\/03\/02\/mau-tempo-ministra-ve-oportunidade-para-obras-previstas-ha-decadas\/#breadcrumb\"},\"inLanguage\":\"pt-PT\",\"potentialAction\":[{\"@type\":\"ReadAction\",\"target\":[\"https:\/\/portaltela.pt\/noticias\/2026\/03\/02\/mau-tempo-ministra-ve-oportunidade-para-obras-previstas-ha-decadas\/\"]}]},{\"@type\":\"ImageObject\",\"inLanguage\":\"pt-PT\",\"@id\":\"https:\/\/portaltela.pt\/noticias\/2026\/03\/02\/mau-tempo-ministra-ve-oportunidade-para-obras-previstas-ha-decadas\/#primaryimage\",\"url\":\"https:\/\/portaltela.pt\/s.01k8rhncp4jt1\/2026\/03\/CACHE_780X1200_ANALOG_WATERMARKED_46554974_5554744_13022026121328.jpg\",\"contentUrl\":\"https:\/\/portaltela.pt\/s.01k8rhncp4jt1\/2026\/03\/CACHE_780X1200_ANALOG_WATERMARKED_46554974_5554744_13022026121328.jpg\",\"width\":796,\"height\":448,\"caption\":\"Mau tempo: Ministra diz que momento pode ser aproveitado para obras previstas h\u00e1 d\u00e9cadas\"},{\"@type\":\"BreadcrumbList\",\"@id\":\"https:\/\/portaltela.pt\/noticias\/2026\/03\/02\/mau-tempo-ministra-ve-oportunidade-para-obras-previstas-ha-decadas\/#breadcrumb\",\"itemListElement\":[{\"@type\":\"ListItem\",\"position\":1,\"name\":\"In\u00edcio\",\"item\":\"https:\/\/portaltela.pt\/\"},{\"@type\":\"ListItem\",\"position\":2,\"name\":\"Mau tempo: ministra v\u00ea oportunidade para obras previstas h\u00e1 d\u00e9cadas\"}]},{\"@type\":\"WebSite\",\"@id\":\"https:\/\/portaltela.pt\/#website\",\"url\":\"https:\/\/portaltela.pt\/\",\"name\":\"Portal Tela Portugal\",\"description\":\"\",\"potentialAction\":[{\"@type\":\"SearchAction\",\"target\":{\"@type\":\"EntryPoint\",\"urlTemplate\":\"https:\/\/portaltela.pt\/?s={search_term_string}\"},\"query-input\":{\"@type\":\"PropertyValueSpecification\",\"valueRequired\":true,\"valueName\":\"search_term_string\"}}],\"inLanguage\":\"pt-PT\"},{\"@type\":\"Person\",\"@id\":\"https:\/\/portaltela.pt\/#\/schema\/person\/c4278d4a6028830caff9ee44b42d32ed\",\"name\":\"Telinha\",\"image\":{\"@type\":\"ImageObject\",\"inLanguage\":\"pt-PT\",\"@id\":\"https:\/\/portaltela.pt\/s.01k8rhncp4jt1\/2025\/11\/talking-bot-125x125.png\",\"url\":\"https:\/\/portaltela.pt\/s.01k8rhncp4jt1\/2025\/11\/talking-bot-125x125.png\",\"contentUrl\":\"https:\/\/portaltela.pt\/s.01k8rhncp4jt1\/2025\/11\/talking-bot-125x125.png\",\"caption\":\"Telinha\"},\"sameAs\":[\"https:\/\/portaltela.pt\/\"],\"url\":\"https:\/\/portaltela.pt\/por\/367410592786\/\"}]}<\/script>\n<!-- \/ Yoast SEO plugin. -->","yoast_head_json":{"title":"Mau tempo: ministra v\u00ea oportunidade para obras previstas h\u00e1 d\u00e9cadas - Portal Tela Portugal","robots":{"index":"index","follow":"follow","max-snippet":"max-snippet:-1","max-image-preview":"max-image-preview:large","max-video-preview":"max-video-preview:-1"},"og_locale":"pt_PT","og_type":"article","og_title":"Mau tempo: ministra v\u00ea oportunidade para obras previstas h\u00e1 d\u00e9cadas - Portal Tela Portugal","og_description":"A ministra da Cultura, Juventude e Desporto afirmou que o mau tempo pode ser aproveitado para avan\u00e7ar interven\u00e7\u00f5es em museus e monumentos que estavam previstas h\u00e1 d\u00e9cadas. As obras em quest\u00e3o nunca chegaram a ser concretizadas.","og_url":"https:\/\/portaltela.pt\/noticias\/2026\/03\/02\/mau-tempo-ministra-ve-oportunidade-para-obras-previstas-ha-decadas\/","og_site_name":"Portal Tela Portugal","article_published_time":"2026-03-02T16:11:00+00:00","author":"Telinha","twitter_card":"summary_large_image","twitter_misc":{"Escrito por":"Telinha","Tempo estimado de leitura":"1 minuto"},"schema":{"@context":"https:\/\/schema.org","@graph":[{"@type":"Article","@id":"https:\/\/portaltela.pt\/noticias\/2026\/03\/02\/mau-tempo-ministra-ve-oportunidade-para-obras-previstas-ha-decadas\/#article","isPartOf":{"@id":"https:\/\/portaltela.pt\/noticias\/2026\/03\/02\/mau-tempo-ministra-ve-oportunidade-para-obras-previstas-ha-decadas\/"},"author":{"name":"Telinha","@id":"https:\/\/portaltela.pt\/#\/schema\/person\/c4278d4a6028830caff9ee44b42d32ed"},"headline":"Mau tempo: ministra v\u00ea oportunidade para obras previstas h\u00e1 d\u00e9cadas","datePublished":"2026-03-02T16:11:00+00:00","mainEntityOfPage":{"@id":"https:\/\/portaltela.pt\/noticias\/2026\/03\/02\/mau-tempo-ministra-ve-oportunidade-para-obras-previstas-ha-decadas\/"},"wordCount":135,"image":{"@id":"https:\/\/portaltela.pt\/noticias\/2026\/03\/02\/mau-tempo-ministra-ve-oportunidade-para-obras-previstas-ha-decadas\/#primaryimage"},"thumbnailUrl":"https:\/\/portaltela.pt\/s.01k8rhncp4jt1\/2026\/03\/CACHE_780X1200_ANALOG_WATERMARKED_46554974_5554744_13022026121328.jpg","keywords":["a cultura","Museus e Monumentos de Portugal","patrim\u00f3nio","Patrim\u00f3nio Cultural","Portugal"],"articleSection":["Not\u00edcias"],"inLanguage":"pt-PT"},{"@type":"WebPage","@id":"https:\/\/portaltela.pt\/noticias\/2026\/03\/02\/mau-tempo-ministra-ve-oportunidade-para-obras-previstas-ha-decadas\/","url":"https:\/\/portaltela.pt\/noticias\/2026\/03\/02\/mau-tempo-ministra-ve-oportunidade-para-obras-previstas-ha-decadas\/","name":"Mau tempo: ministra v\u00ea oportunidade para obras previstas h\u00e1 d\u00e9cadas - Portal Tela Portugal","isPartOf":{"@id":"https:\/\/portaltela.pt\/#website"},"primaryImageOfPage":{"@id":"https:\/\/portaltela.pt\/noticias\/2026\/03\/02\/mau-tempo-ministra-ve-oportunidade-para-obras-previstas-ha-decadas\/#primaryimage"},"image":{"@id":"https:\/\/portaltela.pt\/noticias\/2026\/03\/02\/mau-tempo-ministra-ve-oportunidade-para-obras-previstas-ha-decadas\/#primaryimage"},"thumbnailUrl":"https:\/\/portaltela.pt\/s.01k8rhncp4jt1\/2026\/03\/CACHE_780X1200_ANALOG_WATERMARKED_46554974_5554744_13022026121328.jpg","datePublished":"2026-03-02T16:11:00+00:00","author":{"@id":"https:\/\/portaltela.pt\/#\/schema\/person\/c4278d4a6028830caff9ee44b42d32ed"},"breadcrumb":{"@id":"https:\/\/portaltela.pt\/noticias\/2026\/03\/02\/mau-tempo-ministra-ve-oportunidade-para-obras-previstas-ha-decadas\/#breadcrumb"},"inLanguage":"pt-PT","potentialAction":[{"@type":"ReadAction","target":["https:\/\/portaltela.pt\/noticias\/2026\/03\/02\/mau-tempo-ministra-ve-oportunidade-para-obras-previstas-ha-decadas\/"]}]},{"@type":"ImageObject","inLanguage":"pt-PT","@id":"https:\/\/portaltela.pt\/noticias\/2026\/03\/02\/mau-tempo-ministra-ve-oportunidade-para-obras-previstas-ha-decadas\/#primaryimage","url":"https:\/\/portaltela.pt\/s.01k8rhncp4jt1\/2026\/03\/CACHE_780X1200_ANALOG_WATERMARKED_46554974_5554744_13022026121328.jpg","contentUrl":"https:\/\/portaltela.pt\/s.01k8rhncp4jt1\/2026\/03\/CACHE_780X1200_ANALOG_WATERMARKED_46554974_5554744_13022026121328.jpg","width":796,"height":448,"caption":"Mau tempo: Ministra diz que momento pode ser aproveitado para obras previstas h\u00e1 d\u00e9cadas"},{"@type":"BreadcrumbList","@id":"https:\/\/portaltela.pt\/noticias\/2026\/03\/02\/mau-tempo-ministra-ve-oportunidade-para-obras-previstas-ha-decadas\/#breadcrumb","itemListElement":[{"@type":"ListItem","position":1,"name":"In\u00edcio","item":"https:\/\/portaltela.pt\/"},{"@type":"ListItem","position":2,"name":"Mau tempo: ministra v\u00ea oportunidade para obras previstas h\u00e1 d\u00e9cadas"}]},{"@type":"WebSite","@id":"https:\/\/portaltela.pt\/#website","url":"https:\/\/portaltela.pt\/","name":"Portal Tela Portugal","description":"","potentialAction":[{"@type":"SearchAction","target":{"@type":"EntryPoint","urlTemplate":"https:\/\/portaltela.pt\/?s={search_term_string}"},"query-input":{"@type":"PropertyValueSpecification","valueRequired":true,"valueName":"search_term_string"}}],"inLanguage":"pt-PT"},{"@type":"Person","@id":"https:\/\/portaltela.pt\/#\/schema\/person\/c4278d4a6028830caff9ee44b42d32ed","name":"Telinha","image":{"@type":"ImageObject","inLanguage":"pt-PT","@id":"https:\/\/portaltela.pt\/s.01k8rhncp4jt1\/2025\/11\/talking-bot-125x125.png","url":"https:\/\/portaltela.pt\/s.01k8rhncp4jt1\/2025\/11\/talking-bot-125x125.png","contentUrl":"https:\/\/portaltela.pt\/s.01k8rhncp4jt1\/2025\/11\/talking-bot-125x125.png","caption":"Telinha"},"sameAs":["https:\/\/portaltela.pt\/"],"url":"https:\/\/portaltela.pt\/por\/367410592786\/"}]}},"_links":{"self":[{"href":"https:\/\/portaltela.pt\/api\/wp\/v2\/posts\/394535","targetHints":{"allow":["GET"]}}],"collection":[{"href":"https:\/\/portaltela.pt\/api\/wp\/v2\/posts"}],"about":[{"href":"https:\/\/portaltela.pt\/api\/wp\/v2\/types\/post"}],"author":[{"embeddable":true,"href":"https:\/\/portaltela.pt\/api\/wp\/v2\/users\/2"}],"replies":[{"embeddable":true,"href":"https:\/\/portaltela.pt\/api\/wp\/v2\/comments?post=394535"}],"version-history":[{"count":0,"href":"https:\/\/portaltela.pt\/api\/wp\/v2\/posts\/394535\/revisions"}],"wp:featuredmedia":[{"embeddable":true,"href":"https:\/\/portaltela.pt\/api\/wp\/v2\/media\/394542"}],"wp:attachment":[{"href":"https:\/\/portaltela.pt\/api\/wp\/v2\/media?parent=394535"}],"wp:term":[{"taxonomy":"category","embeddable":true,"href":"https:\/\/portaltela.pt\/api\/wp\/v2\/categories?post=394535"},{"taxonomy":"post_tag","embeddable":true,"href":"https:\/\/portaltela.pt\/api\/wp\/v2\/tags?post=394535"}],"curies":[{"name":"wp","href":"https:\/\/api.w.org\/{rel}","templated":true}]}}