{"id":394531,"date":"2026-03-02T13:08:58","date_gmt":"2026-03-02T16:08:58","guid":{"rendered":"https:\/\/portaltela.pt\/noticias\/2026\/03\/02\/primeiro-ministro-diz-que-mais-meios-para-incendios-devem-melhorar-resultados\/"},"modified":"2026-03-02T13:08:58","modified_gmt":"2026-03-02T16:08:58","slug":"primeiro-ministro-diz-que-mais-meios-para-incendios-devem-melhorar-resultados","status":"publish","type":"post","link":"https:\/\/portaltela.pt\/noticias\/2026\/03\/02\/primeiro-ministro-diz-que-mais-meios-para-incendios-devem-melhorar-resultados\/","title":{"rendered":"Primeiro-ministro diz que mais meios para inc\u00eandios devem melhorar resultados"},"content":{"rendered":"<p>Nestem momento, o Governo anunciou que o refor\u00e7o de meios no Dispositivo Especial de Combate a Inc\u00eandios Rurais (DECIR) 2026 dever\u00e1 traduzir-se em melhores resultados no combate aos fogos. O primeiro-ministro, Lu\u00eds Montenegro, assegurou que, com mais viaturas, m\u00e1quinas de trac\u00e7\u00e3o e equipas dispon\u00edveis, n\u00e3o se pode aceitar o mesmo desempenho de anos anteriores. A apresenta\u00e7\u00e3o ocorreu em Ponte da Barca, no distrito de Viana do Castelo.<\/p>\n<p>Durante a cerim\u00f3nia, o chefe do Governo sublinhou que, em situa\u00e7\u00f5es de d\u00favida, a ordem \u00e9 avan\u00e7ar sem entraves burocr\u00e1ticos. Acompanharam-no os ministros da Defesa, Ambiente, Agricultura e Mar, refor\u00e7ando o peso pol\u00edtico da iniciativa. Montenegro afirmou que o interesse p\u00fablico est\u00e1 acima de qualquer formalismo, e que \u00e9 essencial apresentar resultados que salvaguardem pessoas e patrim\u00f3nio.<\/p>\n<p>Na mesma ocasi\u00e3o, o governante destacou a import\u00e2ncia de manter o foco na preven\u00e7\u00e3o, anunciando que o DECIR 2026 foi delineado com anteced\u00eancia para operar em todas as vertentes da secretaria de prote\u00e7\u00e3o civil. A escolha de Ponte da Barca situa-se num compromisso com zonas fustigadas no ano passado, sinalizando vigil\u00e2ncia cont\u00ednua contra cat\u00e1strofes.<\/p>\n<h3>Regime de gest\u00e3o da paisagem e prazos<\/h3>\n<p>O ministro da Administra\u00e7\u00e3o Interna, Lu\u00eds Neves, informou que o Parlamento dever\u00e1 aprovar brevemente um regime tempor\u00e1rio para as \u00e1reas integradas de gest\u00e3o da paisagem. Este regime prev\u00ea a remo\u00e7\u00e3o de material lenhoso at\u00e9 1 de junho e a sua coloca\u00e7\u00e3o no mercado, para reduzir riscos em \u00e1reas afetadas por tempestades.<\/p>\n<p>Neves explicou que milhares de hectares est\u00e3o com madeira derrubada cuja remo\u00e7\u00e3o r\u00e1pida evita a transforma\u00e7\u00e3o em combust\u00edvel. O regime, aprovado e aguardando promulga\u00e7\u00e3o, permite uma interven\u00e7\u00e3o c\u00e9lere nos concelhos abrangidos pela calamidade, com recurso a contrata\u00e7\u00e3o simplificada em situa\u00e7\u00f5es urgentes.<\/p>\n<h3>Operacionais e planeamento do DECIR 2026<\/h3>\n<p>Para o ano em curso, o DECIR 2026 prev\u00ea um ligeiro aumento dos meios, com foco nos meses cr\u00edticos. Entre 1 de julho e 30 de setembro, o per\u00edodo designado n\u00edvel Delta, est\u00e1 planeado um total de 15.149 operacionais, 2.596 equipas, 3.463 viaturas e 81 meios a\u00e9reos. Os dados constam da Diretiva Operacional Nacional (DON), aprovada na reuni\u00e3o da Comiss\u00e3o Nacional de Prote\u00e7\u00e3o Civil sob a lideran\u00e7a do novo ministro da Administra\u00e7\u00e3o Interna.<\/p>\n","protected":false},"excerpt":{"rendered":"<ul>\n<li>O primeiro-ministro disse que, com o DECIR 2026, devem haver melhores resultados no combate aos inc\u00eandios rurais, aumentando viaturas, m\u00e1quinas de rasto e equipas.<\/li>\n<li>Lu\u00eds Montenegro afirmou que, numa situa\u00e7\u00e3o de d\u00favida, a ordem \u00e9 \u201cresolver\u201d e que n\u00e3o se pode adiar decis\u00f5es por burocracias.<\/li>\n<li>O Governo destacou que o interesse p\u00fablico est\u00e1 acima de n\u00fameros e que a prioridade s\u00e3o pessoas e patrim\u00f3nio, independentemente do risco.<\/li>\n<li>Em Ponte da Barca, foi apresentado o DECIR 2026, com a ideia de preven\u00e7\u00e3o como caminho para evitar cat\u00e1strofes e reduzir impactos.<\/li>\n<li>A DON prev\u00ea, no per\u00edodo de maior empenho (01 de julho a 30 de setembro, n\u00edvel Delta), 15.149 operacionais, 2.596 equipas, 3.463 viaturas e 81 meios a\u00e9reos, com ligeiro aumento face a 2025.<\/li>\n<\/ul>\n","protected":false},"author":2,"featured_media":394540,"comment_status":"closed","ping_status":"closed","sticky":false,"template":"","format":"standard","meta":{"footnotes":""},"categories":[1],"tags":[5798,5050,1438,2617,4564,1530],"class_list":["post-394531","post","type-post","status-publish","format-standard","has-post-thumbnail","hentry","category-noticias","tag-administracao-interna","tag-calamidades-publicas","tag-incendio","tag-incendios","tag-ponte-da-barca","tag-viana-do-castelo"],"yoast_head":"<!-- This site is optimized with the Yoast SEO plugin v27.2 - https:\/\/yoast.com\/product\/yoast-seo-wordpress\/ -->\n<title>Primeiro-ministro diz que mais meios para inc\u00eandios devem melhorar resultados - Portal Tela Portugal<\/title>\n<meta name=\"robots\" content=\"index, follow, max-snippet:-1, max-image-preview:large, max-video-preview:-1\" \/>\n<meta property=\"og:locale\" content=\"pt_PT\" \/>\n<meta property=\"og:type\" content=\"article\" \/>\n<meta property=\"og:title\" content=\"Primeiro-ministro diz que mais meios para inc\u00eandios devem melhorar resultados - Portal Tela Portugal\" \/>\n<meta property=\"og:description\" content=\"O primeiro-ministro disse que, com o DECIR 2026, devem haver melhores resultados no combate aos inc\u00eandios rurais, aumentando viaturas, m\u00e1quinas de rasto e equipas. Lu\u00eds Montenegro afirmou que, numa situa\u00e7\u00e3o de d\u00favida, a ordem \u00e9 \u201cresolver\u201d e que n\u00e3o se pode adiar decis\u00f5es por burocracias. O Governo destacou que o interesse p\u00fablico est\u00e1 acima de n\u00fameros e que a prioridade s\u00e3o pessoas e patrim\u00f3nio, independentemente do risco. Em Ponte da Barca, foi apresentado o DECIR 2026, com a ideia de preven\u00e7\u00e3o como caminho para evitar cat\u00e1strofes e reduzir impactos. A DON prev\u00ea, no per\u00edodo de maior empenho (01 de julho a 30 de setembro, n\u00edvel Delta), 15.149 operacionais, 2.596 equipas, 3.463 viaturas e 81 meios a\u00e9reos, com ligeiro aumento face a 2025.\" \/>\n<meta property=\"og:url\" content=\"https:\/\/portaltela.pt\/noticias\/2026\/03\/02\/primeiro-ministro-diz-que-mais-meios-para-incendios-devem-melhorar-resultados\/\" \/>\n<meta property=\"og:site_name\" content=\"Portal Tela Portugal\" \/>\n<meta property=\"article:published_time\" content=\"2026-03-02T16:08:58+00:00\" \/>\n<meta name=\"author\" content=\"Telinha\" \/>\n<meta name=\"twitter:card\" content=\"summary_large_image\" \/>\n<meta name=\"twitter:label1\" content=\"Escrito por\" \/>\n\t<meta name=\"twitter:data1\" content=\"Telinha\" \/>\n\t<meta name=\"twitter:label2\" content=\"Tempo estimado de leitura\" \/>\n\t<meta name=\"twitter:data2\" content=\"2 minutos\" \/>\n<script type=\"application\/ld+json\" class=\"yoast-schema-graph\">{\"@context\":\"https:\/\/schema.org\",\"@graph\":[{\"@type\":\"Article\",\"@id\":\"https:\/\/portaltela.pt\/noticias\/2026\/03\/02\/primeiro-ministro-diz-que-mais-meios-para-incendios-devem-melhorar-resultados\/#article\",\"isPartOf\":{\"@id\":\"https:\/\/portaltela.pt\/noticias\/2026\/03\/02\/primeiro-ministro-diz-que-mais-meios-para-incendios-devem-melhorar-resultados\/\"},\"author\":{\"name\":\"Telinha\",\"@id\":\"https:\/\/portaltela.pt\/#\/schema\/person\/c4278d4a6028830caff9ee44b42d32ed\"},\"headline\":\"Primeiro-ministro diz que mais meios para inc\u00eandios devem melhorar resultados\",\"datePublished\":\"2026-03-02T16:08:58+00:00\",\"mainEntityOfPage\":{\"@id\":\"https:\/\/portaltela.pt\/noticias\/2026\/03\/02\/primeiro-ministro-diz-que-mais-meios-para-incendios-devem-melhorar-resultados\/\"},\"wordCount\":405,\"image\":{\"@id\":\"https:\/\/portaltela.pt\/noticias\/2026\/03\/02\/primeiro-ministro-diz-que-mais-meios-para-incendios-devem-melhorar-resultados\/#primaryimage\"},\"thumbnailUrl\":\"https:\/\/portaltela.pt\/s.01k8rhncp4jt1\/2026\/03\/img_1500x1000uu2026-02-19-17-23-57-2267750.jpg\",\"keywords\":[\"Administra\u00e7\u00e3o Interna\",\"calamidades p\u00fablicas\",\"inc\u00eandio\",\"inc\u00eandios\",\"Ponte da Barca\",\"Viana do Castelo\"],\"articleSection\":[\"Not\u00edcias\"],\"inLanguage\":\"pt-PT\"},{\"@type\":\"WebPage\",\"@id\":\"https:\/\/portaltela.pt\/noticias\/2026\/03\/02\/primeiro-ministro-diz-que-mais-meios-para-incendios-devem-melhorar-resultados\/\",\"url\":\"https:\/\/portaltela.pt\/noticias\/2026\/03\/02\/primeiro-ministro-diz-que-mais-meios-para-incendios-devem-melhorar-resultados\/\",\"name\":\"Primeiro-ministro diz que mais meios para inc\u00eandios devem melhorar resultados - Portal Tela Portugal\",\"isPartOf\":{\"@id\":\"https:\/\/portaltela.pt\/#website\"},\"primaryImageOfPage\":{\"@id\":\"https:\/\/portaltela.pt\/noticias\/2026\/03\/02\/primeiro-ministro-diz-que-mais-meios-para-incendios-devem-melhorar-resultados\/#primaryimage\"},\"image\":{\"@id\":\"https:\/\/portaltela.pt\/noticias\/2026\/03\/02\/primeiro-ministro-diz-que-mais-meios-para-incendios-devem-melhorar-resultados\/#primaryimage\"},\"thumbnailUrl\":\"https:\/\/portaltela.pt\/s.01k8rhncp4jt1\/2026\/03\/img_1500x1000uu2026-02-19-17-23-57-2267750.jpg\",\"datePublished\":\"2026-03-02T16:08:58+00:00\",\"author\":{\"@id\":\"https:\/\/portaltela.pt\/#\/schema\/person\/c4278d4a6028830caff9ee44b42d32ed\"},\"breadcrumb\":{\"@id\":\"https:\/\/portaltela.pt\/noticias\/2026\/03\/02\/primeiro-ministro-diz-que-mais-meios-para-incendios-devem-melhorar-resultados\/#breadcrumb\"},\"inLanguage\":\"pt-PT\",\"potentialAction\":[{\"@type\":\"ReadAction\",\"target\":[\"https:\/\/portaltela.pt\/noticias\/2026\/03\/02\/primeiro-ministro-diz-que-mais-meios-para-incendios-devem-melhorar-resultados\/\"]}]},{\"@type\":\"ImageObject\",\"inLanguage\":\"pt-PT\",\"@id\":\"https:\/\/portaltela.pt\/noticias\/2026\/03\/02\/primeiro-ministro-diz-que-mais-meios-para-incendios-devem-melhorar-resultados\/#primaryimage\",\"url\":\"https:\/\/portaltela.pt\/s.01k8rhncp4jt1\/2026\/03\/img_1500x1000uu2026-02-19-17-23-57-2267750.jpg\",\"contentUrl\":\"https:\/\/portaltela.pt\/s.01k8rhncp4jt1\/2026\/03\/img_1500x1000uu2026-02-19-17-23-57-2267750.jpg\",\"width\":796,\"height\":448,\"caption\":\"Lu\u00eds Montenegro\"},{\"@type\":\"BreadcrumbList\",\"@id\":\"https:\/\/portaltela.pt\/noticias\/2026\/03\/02\/primeiro-ministro-diz-que-mais-meios-para-incendios-devem-melhorar-resultados\/#breadcrumb\",\"itemListElement\":[{\"@type\":\"ListItem\",\"position\":1,\"name\":\"In\u00edcio\",\"item\":\"https:\/\/portaltela.pt\/\"},{\"@type\":\"ListItem\",\"position\":2,\"name\":\"Primeiro-ministro diz que mais meios para inc\u00eandios devem melhorar resultados\"}]},{\"@type\":\"WebSite\",\"@id\":\"https:\/\/portaltela.pt\/#website\",\"url\":\"https:\/\/portaltela.pt\/\",\"name\":\"Portal Tela Portugal\",\"description\":\"\",\"potentialAction\":[{\"@type\":\"SearchAction\",\"target\":{\"@type\":\"EntryPoint\",\"urlTemplate\":\"https:\/\/portaltela.pt\/?s={search_term_string}\"},\"query-input\":{\"@type\":\"PropertyValueSpecification\",\"valueRequired\":true,\"valueName\":\"search_term_string\"}}],\"inLanguage\":\"pt-PT\"},{\"@type\":\"Person\",\"@id\":\"https:\/\/portaltela.pt\/#\/schema\/person\/c4278d4a6028830caff9ee44b42d32ed\",\"name\":\"Telinha\",\"image\":{\"@type\":\"ImageObject\",\"inLanguage\":\"pt-PT\",\"@id\":\"https:\/\/portaltela.pt\/s.01k8rhncp4jt1\/2025\/11\/talking-bot-125x125.png\",\"url\":\"https:\/\/portaltela.pt\/s.01k8rhncp4jt1\/2025\/11\/talking-bot-125x125.png\",\"contentUrl\":\"https:\/\/portaltela.pt\/s.01k8rhncp4jt1\/2025\/11\/talking-bot-125x125.png\",\"caption\":\"Telinha\"},\"sameAs\":[\"https:\/\/portaltela.pt\/\"],\"url\":\"https:\/\/portaltela.pt\/por\/367410592786\/\"}]}<\/script>\n<!-- \/ Yoast SEO plugin. -->","yoast_head_json":{"title":"Primeiro-ministro diz que mais meios para inc\u00eandios devem melhorar resultados - Portal Tela Portugal","robots":{"index":"index","follow":"follow","max-snippet":"max-snippet:-1","max-image-preview":"max-image-preview:large","max-video-preview":"max-video-preview:-1"},"og_locale":"pt_PT","og_type":"article","og_title":"Primeiro-ministro diz que mais meios para inc\u00eandios devem melhorar resultados - Portal Tela Portugal","og_description":"O primeiro-ministro disse que, com o DECIR 2026, devem haver melhores resultados no combate aos inc\u00eandios rurais, aumentando viaturas, m\u00e1quinas de rasto e equipas. Lu\u00eds Montenegro afirmou que, numa situa\u00e7\u00e3o de d\u00favida, a ordem \u00e9 \u201cresolver\u201d e que n\u00e3o se pode adiar decis\u00f5es por burocracias. O Governo destacou que o interesse p\u00fablico est\u00e1 acima de n\u00fameros e que a prioridade s\u00e3o pessoas e patrim\u00f3nio, independentemente do risco. Em Ponte da Barca, foi apresentado o DECIR 2026, com a ideia de preven\u00e7\u00e3o como caminho para evitar cat\u00e1strofes e reduzir impactos. A DON prev\u00ea, no per\u00edodo de maior empenho (01 de julho a 30 de setembro, n\u00edvel Delta), 15.149 operacionais, 2.596 equipas, 3.463 viaturas e 81 meios a\u00e9reos, com ligeiro aumento face a 2025.","og_url":"https:\/\/portaltela.pt\/noticias\/2026\/03\/02\/primeiro-ministro-diz-que-mais-meios-para-incendios-devem-melhorar-resultados\/","og_site_name":"Portal Tela Portugal","article_published_time":"2026-03-02T16:08:58+00:00","author":"Telinha","twitter_card":"summary_large_image","twitter_misc":{"Escrito por":"Telinha","Tempo estimado de leitura":"2 minutos"},"schema":{"@context":"https:\/\/schema.org","@graph":[{"@type":"Article","@id":"https:\/\/portaltela.pt\/noticias\/2026\/03\/02\/primeiro-ministro-diz-que-mais-meios-para-incendios-devem-melhorar-resultados\/#article","isPartOf":{"@id":"https:\/\/portaltela.pt\/noticias\/2026\/03\/02\/primeiro-ministro-diz-que-mais-meios-para-incendios-devem-melhorar-resultados\/"},"author":{"name":"Telinha","@id":"https:\/\/portaltela.pt\/#\/schema\/person\/c4278d4a6028830caff9ee44b42d32ed"},"headline":"Primeiro-ministro diz que mais meios para inc\u00eandios devem melhorar resultados","datePublished":"2026-03-02T16:08:58+00:00","mainEntityOfPage":{"@id":"https:\/\/portaltela.pt\/noticias\/2026\/03\/02\/primeiro-ministro-diz-que-mais-meios-para-incendios-devem-melhorar-resultados\/"},"wordCount":405,"image":{"@id":"https:\/\/portaltela.pt\/noticias\/2026\/03\/02\/primeiro-ministro-diz-que-mais-meios-para-incendios-devem-melhorar-resultados\/#primaryimage"},"thumbnailUrl":"https:\/\/portaltela.pt\/s.01k8rhncp4jt1\/2026\/03\/img_1500x1000uu2026-02-19-17-23-57-2267750.jpg","keywords":["Administra\u00e7\u00e3o Interna","calamidades p\u00fablicas","inc\u00eandio","inc\u00eandios","Ponte da Barca","Viana do Castelo"],"articleSection":["Not\u00edcias"],"inLanguage":"pt-PT"},{"@type":"WebPage","@id":"https:\/\/portaltela.pt\/noticias\/2026\/03\/02\/primeiro-ministro-diz-que-mais-meios-para-incendios-devem-melhorar-resultados\/","url":"https:\/\/portaltela.pt\/noticias\/2026\/03\/02\/primeiro-ministro-diz-que-mais-meios-para-incendios-devem-melhorar-resultados\/","name":"Primeiro-ministro diz que mais meios para inc\u00eandios devem melhorar resultados - Portal Tela Portugal","isPartOf":{"@id":"https:\/\/portaltela.pt\/#website"},"primaryImageOfPage":{"@id":"https:\/\/portaltela.pt\/noticias\/2026\/03\/02\/primeiro-ministro-diz-que-mais-meios-para-incendios-devem-melhorar-resultados\/#primaryimage"},"image":{"@id":"https:\/\/portaltela.pt\/noticias\/2026\/03\/02\/primeiro-ministro-diz-que-mais-meios-para-incendios-devem-melhorar-resultados\/#primaryimage"},"thumbnailUrl":"https:\/\/portaltela.pt\/s.01k8rhncp4jt1\/2026\/03\/img_1500x1000uu2026-02-19-17-23-57-2267750.jpg","datePublished":"2026-03-02T16:08:58+00:00","author":{"@id":"https:\/\/portaltela.pt\/#\/schema\/person\/c4278d4a6028830caff9ee44b42d32ed"},"breadcrumb":{"@id":"https:\/\/portaltela.pt\/noticias\/2026\/03\/02\/primeiro-ministro-diz-que-mais-meios-para-incendios-devem-melhorar-resultados\/#breadcrumb"},"inLanguage":"pt-PT","potentialAction":[{"@type":"ReadAction","target":["https:\/\/portaltela.pt\/noticias\/2026\/03\/02\/primeiro-ministro-diz-que-mais-meios-para-incendios-devem-melhorar-resultados\/"]}]},{"@type":"ImageObject","inLanguage":"pt-PT","@id":"https:\/\/portaltela.pt\/noticias\/2026\/03\/02\/primeiro-ministro-diz-que-mais-meios-para-incendios-devem-melhorar-resultados\/#primaryimage","url":"https:\/\/portaltela.pt\/s.01k8rhncp4jt1\/2026\/03\/img_1500x1000uu2026-02-19-17-23-57-2267750.jpg","contentUrl":"https:\/\/portaltela.pt\/s.01k8rhncp4jt1\/2026\/03\/img_1500x1000uu2026-02-19-17-23-57-2267750.jpg","width":796,"height":448,"caption":"Lu\u00eds Montenegro"},{"@type":"BreadcrumbList","@id":"https:\/\/portaltela.pt\/noticias\/2026\/03\/02\/primeiro-ministro-diz-que-mais-meios-para-incendios-devem-melhorar-resultados\/#breadcrumb","itemListElement":[{"@type":"ListItem","position":1,"name":"In\u00edcio","item":"https:\/\/portaltela.pt\/"},{"@type":"ListItem","position":2,"name":"Primeiro-ministro diz que mais meios para inc\u00eandios devem melhorar resultados"}]},{"@type":"WebSite","@id":"https:\/\/portaltela.pt\/#website","url":"https:\/\/portaltela.pt\/","name":"Portal Tela Portugal","description":"","potentialAction":[{"@type":"SearchAction","target":{"@type":"EntryPoint","urlTemplate":"https:\/\/portaltela.pt\/?s={search_term_string}"},"query-input":{"@type":"PropertyValueSpecification","valueRequired":true,"valueName":"search_term_string"}}],"inLanguage":"pt-PT"},{"@type":"Person","@id":"https:\/\/portaltela.pt\/#\/schema\/person\/c4278d4a6028830caff9ee44b42d32ed","name":"Telinha","image":{"@type":"ImageObject","inLanguage":"pt-PT","@id":"https:\/\/portaltela.pt\/s.01k8rhncp4jt1\/2025\/11\/talking-bot-125x125.png","url":"https:\/\/portaltela.pt\/s.01k8rhncp4jt1\/2025\/11\/talking-bot-125x125.png","contentUrl":"https:\/\/portaltela.pt\/s.01k8rhncp4jt1\/2025\/11\/talking-bot-125x125.png","caption":"Telinha"},"sameAs":["https:\/\/portaltela.pt\/"],"url":"https:\/\/portaltela.pt\/por\/367410592786\/"}]}},"_links":{"self":[{"href":"https:\/\/portaltela.pt\/api\/wp\/v2\/posts\/394531","targetHints":{"allow":["GET"]}}],"collection":[{"href":"https:\/\/portaltela.pt\/api\/wp\/v2\/posts"}],"about":[{"href":"https:\/\/portaltela.pt\/api\/wp\/v2\/types\/post"}],"author":[{"embeddable":true,"href":"https:\/\/portaltela.pt\/api\/wp\/v2\/users\/2"}],"replies":[{"embeddable":true,"href":"https:\/\/portaltela.pt\/api\/wp\/v2\/comments?post=394531"}],"version-history":[{"count":0,"href":"https:\/\/portaltela.pt\/api\/wp\/v2\/posts\/394531\/revisions"}],"wp:featuredmedia":[{"embeddable":true,"href":"https:\/\/portaltela.pt\/api\/wp\/v2\/media\/394540"}],"wp:attachment":[{"href":"https:\/\/portaltela.pt\/api\/wp\/v2\/media?parent=394531"}],"wp:term":[{"taxonomy":"category","embeddable":true,"href":"https:\/\/portaltela.pt\/api\/wp\/v2\/categories?post=394531"},{"taxonomy":"post_tag","embeddable":true,"href":"https:\/\/portaltela.pt\/api\/wp\/v2\/tags?post=394531"}],"curies":[{"name":"wp","href":"https:\/\/api.w.org\/{rel}","templated":true}]}}