{"id":394516,"date":"2026-03-02T12:47:51","date_gmt":"2026-03-02T15:47:51","guid":{"rendered":"https:\/\/portaltela.pt\/noticias\/2026\/03\/02\/pescador-morre-na-manha-deste-domingo-em-viana-do-castelo\/"},"modified":"2026-03-02T12:47:51","modified_gmt":"2026-03-02T15:47:51","slug":"pescador-morre-na-manha-deste-domingo-em-viana-do-castelo","status":"publish","type":"post","link":"https:\/\/portaltela.pt\/noticias\/2026\/03\/02\/pescador-morre-na-manha-deste-domingo-em-viana-do-castelo\/","title":{"rendered":"Pescador morre na manh\u00e3 deste domingo em Viana do Castelo"},"content":{"rendered":"<p>Um pescador portugu\u00eas, de 56 anos, morreu esta manh\u00e3 de domingo em Viana do Castelo, ao ser vitimado por um golpe de mar junto ao molhe. O alerta foi recebido cerca das 9h.<\/p>\n<p>A v\u00edtima estava a operar pr\u00f3ximo do molhe da cidade quando o incidente ocorreu. N\u00e3o foram avan\u00e7ados mais detalhes sobre as circunst\u00e2ncias exactas do acidente.<\/p>\n<p>As autoridades competentes foram notificadas e acompanham a ocorr\u00eancia para apurar as causas. O incidente ocorre em pleno domingo, numa zona habitual de atividade portu\u00e1ria.<\/p>\n<p>Mais informa\u00e7\u00f5es devem ser comunicadas pelas entidades respons\u00e1veis pela seguran\u00e7a mar\u00edtima e pela Pol\u00edcia Mar\u00edtima. O caso est\u00e1 a ser investigado pelas autoridades locais.<\/p>\n","protected":false},"excerpt":{"rendered":"<ul>\n<li>Um pescador portugu\u00eas, de 56 anos, morreu esta manh\u00e3 junto ao molhe em Viana do Castelo.<\/li>\n<li>A v\u00edtima foi atingida por um golpe de mar.<\/li>\n<li>O alerta foi dado por volta das nove da manh\u00e3 de domingo.<\/li>\n<li>O acidente ocorreu junto ao molhe da regi\u00e3o costeira de Viana do Castelo.<\/li>\n<li>As autoridades est\u00e3o a investigar as circunst\u00e2ncias do sucedido.<\/li>\n<\/ul>\n","protected":false},"author":2,"featured_media":394522,"comment_status":"closed","ping_status":"closed","sticky":false,"template":"","format":"standard","meta":{"footnotes":""},"categories":[1],"tags":[4524,4298,5093,2804,3418,1530],"class_list":["post-394516","post","type-post","status-publish","format-standard","has-post-thumbnail","hentry","category-noticias","tag-acidente-maritimo","tag-marinha","tag-pesca","tag-pescadores","tag-policia-de-seguranca-publica","tag-viana-do-castelo"],"yoast_head":"<!-- This site is optimized with the Yoast SEO plugin v27.2 - https:\/\/yoast.com\/product\/yoast-seo-wordpress\/ -->\n<title>Pescador morre na manh\u00e3 deste domingo em Viana do Castelo - Portal Tela Portugal<\/title>\n<meta name=\"robots\" content=\"index, follow, max-snippet:-1, max-image-preview:large, max-video-preview:-1\" \/>\n<meta property=\"og:locale\" content=\"pt_PT\" \/>\n<meta property=\"og:type\" content=\"article\" \/>\n<meta property=\"og:title\" content=\"Pescador morre na manh\u00e3 deste domingo em Viana do Castelo - Portal Tela Portugal\" \/>\n<meta property=\"og:description\" content=\"Um pescador portugu\u00eas, de 56 anos, morreu esta manh\u00e3 junto ao molhe em Viana do Castelo. A v\u00edtima foi atingida por um golpe de mar. O alerta foi dado por volta das nove da manh\u00e3 de domingo. O acidente ocorreu junto ao molhe da regi\u00e3o costeira de Viana do Castelo. As autoridades est\u00e3o a investigar as circunst\u00e2ncias do sucedido.\" \/>\n<meta property=\"og:url\" content=\"https:\/\/portaltela.pt\/noticias\/2026\/03\/02\/pescador-morre-na-manha-deste-domingo-em-viana-do-castelo\/\" \/>\n<meta property=\"og:site_name\" content=\"Portal Tela Portugal\" \/>\n<meta property=\"article:published_time\" content=\"2026-03-02T15:47:51+00:00\" \/>\n<meta name=\"author\" content=\"Telinha\" \/>\n<meta name=\"twitter:card\" content=\"summary_large_image\" \/>\n<meta name=\"twitter:label1\" content=\"Escrito por\" \/>\n\t<meta name=\"twitter:data1\" content=\"Telinha\" \/>\n\t<meta name=\"twitter:label2\" content=\"Tempo estimado de leitura\" \/>\n\t<meta name=\"twitter:data2\" content=\"1 minuto\" \/>\n<script type=\"application\/ld+json\" class=\"yoast-schema-graph\">{\"@context\":\"https:\/\/schema.org\",\"@graph\":[{\"@type\":\"Article\",\"@id\":\"https:\/\/portaltela.pt\/noticias\/2026\/03\/02\/pescador-morre-na-manha-deste-domingo-em-viana-do-castelo\/#article\",\"isPartOf\":{\"@id\":\"https:\/\/portaltela.pt\/noticias\/2026\/03\/02\/pescador-morre-na-manha-deste-domingo-em-viana-do-castelo\/\"},\"author\":{\"name\":\"Telinha\",\"@id\":\"https:\/\/portaltela.pt\/#\/schema\/person\/c4278d4a6028830caff9ee44b42d32ed\"},\"headline\":\"Pescador morre na manh\u00e3 deste domingo em Viana do Castelo\",\"datePublished\":\"2026-03-02T15:47:51+00:00\",\"mainEntityOfPage\":{\"@id\":\"https:\/\/portaltela.pt\/noticias\/2026\/03\/02\/pescador-morre-na-manha-deste-domingo-em-viana-do-castelo\/\"},\"wordCount\":130,\"image\":{\"@id\":\"https:\/\/portaltela.pt\/noticias\/2026\/03\/02\/pescador-morre-na-manha-deste-domingo-em-viana-do-castelo\/#primaryimage\"},\"thumbnailUrl\":\"https:\/\/portaltela.pt\/s.01k8rhncp4jt1\/2026\/03\/img_1280x722uu2026-03-02-15-21-33-2269935.jpg\",\"keywords\":[\"acidente mar\u00edtimo\",\"Marinha\",\"pesca\",\"Pescadores\",\"Pol\u00edcia de Seguran\u00e7a P\u00fablica\",\"Viana do Castelo\"],\"articleSection\":[\"Not\u00edcias\"],\"inLanguage\":\"pt-PT\"},{\"@type\":\"WebPage\",\"@id\":\"https:\/\/portaltela.pt\/noticias\/2026\/03\/02\/pescador-morre-na-manha-deste-domingo-em-viana-do-castelo\/\",\"url\":\"https:\/\/portaltela.pt\/noticias\/2026\/03\/02\/pescador-morre-na-manha-deste-domingo-em-viana-do-castelo\/\",\"name\":\"Pescador morre na manh\u00e3 deste domingo em Viana do Castelo - Portal Tela Portugal\",\"isPartOf\":{\"@id\":\"https:\/\/portaltela.pt\/#website\"},\"primaryImageOfPage\":{\"@id\":\"https:\/\/portaltela.pt\/noticias\/2026\/03\/02\/pescador-morre-na-manha-deste-domingo-em-viana-do-castelo\/#primaryimage\"},\"image\":{\"@id\":\"https:\/\/portaltela.pt\/noticias\/2026\/03\/02\/pescador-morre-na-manha-deste-domingo-em-viana-do-castelo\/#primaryimage\"},\"thumbnailUrl\":\"https:\/\/portaltela.pt\/s.01k8rhncp4jt1\/2026\/03\/img_1280x722uu2026-03-02-15-21-33-2269935.jpg\",\"datePublished\":\"2026-03-02T15:47:51+00:00\",\"author\":{\"@id\":\"https:\/\/portaltela.pt\/#\/schema\/person\/c4278d4a6028830caff9ee44b42d32ed\"},\"breadcrumb\":{\"@id\":\"https:\/\/portaltela.pt\/noticias\/2026\/03\/02\/pescador-morre-na-manha-deste-domingo-em-viana-do-castelo\/#breadcrumb\"},\"inLanguage\":\"pt-PT\",\"potentialAction\":[{\"@type\":\"ReadAction\",\"target\":[\"https:\/\/portaltela.pt\/noticias\/2026\/03\/02\/pescador-morre-na-manha-deste-domingo-em-viana-do-castelo\/\"]}]},{\"@type\":\"ImageObject\",\"inLanguage\":\"pt-PT\",\"@id\":\"https:\/\/portaltela.pt\/noticias\/2026\/03\/02\/pescador-morre-na-manha-deste-domingo-em-viana-do-castelo\/#primaryimage\",\"url\":\"https:\/\/portaltela.pt\/s.01k8rhncp4jt1\/2026\/03\/img_1280x722uu2026-03-02-15-21-33-2269935.jpg\",\"contentUrl\":\"https:\/\/portaltela.pt\/s.01k8rhncp4jt1\/2026\/03\/img_1280x722uu2026-03-02-15-21-33-2269935.jpg\",\"width\":1280,\"height\":722,\"caption\":\"Photo\"},{\"@type\":\"BreadcrumbList\",\"@id\":\"https:\/\/portaltela.pt\/noticias\/2026\/03\/02\/pescador-morre-na-manha-deste-domingo-em-viana-do-castelo\/#breadcrumb\",\"itemListElement\":[{\"@type\":\"ListItem\",\"position\":1,\"name\":\"In\u00edcio\",\"item\":\"https:\/\/portaltela.pt\/\"},{\"@type\":\"ListItem\",\"position\":2,\"name\":\"Pescador morre na manh\u00e3 deste domingo em Viana do Castelo\"}]},{\"@type\":\"WebSite\",\"@id\":\"https:\/\/portaltela.pt\/#website\",\"url\":\"https:\/\/portaltela.pt\/\",\"name\":\"Portal Tela Portugal\",\"description\":\"\",\"potentialAction\":[{\"@type\":\"SearchAction\",\"target\":{\"@type\":\"EntryPoint\",\"urlTemplate\":\"https:\/\/portaltela.pt\/?s={search_term_string}\"},\"query-input\":{\"@type\":\"PropertyValueSpecification\",\"valueRequired\":true,\"valueName\":\"search_term_string\"}}],\"inLanguage\":\"pt-PT\"},{\"@type\":\"Person\",\"@id\":\"https:\/\/portaltela.pt\/#\/schema\/person\/c4278d4a6028830caff9ee44b42d32ed\",\"name\":\"Telinha\",\"image\":{\"@type\":\"ImageObject\",\"inLanguage\":\"pt-PT\",\"@id\":\"https:\/\/portaltela.pt\/s.01k8rhncp4jt1\/2025\/11\/talking-bot-125x125.png\",\"url\":\"https:\/\/portaltela.pt\/s.01k8rhncp4jt1\/2025\/11\/talking-bot-125x125.png\",\"contentUrl\":\"https:\/\/portaltela.pt\/s.01k8rhncp4jt1\/2025\/11\/talking-bot-125x125.png\",\"caption\":\"Telinha\"},\"sameAs\":[\"https:\/\/portaltela.pt\/\"],\"url\":\"https:\/\/portaltela.pt\/por\/367410592786\/\"}]}<\/script>\n<!-- \/ Yoast SEO plugin. -->","yoast_head_json":{"title":"Pescador morre na manh\u00e3 deste domingo em Viana do Castelo - Portal Tela Portugal","robots":{"index":"index","follow":"follow","max-snippet":"max-snippet:-1","max-image-preview":"max-image-preview:large","max-video-preview":"max-video-preview:-1"},"og_locale":"pt_PT","og_type":"article","og_title":"Pescador morre na manh\u00e3 deste domingo em Viana do Castelo - Portal Tela Portugal","og_description":"Um pescador portugu\u00eas, de 56 anos, morreu esta manh\u00e3 junto ao molhe em Viana do Castelo. A v\u00edtima foi atingida por um golpe de mar. O alerta foi dado por volta das nove da manh\u00e3 de domingo. O acidente ocorreu junto ao molhe da regi\u00e3o costeira de Viana do Castelo. As autoridades est\u00e3o a investigar as circunst\u00e2ncias do sucedido.","og_url":"https:\/\/portaltela.pt\/noticias\/2026\/03\/02\/pescador-morre-na-manha-deste-domingo-em-viana-do-castelo\/","og_site_name":"Portal Tela Portugal","article_published_time":"2026-03-02T15:47:51+00:00","author":"Telinha","twitter_card":"summary_large_image","twitter_misc":{"Escrito por":"Telinha","Tempo estimado de leitura":"1 minuto"},"schema":{"@context":"https:\/\/schema.org","@graph":[{"@type":"Article","@id":"https:\/\/portaltela.pt\/noticias\/2026\/03\/02\/pescador-morre-na-manha-deste-domingo-em-viana-do-castelo\/#article","isPartOf":{"@id":"https:\/\/portaltela.pt\/noticias\/2026\/03\/02\/pescador-morre-na-manha-deste-domingo-em-viana-do-castelo\/"},"author":{"name":"Telinha","@id":"https:\/\/portaltela.pt\/#\/schema\/person\/c4278d4a6028830caff9ee44b42d32ed"},"headline":"Pescador morre na manh\u00e3 deste domingo em Viana do Castelo","datePublished":"2026-03-02T15:47:51+00:00","mainEntityOfPage":{"@id":"https:\/\/portaltela.pt\/noticias\/2026\/03\/02\/pescador-morre-na-manha-deste-domingo-em-viana-do-castelo\/"},"wordCount":130,"image":{"@id":"https:\/\/portaltela.pt\/noticias\/2026\/03\/02\/pescador-morre-na-manha-deste-domingo-em-viana-do-castelo\/#primaryimage"},"thumbnailUrl":"https:\/\/portaltela.pt\/s.01k8rhncp4jt1\/2026\/03\/img_1280x722uu2026-03-02-15-21-33-2269935.jpg","keywords":["acidente mar\u00edtimo","Marinha","pesca","Pescadores","Pol\u00edcia de Seguran\u00e7a P\u00fablica","Viana do Castelo"],"articleSection":["Not\u00edcias"],"inLanguage":"pt-PT"},{"@type":"WebPage","@id":"https:\/\/portaltela.pt\/noticias\/2026\/03\/02\/pescador-morre-na-manha-deste-domingo-em-viana-do-castelo\/","url":"https:\/\/portaltela.pt\/noticias\/2026\/03\/02\/pescador-morre-na-manha-deste-domingo-em-viana-do-castelo\/","name":"Pescador morre na manh\u00e3 deste domingo em Viana do Castelo - Portal Tela Portugal","isPartOf":{"@id":"https:\/\/portaltela.pt\/#website"},"primaryImageOfPage":{"@id":"https:\/\/portaltela.pt\/noticias\/2026\/03\/02\/pescador-morre-na-manha-deste-domingo-em-viana-do-castelo\/#primaryimage"},"image":{"@id":"https:\/\/portaltela.pt\/noticias\/2026\/03\/02\/pescador-morre-na-manha-deste-domingo-em-viana-do-castelo\/#primaryimage"},"thumbnailUrl":"https:\/\/portaltela.pt\/s.01k8rhncp4jt1\/2026\/03\/img_1280x722uu2026-03-02-15-21-33-2269935.jpg","datePublished":"2026-03-02T15:47:51+00:00","author":{"@id":"https:\/\/portaltela.pt\/#\/schema\/person\/c4278d4a6028830caff9ee44b42d32ed"},"breadcrumb":{"@id":"https:\/\/portaltela.pt\/noticias\/2026\/03\/02\/pescador-morre-na-manha-deste-domingo-em-viana-do-castelo\/#breadcrumb"},"inLanguage":"pt-PT","potentialAction":[{"@type":"ReadAction","target":["https:\/\/portaltela.pt\/noticias\/2026\/03\/02\/pescador-morre-na-manha-deste-domingo-em-viana-do-castelo\/"]}]},{"@type":"ImageObject","inLanguage":"pt-PT","@id":"https:\/\/portaltela.pt\/noticias\/2026\/03\/02\/pescador-morre-na-manha-deste-domingo-em-viana-do-castelo\/#primaryimage","url":"https:\/\/portaltela.pt\/s.01k8rhncp4jt1\/2026\/03\/img_1280x722uu2026-03-02-15-21-33-2269935.jpg","contentUrl":"https:\/\/portaltela.pt\/s.01k8rhncp4jt1\/2026\/03\/img_1280x722uu2026-03-02-15-21-33-2269935.jpg","width":1280,"height":722,"caption":"Photo"},{"@type":"BreadcrumbList","@id":"https:\/\/portaltela.pt\/noticias\/2026\/03\/02\/pescador-morre-na-manha-deste-domingo-em-viana-do-castelo\/#breadcrumb","itemListElement":[{"@type":"ListItem","position":1,"name":"In\u00edcio","item":"https:\/\/portaltela.pt\/"},{"@type":"ListItem","position":2,"name":"Pescador morre na manh\u00e3 deste domingo em Viana do Castelo"}]},{"@type":"WebSite","@id":"https:\/\/portaltela.pt\/#website","url":"https:\/\/portaltela.pt\/","name":"Portal Tela Portugal","description":"","potentialAction":[{"@type":"SearchAction","target":{"@type":"EntryPoint","urlTemplate":"https:\/\/portaltela.pt\/?s={search_term_string}"},"query-input":{"@type":"PropertyValueSpecification","valueRequired":true,"valueName":"search_term_string"}}],"inLanguage":"pt-PT"},{"@type":"Person","@id":"https:\/\/portaltela.pt\/#\/schema\/person\/c4278d4a6028830caff9ee44b42d32ed","name":"Telinha","image":{"@type":"ImageObject","inLanguage":"pt-PT","@id":"https:\/\/portaltela.pt\/s.01k8rhncp4jt1\/2025\/11\/talking-bot-125x125.png","url":"https:\/\/portaltela.pt\/s.01k8rhncp4jt1\/2025\/11\/talking-bot-125x125.png","contentUrl":"https:\/\/portaltela.pt\/s.01k8rhncp4jt1\/2025\/11\/talking-bot-125x125.png","caption":"Telinha"},"sameAs":["https:\/\/portaltela.pt\/"],"url":"https:\/\/portaltela.pt\/por\/367410592786\/"}]}},"_links":{"self":[{"href":"https:\/\/portaltela.pt\/api\/wp\/v2\/posts\/394516","targetHints":{"allow":["GET"]}}],"collection":[{"href":"https:\/\/portaltela.pt\/api\/wp\/v2\/posts"}],"about":[{"href":"https:\/\/portaltela.pt\/api\/wp\/v2\/types\/post"}],"author":[{"embeddable":true,"href":"https:\/\/portaltela.pt\/api\/wp\/v2\/users\/2"}],"replies":[{"embeddable":true,"href":"https:\/\/portaltela.pt\/api\/wp\/v2\/comments?post=394516"}],"version-history":[{"count":0,"href":"https:\/\/portaltela.pt\/api\/wp\/v2\/posts\/394516\/revisions"}],"wp:featuredmedia":[{"embeddable":true,"href":"https:\/\/portaltela.pt\/api\/wp\/v2\/media\/394522"}],"wp:attachment":[{"href":"https:\/\/portaltela.pt\/api\/wp\/v2\/media?parent=394516"}],"wp:term":[{"taxonomy":"category","embeddable":true,"href":"https:\/\/portaltela.pt\/api\/wp\/v2\/categories?post=394516"},{"taxonomy":"post_tag","embeddable":true,"href":"https:\/\/portaltela.pt\/api\/wp\/v2\/tags?post=394516"}],"curies":[{"name":"wp","href":"https:\/\/api.w.org\/{rel}","templated":true}]}}