{"id":394457,"date":"2026-03-02T11:50:00","date_gmt":"2026-03-02T14:50:00","guid":{"rendered":"https:\/\/portaltela.pt\/noticias\/2026\/03\/02\/cinco-caminhos-para-um-inverno-em-flor\/"},"modified":"2026-03-02T11:50:00","modified_gmt":"2026-03-02T14:50:00","slug":"cinco-caminhos-para-um-inverno-em-flor","status":"publish","type":"post","link":"https:\/\/portaltela.pt\/noticias\/2026\/03\/02\/cinco-caminhos-para-um-inverno-em-flor\/","title":{"rendered":"Cinco caminhos para um inverno em flor"},"content":{"rendered":"<p>Cinco escolhas para um inverno em flor guia leitores por um conjunto de eventos que unem vinho, cultura e tradi\u00e7\u00e3o. Em Alvito, o Young n&#8221;Wild Festival acontece de 6 a 8 de mar\u00e7o, no Castelo de Alvito e Grutas do Rossio, para celebrar o Baixo Alentejo, Cidade Europeia do Vinho 2026. A programa\u00e7\u00e3o destaca novas propostas de vinhos nacionais, com visitas culturais, passeios de bicicleta, m\u00fasica ao vivo e provas. A Prova Solid\u00e1ria Fitapreta, no dia 7, custa 50 euros e reverte receita para a Associa\u00e7\u00e3o Humanit\u00e1ria de Bombeiros Volunt\u00e1rios do Concelho do Alvito.<\/p>\n<p>Vamos a Lisboa, onde no dia 7 o leit\u00e3o assado de tr\u00eas casas de renome estar\u00e1 na Pra\u00e7a Beato, entre as 12h e as 18h. Doses individuais custam 12 euros, acompanhadas de batata frita, laranja e salada. Restaurantes da Bairrada participam com mais de 40 espumantes, vendidos em garrafa ou copo. Haver\u00e1 tamb\u00e9m op\u00e7\u00f5es de takeaway, leit\u00e3o em forma de sandes e provas comentadas de espumantes por 15 euros cada.<\/p>\n<h3>Porto e cam\u00e9lias<\/h3>\n<p>No Porto, a 30.\u00aa Exposi\u00e7\u00e3o de Cam\u00e9lias decorre no Pal\u00e1cio da Bolsa nos dias 7 e 8 de mar\u00e7o. Produtores e apreciadores exibem as melhores exemplares, com pr\u00e9mios para Melhor Cam\u00e9lia, Melhor Cam\u00e9lia de Origem Portuguesa e Melhor Ornamenta\u00e7\u00e3o de Mesa. A mostra inclui apresenta\u00e7\u00f5es como a \u00f3pera A Traviata &#8211; A \u00f3pera das cam\u00e9lias, e workshops de reprodu\u00e7\u00e3o de cam\u00e9lias, com entrada livre.<\/p>\n<h3>Algarve em prova e cinema em Vila do Conde<\/h3>\n<p>Em Vilamoura, o En\u00f3philo Wine Fest Algarve acontece a 7 de mar\u00e7o, das 15h \u00e0s 20h, no Hotel Dom Pedro. O evento junta mais de 40 produtores e cerca de 350 vinhos, com duas provas especiais e um workshop de introdu\u00e7\u00e3o \u00e0 prova de vinhos. Bilhetes at\u00e9 6 de mar\u00e7o custam 19,90 euros, com copo inclu\u00eddo; provas especiais e workshop s\u00e3o pagos \u00e0 parte.<\/p>\n<p>No mesmo dia 7, come\u00e7a a 21.\u00aa edi\u00e7\u00e3o da ANIMAR em Vila do Conde, centrada no cinema de anima\u00e7\u00e3o. O programa destaca produ\u00e7\u00e3o nacional recente e decorre na Solar &#8211; Galeria de Arte Cinem\u00e1tica, com sess\u00e3o de abertura e a apresenta\u00e7\u00e3o de \u00c2ngelo na floresta m\u00e1gica (2024). A exposi\u00e7\u00e3o coletiva Animar 21 permanece aberta at\u00e9 13 de junho, com atividades associadas.<\/p>\n<h3>Observa\u00e7\u00f5es finais<\/h3>\n<p>A sele\u00e7\u00e3o deste fim de semana visa oferecer experi\u00eancias diversas sem sobreposi\u00e7\u00e3o de hor\u00e1rios. Os bilhetes variam entre eventos gratuitos e entradas pagas, com op\u00e7\u00f5es de provas de vinho e workshops para diferentes or\u00e7amentos. As informa\u00e7\u00f5es de bilheteira refletem condi\u00e7\u00f5es anunciadas pelas organiza\u00e7\u00f5es parceiras.<\/p>\n","protected":false},"excerpt":{"rendered":"<ul>\n<li>O Young n&#8221;Wild Festival realiza-se de 6 a 8 de mar\u00e7o em Alvito, com bilhete di\u00e1rio a 15 euros e copo inclu\u00eddo, no Castelo de Alvito e Grutas do Rossio, para promover vinhos portugueses; inclui prova solid\u00e1ria a favor dos Bombeiros Volunt\u00e1rios do concelho de Alvito (dia 7).<\/li>\n<li>Em Lisboa, a 7 de mar\u00e7o, a Festa do Leit\u00e3o e do Espumante oferece leit\u00e3o assado em doses de 12 euros, acompanhadas de batata, laranja e salada, com v\u00e1rias casas bairradinas e mais de quarenta espumantes; entrada livre mediante compra do copo.<\/li>\n<li>No Porto, a 30.\u00aa Exposi\u00e7\u00e3o de Cam\u00e9lias decorre no Pal\u00e1cio da Bolsa, entre 7 e 8 de mar\u00e7o, com pr\u00e9mios a v\u00e1rias categorias, atividades para todas as idades e entrada livre.<\/li>\n<li>O En\u00f3philo Wine Fest Algarve, em Vilamoura a 7 de mar\u00e7o, traz cerca de 350 vinhos de mais de quarenta produtores; bilhete at\u00e9 ao dia 6 a 19,90 euros, com copo inclu\u00eddo, e provas especiais\/workshop pagos separadamente.<\/li>\n<li>Em Vila do Conde, a 7 de mar\u00e7o come\u00e7a a 21.\u00aa edi\u00e7\u00e3o da ANIMAR, com foco em cinema de anima\u00e7\u00e3o nacional, abertura com a obra \u00c2ngelo na floresta m\u00e1gica e exposi\u00e7\u00e3o coletiva na Solar, terminando com uma sess\u00e3o ao ar livre a 13 de junho.<\/li>\n<\/ul>\n","protected":false},"author":2,"featured_media":394464,"comment_status":"closed","ping_status":"closed","sticky":false,"template":"","format":"standard","meta":{"footnotes":""},"categories":[1],"tags":[883,6559,112,982,5586,779],"class_list":["post-394457","post","type-post","status-publish","format-standard","has-post-thumbnail","hentry","category-noticias","tag-alentejo","tag-camelias","tag-cinema","tag-porto","tag-vinho","tag-vinhos"],"yoast_head":"<!-- This site is optimized with the Yoast SEO plugin v27.2 - https:\/\/yoast.com\/product\/yoast-seo-wordpress\/ -->\n<title>Cinco caminhos para um inverno em flor - Portal Tela Portugal<\/title>\n<meta name=\"robots\" content=\"index, follow, max-snippet:-1, max-image-preview:large, max-video-preview:-1\" \/>\n<meta property=\"og:locale\" content=\"pt_PT\" \/>\n<meta property=\"og:type\" content=\"article\" \/>\n<meta property=\"og:title\" content=\"Cinco caminhos para um inverno em flor - Portal Tela Portugal\" \/>\n<meta property=\"og:description\" content=\"O Young n&quot;Wild Festival realiza-se de 6 a 8 de mar\u00e7o em Alvito, com bilhete di\u00e1rio a 15 euros e copo inclu\u00eddo, no Castelo de Alvito e Grutas do Rossio, para promover vinhos portugueses; inclui prova solid\u00e1ria a favor dos Bombeiros Volunt\u00e1rios do concelho de Alvito (dia 7). Em Lisboa, a 7 de mar\u00e7o, a Festa do Leit\u00e3o e do Espumante oferece leit\u00e3o assado em doses de 12 euros, acompanhadas de batata, laranja e salada, com v\u00e1rias casas bairradinas e mais de quarenta espumantes; entrada livre mediante compra do copo. No Porto, a 30.\u00aa Exposi\u00e7\u00e3o de Cam\u00e9lias decorre no Pal\u00e1cio da Bolsa, entre 7 e 8 de mar\u00e7o, com pr\u00e9mios a v\u00e1rias categorias, atividades para todas as idades e entrada livre. O En\u00f3philo Wine Fest Algarve, em Vilamoura a 7 de mar\u00e7o, traz cerca de 350 vinhos de mais de quarenta produtores; bilhete at\u00e9 ao dia 6 a 19,90 euros, com copo inclu\u00eddo, e provas especiais\/workshop pagos separadamente. Em Vila do Conde, a 7 de mar\u00e7o come\u00e7a a 21.\u00aa edi\u00e7\u00e3o da ANIMAR, com foco em cinema de anima\u00e7\u00e3o nacional, abertura com a obra \u00c2ngelo na floresta m\u00e1gica e exposi\u00e7\u00e3o coletiva na Solar, terminando com uma sess\u00e3o ao ar livre a 13 de junho.\" \/>\n<meta property=\"og:url\" content=\"https:\/\/portaltela.pt\/noticias\/2026\/03\/02\/cinco-caminhos-para-um-inverno-em-flor\/\" \/>\n<meta property=\"og:site_name\" content=\"Portal Tela Portugal\" \/>\n<meta property=\"article:published_time\" content=\"2026-03-02T14:50:00+00:00\" \/>\n<meta name=\"author\" content=\"Telinha\" \/>\n<meta name=\"twitter:card\" content=\"summary_large_image\" \/>\n<meta name=\"twitter:label1\" content=\"Escrito por\" \/>\n\t<meta name=\"twitter:data1\" content=\"Telinha\" \/>\n\t<meta name=\"twitter:label2\" content=\"Tempo estimado de leitura\" \/>\n\t<meta name=\"twitter:data2\" content=\"2 minutos\" \/>\n<script type=\"application\/ld+json\" class=\"yoast-schema-graph\">{\"@context\":\"https:\/\/schema.org\",\"@graph\":[{\"@type\":\"Article\",\"@id\":\"https:\/\/portaltela.pt\/noticias\/2026\/03\/02\/cinco-caminhos-para-um-inverno-em-flor\/#article\",\"isPartOf\":{\"@id\":\"https:\/\/portaltela.pt\/noticias\/2026\/03\/02\/cinco-caminhos-para-um-inverno-em-flor\/\"},\"author\":{\"name\":\"Telinha\",\"@id\":\"https:\/\/portaltela.pt\/#\/schema\/person\/c4278d4a6028830caff9ee44b42d32ed\"},\"headline\":\"Cinco caminhos para um inverno em flor\",\"datePublished\":\"2026-03-02T14:50:00+00:00\",\"mainEntityOfPage\":{\"@id\":\"https:\/\/portaltela.pt\/noticias\/2026\/03\/02\/cinco-caminhos-para-um-inverno-em-flor\/\"},\"wordCount\":447,\"image\":{\"@id\":\"https:\/\/portaltela.pt\/noticias\/2026\/03\/02\/cinco-caminhos-para-um-inverno-em-flor\/#primaryimage\"},\"thumbnailUrl\":\"https:\/\/portaltela.pt\/s.01k8rhncp4jt1\/2026\/03\/9a13c68c-aaec-4d81-8a8b-bf5601e15c0f_1200x675.jpg\",\"keywords\":[\"Alentejo\",\"cam\u00e9lias\",\"cinema\",\"Porto\",\"vinho\",\"vinhos\"],\"articleSection\":[\"Not\u00edcias\"],\"inLanguage\":\"pt-PT\"},{\"@type\":\"WebPage\",\"@id\":\"https:\/\/portaltela.pt\/noticias\/2026\/03\/02\/cinco-caminhos-para-um-inverno-em-flor\/\",\"url\":\"https:\/\/portaltela.pt\/noticias\/2026\/03\/02\/cinco-caminhos-para-um-inverno-em-flor\/\",\"name\":\"Cinco caminhos para um inverno em flor - Portal Tela Portugal\",\"isPartOf\":{\"@id\":\"https:\/\/portaltela.pt\/#website\"},\"primaryImageOfPage\":{\"@id\":\"https:\/\/portaltela.pt\/noticias\/2026\/03\/02\/cinco-caminhos-para-um-inverno-em-flor\/#primaryimage\"},\"image\":{\"@id\":\"https:\/\/portaltela.pt\/noticias\/2026\/03\/02\/cinco-caminhos-para-um-inverno-em-flor\/#primaryimage\"},\"thumbnailUrl\":\"https:\/\/portaltela.pt\/s.01k8rhncp4jt1\/2026\/03\/9a13c68c-aaec-4d81-8a8b-bf5601e15c0f_1200x675.jpg\",\"datePublished\":\"2026-03-02T14:50:00+00:00\",\"author\":{\"@id\":\"https:\/\/portaltela.pt\/#\/schema\/person\/c4278d4a6028830caff9ee44b42d32ed\"},\"breadcrumb\":{\"@id\":\"https:\/\/portaltela.pt\/noticias\/2026\/03\/02\/cinco-caminhos-para-um-inverno-em-flor\/#breadcrumb\"},\"inLanguage\":\"pt-PT\",\"potentialAction\":[{\"@type\":\"ReadAction\",\"target\":[\"https:\/\/portaltela.pt\/noticias\/2026\/03\/02\/cinco-caminhos-para-um-inverno-em-flor\/\"]}]},{\"@type\":\"ImageObject\",\"inLanguage\":\"pt-PT\",\"@id\":\"https:\/\/portaltela.pt\/noticias\/2026\/03\/02\/cinco-caminhos-para-um-inverno-em-flor\/#primaryimage\",\"url\":\"https:\/\/portaltela.pt\/s.01k8rhncp4jt1\/2026\/03\/9a13c68c-aaec-4d81-8a8b-bf5601e15c0f_1200x675.jpg\",\"contentUrl\":\"https:\/\/portaltela.pt\/s.01k8rhncp4jt1\/2026\/03\/9a13c68c-aaec-4d81-8a8b-bf5601e15c0f_1200x675.jpg\",\"width\":796,\"height\":448,\"caption\":\"Imagem de contexto do artigo Cinco escolhas para um inverno em flor\"},{\"@type\":\"BreadcrumbList\",\"@id\":\"https:\/\/portaltela.pt\/noticias\/2026\/03\/02\/cinco-caminhos-para-um-inverno-em-flor\/#breadcrumb\",\"itemListElement\":[{\"@type\":\"ListItem\",\"position\":1,\"name\":\"In\u00edcio\",\"item\":\"https:\/\/portaltela.pt\/\"},{\"@type\":\"ListItem\",\"position\":2,\"name\":\"Cinco caminhos para um inverno em flor\"}]},{\"@type\":\"WebSite\",\"@id\":\"https:\/\/portaltela.pt\/#website\",\"url\":\"https:\/\/portaltela.pt\/\",\"name\":\"Portal Tela Portugal\",\"description\":\"\",\"potentialAction\":[{\"@type\":\"SearchAction\",\"target\":{\"@type\":\"EntryPoint\",\"urlTemplate\":\"https:\/\/portaltela.pt\/?s={search_term_string}\"},\"query-input\":{\"@type\":\"PropertyValueSpecification\",\"valueRequired\":true,\"valueName\":\"search_term_string\"}}],\"inLanguage\":\"pt-PT\"},{\"@type\":\"Person\",\"@id\":\"https:\/\/portaltela.pt\/#\/schema\/person\/c4278d4a6028830caff9ee44b42d32ed\",\"name\":\"Telinha\",\"image\":{\"@type\":\"ImageObject\",\"inLanguage\":\"pt-PT\",\"@id\":\"https:\/\/portaltela.pt\/s.01k8rhncp4jt1\/2025\/11\/talking-bot-125x125.png\",\"url\":\"https:\/\/portaltela.pt\/s.01k8rhncp4jt1\/2025\/11\/talking-bot-125x125.png\",\"contentUrl\":\"https:\/\/portaltela.pt\/s.01k8rhncp4jt1\/2025\/11\/talking-bot-125x125.png\",\"caption\":\"Telinha\"},\"sameAs\":[\"https:\/\/portaltela.pt\/\"],\"url\":\"https:\/\/portaltela.pt\/por\/367410592786\/\"}]}<\/script>\n<!-- \/ Yoast SEO plugin. -->","yoast_head_json":{"title":"Cinco caminhos para um inverno em flor - Portal Tela Portugal","robots":{"index":"index","follow":"follow","max-snippet":"max-snippet:-1","max-image-preview":"max-image-preview:large","max-video-preview":"max-video-preview:-1"},"og_locale":"pt_PT","og_type":"article","og_title":"Cinco caminhos para um inverno em flor - Portal Tela Portugal","og_description":"O Young n\"Wild Festival realiza-se de 6 a 8 de mar\u00e7o em Alvito, com bilhete di\u00e1rio a 15 euros e copo inclu\u00eddo, no Castelo de Alvito e Grutas do Rossio, para promover vinhos portugueses; inclui prova solid\u00e1ria a favor dos Bombeiros Volunt\u00e1rios do concelho de Alvito (dia 7). Em Lisboa, a 7 de mar\u00e7o, a Festa do Leit\u00e3o e do Espumante oferece leit\u00e3o assado em doses de 12 euros, acompanhadas de batata, laranja e salada, com v\u00e1rias casas bairradinas e mais de quarenta espumantes; entrada livre mediante compra do copo. No Porto, a 30.\u00aa Exposi\u00e7\u00e3o de Cam\u00e9lias decorre no Pal\u00e1cio da Bolsa, entre 7 e 8 de mar\u00e7o, com pr\u00e9mios a v\u00e1rias categorias, atividades para todas as idades e entrada livre. O En\u00f3philo Wine Fest Algarve, em Vilamoura a 7 de mar\u00e7o, traz cerca de 350 vinhos de mais de quarenta produtores; bilhete at\u00e9 ao dia 6 a 19,90 euros, com copo inclu\u00eddo, e provas especiais\/workshop pagos separadamente. Em Vila do Conde, a 7 de mar\u00e7o come\u00e7a a 21.\u00aa edi\u00e7\u00e3o da ANIMAR, com foco em cinema de anima\u00e7\u00e3o nacional, abertura com a obra \u00c2ngelo na floresta m\u00e1gica e exposi\u00e7\u00e3o coletiva na Solar, terminando com uma sess\u00e3o ao ar livre a 13 de junho.","og_url":"https:\/\/portaltela.pt\/noticias\/2026\/03\/02\/cinco-caminhos-para-um-inverno-em-flor\/","og_site_name":"Portal Tela Portugal","article_published_time":"2026-03-02T14:50:00+00:00","author":"Telinha","twitter_card":"summary_large_image","twitter_misc":{"Escrito por":"Telinha","Tempo estimado de leitura":"2 minutos"},"schema":{"@context":"https:\/\/schema.org","@graph":[{"@type":"Article","@id":"https:\/\/portaltela.pt\/noticias\/2026\/03\/02\/cinco-caminhos-para-um-inverno-em-flor\/#article","isPartOf":{"@id":"https:\/\/portaltela.pt\/noticias\/2026\/03\/02\/cinco-caminhos-para-um-inverno-em-flor\/"},"author":{"name":"Telinha","@id":"https:\/\/portaltela.pt\/#\/schema\/person\/c4278d4a6028830caff9ee44b42d32ed"},"headline":"Cinco caminhos para um inverno em flor","datePublished":"2026-03-02T14:50:00+00:00","mainEntityOfPage":{"@id":"https:\/\/portaltela.pt\/noticias\/2026\/03\/02\/cinco-caminhos-para-um-inverno-em-flor\/"},"wordCount":447,"image":{"@id":"https:\/\/portaltela.pt\/noticias\/2026\/03\/02\/cinco-caminhos-para-um-inverno-em-flor\/#primaryimage"},"thumbnailUrl":"https:\/\/portaltela.pt\/s.01k8rhncp4jt1\/2026\/03\/9a13c68c-aaec-4d81-8a8b-bf5601e15c0f_1200x675.jpg","keywords":["Alentejo","cam\u00e9lias","cinema","Porto","vinho","vinhos"],"articleSection":["Not\u00edcias"],"inLanguage":"pt-PT"},{"@type":"WebPage","@id":"https:\/\/portaltela.pt\/noticias\/2026\/03\/02\/cinco-caminhos-para-um-inverno-em-flor\/","url":"https:\/\/portaltela.pt\/noticias\/2026\/03\/02\/cinco-caminhos-para-um-inverno-em-flor\/","name":"Cinco caminhos para um inverno em flor - Portal Tela Portugal","isPartOf":{"@id":"https:\/\/portaltela.pt\/#website"},"primaryImageOfPage":{"@id":"https:\/\/portaltela.pt\/noticias\/2026\/03\/02\/cinco-caminhos-para-um-inverno-em-flor\/#primaryimage"},"image":{"@id":"https:\/\/portaltela.pt\/noticias\/2026\/03\/02\/cinco-caminhos-para-um-inverno-em-flor\/#primaryimage"},"thumbnailUrl":"https:\/\/portaltela.pt\/s.01k8rhncp4jt1\/2026\/03\/9a13c68c-aaec-4d81-8a8b-bf5601e15c0f_1200x675.jpg","datePublished":"2026-03-02T14:50:00+00:00","author":{"@id":"https:\/\/portaltela.pt\/#\/schema\/person\/c4278d4a6028830caff9ee44b42d32ed"},"breadcrumb":{"@id":"https:\/\/portaltela.pt\/noticias\/2026\/03\/02\/cinco-caminhos-para-um-inverno-em-flor\/#breadcrumb"},"inLanguage":"pt-PT","potentialAction":[{"@type":"ReadAction","target":["https:\/\/portaltela.pt\/noticias\/2026\/03\/02\/cinco-caminhos-para-um-inverno-em-flor\/"]}]},{"@type":"ImageObject","inLanguage":"pt-PT","@id":"https:\/\/portaltela.pt\/noticias\/2026\/03\/02\/cinco-caminhos-para-um-inverno-em-flor\/#primaryimage","url":"https:\/\/portaltela.pt\/s.01k8rhncp4jt1\/2026\/03\/9a13c68c-aaec-4d81-8a8b-bf5601e15c0f_1200x675.jpg","contentUrl":"https:\/\/portaltela.pt\/s.01k8rhncp4jt1\/2026\/03\/9a13c68c-aaec-4d81-8a8b-bf5601e15c0f_1200x675.jpg","width":796,"height":448,"caption":"Imagem de contexto do artigo Cinco escolhas para um inverno em flor"},{"@type":"BreadcrumbList","@id":"https:\/\/portaltela.pt\/noticias\/2026\/03\/02\/cinco-caminhos-para-um-inverno-em-flor\/#breadcrumb","itemListElement":[{"@type":"ListItem","position":1,"name":"In\u00edcio","item":"https:\/\/portaltela.pt\/"},{"@type":"ListItem","position":2,"name":"Cinco caminhos para um inverno em flor"}]},{"@type":"WebSite","@id":"https:\/\/portaltela.pt\/#website","url":"https:\/\/portaltela.pt\/","name":"Portal Tela Portugal","description":"","potentialAction":[{"@type":"SearchAction","target":{"@type":"EntryPoint","urlTemplate":"https:\/\/portaltela.pt\/?s={search_term_string}"},"query-input":{"@type":"PropertyValueSpecification","valueRequired":true,"valueName":"search_term_string"}}],"inLanguage":"pt-PT"},{"@type":"Person","@id":"https:\/\/portaltela.pt\/#\/schema\/person\/c4278d4a6028830caff9ee44b42d32ed","name":"Telinha","image":{"@type":"ImageObject","inLanguage":"pt-PT","@id":"https:\/\/portaltela.pt\/s.01k8rhncp4jt1\/2025\/11\/talking-bot-125x125.png","url":"https:\/\/portaltela.pt\/s.01k8rhncp4jt1\/2025\/11\/talking-bot-125x125.png","contentUrl":"https:\/\/portaltela.pt\/s.01k8rhncp4jt1\/2025\/11\/talking-bot-125x125.png","caption":"Telinha"},"sameAs":["https:\/\/portaltela.pt\/"],"url":"https:\/\/portaltela.pt\/por\/367410592786\/"}]}},"_links":{"self":[{"href":"https:\/\/portaltela.pt\/api\/wp\/v2\/posts\/394457","targetHints":{"allow":["GET"]}}],"collection":[{"href":"https:\/\/portaltela.pt\/api\/wp\/v2\/posts"}],"about":[{"href":"https:\/\/portaltela.pt\/api\/wp\/v2\/types\/post"}],"author":[{"embeddable":true,"href":"https:\/\/portaltela.pt\/api\/wp\/v2\/users\/2"}],"replies":[{"embeddable":true,"href":"https:\/\/portaltela.pt\/api\/wp\/v2\/comments?post=394457"}],"version-history":[{"count":0,"href":"https:\/\/portaltela.pt\/api\/wp\/v2\/posts\/394457\/revisions"}],"wp:featuredmedia":[{"embeddable":true,"href":"https:\/\/portaltela.pt\/api\/wp\/v2\/media\/394464"}],"wp:attachment":[{"href":"https:\/\/portaltela.pt\/api\/wp\/v2\/media?parent=394457"}],"wp:term":[{"taxonomy":"category","embeddable":true,"href":"https:\/\/portaltela.pt\/api\/wp\/v2\/categories?post=394457"},{"taxonomy":"post_tag","embeddable":true,"href":"https:\/\/portaltela.pt\/api\/wp\/v2\/tags?post=394457"}],"curies":[{"name":"wp","href":"https:\/\/api.w.org\/{rel}","templated":true}]}}