{"id":394427,"date":"2026-03-02T11:37:00","date_gmt":"2026-03-02T14:37:00","guid":{"rendered":"https:\/\/portaltela.pt\/noticias\/2026\/03\/02\/obriga-se-a-usar-cadeira-de-rodas-num-trajeto-de-terra-apos-remocao-da-travessia\/"},"modified":"2026-03-02T11:37:00","modified_gmt":"2026-03-02T14:37:00","slug":"obriga-se-a-usar-cadeira-de-rodas-num-trajeto-de-terra-apos-remocao-da-travessia","status":"publish","type":"post","link":"https:\/\/portaltela.pt\/noticias\/2026\/03\/02\/obriga-se-a-usar-cadeira-de-rodas-num-trajeto-de-terra-apos-remocao-da-travessia\/","title":{"rendered":"Obriga-se a usar cadeira de rodas num trajeto de terra ap\u00f3s remo\u00e7\u00e3o da travessia"},"content":{"rendered":"<p>Um morador de Oliveira de Azem\u00e9is enfrenta h\u00e1 cerca de um ano uma desloca\u00e7\u00e3o dif\u00edcil at\u00e9 ao trabalho, devido a uma via de terra batida criada ap\u00f3s a remo\u00e7\u00e3o de uma travessia pedonal da Linha do Vouga. A obra eliminou passagens de n\u00edvel e n\u00e3o foi cumprido o asfaltamento previsto para a alternativa. A informa\u00e7\u00e3o \u00e9 avan\u00e7ada pela Lusa, com relatos de Tiago Jo\u00e3o Sousa.<\/p>\n<p>Segundo o que o cidad\u00e3o contou, a via degradada tem causado danos \u00e0 cadeira el\u00e9trica e dificulta a mobilidade, piorando em dias de chuva. A travessia improvisada apresenta desn\u00edveis entre 20 e 30 cent\u00edmetros, tornando-a impratic\u00e1vel para uma cadeira de rodas.<\/p>\n<p>Todos os dias, o utilizador percorre cerca de 300 metros em terra batida e depois 500 metros por estrada, para chegar ao local de trabalho no pinhal da Bemposta. Outros moradores ainda atravessam a linha, mas para Tiago essa op\u00e7\u00e3o n\u00e3o \u00e9 vi\u00e1vel pela diferen\u00e7a de terreno.<\/p>\n<h3>Resposta das autoridades<\/h3>\n<p>O presidente da Junta da Uni\u00e3o de Freguesias de Pinheiro da Bemposta, Travanca e Palmaz pediu \u00e0 C\u00e2mara Municipal que avaliasse melhorias na mobilidade da zona. A autarquia reconhece a situa\u00e7\u00e3o como a \u00fanica alternativa existente e ainda n\u00e3o pavimentada, e afirma estudar o cumprimento de um protocolo de 2008 com a REFER.<\/p>\n<p>A C\u00e2mara sustenta que reabrir a antiga passagem n\u00e3o \u00e9 poss\u00edvel por quest\u00f5es de seguran\u00e7a. A IP, por sua vez, explica que a elimina\u00e7\u00e3o das passagens de n\u00edvel exige acordo com os munic\u00edpios e que a alternativa a menos de 300 metros foi considerada, embora o atravessamento informal seja classificado como ilegal e de alto risco. A IP acrescenta que, embora n\u00e3o haja circula\u00e7\u00e3o de transporte p\u00fablico no momento, a linha continua a ser usada para manobras de material t\u00e9cnico.<\/p>\n","protected":false},"excerpt":{"rendered":"<ul>\n<li>Um cidad\u00e3o de Oliveira de Azem\u00e9is \u00e9 obrigado a deslocar-se de cadeira de rodas por um caminho de terra batida ap\u00f3s a remo\u00e7\u00e3o de uma travessia pedonal na Linha do Vouga.<\/li>\n<li>Diariamente percorre trezentos metros em terra batida e mais quinhentos metros por via p\u00fablica para chegar ao mesmo ponto de acesso, o que torna a desloca\u00e7\u00e3o mais demorada.<\/li>\n<li>A alternativa asfaltada dispon\u00edvel n\u00e3o possui passeios com dimens\u00f5es adequadas para cadeira de rodas, obrigando-o a circular pela faixa de rodagem com riscos acrescidos.<\/li>\n<li>A C\u00e2mara Municipal est\u00e1 a avaliar o protocolo de 2008 com a Infraestruturas de Portugal e a REFER; a IP diz que a elimina\u00e7\u00e3o da passagem foi realizada em conformidade com a lei, e que o atravessamento informal \u00e9 ilegal e perigoso.<\/li>\n<li>V\u00e1rias entidades j\u00e1 foram contactadas pelo morador ao longo de cerca de um ano, sem solu\u00e7\u00e3o pr\u00e1tica at\u00e9 ao momento.<\/li>\n<\/ul>\n","protected":false},"author":2,"featured_media":394439,"comment_status":"closed","ping_status":"closed","sticky":false,"template":"","format":"standard","meta":{"footnotes":""},"categories":[1],"tags":[1083,1615,3263,2737,2761,4353],"class_list":["post-394427","post","type-post","status-publish","format-standard","has-post-thumbnail","hentry","category-noticias","tag-estradas","tag-infraestrutura","tag-mobilidade-urbana","tag-pessoas-com-deficiencia","tag-seguranca-rodoviaria","tag-vias-publicas"],"yoast_head":"<!-- This site is optimized with the Yoast SEO plugin v27.2 - https:\/\/yoast.com\/product\/yoast-seo-wordpress\/ -->\n<title>Obriga-se a usar cadeira de rodas num trajeto de terra ap\u00f3s remo\u00e7\u00e3o da travessia - Portal Tela Portugal<\/title>\n<meta name=\"robots\" content=\"index, follow, max-snippet:-1, max-image-preview:large, max-video-preview:-1\" \/>\n<meta property=\"og:locale\" content=\"pt_PT\" \/>\n<meta property=\"og:type\" content=\"article\" \/>\n<meta property=\"og:title\" content=\"Obriga-se a usar cadeira de rodas num trajeto de terra ap\u00f3s remo\u00e7\u00e3o da travessia - Portal Tela Portugal\" \/>\n<meta property=\"og:description\" content=\"Um cidad\u00e3o de Oliveira de Azem\u00e9is \u00e9 obrigado a deslocar-se de cadeira de rodas por um caminho de terra batida ap\u00f3s a remo\u00e7\u00e3o de uma travessia pedonal na Linha do Vouga. Diariamente percorre trezentos metros em terra batida e mais quinhentos metros por via p\u00fablica para chegar ao mesmo ponto de acesso, o que torna a desloca\u00e7\u00e3o mais demorada. A alternativa asfaltada dispon\u00edvel n\u00e3o possui passeios com dimens\u00f5es adequadas para cadeira de rodas, obrigando-o a circular pela faixa de rodagem com riscos acrescidos. A C\u00e2mara Municipal est\u00e1 a avaliar o protocolo de 2008 com a Infraestruturas de Portugal e a REFER; a IP diz que a elimina\u00e7\u00e3o da passagem foi realizada em conformidade com a lei, e que o atravessamento informal \u00e9 ilegal e perigoso. V\u00e1rias entidades j\u00e1 foram contactadas pelo morador ao longo de cerca de um ano, sem solu\u00e7\u00e3o pr\u00e1tica at\u00e9 ao momento.\" \/>\n<meta property=\"og:url\" content=\"https:\/\/portaltela.pt\/noticias\/2026\/03\/02\/obriga-se-a-usar-cadeira-de-rodas-num-trajeto-de-terra-apos-remocao-da-travessia\/\" \/>\n<meta property=\"og:site_name\" content=\"Portal Tela Portugal\" \/>\n<meta property=\"article:published_time\" content=\"2026-03-02T14:37:00+00:00\" \/>\n<meta name=\"author\" content=\"Telinha\" \/>\n<meta name=\"twitter:card\" content=\"summary_large_image\" \/>\n<meta name=\"twitter:label1\" content=\"Escrito por\" \/>\n\t<meta name=\"twitter:data1\" content=\"Telinha\" \/>\n\t<meta name=\"twitter:label2\" content=\"Tempo estimado de leitura\" \/>\n\t<meta name=\"twitter:data2\" content=\"2 minutos\" \/>\n<script type=\"application\/ld+json\" class=\"yoast-schema-graph\">{\"@context\":\"https:\/\/schema.org\",\"@graph\":[{\"@type\":\"Article\",\"@id\":\"https:\/\/portaltela.pt\/noticias\/2026\/03\/02\/obriga-se-a-usar-cadeira-de-rodas-num-trajeto-de-terra-apos-remocao-da-travessia\/#article\",\"isPartOf\":{\"@id\":\"https:\/\/portaltela.pt\/noticias\/2026\/03\/02\/obriga-se-a-usar-cadeira-de-rodas-num-trajeto-de-terra-apos-remocao-da-travessia\/\"},\"author\":{\"name\":\"Telinha\",\"@id\":\"https:\/\/portaltela.pt\/#\/schema\/person\/c4278d4a6028830caff9ee44b42d32ed\"},\"headline\":\"Obriga-se a usar cadeira de rodas num trajeto de terra ap\u00f3s remo\u00e7\u00e3o da travessia\",\"datePublished\":\"2026-03-02T14:37:00+00:00\",\"mainEntityOfPage\":{\"@id\":\"https:\/\/portaltela.pt\/noticias\/2026\/03\/02\/obriga-se-a-usar-cadeira-de-rodas-num-trajeto-de-terra-apos-remocao-da-travessia\/\"},\"wordCount\":329,\"image\":{\"@id\":\"https:\/\/portaltela.pt\/noticias\/2026\/03\/02\/obriga-se-a-usar-cadeira-de-rodas-num-trajeto-de-terra-apos-remocao-da-travessia\/#primaryimage\"},\"thumbnailUrl\":\"https:\/\/portaltela.pt\/s.01k8rhncp4jt1\/2026\/03\/image-86.jpg\",\"keywords\":[\"estradas\",\"infraestrutura\",\"mobilidade urbana\",\"pessoas com defici\u00eancia\",\"seguran\u00e7a rodovi\u00e1ria\",\"vias p\u00fablicas\"],\"articleSection\":[\"Not\u00edcias\"],\"inLanguage\":\"pt-PT\"},{\"@type\":\"WebPage\",\"@id\":\"https:\/\/portaltela.pt\/noticias\/2026\/03\/02\/obriga-se-a-usar-cadeira-de-rodas-num-trajeto-de-terra-apos-remocao-da-travessia\/\",\"url\":\"https:\/\/portaltela.pt\/noticias\/2026\/03\/02\/obriga-se-a-usar-cadeira-de-rodas-num-trajeto-de-terra-apos-remocao-da-travessia\/\",\"name\":\"Obriga-se a usar cadeira de rodas num trajeto de terra ap\u00f3s remo\u00e7\u00e3o da travessia - Portal Tela Portugal\",\"isPartOf\":{\"@id\":\"https:\/\/portaltela.pt\/#website\"},\"primaryImageOfPage\":{\"@id\":\"https:\/\/portaltela.pt\/noticias\/2026\/03\/02\/obriga-se-a-usar-cadeira-de-rodas-num-trajeto-de-terra-apos-remocao-da-travessia\/#primaryimage\"},\"image\":{\"@id\":\"https:\/\/portaltela.pt\/noticias\/2026\/03\/02\/obriga-se-a-usar-cadeira-de-rodas-num-trajeto-de-terra-apos-remocao-da-travessia\/#primaryimage\"},\"thumbnailUrl\":\"https:\/\/portaltela.pt\/s.01k8rhncp4jt1\/2026\/03\/image-86.jpg\",\"datePublished\":\"2026-03-02T14:37:00+00:00\",\"author\":{\"@id\":\"https:\/\/portaltela.pt\/#\/schema\/person\/c4278d4a6028830caff9ee44b42d32ed\"},\"breadcrumb\":{\"@id\":\"https:\/\/portaltela.pt\/noticias\/2026\/03\/02\/obriga-se-a-usar-cadeira-de-rodas-num-trajeto-de-terra-apos-remocao-da-travessia\/#breadcrumb\"},\"inLanguage\":\"pt-PT\",\"potentialAction\":[{\"@type\":\"ReadAction\",\"target\":[\"https:\/\/portaltela.pt\/noticias\/2026\/03\/02\/obriga-se-a-usar-cadeira-de-rodas-num-trajeto-de-terra-apos-remocao-da-travessia\/\"]}]},{\"@type\":\"ImageObject\",\"inLanguage\":\"pt-PT\",\"@id\":\"https:\/\/portaltela.pt\/noticias\/2026\/03\/02\/obriga-se-a-usar-cadeira-de-rodas-num-trajeto-de-terra-apos-remocao-da-travessia\/#primaryimage\",\"url\":\"https:\/\/portaltela.pt\/s.01k8rhncp4jt1\/2026\/03\/image-86.jpg\",\"contentUrl\":\"https:\/\/portaltela.pt\/s.01k8rhncp4jt1\/2026\/03\/image-86.jpg\",\"width\":796,\"height\":448,\"caption\":\"Foto: Pexels\"},{\"@type\":\"BreadcrumbList\",\"@id\":\"https:\/\/portaltela.pt\/noticias\/2026\/03\/02\/obriga-se-a-usar-cadeira-de-rodas-num-trajeto-de-terra-apos-remocao-da-travessia\/#breadcrumb\",\"itemListElement\":[{\"@type\":\"ListItem\",\"position\":1,\"name\":\"In\u00edcio\",\"item\":\"https:\/\/portaltela.pt\/\"},{\"@type\":\"ListItem\",\"position\":2,\"name\":\"Obriga-se a usar cadeira de rodas num trajeto de terra ap\u00f3s remo\u00e7\u00e3o da travessia\"}]},{\"@type\":\"WebSite\",\"@id\":\"https:\/\/portaltela.pt\/#website\",\"url\":\"https:\/\/portaltela.pt\/\",\"name\":\"Portal Tela Portugal\",\"description\":\"\",\"potentialAction\":[{\"@type\":\"SearchAction\",\"target\":{\"@type\":\"EntryPoint\",\"urlTemplate\":\"https:\/\/portaltela.pt\/?s={search_term_string}\"},\"query-input\":{\"@type\":\"PropertyValueSpecification\",\"valueRequired\":true,\"valueName\":\"search_term_string\"}}],\"inLanguage\":\"pt-PT\"},{\"@type\":\"Person\",\"@id\":\"https:\/\/portaltela.pt\/#\/schema\/person\/c4278d4a6028830caff9ee44b42d32ed\",\"name\":\"Telinha\",\"image\":{\"@type\":\"ImageObject\",\"inLanguage\":\"pt-PT\",\"@id\":\"https:\/\/portaltela.pt\/s.01k8rhncp4jt1\/2025\/11\/talking-bot-125x125.png\",\"url\":\"https:\/\/portaltela.pt\/s.01k8rhncp4jt1\/2025\/11\/talking-bot-125x125.png\",\"contentUrl\":\"https:\/\/portaltela.pt\/s.01k8rhncp4jt1\/2025\/11\/talking-bot-125x125.png\",\"caption\":\"Telinha\"},\"sameAs\":[\"https:\/\/portaltela.pt\/\"],\"url\":\"https:\/\/portaltela.pt\/por\/367410592786\/\"}]}<\/script>\n<!-- \/ Yoast SEO plugin. -->","yoast_head_json":{"title":"Obriga-se a usar cadeira de rodas num trajeto de terra ap\u00f3s remo\u00e7\u00e3o da travessia - Portal Tela Portugal","robots":{"index":"index","follow":"follow","max-snippet":"max-snippet:-1","max-image-preview":"max-image-preview:large","max-video-preview":"max-video-preview:-1"},"og_locale":"pt_PT","og_type":"article","og_title":"Obriga-se a usar cadeira de rodas num trajeto de terra ap\u00f3s remo\u00e7\u00e3o da travessia - Portal Tela Portugal","og_description":"Um cidad\u00e3o de Oliveira de Azem\u00e9is \u00e9 obrigado a deslocar-se de cadeira de rodas por um caminho de terra batida ap\u00f3s a remo\u00e7\u00e3o de uma travessia pedonal na Linha do Vouga. Diariamente percorre trezentos metros em terra batida e mais quinhentos metros por via p\u00fablica para chegar ao mesmo ponto de acesso, o que torna a desloca\u00e7\u00e3o mais demorada. A alternativa asfaltada dispon\u00edvel n\u00e3o possui passeios com dimens\u00f5es adequadas para cadeira de rodas, obrigando-o a circular pela faixa de rodagem com riscos acrescidos. A C\u00e2mara Municipal est\u00e1 a avaliar o protocolo de 2008 com a Infraestruturas de Portugal e a REFER; a IP diz que a elimina\u00e7\u00e3o da passagem foi realizada em conformidade com a lei, e que o atravessamento informal \u00e9 ilegal e perigoso. V\u00e1rias entidades j\u00e1 foram contactadas pelo morador ao longo de cerca de um ano, sem solu\u00e7\u00e3o pr\u00e1tica at\u00e9 ao momento.","og_url":"https:\/\/portaltela.pt\/noticias\/2026\/03\/02\/obriga-se-a-usar-cadeira-de-rodas-num-trajeto-de-terra-apos-remocao-da-travessia\/","og_site_name":"Portal Tela Portugal","article_published_time":"2026-03-02T14:37:00+00:00","author":"Telinha","twitter_card":"summary_large_image","twitter_misc":{"Escrito por":"Telinha","Tempo estimado de leitura":"2 minutos"},"schema":{"@context":"https:\/\/schema.org","@graph":[{"@type":"Article","@id":"https:\/\/portaltela.pt\/noticias\/2026\/03\/02\/obriga-se-a-usar-cadeira-de-rodas-num-trajeto-de-terra-apos-remocao-da-travessia\/#article","isPartOf":{"@id":"https:\/\/portaltela.pt\/noticias\/2026\/03\/02\/obriga-se-a-usar-cadeira-de-rodas-num-trajeto-de-terra-apos-remocao-da-travessia\/"},"author":{"name":"Telinha","@id":"https:\/\/portaltela.pt\/#\/schema\/person\/c4278d4a6028830caff9ee44b42d32ed"},"headline":"Obriga-se a usar cadeira de rodas num trajeto de terra ap\u00f3s remo\u00e7\u00e3o da travessia","datePublished":"2026-03-02T14:37:00+00:00","mainEntityOfPage":{"@id":"https:\/\/portaltela.pt\/noticias\/2026\/03\/02\/obriga-se-a-usar-cadeira-de-rodas-num-trajeto-de-terra-apos-remocao-da-travessia\/"},"wordCount":329,"image":{"@id":"https:\/\/portaltela.pt\/noticias\/2026\/03\/02\/obriga-se-a-usar-cadeira-de-rodas-num-trajeto-de-terra-apos-remocao-da-travessia\/#primaryimage"},"thumbnailUrl":"https:\/\/portaltela.pt\/s.01k8rhncp4jt1\/2026\/03\/image-86.jpg","keywords":["estradas","infraestrutura","mobilidade urbana","pessoas com defici\u00eancia","seguran\u00e7a rodovi\u00e1ria","vias p\u00fablicas"],"articleSection":["Not\u00edcias"],"inLanguage":"pt-PT"},{"@type":"WebPage","@id":"https:\/\/portaltela.pt\/noticias\/2026\/03\/02\/obriga-se-a-usar-cadeira-de-rodas-num-trajeto-de-terra-apos-remocao-da-travessia\/","url":"https:\/\/portaltela.pt\/noticias\/2026\/03\/02\/obriga-se-a-usar-cadeira-de-rodas-num-trajeto-de-terra-apos-remocao-da-travessia\/","name":"Obriga-se a usar cadeira de rodas num trajeto de terra ap\u00f3s remo\u00e7\u00e3o da travessia - Portal Tela Portugal","isPartOf":{"@id":"https:\/\/portaltela.pt\/#website"},"primaryImageOfPage":{"@id":"https:\/\/portaltela.pt\/noticias\/2026\/03\/02\/obriga-se-a-usar-cadeira-de-rodas-num-trajeto-de-terra-apos-remocao-da-travessia\/#primaryimage"},"image":{"@id":"https:\/\/portaltela.pt\/noticias\/2026\/03\/02\/obriga-se-a-usar-cadeira-de-rodas-num-trajeto-de-terra-apos-remocao-da-travessia\/#primaryimage"},"thumbnailUrl":"https:\/\/portaltela.pt\/s.01k8rhncp4jt1\/2026\/03\/image-86.jpg","datePublished":"2026-03-02T14:37:00+00:00","author":{"@id":"https:\/\/portaltela.pt\/#\/schema\/person\/c4278d4a6028830caff9ee44b42d32ed"},"breadcrumb":{"@id":"https:\/\/portaltela.pt\/noticias\/2026\/03\/02\/obriga-se-a-usar-cadeira-de-rodas-num-trajeto-de-terra-apos-remocao-da-travessia\/#breadcrumb"},"inLanguage":"pt-PT","potentialAction":[{"@type":"ReadAction","target":["https:\/\/portaltela.pt\/noticias\/2026\/03\/02\/obriga-se-a-usar-cadeira-de-rodas-num-trajeto-de-terra-apos-remocao-da-travessia\/"]}]},{"@type":"ImageObject","inLanguage":"pt-PT","@id":"https:\/\/portaltela.pt\/noticias\/2026\/03\/02\/obriga-se-a-usar-cadeira-de-rodas-num-trajeto-de-terra-apos-remocao-da-travessia\/#primaryimage","url":"https:\/\/portaltela.pt\/s.01k8rhncp4jt1\/2026\/03\/image-86.jpg","contentUrl":"https:\/\/portaltela.pt\/s.01k8rhncp4jt1\/2026\/03\/image-86.jpg","width":796,"height":448,"caption":"Foto: Pexels"},{"@type":"BreadcrumbList","@id":"https:\/\/portaltela.pt\/noticias\/2026\/03\/02\/obriga-se-a-usar-cadeira-de-rodas-num-trajeto-de-terra-apos-remocao-da-travessia\/#breadcrumb","itemListElement":[{"@type":"ListItem","position":1,"name":"In\u00edcio","item":"https:\/\/portaltela.pt\/"},{"@type":"ListItem","position":2,"name":"Obriga-se a usar cadeira de rodas num trajeto de terra ap\u00f3s remo\u00e7\u00e3o da travessia"}]},{"@type":"WebSite","@id":"https:\/\/portaltela.pt\/#website","url":"https:\/\/portaltela.pt\/","name":"Portal Tela Portugal","description":"","potentialAction":[{"@type":"SearchAction","target":{"@type":"EntryPoint","urlTemplate":"https:\/\/portaltela.pt\/?s={search_term_string}"},"query-input":{"@type":"PropertyValueSpecification","valueRequired":true,"valueName":"search_term_string"}}],"inLanguage":"pt-PT"},{"@type":"Person","@id":"https:\/\/portaltela.pt\/#\/schema\/person\/c4278d4a6028830caff9ee44b42d32ed","name":"Telinha","image":{"@type":"ImageObject","inLanguage":"pt-PT","@id":"https:\/\/portaltela.pt\/s.01k8rhncp4jt1\/2025\/11\/talking-bot-125x125.png","url":"https:\/\/portaltela.pt\/s.01k8rhncp4jt1\/2025\/11\/talking-bot-125x125.png","contentUrl":"https:\/\/portaltela.pt\/s.01k8rhncp4jt1\/2025\/11\/talking-bot-125x125.png","caption":"Telinha"},"sameAs":["https:\/\/portaltela.pt\/"],"url":"https:\/\/portaltela.pt\/por\/367410592786\/"}]}},"_links":{"self":[{"href":"https:\/\/portaltela.pt\/api\/wp\/v2\/posts\/394427","targetHints":{"allow":["GET"]}}],"collection":[{"href":"https:\/\/portaltela.pt\/api\/wp\/v2\/posts"}],"about":[{"href":"https:\/\/portaltela.pt\/api\/wp\/v2\/types\/post"}],"author":[{"embeddable":true,"href":"https:\/\/portaltela.pt\/api\/wp\/v2\/users\/2"}],"replies":[{"embeddable":true,"href":"https:\/\/portaltela.pt\/api\/wp\/v2\/comments?post=394427"}],"version-history":[{"count":0,"href":"https:\/\/portaltela.pt\/api\/wp\/v2\/posts\/394427\/revisions"}],"wp:featuredmedia":[{"embeddable":true,"href":"https:\/\/portaltela.pt\/api\/wp\/v2\/media\/394439"}],"wp:attachment":[{"href":"https:\/\/portaltela.pt\/api\/wp\/v2\/media?parent=394427"}],"wp:term":[{"taxonomy":"category","embeddable":true,"href":"https:\/\/portaltela.pt\/api\/wp\/v2\/categories?post=394427"},{"taxonomy":"post_tag","embeddable":true,"href":"https:\/\/portaltela.pt\/api\/wp\/v2\/tags?post=394427"}],"curies":[{"name":"wp","href":"https:\/\/api.w.org\/{rel}","templated":true}]}}