{"id":394421,"date":"2026-03-02T11:39:00","date_gmt":"2026-03-02T14:39:00","guid":{"rendered":"https:\/\/portaltela.pt\/noticias\/2026\/03\/02\/sardoal-estima-reparacoes-das-tempestades-acima-de-10-milhoes-de-euros\/"},"modified":"2026-03-02T11:39:00","modified_gmt":"2026-03-02T14:39:00","slug":"sardoal-estima-reparacoes-das-tempestades-acima-de-10-milhoes-de-euros","status":"publish","type":"post","link":"https:\/\/portaltela.pt\/noticias\/2026\/03\/02\/sardoal-estima-reparacoes-das-tempestades-acima-de-10-milhoes-de-euros\/","title":{"rendered":"Sardoal estima repara\u00e7\u00f5es das tempestades acima de 10 milh\u00f5es de euros"},"content":{"rendered":"<p>O temporal Kristin provocou danos significativos no concelho de Sardoal, com preju\u00edzos estimados em 4,76 milh\u00f5es de euros e um custo de reposi\u00e7\u00e3o que pode chegar a 10,48 milh\u00f5es. A avalia\u00e7\u00e3o \u00e9 da C\u00e2mara Municipal e ainda est\u00e1 em fase preliminar, baseada em observa\u00e7\u00e3o t\u00e9cnica.<\/p>\n<p>O gabinete t\u00e9cnico do munic\u00edpio tem vindo a apurar, com car\u00e1ter provis\u00f3rio, a dimens\u00e3o dos danos e dos custos de reposi\u00e7\u00e3o. Os valores refletem j\u00e1 a dimens\u00e3o dos preju\u00edzos que o munic\u00edpio ter\u00e1 de enfrentar, segundo o presidente da C\u00e2mara.<\/p>\n<p>Os maiores impactos incidirem na antiga Estrada Nacional 2 (EN2), com derrocadas junto \u00e0s povoa\u00e7\u00f5es de Andreus, Salgueira e Brescovo, tornando a circula\u00e7\u00e3o imposs\u00edvel e exigindo solu\u00e7\u00f5es t\u00e9cnicas complexas e dispendiosas.<\/p>\n<h3>Danos na EN2 e restantes infraestruturas<\/h3>\n<p>Zonas de lazer, espa\u00e7os culturais, pontes e equipamentos municipais tamb\u00e9m sofreram danos relevantes. Al\u00e9m disso, a rede vi\u00e1ria, a sinal\u00e9tica, as guardas met\u00e1licas, os sistemas de drenagem e a cobertura de edif\u00edcios foram afetados, assim como equipamentos de associa\u00e7\u00f5es, IPSS e entidades religiosas.<\/p>\n<p>O munic\u00edpio aponta que as solu\u00e7\u00f5es e o or\u00e7amento final dependem da execu\u00e7\u00e3o de projetos e da contrata\u00e7\u00e3o de obras, prevendo apoios do Governo para fazer face aos preju\u00edzos. Metade do valor estimado concentra-se nas duas derrocadas na EN2, consideradas prioridades.<\/p>\n<p>Existe ainda indica\u00e7\u00e3o de que, apesar da redu\u00e7\u00e3o de emerg\u00eancias, h\u00e1 muito trabalho pela frente para repor as infraestruturas danificadas, mantendo o foco na recupera\u00e7\u00e3o da rede vi\u00e1ria e de estruturas p\u00fablicas.<\/p>\n","protected":false},"excerpt":{"rendered":"<ul>\n<li>A tempestade Kristin causou danos em Sardoal, com preju\u00edzo estimado de 4,76 milh\u00f5es de euros e custo de reposi\u00e7\u00e3o at\u00e9 10,48 milh\u00f5es, segundo o munic\u00edpio.<\/li>\n<li>Os maiores impactos ocorreram na antiga Estrada Nacional 2 (EN2), com derrocadas em Andreus, Salgueira e Brescovo, tornando a circula\u00e7\u00e3o imposs\u00edvel.<\/li>\n<li>Dano significativo em redes vi\u00e1rias, sinal\u00e9tica, guardas met\u00e1licas, drenagem, coberturas de edif\u00edcios e em equipamentos de associa\u00e7\u00f5es, institui\u00e7\u00f5es de solidariedade social e entidades religiosas.<\/li>\n<li>As solu\u00e7\u00f5es e o or\u00e7amento final dependem de projetos e da contrata\u00e7\u00e3o das obras, com expectativa de apoios governamentais para fazer face aos preju\u00edzos.<\/li>\n<li>Foram registadas pelo menos 18 mortes em Portugal entre janeiro e fevereiro devido \u00e0s depress\u00f5es Kristin, Leonardo e Marta, com regi\u00f5es Centro, Lisboa e Vale do Tejo e Alentejo entre as mais afetadas.<\/li>\n<\/ul>\n","protected":false},"author":2,"featured_media":394435,"comment_status":"closed","ping_status":"closed","sticky":false,"template":"","format":"standard","meta":{"footnotes":""},"categories":[1],"tags":[5215,4409,1083,34,1615,5031],"class_list":["post-394421","post","type-post","status-publish","format-standard","has-post-thumbnail","hentry","category-noticias","tag-catastrofes-naturais","tag-derrocadas","tag-estradas","tag-governo","tag-infraestrutura","tag-reconstrucao-urbana"],"yoast_head":"<!-- This site is optimized with the Yoast SEO plugin v27.2 - https:\/\/yoast.com\/product\/yoast-seo-wordpress\/ -->\n<title>Sardoal estima repara\u00e7\u00f5es das tempestades acima de 10 milh\u00f5es de euros - Portal Tela Portugal<\/title>\n<meta name=\"robots\" content=\"index, follow, max-snippet:-1, max-image-preview:large, max-video-preview:-1\" \/>\n<meta property=\"og:locale\" content=\"pt_PT\" \/>\n<meta property=\"og:type\" content=\"article\" \/>\n<meta property=\"og:title\" content=\"Sardoal estima repara\u00e7\u00f5es das tempestades acima de 10 milh\u00f5es de euros - Portal Tela Portugal\" \/>\n<meta property=\"og:description\" content=\"A tempestade Kristin causou danos em Sardoal, com preju\u00edzo estimado de 4,76 milh\u00f5es de euros e custo de reposi\u00e7\u00e3o at\u00e9 10,48 milh\u00f5es, segundo o munic\u00edpio. Os maiores impactos ocorreram na antiga Estrada Nacional 2 (EN2), com derrocadas em Andreus, Salgueira e Brescovo, tornando a circula\u00e7\u00e3o imposs\u00edvel. Dano significativo em redes vi\u00e1rias, sinal\u00e9tica, guardas met\u00e1licas, drenagem, coberturas de edif\u00edcios e em equipamentos de associa\u00e7\u00f5es, institui\u00e7\u00f5es de solidariedade social e entidades religiosas. As solu\u00e7\u00f5es e o or\u00e7amento final dependem de projetos e da contrata\u00e7\u00e3o das obras, com expectativa de apoios governamentais para fazer face aos preju\u00edzos. Foram registadas pelo menos 18 mortes em Portugal entre janeiro e fevereiro devido \u00e0s depress\u00f5es Kristin, Leonardo e Marta, com regi\u00f5es Centro, Lisboa e Vale do Tejo e Alentejo entre as mais afetadas.\" \/>\n<meta property=\"og:url\" content=\"https:\/\/portaltela.pt\/noticias\/2026\/03\/02\/sardoal-estima-reparacoes-das-tempestades-acima-de-10-milhoes-de-euros\/\" \/>\n<meta property=\"og:site_name\" content=\"Portal Tela Portugal\" \/>\n<meta property=\"article:published_time\" content=\"2026-03-02T14:39:00+00:00\" \/>\n<meta name=\"author\" content=\"Telinha\" \/>\n<meta name=\"twitter:card\" content=\"summary_large_image\" \/>\n<meta name=\"twitter:label1\" content=\"Escrito por\" \/>\n\t<meta name=\"twitter:data1\" content=\"Telinha\" \/>\n\t<meta name=\"twitter:label2\" content=\"Tempo estimado de leitura\" \/>\n\t<meta name=\"twitter:data2\" content=\"1 minuto\" \/>\n<script type=\"application\/ld+json\" class=\"yoast-schema-graph\">{\"@context\":\"https:\/\/schema.org\",\"@graph\":[{\"@type\":\"Article\",\"@id\":\"https:\/\/portaltela.pt\/noticias\/2026\/03\/02\/sardoal-estima-reparacoes-das-tempestades-acima-de-10-milhoes-de-euros\/#article\",\"isPartOf\":{\"@id\":\"https:\/\/portaltela.pt\/noticias\/2026\/03\/02\/sardoal-estima-reparacoes-das-tempestades-acima-de-10-milhoes-de-euros\/\"},\"author\":{\"name\":\"Telinha\",\"@id\":\"https:\/\/portaltela.pt\/#\/schema\/person\/c4278d4a6028830caff9ee44b42d32ed\"},\"headline\":\"Sardoal estima repara\u00e7\u00f5es das tempestades acima de 10 milh\u00f5es de euros\",\"datePublished\":\"2026-03-02T14:39:00+00:00\",\"mainEntityOfPage\":{\"@id\":\"https:\/\/portaltela.pt\/noticias\/2026\/03\/02\/sardoal-estima-reparacoes-das-tempestades-acima-de-10-milhoes-de-euros\/\"},\"wordCount\":289,\"image\":{\"@id\":\"https:\/\/portaltela.pt\/noticias\/2026\/03\/02\/sardoal-estima-reparacoes-das-tempestades-acima-de-10-milhoes-de-euros\/#primaryimage\"},\"thumbnailUrl\":\"https:\/\/portaltela.pt\/s.01k8rhncp4jt1\/2026\/03\/img_1500x1000uu2025-05-03-17-47-19-2206435.jpg\",\"keywords\":[\"cat\u00e1strofes naturais\",\"derrocadas\",\"estradas\",\"governo\",\"infraestrutura\",\"reconstru\u00e7\u00e3o urbana\"],\"articleSection\":[\"Not\u00edcias\"],\"inLanguage\":\"pt-PT\"},{\"@type\":\"WebPage\",\"@id\":\"https:\/\/portaltela.pt\/noticias\/2026\/03\/02\/sardoal-estima-reparacoes-das-tempestades-acima-de-10-milhoes-de-euros\/\",\"url\":\"https:\/\/portaltela.pt\/noticias\/2026\/03\/02\/sardoal-estima-reparacoes-das-tempestades-acima-de-10-milhoes-de-euros\/\",\"name\":\"Sardoal estima repara\u00e7\u00f5es das tempestades acima de 10 milh\u00f5es de euros - Portal Tela Portugal\",\"isPartOf\":{\"@id\":\"https:\/\/portaltela.pt\/#website\"},\"primaryImageOfPage\":{\"@id\":\"https:\/\/portaltela.pt\/noticias\/2026\/03\/02\/sardoal-estima-reparacoes-das-tempestades-acima-de-10-milhoes-de-euros\/#primaryimage\"},\"image\":{\"@id\":\"https:\/\/portaltela.pt\/noticias\/2026\/03\/02\/sardoal-estima-reparacoes-das-tempestades-acima-de-10-milhoes-de-euros\/#primaryimage\"},\"thumbnailUrl\":\"https:\/\/portaltela.pt\/s.01k8rhncp4jt1\/2026\/03\/img_1500x1000uu2025-05-03-17-47-19-2206435.jpg\",\"datePublished\":\"2026-03-02T14:39:00+00:00\",\"author\":{\"@id\":\"https:\/\/portaltela.pt\/#\/schema\/person\/c4278d4a6028830caff9ee44b42d32ed\"},\"breadcrumb\":{\"@id\":\"https:\/\/portaltela.pt\/noticias\/2026\/03\/02\/sardoal-estima-reparacoes-das-tempestades-acima-de-10-milhoes-de-euros\/#breadcrumb\"},\"inLanguage\":\"pt-PT\",\"potentialAction\":[{\"@type\":\"ReadAction\",\"target\":[\"https:\/\/portaltela.pt\/noticias\/2026\/03\/02\/sardoal-estima-reparacoes-das-tempestades-acima-de-10-milhoes-de-euros\/\"]}]},{\"@type\":\"ImageObject\",\"inLanguage\":\"pt-PT\",\"@id\":\"https:\/\/portaltela.pt\/noticias\/2026\/03\/02\/sardoal-estima-reparacoes-das-tempestades-acima-de-10-milhoes-de-euros\/#primaryimage\",\"url\":\"https:\/\/portaltela.pt\/s.01k8rhncp4jt1\/2026\/03\/img_1500x1000uu2025-05-03-17-47-19-2206435.jpg\",\"contentUrl\":\"https:\/\/portaltela.pt\/s.01k8rhncp4jt1\/2026\/03\/img_1500x1000uu2025-05-03-17-47-19-2206435.jpg\",\"width\":796,\"height\":448,\"caption\":\"Sardoal estima custo de repara\u00e7\u00f5es das tempestades superior a 10 milh\u00f5es de euros\"},{\"@type\":\"BreadcrumbList\",\"@id\":\"https:\/\/portaltela.pt\/noticias\/2026\/03\/02\/sardoal-estima-reparacoes-das-tempestades-acima-de-10-milhoes-de-euros\/#breadcrumb\",\"itemListElement\":[{\"@type\":\"ListItem\",\"position\":1,\"name\":\"In\u00edcio\",\"item\":\"https:\/\/portaltela.pt\/\"},{\"@type\":\"ListItem\",\"position\":2,\"name\":\"Sardoal estima repara\u00e7\u00f5es das tempestades acima de 10 milh\u00f5es de euros\"}]},{\"@type\":\"WebSite\",\"@id\":\"https:\/\/portaltela.pt\/#website\",\"url\":\"https:\/\/portaltela.pt\/\",\"name\":\"Portal Tela Portugal\",\"description\":\"\",\"potentialAction\":[{\"@type\":\"SearchAction\",\"target\":{\"@type\":\"EntryPoint\",\"urlTemplate\":\"https:\/\/portaltela.pt\/?s={search_term_string}\"},\"query-input\":{\"@type\":\"PropertyValueSpecification\",\"valueRequired\":true,\"valueName\":\"search_term_string\"}}],\"inLanguage\":\"pt-PT\"},{\"@type\":\"Person\",\"@id\":\"https:\/\/portaltela.pt\/#\/schema\/person\/c4278d4a6028830caff9ee44b42d32ed\",\"name\":\"Telinha\",\"image\":{\"@type\":\"ImageObject\",\"inLanguage\":\"pt-PT\",\"@id\":\"https:\/\/portaltela.pt\/s.01k8rhncp4jt1\/2025\/11\/talking-bot-125x125.png\",\"url\":\"https:\/\/portaltela.pt\/s.01k8rhncp4jt1\/2025\/11\/talking-bot-125x125.png\",\"contentUrl\":\"https:\/\/portaltela.pt\/s.01k8rhncp4jt1\/2025\/11\/talking-bot-125x125.png\",\"caption\":\"Telinha\"},\"sameAs\":[\"https:\/\/portaltela.pt\/\"],\"url\":\"https:\/\/portaltela.pt\/por\/367410592786\/\"}]}<\/script>\n<!-- \/ Yoast SEO plugin. -->","yoast_head_json":{"title":"Sardoal estima repara\u00e7\u00f5es das tempestades acima de 10 milh\u00f5es de euros - Portal Tela Portugal","robots":{"index":"index","follow":"follow","max-snippet":"max-snippet:-1","max-image-preview":"max-image-preview:large","max-video-preview":"max-video-preview:-1"},"og_locale":"pt_PT","og_type":"article","og_title":"Sardoal estima repara\u00e7\u00f5es das tempestades acima de 10 milh\u00f5es de euros - Portal Tela Portugal","og_description":"A tempestade Kristin causou danos em Sardoal, com preju\u00edzo estimado de 4,76 milh\u00f5es de euros e custo de reposi\u00e7\u00e3o at\u00e9 10,48 milh\u00f5es, segundo o munic\u00edpio. Os maiores impactos ocorreram na antiga Estrada Nacional 2 (EN2), com derrocadas em Andreus, Salgueira e Brescovo, tornando a circula\u00e7\u00e3o imposs\u00edvel. Dano significativo em redes vi\u00e1rias, sinal\u00e9tica, guardas met\u00e1licas, drenagem, coberturas de edif\u00edcios e em equipamentos de associa\u00e7\u00f5es, institui\u00e7\u00f5es de solidariedade social e entidades religiosas. As solu\u00e7\u00f5es e o or\u00e7amento final dependem de projetos e da contrata\u00e7\u00e3o das obras, com expectativa de apoios governamentais para fazer face aos preju\u00edzos. Foram registadas pelo menos 18 mortes em Portugal entre janeiro e fevereiro devido \u00e0s depress\u00f5es Kristin, Leonardo e Marta, com regi\u00f5es Centro, Lisboa e Vale do Tejo e Alentejo entre as mais afetadas.","og_url":"https:\/\/portaltela.pt\/noticias\/2026\/03\/02\/sardoal-estima-reparacoes-das-tempestades-acima-de-10-milhoes-de-euros\/","og_site_name":"Portal Tela Portugal","article_published_time":"2026-03-02T14:39:00+00:00","author":"Telinha","twitter_card":"summary_large_image","twitter_misc":{"Escrito por":"Telinha","Tempo estimado de leitura":"1 minuto"},"schema":{"@context":"https:\/\/schema.org","@graph":[{"@type":"Article","@id":"https:\/\/portaltela.pt\/noticias\/2026\/03\/02\/sardoal-estima-reparacoes-das-tempestades-acima-de-10-milhoes-de-euros\/#article","isPartOf":{"@id":"https:\/\/portaltela.pt\/noticias\/2026\/03\/02\/sardoal-estima-reparacoes-das-tempestades-acima-de-10-milhoes-de-euros\/"},"author":{"name":"Telinha","@id":"https:\/\/portaltela.pt\/#\/schema\/person\/c4278d4a6028830caff9ee44b42d32ed"},"headline":"Sardoal estima repara\u00e7\u00f5es das tempestades acima de 10 milh\u00f5es de euros","datePublished":"2026-03-02T14:39:00+00:00","mainEntityOfPage":{"@id":"https:\/\/portaltela.pt\/noticias\/2026\/03\/02\/sardoal-estima-reparacoes-das-tempestades-acima-de-10-milhoes-de-euros\/"},"wordCount":289,"image":{"@id":"https:\/\/portaltela.pt\/noticias\/2026\/03\/02\/sardoal-estima-reparacoes-das-tempestades-acima-de-10-milhoes-de-euros\/#primaryimage"},"thumbnailUrl":"https:\/\/portaltela.pt\/s.01k8rhncp4jt1\/2026\/03\/img_1500x1000uu2025-05-03-17-47-19-2206435.jpg","keywords":["cat\u00e1strofes naturais","derrocadas","estradas","governo","infraestrutura","reconstru\u00e7\u00e3o urbana"],"articleSection":["Not\u00edcias"],"inLanguage":"pt-PT"},{"@type":"WebPage","@id":"https:\/\/portaltela.pt\/noticias\/2026\/03\/02\/sardoal-estima-reparacoes-das-tempestades-acima-de-10-milhoes-de-euros\/","url":"https:\/\/portaltela.pt\/noticias\/2026\/03\/02\/sardoal-estima-reparacoes-das-tempestades-acima-de-10-milhoes-de-euros\/","name":"Sardoal estima repara\u00e7\u00f5es das tempestades acima de 10 milh\u00f5es de euros - Portal Tela Portugal","isPartOf":{"@id":"https:\/\/portaltela.pt\/#website"},"primaryImageOfPage":{"@id":"https:\/\/portaltela.pt\/noticias\/2026\/03\/02\/sardoal-estima-reparacoes-das-tempestades-acima-de-10-milhoes-de-euros\/#primaryimage"},"image":{"@id":"https:\/\/portaltela.pt\/noticias\/2026\/03\/02\/sardoal-estima-reparacoes-das-tempestades-acima-de-10-milhoes-de-euros\/#primaryimage"},"thumbnailUrl":"https:\/\/portaltela.pt\/s.01k8rhncp4jt1\/2026\/03\/img_1500x1000uu2025-05-03-17-47-19-2206435.jpg","datePublished":"2026-03-02T14:39:00+00:00","author":{"@id":"https:\/\/portaltela.pt\/#\/schema\/person\/c4278d4a6028830caff9ee44b42d32ed"},"breadcrumb":{"@id":"https:\/\/portaltela.pt\/noticias\/2026\/03\/02\/sardoal-estima-reparacoes-das-tempestades-acima-de-10-milhoes-de-euros\/#breadcrumb"},"inLanguage":"pt-PT","potentialAction":[{"@type":"ReadAction","target":["https:\/\/portaltela.pt\/noticias\/2026\/03\/02\/sardoal-estima-reparacoes-das-tempestades-acima-de-10-milhoes-de-euros\/"]}]},{"@type":"ImageObject","inLanguage":"pt-PT","@id":"https:\/\/portaltela.pt\/noticias\/2026\/03\/02\/sardoal-estima-reparacoes-das-tempestades-acima-de-10-milhoes-de-euros\/#primaryimage","url":"https:\/\/portaltela.pt\/s.01k8rhncp4jt1\/2026\/03\/img_1500x1000uu2025-05-03-17-47-19-2206435.jpg","contentUrl":"https:\/\/portaltela.pt\/s.01k8rhncp4jt1\/2026\/03\/img_1500x1000uu2025-05-03-17-47-19-2206435.jpg","width":796,"height":448,"caption":"Sardoal estima custo de repara\u00e7\u00f5es das tempestades superior a 10 milh\u00f5es de euros"},{"@type":"BreadcrumbList","@id":"https:\/\/portaltela.pt\/noticias\/2026\/03\/02\/sardoal-estima-reparacoes-das-tempestades-acima-de-10-milhoes-de-euros\/#breadcrumb","itemListElement":[{"@type":"ListItem","position":1,"name":"In\u00edcio","item":"https:\/\/portaltela.pt\/"},{"@type":"ListItem","position":2,"name":"Sardoal estima repara\u00e7\u00f5es das tempestades acima de 10 milh\u00f5es de euros"}]},{"@type":"WebSite","@id":"https:\/\/portaltela.pt\/#website","url":"https:\/\/portaltela.pt\/","name":"Portal Tela Portugal","description":"","potentialAction":[{"@type":"SearchAction","target":{"@type":"EntryPoint","urlTemplate":"https:\/\/portaltela.pt\/?s={search_term_string}"},"query-input":{"@type":"PropertyValueSpecification","valueRequired":true,"valueName":"search_term_string"}}],"inLanguage":"pt-PT"},{"@type":"Person","@id":"https:\/\/portaltela.pt\/#\/schema\/person\/c4278d4a6028830caff9ee44b42d32ed","name":"Telinha","image":{"@type":"ImageObject","inLanguage":"pt-PT","@id":"https:\/\/portaltela.pt\/s.01k8rhncp4jt1\/2025\/11\/talking-bot-125x125.png","url":"https:\/\/portaltela.pt\/s.01k8rhncp4jt1\/2025\/11\/talking-bot-125x125.png","contentUrl":"https:\/\/portaltela.pt\/s.01k8rhncp4jt1\/2025\/11\/talking-bot-125x125.png","caption":"Telinha"},"sameAs":["https:\/\/portaltela.pt\/"],"url":"https:\/\/portaltela.pt\/por\/367410592786\/"}]}},"_links":{"self":[{"href":"https:\/\/portaltela.pt\/api\/wp\/v2\/posts\/394421","targetHints":{"allow":["GET"]}}],"collection":[{"href":"https:\/\/portaltela.pt\/api\/wp\/v2\/posts"}],"about":[{"href":"https:\/\/portaltela.pt\/api\/wp\/v2\/types\/post"}],"author":[{"embeddable":true,"href":"https:\/\/portaltela.pt\/api\/wp\/v2\/users\/2"}],"replies":[{"embeddable":true,"href":"https:\/\/portaltela.pt\/api\/wp\/v2\/comments?post=394421"}],"version-history":[{"count":0,"href":"https:\/\/portaltela.pt\/api\/wp\/v2\/posts\/394421\/revisions"}],"wp:featuredmedia":[{"embeddable":true,"href":"https:\/\/portaltela.pt\/api\/wp\/v2\/media\/394435"}],"wp:attachment":[{"href":"https:\/\/portaltela.pt\/api\/wp\/v2\/media?parent=394421"}],"wp:term":[{"taxonomy":"category","embeddable":true,"href":"https:\/\/portaltela.pt\/api\/wp\/v2\/categories?post=394421"},{"taxonomy":"post_tag","embeddable":true,"href":"https:\/\/portaltela.pt\/api\/wp\/v2\/tags?post=394421"}],"curies":[{"name":"wp","href":"https:\/\/api.w.org\/{rel}","templated":true}]}}